{"id":960,"date":"2021-03-15T13:50:17","date_gmt":"2021-03-15T13:50:17","guid":{"rendered":"https:\/\/www.reporolimpico.com\/?p=960"},"modified":"2021-10-07T12:10:02","modified_gmt":"2021-10-07T12:10:02","slug":"el-equipo-espanol-para-tokio-2020","status":"publish","type":"post","link":"https:\/\/www.reporolimpico.com\/index.php\/2021\/03\/15\/el-equipo-espanol-para-tokio-2020\/","title":{"rendered":"El equipo espa\u00f1ol para Tokio 2020"},"content":{"rendered":"\n<p>Ya conocemos el equipo completo con el que Espa\u00f1a acudir\u00e1 a los Juegos Ol\u00edmpicos de Tokio 2020. Un equipo formado por 326 deportistas (189 hombres y 137 mujeres), que supone un incremento respecto a R\u00edo de Janeiro 2016, donde acabaron compitiendo 307 deportistas (164 hombres y 143 mujeres).<\/p>\n\n\n\n<p>Espa\u00f1a va a participar en 36 deportes. Son 8 los deportes en  los que no se ha conseguido ninguna plaza: B\u00e9isbol\/S\u00f3ftbol,  BMX,  Gimnasia R\u00edtmica, Gimnasia Trampol\u00edn,   Lucha, Rugby 7, Surf y Voleibol.<\/p>\n\n\n\n<p>Esta es la lista con el equipo espa\u00f1ol en los diferentes deportes y las pruebas en las que se participa. Se puede descargar. He creado una columna \u00abPuesto\u00bb por si alguien lo quiere imprimir y poder ir anotando en que posici\u00f3n queda cada deportista.<\/p>\n\n\n\n<p>Si alguien tiene problema con el visor de pdf, tambi\u00e9n se puede ver pinchando <a href=\"http:\/\/www.reporolimpico.com\/wp-content\/uploads\/2021\/07\/ESP_Tokio2020.pdf\">aqu\u00ed<\/a><\/p>\n\n\n<div class=\"ead-preview\"><div class=\"ead-document\" style=\"position: relative;padding-top: 90%\"><div class=\"ead-iframe-wrapper\"><iframe src=\"\/\/docs.google.com\/viewer?url=http%3A%2F%2Fwww.reporolimpico.com%2Fwp-content%2Fuploads%2F2021%2F07%2FESP_Tokio2020.pdf&amp;embedded=true&amp;hl=en\" title=\"Documento incrustado\" class=\"ead-iframe\" style=\"width: 100%;height: 100%;border: none;position: absolute;left: 0;top: 0;visibility: hidden;\"><\/iframe><\/div>\t\t\t<div class=\"ead-document-loading\" style=\"width:100%;height:100%;position:absolute;left:0;top:0;z-index:10\">\n\t\t\t\t<div class=\"ead-loading-wrap\">\n\t\t\t\t\t<div class=\"ead-loading-main\">\n\t\t\t\t\t\t<div class=\"ead-loading\">\n\t\t\t\t\t\t\t<img loading=\"lazy\" decoding=\"async\" src=\"https:\/\/www.reporolimpico.com\/wp-content\/plugins\/embed-any-document\/images\/loading.svg\" width=\"55\" height=\"55\" alt=\"Cargador\">\n\t\t\t\t\t\t\t<span>Cargando&#8230;<\/span>\n\t\t\t\t\t\t<\/div>\n\t\t\t\t\t<\/div>\n\t\t\t\t\t<div class=\"ead-loading-foot\">\n\t\t\t\t\t\t<div class=\"ead-loading-foot-title\">\n\t\t\t\t\t\t\t<img loading=\"lazy\" decoding=\"async\" src=\"https:\/\/www.reporolimpico.com\/wp-content\/plugins\/embed-any-document\/images\/EAD-logo.svg\" alt=\"Logotipo de EAD\" width=\"36\" height=\"23\"\/>\n\t\t\t\t\t\t\t<span>\u00bfTarda demasiado?<\/span>\n\t\t\t\t\t\t<\/div>\n\t\t\t\t\t\t<p>\n\t\t\t\t\t\t\t<div class=\"ead-document-btn ead-reload-btn\" role=\"button\">\n\t\t\t\t\t\t\t\t<img loading=\"lazy\" decoding=\"async\" src=\"https:\/\/www.reporolimpico.com\/wp-content\/plugins\/embed-any-document\/images\/reload.svg\" alt=\"Recargar\" width=\"12\" height=\"12\"\/> Recargar el documento\t\t\t\t\t\t\t<\/div>\n\t\t\t\t\t\t\t<span>|<\/span>\n\t\t\t\t\t\t\t<a href=\"http:\/\/www.reporolimpico.com\/wp-content\/uploads\/2021\/07\/ESP_Tokio2020.pdf\" class=\"ead-document-btn\" target=\"_blank\">\n\t\t\t\t\t\t\t\t<img loading=\"lazy\" decoding=\"async\" src=\"https:\/\/www.reporolimpico.com\/wp-content\/plugins\/embed-any-document\/images\/open.svg\" alt=\"Abrir\" width=\"12\" height=\"12\"\/> Abrir en una nueva pesta\u00f1a\t\t\t\t\t\t\t<\/a>\n\t\t\t\t\t<\/div>\n\t\t\t\t<\/div>\n\t\t\t<\/div>\n\t\t<\/div><\/div>\n\n\n<p><\/p>\n","protected":false},"excerpt":{"rendered":"<p>Ya conocemos el equipo completo con el que Espa\u00f1a acudir\u00e1 a los Juegos Ol\u00edmpicos de Tokio 2020. Un equipo formado por 326 deportistas (189 hombres &hellip; <\/p>\n","protected":false},"author":1,"featured_media":968,"comment_status":"open","ping_status":"open","sticky":false,"template":"","format":"standard","meta":{"_monsterinsights_skip_tracking":false,"_monsterinsights_sitenote_active":false,"_monsterinsights_sitenote_note":"","_monsterinsights_sitenote_category":0,"footnotes":""},"categories":[22],"tags":[9,14,59],"class_list":["post-960","post","type-post","status-publish","format-standard","has-post-thumbnail","hentry","category-juegosolimpicos","tag-espana-en-los-jjoo","tag-jjoo","tag-tokio2020"],"yoast_head":"<!-- This site is optimized with the Yoast SEO plugin v26.9 - https:\/\/yoast.com\/product\/yoast-seo-wordpress\/ -->\n<title>El equipo espa\u00f1ol para Tokio 2020 - Reportero Ol\u00edmpico<\/title>\n<meta name=\"description\" content=\"Este es el equipo espa\u00f1ol para los Juegos Ol\u00edmpicos de Tokio 2020\" \/>\n<meta name=\"robots\" content=\"index, follow, max-snippet:-1, max-image-preview:large, max-video-preview:-1\" \/>\n<link rel=\"canonical\" href=\"http:\/\/www.reporolimpico.com\/index.php\/2021\/03\/15\/el-equipo-espanol-para-tokio-2020\/\" \/>\n<meta property=\"og:locale\" content=\"es_ES\" \/>\n<meta property=\"og:type\" content=\"article\" \/>\n<meta property=\"og:title\" content=\"El equipo espa\u00f1ol para Tokio 2020 - Reportero Ol\u00edmpico\" \/>\n<meta property=\"og:description\" content=\"Este es el equipo espa\u00f1ol para los Juegos Ol\u00edmpicos de Tokio 2020\" \/>\n<meta property=\"og:url\" content=\"http:\/\/www.reporolimpico.com\/index.php\/2021\/03\/15\/el-equipo-espanol-para-tokio-2020\/\" \/>\n<meta property=\"og:site_name\" content=\"Reportero Ol\u00edmpico\" \/>\n<meta property=\"article:published_time\" content=\"2021-03-15T13:50:17+00:00\" \/>\n<meta property=\"article:modified_time\" content=\"2021-10-07T12:10:02+00:00\" \/>\n<meta property=\"og:image\" content=\"http:\/\/www.reporolimpico.com\/wp-content\/uploads\/2021\/03\/tokyoESP_2.png\" \/>\n\t<meta property=\"og:image:width\" content=\"1200\" \/>\n\t<meta property=\"og:image:height\" content=\"675\" \/>\n\t<meta property=\"og:image:type\" content=\"image\/png\" \/>\n<meta name=\"author\" content=\"repor_olimpico\" \/>\n<meta name=\"twitter:card\" content=\"summary_large_image\" \/>\n<meta name=\"twitter:creator\" content=\"@repor_olimpico\" \/>\n<meta name=\"twitter:site\" content=\"@repor_olimpico\" \/>\n<meta name=\"twitter:label1\" content=\"Escrito por\" \/>\n\t<meta name=\"twitter:data1\" content=\"repor_olimpico\" \/>\n\t<meta name=\"twitter:label2\" content=\"Tiempo de lectura\" \/>\n\t<meta name=\"twitter:data2\" content=\"1 minuto\" \/>\n<script type=\"application\/ld+json\" class=\"yoast-schema-graph\">{\"@context\":\"https:\/\/schema.org\",\"@graph\":[{\"@type\":\"Article\",\"@id\":\"http:\/\/www.reporolimpico.com\/index.php\/2021\/03\/15\/el-equipo-espanol-para-tokio-2020\/#article\",\"isPartOf\":{\"@id\":\"http:\/\/www.reporolimpico.com\/index.php\/2021\/03\/15\/el-equipo-espanol-para-tokio-2020\/\"},\"author\":{\"name\":\"repor_olimpico\",\"@id\":\"https:\/\/www.reporolimpico.com\/#\/schema\/person\/0c16c40b97cead5a02cb2376b38ce339\"},\"headline\":\"El equipo espa\u00f1ol para Tokio 2020\",\"datePublished\":\"2021-03-15T13:50:17+00:00\",\"dateModified\":\"2021-10-07T12:10:02+00:00\",\"mainEntityOfPage\":{\"@id\":\"http:\/\/www.reporolimpico.com\/index.php\/2021\/03\/15\/el-equipo-espanol-para-tokio-2020\/\"},\"wordCount\":157,\"commentCount\":1,\"publisher\":{\"@id\":\"https:\/\/www.reporolimpico.com\/#\/schema\/person\/0c16c40b97cead5a02cb2376b38ce339\"},\"image\":{\"@id\":\"http:\/\/www.reporolimpico.com\/index.php\/2021\/03\/15\/el-equipo-espanol-para-tokio-2020\/#primaryimage\"},\"thumbnailUrl\":\"https:\/\/www.reporolimpico.com\/wp-content\/uploads\/2021\/03\/tokyoESP_2.png\",\"keywords\":[\"Espa\u00f1a en los JJOO\",\"JJOO\",\"Tokio2020\"],\"articleSection\":[\"Juegos Ol\u00edmpicos\"],\"inLanguage\":\"es\",\"potentialAction\":[{\"@type\":\"CommentAction\",\"name\":\"Comment\",\"target\":[\"http:\/\/www.reporolimpico.com\/index.php\/2021\/03\/15\/el-equipo-espanol-para-tokio-2020\/#respond\"]}]},{\"@type\":\"WebPage\",\"@id\":\"http:\/\/www.reporolimpico.com\/index.php\/2021\/03\/15\/el-equipo-espanol-para-tokio-2020\/\",\"url\":\"http:\/\/www.reporolimpico.com\/index.php\/2021\/03\/15\/el-equipo-espanol-para-tokio-2020\/\",\"name\":\"El equipo espa\u00f1ol para Tokio 2020 - Reportero Ol\u00edmpico\",\"isPartOf\":{\"@id\":\"https:\/\/www.reporolimpico.com\/#website\"},\"primaryImageOfPage\":{\"@id\":\"http:\/\/www.reporolimpico.com\/index.php\/2021\/03\/15\/el-equipo-espanol-para-tokio-2020\/#primaryimage\"},\"image\":{\"@id\":\"http:\/\/www.reporolimpico.com\/index.php\/2021\/03\/15\/el-equipo-espanol-para-tokio-2020\/#primaryimage\"},\"thumbnailUrl\":\"https:\/\/www.reporolimpico.com\/wp-content\/uploads\/2021\/03\/tokyoESP_2.png\",\"datePublished\":\"2021-03-15T13:50:17+00:00\",\"dateModified\":\"2021-10-07T12:10:02+00:00\",\"description\":\"Este es el equipo espa\u00f1ol para los Juegos Ol\u00edmpicos de Tokio 2020\",\"breadcrumb\":{\"@id\":\"http:\/\/www.reporolimpico.com\/index.php\/2021\/03\/15\/el-equipo-espanol-para-tokio-2020\/#breadcrumb\"},\"inLanguage\":\"es\",\"potentialAction\":[{\"@type\":\"ReadAction\",\"target\":[\"http:\/\/www.reporolimpico.com\/index.php\/2021\/03\/15\/el-equipo-espanol-para-tokio-2020\/\"]}]},{\"@type\":\"ImageObject\",\"inLanguage\":\"es\",\"@id\":\"http:\/\/www.reporolimpico.com\/index.php\/2021\/03\/15\/el-equipo-espanol-para-tokio-2020\/#primaryimage\",\"url\":\"https:\/\/www.reporolimpico.com\/wp-content\/uploads\/2021\/03\/tokyoESP_2.png\",\"contentUrl\":\"https:\/\/www.reporolimpico.com\/wp-content\/uploads\/2021\/03\/tokyoESP_2.png\",\"width\":1200,\"height\":675},{\"@type\":\"BreadcrumbList\",\"@id\":\"http:\/\/www.reporolimpico.com\/index.php\/2021\/03\/15\/el-equipo-espanol-para-tokio-2020\/#breadcrumb\",\"itemListElement\":[{\"@type\":\"ListItem\",\"position\":1,\"name\":\"Portada\",\"item\":\"https:\/\/www.reporolimpico.com\/\"},{\"@type\":\"ListItem\",\"position\":2,\"name\":\"El equipo espa\u00f1ol para Tokio 2020\"}]},{\"@type\":\"WebSite\",\"@id\":\"https:\/\/www.reporolimpico.com\/#website\",\"url\":\"https:\/\/www.reporolimpico.com\/\",\"name\":\"Reportero Ol\u00edmpico\",\"description\":\"Deporte y Juegos Ol\u00edmpicos\",\"publisher\":{\"@id\":\"https:\/\/www.reporolimpico.com\/#\/schema\/person\/0c16c40b97cead5a02cb2376b38ce339\"},\"potentialAction\":[{\"@type\":\"SearchAction\",\"target\":{\"@type\":\"EntryPoint\",\"urlTemplate\":\"https:\/\/www.reporolimpico.com\/?s={search_term_string}\"},\"query-input\":{\"@type\":\"PropertyValueSpecification\",\"valueRequired\":true,\"valueName\":\"search_term_string\"}}],\"inLanguage\":\"es\"},{\"@type\":[\"Person\",\"Organization\"],\"@id\":\"https:\/\/www.reporolimpico.com\/#\/schema\/person\/0c16c40b97cead5a02cb2376b38ce339\",\"name\":\"repor_olimpico\",\"image\":{\"@type\":\"ImageObject\",\"inLanguage\":\"es\",\"@id\":\"https:\/\/www.reporolimpico.com\/#\/schema\/person\/image\/\",\"url\":\"https:\/\/www.reporolimpico.com\/wp-content\/uploads\/2020\/07\/cropped-ReporteroOlimpico_sub-1.jpg\",\"contentUrl\":\"https:\/\/www.reporolimpico.com\/wp-content\/uploads\/2020\/07\/cropped-ReporteroOlimpico_sub-1.jpg\",\"width\":501,\"height\":170,\"caption\":\"repor_olimpico\"},\"logo\":{\"@id\":\"https:\/\/www.reporolimpico.com\/#\/schema\/person\/image\/\"},\"sameAs\":[\"http:\/\/www.reporolimpico.com\",\"https:\/\/x.com\/repor_olimpico\"]}]}<\/script>\n<!-- \/ Yoast SEO plugin. -->","yoast_head_json":{"title":"El equipo espa\u00f1ol para Tokio 2020 - Reportero Ol\u00edmpico","description":"Este es el equipo espa\u00f1ol para los Juegos Ol\u00edmpicos de Tokio 2020","robots":{"index":"index","follow":"follow","max-snippet":"max-snippet:-1","max-image-preview":"max-image-preview:large","max-video-preview":"max-video-preview:-1"},"canonical":"http:\/\/www.reporolimpico.com\/index.php\/2021\/03\/15\/el-equipo-espanol-para-tokio-2020\/","og_locale":"es_ES","og_type":"article","og_title":"El equipo espa\u00f1ol para Tokio 2020 - Reportero Ol\u00edmpico","og_description":"Este es el equipo espa\u00f1ol para los Juegos Ol\u00edmpicos de Tokio 2020","og_url":"http:\/\/www.reporolimpico.com\/index.php\/2021\/03\/15\/el-equipo-espanol-para-tokio-2020\/","og_site_name":"Reportero Ol\u00edmpico","article_published_time":"2021-03-15T13:50:17+00:00","article_modified_time":"2021-10-07T12:10:02+00:00","og_image":[{"width":1200,"height":675,"url":"http:\/\/www.reporolimpico.com\/wp-content\/uploads\/2021\/03\/tokyoESP_2.png","type":"image\/png"}],"author":"repor_olimpico","twitter_card":"summary_large_image","twitter_creator":"@repor_olimpico","twitter_site":"@repor_olimpico","twitter_misc":{"Escrito por":"repor_olimpico","Tiempo de lectura":"1 minuto"},"schema":{"@context":"https:\/\/schema.org","@graph":[{"@type":"Article","@id":"http:\/\/www.reporolimpico.com\/index.php\/2021\/03\/15\/el-equipo-espanol-para-tokio-2020\/#article","isPartOf":{"@id":"http:\/\/www.reporolimpico.com\/index.php\/2021\/03\/15\/el-equipo-espanol-para-tokio-2020\/"},"author":{"name":"repor_olimpico","@id":"https:\/\/www.reporolimpico.com\/#\/schema\/person\/0c16c40b97cead5a02cb2376b38ce339"},"headline":"El equipo espa\u00f1ol para Tokio 2020","datePublished":"2021-03-15T13:50:17+00:00","dateModified":"2021-10-07T12:10:02+00:00","mainEntityOfPage":{"@id":"http:\/\/www.reporolimpico.com\/index.php\/2021\/03\/15\/el-equipo-espanol-para-tokio-2020\/"},"wordCount":157,"commentCount":1,"publisher":{"@id":"https:\/\/www.reporolimpico.com\/#\/schema\/person\/0c16c40b97cead5a02cb2376b38ce339"},"image":{"@id":"http:\/\/www.reporolimpico.com\/index.php\/2021\/03\/15\/el-equipo-espanol-para-tokio-2020\/#primaryimage"},"thumbnailUrl":"https:\/\/www.reporolimpico.com\/wp-content\/uploads\/2021\/03\/tokyoESP_2.png","keywords":["Espa\u00f1a en los JJOO","JJOO","Tokio2020"],"articleSection":["Juegos Ol\u00edmpicos"],"inLanguage":"es","potentialAction":[{"@type":"CommentAction","name":"Comment","target":["http:\/\/www.reporolimpico.com\/index.php\/2021\/03\/15\/el-equipo-espanol-para-tokio-2020\/#respond"]}]},{"@type":"WebPage","@id":"http:\/\/www.reporolimpico.com\/index.php\/2021\/03\/15\/el-equipo-espanol-para-tokio-2020\/","url":"http:\/\/www.reporolimpico.com\/index.php\/2021\/03\/15\/el-equipo-espanol-para-tokio-2020\/","name":"El equipo espa\u00f1ol para Tokio 2020 - Reportero Ol\u00edmpico","isPartOf":{"@id":"https:\/\/www.reporolimpico.com\/#website"},"primaryImageOfPage":{"@id":"http:\/\/www.reporolimpico.com\/index.php\/2021\/03\/15\/el-equipo-espanol-para-tokio-2020\/#primaryimage"},"image":{"@id":"http:\/\/www.reporolimpico.com\/index.php\/2021\/03\/15\/el-equipo-espanol-para-tokio-2020\/#primaryimage"},"thumbnailUrl":"https:\/\/www.reporolimpico.com\/wp-content\/uploads\/2021\/03\/tokyoESP_2.png","datePublished":"2021-03-15T13:50:17+00:00","dateModified":"2021-10-07T12:10:02+00:00","description":"Este es el equipo espa\u00f1ol para los Juegos Ol\u00edmpicos de Tokio 2020","breadcrumb":{"@id":"http:\/\/www.reporolimpico.com\/index.php\/2021\/03\/15\/el-equipo-espanol-para-tokio-2020\/#breadcrumb"},"inLanguage":"es","potentialAction":[{"@type":"ReadAction","target":["http:\/\/www.reporolimpico.com\/index.php\/2021\/03\/15\/el-equipo-espanol-para-tokio-2020\/"]}]},{"@type":"ImageObject","inLanguage":"es","@id":"http:\/\/www.reporolimpico.com\/index.php\/2021\/03\/15\/el-equipo-espanol-para-tokio-2020\/#primaryimage","url":"https:\/\/www.reporolimpico.com\/wp-content\/uploads\/2021\/03\/tokyoESP_2.png","contentUrl":"https:\/\/www.reporolimpico.com\/wp-content\/uploads\/2021\/03\/tokyoESP_2.png","width":1200,"height":675},{"@type":"BreadcrumbList","@id":"http:\/\/www.reporolimpico.com\/index.php\/2021\/03\/15\/el-equipo-espanol-para-tokio-2020\/#breadcrumb","itemListElement":[{"@type":"ListItem","position":1,"name":"Portada","item":"https:\/\/www.reporolimpico.com\/"},{"@type":"ListItem","position":2,"name":"El equipo espa\u00f1ol para Tokio 2020"}]},{"@type":"WebSite","@id":"https:\/\/www.reporolimpico.com\/#website","url":"https:\/\/www.reporolimpico.com\/","name":"Reportero Ol\u00edmpico","description":"Deporte y Juegos Ol\u00edmpicos","publisher":{"@id":"https:\/\/www.reporolimpico.com\/#\/schema\/person\/0c16c40b97cead5a02cb2376b38ce339"},"potentialAction":[{"@type":"SearchAction","target":{"@type":"EntryPoint","urlTemplate":"https:\/\/www.reporolimpico.com\/?s={search_term_string}"},"query-input":{"@type":"PropertyValueSpecification","valueRequired":true,"valueName":"search_term_string"}}],"inLanguage":"es"},{"@type":["Person","Organization"],"@id":"https:\/\/www.reporolimpico.com\/#\/schema\/person\/0c16c40b97cead5a02cb2376b38ce339","name":"repor_olimpico","image":{"@type":"ImageObject","inLanguage":"es","@id":"https:\/\/www.reporolimpico.com\/#\/schema\/person\/image\/","url":"https:\/\/www.reporolimpico.com\/wp-content\/uploads\/2020\/07\/cropped-ReporteroOlimpico_sub-1.jpg","contentUrl":"https:\/\/www.reporolimpico.com\/wp-content\/uploads\/2020\/07\/cropped-ReporteroOlimpico_sub-1.jpg","width":501,"height":170,"caption":"repor_olimpico"},"logo":{"@id":"https:\/\/www.reporolimpico.com\/#\/schema\/person\/image\/"},"sameAs":["http:\/\/www.reporolimpico.com","https:\/\/x.com\/repor_olimpico"]}]}},"_links":{"self":[{"href":"https:\/\/www.reporolimpico.com\/index.php\/wp-json\/wp\/v2\/posts\/960","targetHints":{"allow":["GET"]}}],"collection":[{"href":"https:\/\/www.reporolimpico.com\/index.php\/wp-json\/wp\/v2\/posts"}],"about":[{"href":"https:\/\/www.reporolimpico.com\/index.php\/wp-json\/wp\/v2\/types\/post"}],"author":[{"embeddable":true,"href":"https:\/\/www.reporolimpico.com\/index.php\/wp-json\/wp\/v2\/users\/1"}],"replies":[{"embeddable":true,"href":"https:\/\/www.reporolimpico.com\/index.php\/wp-json\/wp\/v2\/comments?post=960"}],"version-history":[{"count":11,"href":"https:\/\/www.reporolimpico.com\/index.php\/wp-json\/wp\/v2\/posts\/960\/revisions"}],"predecessor-version":[{"id":1109,"href":"https:\/\/www.reporolimpico.com\/index.php\/wp-json\/wp\/v2\/posts\/960\/revisions\/1109"}],"wp:featuredmedia":[{"embeddable":true,"href":"https:\/\/www.reporolimpico.com\/index.php\/wp-json\/wp\/v2\/media\/968"}],"wp:attachment":[{"href":"https:\/\/www.reporolimpico.com\/index.php\/wp-json\/wp\/v2\/media?parent=960"}],"wp:term":[{"taxonomy":"category","embeddable":true,"href":"https:\/\/www.reporolimpico.com\/index.php\/wp-json\/wp\/v2\/categories?post=960"},{"taxonomy":"post_tag","embeddable":true,"href":"https:\/\/www.reporolimpico.com\/index.php\/wp-json\/wp\/v2\/tags?post=960"}],"curies":[{"name":"wp","href":"https:\/\/api.w.org\/{rel}","templated":true}]}}