{"id":887,"date":"2020-12-29T13:47:42","date_gmt":"2020-12-29T13:47:42","guid":{"rendered":"http:\/\/www.reporolimpico.com\/?p=887"},"modified":"2021-02-09T17:44:30","modified_gmt":"2021-02-09T17:44:30","slug":"entrevista-a-los-olimpicos-jordi-monjo-y-jordi-roura-pioneros-del-luge","status":"publish","type":"post","link":"https:\/\/www.reporolimpico.com\/index.php\/2020\/12\/29\/entrevista-a-los-olimpicos-jordi-monjo-y-jordi-roura-pioneros-del-luge\/","title":{"rendered":"Entrevista a los ol\u00edmpicos Jordi Monjo y Jordi Roura, pioneros del luge"},"content":{"rendered":"\n<p>Los Juegos Ol\u00edmpicos, el mayor acontecimiento deportivo a nivel mundial, siempre traen consigo grandes haza\u00f1as deportivas, historias de vencedores y vencidos, historias de aquellos que alcanzan la gloria con sus medallas, pero tienen otro elemento fundamental que llevan en su ADN y que los hacen especiales, es el de otras grandes gestas no tan relacionadas con la victoria, sino con el gran \u00e9xito que ya supone llegar a participar. Como dec\u00eda Coubertin \u201cLo importante en la vida no es el triunfo sino la lucha, lo importante no es haber ganado sino haber competido bien\u201d. A lo largo de la historia ha habido un gran n\u00famero de esas otras gestas deportivas que tambi\u00e9n forman parte del movimiento ol\u00edmpico, por ejemplo las de aquellos que logran acudir en deportes sin ninguna tradici\u00f3n en su pa\u00eds. De sobra son conocidas, por ejemplo, las historias del equipo jamaicano de Bobsleigh o del saltador de esqu\u00ed Eddie \u201cEl \u00c1guila\u201d, que hasta han llegado a la gran pantalla.<\/p>\n\n\n\n<p>En Espa\u00f1a tambi\u00e9n tenemos de esas historias, aunque no son tan conocidas, como la que traigo a continuaci\u00f3n. La historia, con testimonios de sus protagonistas, del equipo espa\u00f1ol de luge, que acudi\u00f3 a los <strong>Juegos Ol\u00edmpicos de Invierno de Grenoble 1968<\/strong> en un deporte sin ninguna tradici\u00f3n en nuestro pa\u00eds. El luge, un deporte de trineo, en el que gana aquel piloto que completa el recorrido en el menor tiempo posible sumando los tiempos de distintas bajadas.<\/p>\n\n\n\n<p>Aquella aventura estuvo protagonizada por <strong>Luis Omedes<\/strong> (12\/01\/1938), a quien ya tuve el placer de <a href=\"https:\/\/www.reporolimpico.com\/index.php\/2020\/08\/25\/entrevista-a-luis-omedes-calonja-olimpico-en-remo-y-luge\/\">entrevistar<\/a> hace unos meses, por <strong>Jes\u00fas Gatell<\/strong> (13\/07\/1943), tristemente fallecido el 2 de marzo de 2020, y por <strong>Jordi Monjo<\/strong> y <strong>Jordi Roura<\/strong>, a los que agradezco esta entrevista y el haberme compartido su historia.<\/p>\n\n\n\n<p><strong>Jordi Monjo Burcet<\/strong> (21\/02\/1944) y <strong>Jordi Roura Bonet<\/strong> (20\/07\/1946), naturales de Barcelona, eran desde siempre amantes de los deportes de invierno, al igual que Omedes y Gatell, y antes de llegar al luge hab\u00edan destacado en esqu\u00ed alpino. Ya se conoc\u00edan previamente del Club Alpino Nuria, participaron en campeonatos de Catalu\u00f1a, de Espa\u00f1a y fueron integrantes de la selecci\u00f3n espa\u00f1ola. De hecho Jordi Monjo estuvo preseleccionado para los JJOO de Innsbruck 1964, y se qued\u00f3 cerca de acudir.<\/p>\n\n\n\n<p>As\u00ed me lo contaba:<\/p>\n\n\n\n<figure class=\"wp-block-audio\"><audio controls src=\"https:\/\/www.reporolimpico.com\/wp-content\/uploads\/2020\/12\/MonjoEsqui.mp3\"><\/audio><\/figure>\n\n\n\n<p>En 1967 Juan Antonio Samaranch lleg\u00f3 a la presidencia del Comit\u00e9 Ol\u00edmpico Espa\u00f1ol y se propuso impulsar los deportes de invierno pensando en la cita de Grenoble. Lo consigui\u00f3, Espa\u00f1a envi\u00f3 a esos Juegos a 20 deportistas, la delegaci\u00f3n m\u00e1s numerosa hasta la fecha en una cita invernal. De la mano de Andr\u00e9s Merc\u00e8 Varela, prestigioso periodista ol\u00edmpico y secretario de Samaranch por aquel entonces, les lleg\u00f3 la propuesta de practicar el luge a nuestros protagonistas. As\u00ed me contaban el inicio del proyecto y que no se lo pensaron dos veces:<\/p>\n\n\n\n<figure class=\"wp-block-audio\"><audio controls src=\"https:\/\/www.reporolimpico.com\/wp-content\/uploads\/2020\/12\/Monjo-InicioProyecto-Portago.mp3\"><\/audio><figcaption>Jordi Monjo<\/figcaption><\/figure>\n\n\n\n<figure class=\"wp-block-audio\"><audio controls src=\"https:\/\/www.reporolimpico.com\/wp-content\/uploads\/2020\/12\/Economicas.mp3\"><\/audio><figcaption>Jordi Roura<\/figcaption><\/figure>\n\n\n\n<p>Los cuatro espa\u00f1oles se marcharon en enero de 1968 a la ciudad austriaca de Imst a entrenarse en este nuevo deporte para ellos y a prepararse para la cita invernal de la mano del entrenador austriaco Klein Hoffer, que tambi\u00e9n hab\u00eda sido piloto de luge. Curiosamente a ambos se les qued\u00f3 grabado el mismo momento al ver la pista de luge por primera vez.<\/p>\n\n\n\n<figure class=\"wp-block-audio\"><audio controls src=\"https:\/\/www.reporolimpico.com\/wp-content\/uploads\/2020\/12\/Anecdota.mp3\"><\/audio><figcaption>Jordi Monjo<\/figcaption><\/figure>\n\n\n\n<figure class=\"wp-block-audio\"><audio controls src=\"https:\/\/www.reporolimpico.com\/wp-content\/uploads\/2020\/12\/AnecdotaRoura.mp3\"><\/audio><figcaption>Jordi Roura<\/figcaption><\/figure>\n\n\n\n<p>Antes de poder lanzarse por la pista realizaron una serie de entrenamientos en caminos cerrados de hielo, para dominar la conducci\u00f3n del trineo en este peligroso deporte. Luego ya pasaron a la pista de hielo, en la que previamente a poder descenderla en su totalidad, hab\u00eda que ir realizando bajadas de tramos m\u00e1s peque\u00f1os, empezando por abajo, hasta tener la suficiente t\u00e9cnica y experiencia como para poder realizar una bajada completa. All\u00ed coincidieron con deportistas de otros pa\u00edses que tambi\u00e9n se preparaban para los JJOO. Realizaron entrenamientos en las pistas de Imst y de Innsbruck. Ambos coinciden en destacar que a Jes\u00fas Gatell era al que se le sol\u00eda dar mejor de los cuatro y el que realizaba mejores trazadas.<\/p>\n\n\n\n<p>As\u00ed me contaba Jordi Roura como fueron esos entrenamientos<\/p>\n\n\n\n<figure class=\"wp-block-audio\"><audio controls src=\"https:\/\/www.reporolimpico.com\/wp-content\/uploads\/2020\/12\/Dia-de-entreno.mp3\"><\/audio><\/figure>\n\n\n\n<p>Los <strong>Juegos Ol\u00edmpicos de Grenoble<\/strong> dieron comienzo el 6 de Febrero de 1968, ellos se marcharon desde Austria unos d\u00edas antes rumbo a la ciudad francesa. Participaron en la ceremonia junto al resto del equipo espa\u00f1ol. Esto me comentaban sobre la ceremonia y su estancia all\u00ed.<\/p>\n\n\n\n<figure class=\"wp-block-audio\"><audio controls src=\"https:\/\/www.reporolimpico.com\/wp-content\/uploads\/2020\/12\/ceremoniaRoura-MonjoyEstancia.mp3\"><\/audio><figcaption>Primero habla Roura, luego Monjo<\/figcaption><\/figure>\n\n\n\n<figure class=\"wp-block-image size-large\"><img loading=\"lazy\" decoding=\"async\" width=\"1024\" height=\"621\" src=\"http:\/\/www.reporolimpico.com\/wp-content\/uploads\/2020\/08\/Grenoble-1968-1024x621.jpg\" alt=\"\" class=\"wp-image-570\" srcset=\"https:\/\/www.reporolimpico.com\/wp-content\/uploads\/2020\/08\/Grenoble-1968-1024x621.jpg 1024w, https:\/\/www.reporolimpico.com\/wp-content\/uploads\/2020\/08\/Grenoble-1968-300x182.jpg 300w, https:\/\/www.reporolimpico.com\/wp-content\/uploads\/2020\/08\/Grenoble-1968-768x466.jpg 768w, https:\/\/www.reporolimpico.com\/wp-content\/uploads\/2020\/08\/Grenoble-1968.jpg 1419w\" sizes=\"auto, (max-width: 1024px) 100vw, 1024px\" \/><figcaption>Desfile de Grenoble 1968 . De Izquierda a Derecha: Monjo, Roura, Gatell, Omedes. (Detr\u00e1s del cartel el entrenador Klein Hoffer)<\/figcaption><\/figure>\n\n\n\n<p>El 11 de febrero se inici\u00f3 la competici\u00f3n ol\u00edmpica de luge en la pista de Villard-de-Lans. All\u00ed los espa\u00f1oles quedaron de los puestos 42 al 45, (por este orden, Gatell, Monjo, Roura, Omedes) de entre los 50 participantes que tomaron la salida. El objetivo de competir en unos Juegos y completar las bajadas de la mejor manera posible se hab\u00eda conseguido en esta gran experiencia ol\u00edmpica.<\/p>\n\n\n\n<p>Esto me comentaron cada uno sobre la competici\u00f3n, objetivo y sensaciones:<\/p>\n\n\n\n<figure class=\"wp-block-audio\"><audio controls src=\"https:\/\/www.reporolimpico.com\/wp-content\/uploads\/2020\/12\/objetivo.mp3\"><\/audio><figcaption>Jordi Monjo<\/figcaption><\/figure>\n\n\n\n<figure class=\"wp-block-audio\"><audio controls src=\"https:\/\/www.reporolimpico.com\/wp-content\/uploads\/2020\/12\/impresion-competicion-olim.mp3\"><\/audio><figcaption>Jordi Roura<\/figcaption><\/figure>\n\n\n\n<figure class=\"wp-block-embed is-type-video is-provider-youtube wp-block-embed-youtube wp-embed-aspect-16-9 wp-has-aspect-ratio\"><div class=\"wp-block-embed__wrapper\">\n<div class=\"fitvids-video\"><iframe loading=\"lazy\" title=\"68, ann\u00e9e olympique : le bobsleight et la luge, les pistes maudites\" width=\"1200\" height=\"675\" src=\"https:\/\/www.youtube.com\/embed\/Xis6RqY66Jg?feature=oembed\" frameborder=\"0\" allow=\"accelerometer; autoplay; clipboard-write; encrypted-media; gyroscope; picture-in-picture\" allowfullscreen><\/iframe><\/div>\n<\/div><figcaption>Video con im\u00e1genes y fotos de las competiciones de bobsleigh y luge en Grenoble 1968 (Minuto 1:38 empieza el luge)<\/figcaption><\/figure>\n\n\n\n<figure class=\"wp-block-video\"><video controls poster=\"http:\/\/www.reporolimpico.com\/wp-content\/uploads\/2020\/08\/Luge.png\" src=\"http:\/\/www.reporolimpico.com\/wp-content\/uploads\/2020\/08\/Austria-East-Germany-Battle-For-Olympic-Luge-Glory-Grenoble-1968-Winter-Olympics.mp4\"><\/video><figcaption>Video del Luge en Grenoble 1968. Fuente: Youtube: @olympic<\/figcaption><\/figure>\n\n\n\n<p>Tras esos Juegos, Jordi Monjo, Luis Omedes y Jes\u00fas Gatell dejaron la pr\u00e1ctica del luge, pero Jordi Roura contin\u00fao unos a\u00f1os m\u00e1s y estuvo presente en los Campeonatos del Mundo de 1970, disputados en la pista alemana de K\u00f6nigsee, junto a dos nuevos pilotos (Gerardo Seeliger y Jos\u00e9 Zazurca) que se sumaron a un proyecto, que poco a poco fue desapareciendo hasta que dej\u00f3 de haber practicantes de luge de nuestro pa\u00eds, debido principalmente a las dificultades que conlleva el mantener algo as\u00ed sin tener ninguna pista en Espa\u00f1a.<\/p>\n\n\n\n<p>Nuestros protagonistas no abandonaron el deporte del todo, los dos han sido siempre unos apasionados de ello y lo siguen siendo, practicando otros deportes siempre que han podido, y tambi\u00e9n, de vez en cuando, contin\u00faan siguiendo las competiciones de luge por televisi\u00f3n, l\u00f3gicamente ven una clara evoluci\u00f3n en el material y en que todo est\u00e1 mucho m\u00e1s profesionalizado, pero la esencia de la disciplina sigue siendo la misma.<\/p>\n\n\n\n<p>Como ol\u00edmpicos, los Juegos Ol\u00edmpicos de Barcelona 1992 supusieron, como para todos los aficionados del deporte, una gran emoci\u00f3n. Jordi Roura los sigui\u00f3 como espectador, mientras que Jordi Monjo lleg\u00f3 a vivirlos desde dentro como traductor y ayudante para la delegaci\u00f3n de Costa de Marfil. As\u00ed me lo contaba.<\/p>\n\n\n\n<figure class=\"wp-block-audio\"><audio controls src=\"https:\/\/www.reporolimpico.com\/wp-content\/uploads\/2020\/12\/Barcelona.mp3\"><\/audio><\/figure>\n\n\n\n<p><\/p>\n\n\n\n<p>Reitero mi agradecimiento a Jordi Monjo y Jordi Roura por su tiempo en compartir conmigo sus vivencias. Ustedes son parte de la historia del deporte.<\/p>\n\n\n\n<p><\/p>\n\n\n\n<p><em>Foto de portada: Jordi Monjo en la prueba de Grenoble 1968. Cortes\u00eda del propio Jordi Monjo.<\/em><\/p>\n\n\n\n<p><em>Foto del desfile: Cortes\u00eda de Luis Omedes.<\/em><\/p>\n","protected":false},"excerpt":{"rendered":"<p>Los Juegos Ol\u00edmpicos, el mayor acontecimiento deportivo a nivel mundial, siempre traen consigo grandes haza\u00f1as deportivas, historias de vencedores y vencidos, historias de aquellos que &hellip; <\/p>\n","protected":false},"author":1,"featured_media":906,"comment_status":"open","ping_status":"open","sticky":false,"template":"","format":"standard","meta":{"_monsterinsights_skip_tracking":false,"_monsterinsights_sitenote_active":false,"_monsterinsights_sitenote_note":"","_monsterinsights_sitenote_category":0,"footnotes":""},"categories":[56],"tags":[],"class_list":["post-887","post","type-post","status-publish","format-standard","has-post-thumbnail","hentry","category-luge"],"yoast_head":"<!-- This site is optimized with the Yoast SEO plugin v26.9 - https:\/\/yoast.com\/product\/yoast-seo-wordpress\/ -->\n<title>Entrevista a los ol\u00edmpicos Jordi Monjo y Jordi Roura, pioneros del luge - Reportero Ol\u00edmpico<\/title>\n<meta name=\"description\" content=\"Entrevista a Jordi Monjo y Jordi Roura, ol\u00edmpicos en luge en Grenoble 1968\" \/>\n<meta name=\"robots\" content=\"index, follow, max-snippet:-1, max-image-preview:large, max-video-preview:-1\" \/>\n<link rel=\"canonical\" href=\"https:\/\/www.reporolimpico.com\/index.php\/2020\/12\/29\/entrevista-a-los-olimpicos-jordi-monjo-y-jordi-roura-pioneros-del-luge\/\" \/>\n<meta property=\"og:locale\" content=\"es_ES\" \/>\n<meta property=\"og:type\" content=\"article\" \/>\n<meta property=\"og:title\" content=\"Entrevista a los ol\u00edmpicos Jordi Monjo y Jordi Roura, pioneros del luge - Reportero Ol\u00edmpico\" \/>\n<meta property=\"og:description\" content=\"Entrevista a Jordi Monjo y Jordi Roura, ol\u00edmpicos en luge en Grenoble 1968\" \/>\n<meta property=\"og:url\" content=\"https:\/\/www.reporolimpico.com\/index.php\/2020\/12\/29\/entrevista-a-los-olimpicos-jordi-monjo-y-jordi-roura-pioneros-del-luge\/\" \/>\n<meta property=\"og:site_name\" content=\"Reportero Ol\u00edmpico\" \/>\n<meta property=\"article:published_time\" content=\"2020-12-29T13:47:42+00:00\" \/>\n<meta property=\"article:modified_time\" content=\"2021-02-09T17:44:30+00:00\" \/>\n<meta property=\"og:image\" content=\"https:\/\/www.reporolimpico.com\/wp-content\/uploads\/2020\/12\/Jordi-Monjo.jpg\" \/>\n\t<meta property=\"og:image:width\" content=\"969\" \/>\n\t<meta property=\"og:image:height\" content=\"725\" \/>\n\t<meta property=\"og:image:type\" content=\"image\/jpeg\" \/>\n<meta name=\"author\" content=\"repor_olimpico\" \/>\n<meta name=\"twitter:card\" content=\"summary_large_image\" \/>\n<meta name=\"twitter:creator\" content=\"@repor_olimpico\" \/>\n<meta name=\"twitter:site\" content=\"@repor_olimpico\" \/>\n<meta name=\"twitter:label1\" content=\"Escrito por\" \/>\n\t<meta name=\"twitter:data1\" content=\"repor_olimpico\" \/>\n\t<meta name=\"twitter:label2\" content=\"Tiempo de lectura\" \/>\n\t<meta name=\"twitter:data2\" content=\"6 minutos\" \/>\n<script type=\"application\/ld+json\" class=\"yoast-schema-graph\">{\"@context\":\"https:\/\/schema.org\",\"@graph\":[{\"@type\":\"Article\",\"@id\":\"https:\/\/www.reporolimpico.com\/index.php\/2020\/12\/29\/entrevista-a-los-olimpicos-jordi-monjo-y-jordi-roura-pioneros-del-luge\/#article\",\"isPartOf\":{\"@id\":\"https:\/\/www.reporolimpico.com\/index.php\/2020\/12\/29\/entrevista-a-los-olimpicos-jordi-monjo-y-jordi-roura-pioneros-del-luge\/\"},\"author\":{\"name\":\"repor_olimpico\",\"@id\":\"https:\/\/www.reporolimpico.com\/#\/schema\/person\/0c16c40b97cead5a02cb2376b38ce339\"},\"headline\":\"Entrevista a los ol\u00edmpicos Jordi Monjo y Jordi Roura, pioneros del luge\",\"datePublished\":\"2020-12-29T13:47:42+00:00\",\"dateModified\":\"2021-02-09T17:44:30+00:00\",\"mainEntityOfPage\":{\"@id\":\"https:\/\/www.reporolimpico.com\/index.php\/2020\/12\/29\/entrevista-a-los-olimpicos-jordi-monjo-y-jordi-roura-pioneros-del-luge\/\"},\"wordCount\":1167,\"commentCount\":1,\"publisher\":{\"@id\":\"https:\/\/www.reporolimpico.com\/#\/schema\/person\/0c16c40b97cead5a02cb2376b38ce339\"},\"image\":{\"@id\":\"https:\/\/www.reporolimpico.com\/index.php\/2020\/12\/29\/entrevista-a-los-olimpicos-jordi-monjo-y-jordi-roura-pioneros-del-luge\/#primaryimage\"},\"thumbnailUrl\":\"https:\/\/www.reporolimpico.com\/wp-content\/uploads\/2020\/12\/Jordi-Monjo.jpg\",\"articleSection\":[\"Luge\"],\"inLanguage\":\"es\",\"potentialAction\":[{\"@type\":\"CommentAction\",\"name\":\"Comment\",\"target\":[\"https:\/\/www.reporolimpico.com\/index.php\/2020\/12\/29\/entrevista-a-los-olimpicos-jordi-monjo-y-jordi-roura-pioneros-del-luge\/#respond\"]}]},{\"@type\":\"WebPage\",\"@id\":\"https:\/\/www.reporolimpico.com\/index.php\/2020\/12\/29\/entrevista-a-los-olimpicos-jordi-monjo-y-jordi-roura-pioneros-del-luge\/\",\"url\":\"https:\/\/www.reporolimpico.com\/index.php\/2020\/12\/29\/entrevista-a-los-olimpicos-jordi-monjo-y-jordi-roura-pioneros-del-luge\/\",\"name\":\"Entrevista a los ol\u00edmpicos Jordi Monjo y Jordi Roura, pioneros del luge - Reportero Ol\u00edmpico\",\"isPartOf\":{\"@id\":\"https:\/\/www.reporolimpico.com\/#website\"},\"primaryImageOfPage\":{\"@id\":\"https:\/\/www.reporolimpico.com\/index.php\/2020\/12\/29\/entrevista-a-los-olimpicos-jordi-monjo-y-jordi-roura-pioneros-del-luge\/#primaryimage\"},\"image\":{\"@id\":\"https:\/\/www.reporolimpico.com\/index.php\/2020\/12\/29\/entrevista-a-los-olimpicos-jordi-monjo-y-jordi-roura-pioneros-del-luge\/#primaryimage\"},\"thumbnailUrl\":\"https:\/\/www.reporolimpico.com\/wp-content\/uploads\/2020\/12\/Jordi-Monjo.jpg\",\"datePublished\":\"2020-12-29T13:47:42+00:00\",\"dateModified\":\"2021-02-09T17:44:30+00:00\",\"description\":\"Entrevista a Jordi Monjo y Jordi Roura, ol\u00edmpicos en luge en Grenoble 1968\",\"breadcrumb\":{\"@id\":\"https:\/\/www.reporolimpico.com\/index.php\/2020\/12\/29\/entrevista-a-los-olimpicos-jordi-monjo-y-jordi-roura-pioneros-del-luge\/#breadcrumb\"},\"inLanguage\":\"es\",\"potentialAction\":[{\"@type\":\"ReadAction\",\"target\":[\"https:\/\/www.reporolimpico.com\/index.php\/2020\/12\/29\/entrevista-a-los-olimpicos-jordi-monjo-y-jordi-roura-pioneros-del-luge\/\"]}]},{\"@type\":\"ImageObject\",\"inLanguage\":\"es\",\"@id\":\"https:\/\/www.reporolimpico.com\/index.php\/2020\/12\/29\/entrevista-a-los-olimpicos-jordi-monjo-y-jordi-roura-pioneros-del-luge\/#primaryimage\",\"url\":\"https:\/\/www.reporolimpico.com\/wp-content\/uploads\/2020\/12\/Jordi-Monjo.jpg\",\"contentUrl\":\"https:\/\/www.reporolimpico.com\/wp-content\/uploads\/2020\/12\/Jordi-Monjo.jpg\",\"width\":969,\"height\":725},{\"@type\":\"BreadcrumbList\",\"@id\":\"https:\/\/www.reporolimpico.com\/index.php\/2020\/12\/29\/entrevista-a-los-olimpicos-jordi-monjo-y-jordi-roura-pioneros-del-luge\/#breadcrumb\",\"itemListElement\":[{\"@type\":\"ListItem\",\"position\":1,\"name\":\"Portada\",\"item\":\"https:\/\/www.reporolimpico.com\/\"},{\"@type\":\"ListItem\",\"position\":2,\"name\":\"Entrevista a los ol\u00edmpicos Jordi Monjo y Jordi Roura, pioneros del luge\"}]},{\"@type\":\"WebSite\",\"@id\":\"https:\/\/www.reporolimpico.com\/#website\",\"url\":\"https:\/\/www.reporolimpico.com\/\",\"name\":\"Reportero Ol\u00edmpico\",\"description\":\"Deporte y Juegos Ol\u00edmpicos\",\"publisher\":{\"@id\":\"https:\/\/www.reporolimpico.com\/#\/schema\/person\/0c16c40b97cead5a02cb2376b38ce339\"},\"potentialAction\":[{\"@type\":\"SearchAction\",\"target\":{\"@type\":\"EntryPoint\",\"urlTemplate\":\"https:\/\/www.reporolimpico.com\/?s={search_term_string}\"},\"query-input\":{\"@type\":\"PropertyValueSpecification\",\"valueRequired\":true,\"valueName\":\"search_term_string\"}}],\"inLanguage\":\"es\"},{\"@type\":[\"Person\",\"Organization\"],\"@id\":\"https:\/\/www.reporolimpico.com\/#\/schema\/person\/0c16c40b97cead5a02cb2376b38ce339\",\"name\":\"repor_olimpico\",\"image\":{\"@type\":\"ImageObject\",\"inLanguage\":\"es\",\"@id\":\"https:\/\/www.reporolimpico.com\/#\/schema\/person\/image\/\",\"url\":\"https:\/\/www.reporolimpico.com\/wp-content\/uploads\/2020\/07\/cropped-ReporteroOlimpico_sub-1.jpg\",\"contentUrl\":\"https:\/\/www.reporolimpico.com\/wp-content\/uploads\/2020\/07\/cropped-ReporteroOlimpico_sub-1.jpg\",\"width\":501,\"height\":170,\"caption\":\"repor_olimpico\"},\"logo\":{\"@id\":\"https:\/\/www.reporolimpico.com\/#\/schema\/person\/image\/\"},\"sameAs\":[\"http:\/\/www.reporolimpico.com\",\"https:\/\/x.com\/repor_olimpico\"]}]}<\/script>\n<!-- \/ Yoast SEO plugin. -->","yoast_head_json":{"title":"Entrevista a los ol\u00edmpicos Jordi Monjo y Jordi Roura, pioneros del luge - Reportero Ol\u00edmpico","description":"Entrevista a Jordi Monjo y Jordi Roura, ol\u00edmpicos en luge en Grenoble 1968","robots":{"index":"index","follow":"follow","max-snippet":"max-snippet:-1","max-image-preview":"max-image-preview:large","max-video-preview":"max-video-preview:-1"},"canonical":"https:\/\/www.reporolimpico.com\/index.php\/2020\/12\/29\/entrevista-a-los-olimpicos-jordi-monjo-y-jordi-roura-pioneros-del-luge\/","og_locale":"es_ES","og_type":"article","og_title":"Entrevista a los ol\u00edmpicos Jordi Monjo y Jordi Roura, pioneros del luge - Reportero Ol\u00edmpico","og_description":"Entrevista a Jordi Monjo y Jordi Roura, ol\u00edmpicos en luge en Grenoble 1968","og_url":"https:\/\/www.reporolimpico.com\/index.php\/2020\/12\/29\/entrevista-a-los-olimpicos-jordi-monjo-y-jordi-roura-pioneros-del-luge\/","og_site_name":"Reportero Ol\u00edmpico","article_published_time":"2020-12-29T13:47:42+00:00","article_modified_time":"2021-02-09T17:44:30+00:00","og_image":[{"width":969,"height":725,"url":"https:\/\/www.reporolimpico.com\/wp-content\/uploads\/2020\/12\/Jordi-Monjo.jpg","type":"image\/jpeg"}],"author":"repor_olimpico","twitter_card":"summary_large_image","twitter_creator":"@repor_olimpico","twitter_site":"@repor_olimpico","twitter_misc":{"Escrito por":"repor_olimpico","Tiempo de lectura":"6 minutos"},"schema":{"@context":"https:\/\/schema.org","@graph":[{"@type":"Article","@id":"https:\/\/www.reporolimpico.com\/index.php\/2020\/12\/29\/entrevista-a-los-olimpicos-jordi-monjo-y-jordi-roura-pioneros-del-luge\/#article","isPartOf":{"@id":"https:\/\/www.reporolimpico.com\/index.php\/2020\/12\/29\/entrevista-a-los-olimpicos-jordi-monjo-y-jordi-roura-pioneros-del-luge\/"},"author":{"name":"repor_olimpico","@id":"https:\/\/www.reporolimpico.com\/#\/schema\/person\/0c16c40b97cead5a02cb2376b38ce339"},"headline":"Entrevista a los ol\u00edmpicos Jordi Monjo y Jordi Roura, pioneros del luge","datePublished":"2020-12-29T13:47:42+00:00","dateModified":"2021-02-09T17:44:30+00:00","mainEntityOfPage":{"@id":"https:\/\/www.reporolimpico.com\/index.php\/2020\/12\/29\/entrevista-a-los-olimpicos-jordi-monjo-y-jordi-roura-pioneros-del-luge\/"},"wordCount":1167,"commentCount":1,"publisher":{"@id":"https:\/\/www.reporolimpico.com\/#\/schema\/person\/0c16c40b97cead5a02cb2376b38ce339"},"image":{"@id":"https:\/\/www.reporolimpico.com\/index.php\/2020\/12\/29\/entrevista-a-los-olimpicos-jordi-monjo-y-jordi-roura-pioneros-del-luge\/#primaryimage"},"thumbnailUrl":"https:\/\/www.reporolimpico.com\/wp-content\/uploads\/2020\/12\/Jordi-Monjo.jpg","articleSection":["Luge"],"inLanguage":"es","potentialAction":[{"@type":"CommentAction","name":"Comment","target":["https:\/\/www.reporolimpico.com\/index.php\/2020\/12\/29\/entrevista-a-los-olimpicos-jordi-monjo-y-jordi-roura-pioneros-del-luge\/#respond"]}]},{"@type":"WebPage","@id":"https:\/\/www.reporolimpico.com\/index.php\/2020\/12\/29\/entrevista-a-los-olimpicos-jordi-monjo-y-jordi-roura-pioneros-del-luge\/","url":"https:\/\/www.reporolimpico.com\/index.php\/2020\/12\/29\/entrevista-a-los-olimpicos-jordi-monjo-y-jordi-roura-pioneros-del-luge\/","name":"Entrevista a los ol\u00edmpicos Jordi Monjo y Jordi Roura, pioneros del luge - Reportero Ol\u00edmpico","isPartOf":{"@id":"https:\/\/www.reporolimpico.com\/#website"},"primaryImageOfPage":{"@id":"https:\/\/www.reporolimpico.com\/index.php\/2020\/12\/29\/entrevista-a-los-olimpicos-jordi-monjo-y-jordi-roura-pioneros-del-luge\/#primaryimage"},"image":{"@id":"https:\/\/www.reporolimpico.com\/index.php\/2020\/12\/29\/entrevista-a-los-olimpicos-jordi-monjo-y-jordi-roura-pioneros-del-luge\/#primaryimage"},"thumbnailUrl":"https:\/\/www.reporolimpico.com\/wp-content\/uploads\/2020\/12\/Jordi-Monjo.jpg","datePublished":"2020-12-29T13:47:42+00:00","dateModified":"2021-02-09T17:44:30+00:00","description":"Entrevista a Jordi Monjo y Jordi Roura, ol\u00edmpicos en luge en Grenoble 1968","breadcrumb":{"@id":"https:\/\/www.reporolimpico.com\/index.php\/2020\/12\/29\/entrevista-a-los-olimpicos-jordi-monjo-y-jordi-roura-pioneros-del-luge\/#breadcrumb"},"inLanguage":"es","potentialAction":[{"@type":"ReadAction","target":["https:\/\/www.reporolimpico.com\/index.php\/2020\/12\/29\/entrevista-a-los-olimpicos-jordi-monjo-y-jordi-roura-pioneros-del-luge\/"]}]},{"@type":"ImageObject","inLanguage":"es","@id":"https:\/\/www.reporolimpico.com\/index.php\/2020\/12\/29\/entrevista-a-los-olimpicos-jordi-monjo-y-jordi-roura-pioneros-del-luge\/#primaryimage","url":"https:\/\/www.reporolimpico.com\/wp-content\/uploads\/2020\/12\/Jordi-Monjo.jpg","contentUrl":"https:\/\/www.reporolimpico.com\/wp-content\/uploads\/2020\/12\/Jordi-Monjo.jpg","width":969,"height":725},{"@type":"BreadcrumbList","@id":"https:\/\/www.reporolimpico.com\/index.php\/2020\/12\/29\/entrevista-a-los-olimpicos-jordi-monjo-y-jordi-roura-pioneros-del-luge\/#breadcrumb","itemListElement":[{"@type":"ListItem","position":1,"name":"Portada","item":"https:\/\/www.reporolimpico.com\/"},{"@type":"ListItem","position":2,"name":"Entrevista a los ol\u00edmpicos Jordi Monjo y Jordi Roura, pioneros del luge"}]},{"@type":"WebSite","@id":"https:\/\/www.reporolimpico.com\/#website","url":"https:\/\/www.reporolimpico.com\/","name":"Reportero Ol\u00edmpico","description":"Deporte y Juegos Ol\u00edmpicos","publisher":{"@id":"https:\/\/www.reporolimpico.com\/#\/schema\/person\/0c16c40b97cead5a02cb2376b38ce339"},"potentialAction":[{"@type":"SearchAction","target":{"@type":"EntryPoint","urlTemplate":"https:\/\/www.reporolimpico.com\/?s={search_term_string}"},"query-input":{"@type":"PropertyValueSpecification","valueRequired":true,"valueName":"search_term_string"}}],"inLanguage":"es"},{"@type":["Person","Organization"],"@id":"https:\/\/www.reporolimpico.com\/#\/schema\/person\/0c16c40b97cead5a02cb2376b38ce339","name":"repor_olimpico","image":{"@type":"ImageObject","inLanguage":"es","@id":"https:\/\/www.reporolimpico.com\/#\/schema\/person\/image\/","url":"https:\/\/www.reporolimpico.com\/wp-content\/uploads\/2020\/07\/cropped-ReporteroOlimpico_sub-1.jpg","contentUrl":"https:\/\/www.reporolimpico.com\/wp-content\/uploads\/2020\/07\/cropped-ReporteroOlimpico_sub-1.jpg","width":501,"height":170,"caption":"repor_olimpico"},"logo":{"@id":"https:\/\/www.reporolimpico.com\/#\/schema\/person\/image\/"},"sameAs":["http:\/\/www.reporolimpico.com","https:\/\/x.com\/repor_olimpico"]}]}},"_links":{"self":[{"href":"https:\/\/www.reporolimpico.com\/index.php\/wp-json\/wp\/v2\/posts\/887","targetHints":{"allow":["GET"]}}],"collection":[{"href":"https:\/\/www.reporolimpico.com\/index.php\/wp-json\/wp\/v2\/posts"}],"about":[{"href":"https:\/\/www.reporolimpico.com\/index.php\/wp-json\/wp\/v2\/types\/post"}],"author":[{"embeddable":true,"href":"https:\/\/www.reporolimpico.com\/index.php\/wp-json\/wp\/v2\/users\/1"}],"replies":[{"embeddable":true,"href":"https:\/\/www.reporolimpico.com\/index.php\/wp-json\/wp\/v2\/comments?post=887"}],"version-history":[{"count":25,"href":"https:\/\/www.reporolimpico.com\/index.php\/wp-json\/wp\/v2\/posts\/887\/revisions"}],"predecessor-version":[{"id":945,"href":"https:\/\/www.reporolimpico.com\/index.php\/wp-json\/wp\/v2\/posts\/887\/revisions\/945"}],"wp:featuredmedia":[{"embeddable":true,"href":"https:\/\/www.reporolimpico.com\/index.php\/wp-json\/wp\/v2\/media\/906"}],"wp:attachment":[{"href":"https:\/\/www.reporolimpico.com\/index.php\/wp-json\/wp\/v2\/media?parent=887"}],"wp:term":[{"taxonomy":"category","embeddable":true,"href":"https:\/\/www.reporolimpico.com\/index.php\/wp-json\/wp\/v2\/categories?post=887"},{"taxonomy":"post_tag","embeddable":true,"href":"https:\/\/www.reporolimpico.com\/index.php\/wp-json\/wp\/v2\/tags?post=887"}],"curies":[{"name":"wp","href":"https:\/\/api.w.org\/{rel}","templated":true}]}}