{"id":873,"date":"2020-12-17T14:14:19","date_gmt":"2020-12-17T14:14:19","guid":{"rendered":"http:\/\/www.reporolimpico.com\/?p=873"},"modified":"2020-12-17T14:14:20","modified_gmt":"2020-12-17T14:14:20","slug":"llega-la-primera-copa-del-mundo-femenina-de-combinada-nordica-de-la-historia","status":"publish","type":"post","link":"https:\/\/www.reporolimpico.com\/index.php\/2020\/12\/17\/llega-la-primera-copa-del-mundo-femenina-de-combinada-nordica-de-la-historia\/","title":{"rendered":"Llega la Primera Copa del Mundo femenina de Combinada N\u00f3rdica de la historia"},"content":{"rendered":"\n<p>La <strong>Combinada N\u00f3rdica<\/strong> es, a d\u00eda de hoy, el \u00fanico deporte ol\u00edmpico en el que a\u00fan no compiten las mujeres. Es una disciplina muy joven que se est\u00e1 desarrollando desde hace pocos a\u00f1os y este 18 de diciembre de 2020 va a dar un paso m\u00e1s. En la pista austriaca de Ramsau am Dachstein, tendr\u00e1 lugar <strong>la primera prueba de la Copa del Mundo femenina de la historia<\/strong>.<\/p>\n\n\n\n<p>Este deporte, que mezcla saltos de esqu\u00ed y esqu\u00ed de fondo, lleva en el programa ol\u00edmpico desde los primeros Juegos Ol\u00edmpicos de Invierno, en Chamonix 1924. Tambi\u00e9n estuvo presente en los primeros Campeonatos del Mundo, en 1925 y la primera Copa del Mundo se disput\u00f3 en la temporada 1983\u20131984, todo ello en el apartado masculino.<\/p>\n\n\n\n<p>Las mujeres participan en Saltos de Esqu\u00ed desde hace relativamente poco, participaron por primera vez en los mundiales en 2009 y en los JJOO en 2014, as\u00ed que la combinada n\u00f3rdica femenina l\u00f3gicamente no ha podido desarrollarse antes. Fue precisamente a partir de la introducci\u00f3n de los saltos de esqu\u00ed femeninos en el programa ol\u00edmpico cuando se fue desarrollando un proyecto para la combinada n\u00f3rdica femenina.<\/p>\n\n\n\n<p>En verano de 2014 tuvieron lugar una serie de campus de entrenamiento y las primeras pruebas femeninas dentro de la Copa Juvenil de Verano, con 40 j\u00f3venes de 10 pa\u00edses distintos y ya en Marzo de 2015 tuvo lugar, en la pista noruega de Trondheim, la primera prueba femenina de Combinada N\u00f3rdica sobre la nieve, dentro de la FIS Youth Cup. Durante los siguientes a\u00f1os sigui\u00f3 creciendo la especialidad, a\u00f1adiendo m\u00e1s pruebas de combinada n\u00f3rdica femenina a la Youth Cup. En 2019 lleg\u00f3 la Copa Continental, ganada por la estadounidense Tara Geraghty-Moats, y tambi\u00e9n en 2019 la combinada n\u00f3rdica femenina form\u00f3 parte por primera vez del programa del Campeonato del Mundo Junior, donde la japonesa Ayane Miyazaki se alz\u00f3 con la victoria.<\/p>\n\n\n\n<p>En este 2020 tuvieron lugar los <strong>Juegos Ol\u00edmpicos de Invierno de la Juventud<\/strong> en Lausana y en ellos estaba incluida la prueba de Combinada N\u00f3rdica femenina. El triunfo fue para la austriaca Lisa Hirner, seguida de la japonesa Ayane Miyazaki y de la alemana Jenny Nowak. <\/p>\n\n\n\n<p><a href=\"https:\/\/www.youtube.com\/watch?v=G8enJ4RxstI\">Video de la prueba<\/a><\/p>\n\n\n\n<div class=\"wp-block-image\"><figure class=\"aligncenter size-large\"><img loading=\"lazy\" decoding=\"async\" width=\"766\" height=\"496\" src=\"https:\/\/www.reporolimpico.com\/wp-content\/uploads\/2020\/12\/YOG_Combinada_NordicaF.jpg\" alt=\"\" class=\"wp-image-876\" srcset=\"https:\/\/www.reporolimpico.com\/wp-content\/uploads\/2020\/12\/YOG_Combinada_NordicaF.jpg 766w, https:\/\/www.reporolimpico.com\/wp-content\/uploads\/2020\/12\/YOG_Combinada_NordicaF-300x194.jpg 300w\" sizes=\"auto, (max-width: 766px) 100vw, 766px\" \/><figcaption>Podio de la Combinada N\u00f3rdica Femenina en los JJOO de la Juvetud 2020. Foto fis-ski.com<\/figcaption><\/figure><\/div>\n\n\n\n<p><\/p>\n\n\n\n<p>Y tras esos JJOO de la Juventud lleg\u00f3 tambi\u00e9n el Campeonato del Mundo Junior de Esqu\u00ed N\u00f3rdico en marzo de este a\u00f1o 2020, all\u00ed la campeona fue la alemana Jenny Nowak, seguida de la noruega Gyda Westvold Hansen y la austriaca Lisa Hirner.<\/p>\n\n\n\n<div class=\"wp-block-image\"><figure class=\"aligncenter size-large is-resized\"><img loading=\"lazy\" decoding=\"async\" src=\"https:\/\/www.reporolimpico.com\/wp-content\/uploads\/2020\/12\/WJCH_-NordicCFem-1024x683.jpg\" alt=\"\" class=\"wp-image-877\" width=\"798\" height=\"532\" srcset=\"https:\/\/www.reporolimpico.com\/wp-content\/uploads\/2020\/12\/WJCH_-NordicCFem-1024x683.jpg 1024w, https:\/\/www.reporolimpico.com\/wp-content\/uploads\/2020\/12\/WJCH_-NordicCFem-300x200.jpg 300w, https:\/\/www.reporolimpico.com\/wp-content\/uploads\/2020\/12\/WJCH_-NordicCFem-768x512.jpg 768w, https:\/\/www.reporolimpico.com\/wp-content\/uploads\/2020\/12\/WJCH_-NordicCFem-1536x1024.jpg 1536w, https:\/\/www.reporolimpico.com\/wp-content\/uploads\/2020\/12\/WJCH_-NordicCFem-2048x1366.jpg 2048w\" sizes=\"auto, (max-width: 798px) 100vw, 798px\" \/><figcaption>Podio del Campeonato del Mundo Junior 2020. Foto: xc-ski.de<\/figcaption><\/figure><\/div>\n\n\n\n<p>Ahora en diciembre de 2020 se da un paso m\u00e1s en la historia de la Combinada N\u00f3rdica femenina con la disputa de la primera Copa del Mundo absoluta. Inicialmente estaba previsto su inicio en la pista noruega de Lillehammer el pasado 5 de dicimbre pero la pandemia del COVID-19 oblig\u00f3 a cancelar la prueba. As\u00ed que el incio ser\u00e1 este 18 de diciembre en la pista austriaca de Ramsau am Dachstein, con la prueba de Trampol\u00edn Normal y 5km de esqu\u00ed de fondo. La competici\u00f3n empieza  a las 09:45 y podr\u00e1 seguirse a trav\u00e9s de Eurosport.  All\u00ed estar\u00e1n 32 deportistas de 9 pa\u00edses, entre ellas todas las nombradas anteriormente buscando hacer historia en este deporte conviertiendose en la primera ganadora de una prueba de Copa del Mundo.<\/p>\n\n\n\n<p>La Combinada N\u00f3rdica femenina se incluir\u00e1 tambi\u00e9n esta temporada por primera vez en el Campeonato del Mundo de Esqu\u00ed n\u00f3rdico, que tendr\u00e1 lugar en la pista alemana de Oberstdorf. La prueba no estar\u00e1 en los pr\u00f3ximos Juego Ol\u00edmpicos de Invierno de Pek\u00edn 2022, cuya propuesta fue rechazada, pero sin duda la creaci\u00f3n de la Copa del Mundo y su inclusi\u00f3n en el pr\u00f3ximo mundial son un paso muy importante para que la combinada n\u00f3rdica femenina debute en los siguientes JJOO, Mil\u00e1n-Cortina 2026.<\/p>\n\n\n\n<figure class=\"wp-block-embed-twitter aligncenter wp-block-embed is-type-rich is-provider-twitter\"><div class=\"wp-block-embed__wrapper\">\n<div class=\"fitvids-video\"><blockquote class=\"twitter-tweet\" data-width=\"550\" data-dnt=\"true\"><p lang=\"en\" dir=\"ltr\">Two more nights and then it&#39;s finally here: the WOMEN&#39;S WORLD CUP in Nordic Combined! Make sure you tune in on Friday: 9:30 CET Ski Jumping Round, 13:45 CET Cross-Country race! <a href=\"https:\/\/twitter.com\/hashtag\/fisnoco?src=hash&amp;ref_src=twsrc%5Etfw\">#fisnoco<\/a> <a href=\"https:\/\/twitter.com\/hashtag\/nordiccombined?src=hash&amp;ref_src=twsrc%5Etfw\">#nordiccombined<\/a> <a href=\"https:\/\/twitter.com\/hashtag\/nocogirls?src=hash&amp;ref_src=twsrc%5Etfw\">#nocogirls<\/a> <a href=\"https:\/\/t.co\/jinxVIimL4\">pic.twitter.com\/jinxVIimL4<\/a><\/p>&mdash; FIS Nordic Combined (@fisnoco) <a href=\"https:\/\/twitter.com\/fisnoco\/status\/1339206557418942464?ref_src=twsrc%5Etfw\">December 16, 2020<\/a><\/blockquote><script async src=\"https:\/\/platform.twitter.com\/widgets.js\" charset=\"utf-8\"><\/script><\/div>\n<\/div><\/figure>\n","protected":false},"excerpt":{"rendered":"<p>La Combinada N\u00f3rdica es, a d\u00eda de hoy, el \u00fanico deporte ol\u00edmpico en el que a\u00fan no compiten las mujeres. Es una disciplina muy joven &hellip; <\/p>\n","protected":false},"author":1,"featured_media":879,"comment_status":"open","ping_status":"open","sticky":false,"template":"","format":"standard","meta":{"_monsterinsights_skip_tracking":false,"_monsterinsights_sitenote_active":false,"_monsterinsights_sitenote_note":"","_monsterinsights_sitenote_category":0,"footnotes":""},"categories":[42],"tags":[5],"class_list":["post-873","post","type-post","status-publish","format-standard","has-post-thumbnail","hentry","category-combinada-nordica","tag-combinada-nordica"],"yoast_head":"<!-- This site is optimized with the Yoast SEO plugin v26.9 - https:\/\/yoast.com\/product\/yoast-seo-wordpress\/ -->\n<title>Llega la Primera Copa del Mundo femenina de Combinada N\u00f3rdica de la historia - Reportero Ol\u00edmpico<\/title>\n<meta name=\"description\" content=\"Este 18 de diciembre de 2020 llega la Primera Copa del Mundo femenina de Combinada N\u00f3rdica de la historia\" \/>\n<meta name=\"robots\" content=\"index, follow, max-snippet:-1, max-image-preview:large, max-video-preview:-1\" \/>\n<link rel=\"canonical\" href=\"https:\/\/www.reporolimpico.com\/index.php\/2020\/12\/17\/llega-la-primera-copa-del-mundo-femenina-de-combinada-nordica-de-la-historia\/\" \/>\n<meta property=\"og:locale\" content=\"es_ES\" \/>\n<meta property=\"og:type\" content=\"article\" \/>\n<meta property=\"og:title\" content=\"Llega la Primera Copa del Mundo femenina de Combinada N\u00f3rdica de la historia - Reportero Ol\u00edmpico\" \/>\n<meta property=\"og:description\" content=\"Este 18 de diciembre de 2020 llega la Primera Copa del Mundo femenina de Combinada N\u00f3rdica de la historia\" \/>\n<meta property=\"og:url\" content=\"https:\/\/www.reporolimpico.com\/index.php\/2020\/12\/17\/llega-la-primera-copa-del-mundo-femenina-de-combinada-nordica-de-la-historia\/\" \/>\n<meta property=\"og:site_name\" content=\"Reportero Ol\u00edmpico\" \/>\n<meta property=\"article:published_time\" content=\"2020-12-17T14:14:19+00:00\" \/>\n<meta property=\"article:modified_time\" content=\"2020-12-17T14:14:20+00:00\" \/>\n<meta property=\"og:image\" content=\"https:\/\/www.reporolimpico.com\/wp-content\/uploads\/2020\/12\/NCF.jpg\" \/>\n\t<meta property=\"og:image:width\" content=\"1200\" \/>\n\t<meta property=\"og:image:height\" content=\"676\" \/>\n\t<meta property=\"og:image:type\" content=\"image\/jpeg\" \/>\n<meta name=\"author\" content=\"repor_olimpico\" \/>\n<meta name=\"twitter:card\" content=\"summary_large_image\" \/>\n<meta name=\"twitter:creator\" content=\"@repor_olimpico\" \/>\n<meta name=\"twitter:site\" content=\"@repor_olimpico\" \/>\n<meta name=\"twitter:label1\" content=\"Escrito por\" \/>\n\t<meta name=\"twitter:data1\" content=\"repor_olimpico\" \/>\n\t<meta name=\"twitter:label2\" content=\"Tiempo de lectura\" \/>\n\t<meta name=\"twitter:data2\" content=\"3 minutos\" \/>\n<script type=\"application\/ld+json\" class=\"yoast-schema-graph\">{\"@context\":\"https:\/\/schema.org\",\"@graph\":[{\"@type\":\"Article\",\"@id\":\"https:\/\/www.reporolimpico.com\/index.php\/2020\/12\/17\/llega-la-primera-copa-del-mundo-femenina-de-combinada-nordica-de-la-historia\/#article\",\"isPartOf\":{\"@id\":\"https:\/\/www.reporolimpico.com\/index.php\/2020\/12\/17\/llega-la-primera-copa-del-mundo-femenina-de-combinada-nordica-de-la-historia\/\"},\"author\":{\"name\":\"repor_olimpico\",\"@id\":\"https:\/\/www.reporolimpico.com\/#\/schema\/person\/0c16c40b97cead5a02cb2376b38ce339\"},\"headline\":\"Llega la Primera Copa del Mundo femenina de Combinada N\u00f3rdica de la historia\",\"datePublished\":\"2020-12-17T14:14:19+00:00\",\"dateModified\":\"2020-12-17T14:14:20+00:00\",\"mainEntityOfPage\":{\"@id\":\"https:\/\/www.reporolimpico.com\/index.php\/2020\/12\/17\/llega-la-primera-copa-del-mundo-femenina-de-combinada-nordica-de-la-historia\/\"},\"wordCount\":680,\"commentCount\":0,\"publisher\":{\"@id\":\"https:\/\/www.reporolimpico.com\/#\/schema\/person\/0c16c40b97cead5a02cb2376b38ce339\"},\"image\":{\"@id\":\"https:\/\/www.reporolimpico.com\/index.php\/2020\/12\/17\/llega-la-primera-copa-del-mundo-femenina-de-combinada-nordica-de-la-historia\/#primaryimage\"},\"thumbnailUrl\":\"https:\/\/www.reporolimpico.com\/wp-content\/uploads\/2020\/12\/NCF.jpg\",\"keywords\":[\"Combinada N\u00f3rdica\"],\"articleSection\":[\"Combinada N\u00f3rdica\"],\"inLanguage\":\"es\",\"potentialAction\":[{\"@type\":\"CommentAction\",\"name\":\"Comment\",\"target\":[\"https:\/\/www.reporolimpico.com\/index.php\/2020\/12\/17\/llega-la-primera-copa-del-mundo-femenina-de-combinada-nordica-de-la-historia\/#respond\"]}]},{\"@type\":\"WebPage\",\"@id\":\"https:\/\/www.reporolimpico.com\/index.php\/2020\/12\/17\/llega-la-primera-copa-del-mundo-femenina-de-combinada-nordica-de-la-historia\/\",\"url\":\"https:\/\/www.reporolimpico.com\/index.php\/2020\/12\/17\/llega-la-primera-copa-del-mundo-femenina-de-combinada-nordica-de-la-historia\/\",\"name\":\"Llega la Primera Copa del Mundo femenina de Combinada N\u00f3rdica de la historia - Reportero Ol\u00edmpico\",\"isPartOf\":{\"@id\":\"https:\/\/www.reporolimpico.com\/#website\"},\"primaryImageOfPage\":{\"@id\":\"https:\/\/www.reporolimpico.com\/index.php\/2020\/12\/17\/llega-la-primera-copa-del-mundo-femenina-de-combinada-nordica-de-la-historia\/#primaryimage\"},\"image\":{\"@id\":\"https:\/\/www.reporolimpico.com\/index.php\/2020\/12\/17\/llega-la-primera-copa-del-mundo-femenina-de-combinada-nordica-de-la-historia\/#primaryimage\"},\"thumbnailUrl\":\"https:\/\/www.reporolimpico.com\/wp-content\/uploads\/2020\/12\/NCF.jpg\",\"datePublished\":\"2020-12-17T14:14:19+00:00\",\"dateModified\":\"2020-12-17T14:14:20+00:00\",\"description\":\"Este 18 de diciembre de 2020 llega la Primera Copa del Mundo femenina de Combinada N\u00f3rdica de la historia\",\"breadcrumb\":{\"@id\":\"https:\/\/www.reporolimpico.com\/index.php\/2020\/12\/17\/llega-la-primera-copa-del-mundo-femenina-de-combinada-nordica-de-la-historia\/#breadcrumb\"},\"inLanguage\":\"es\",\"potentialAction\":[{\"@type\":\"ReadAction\",\"target\":[\"https:\/\/www.reporolimpico.com\/index.php\/2020\/12\/17\/llega-la-primera-copa-del-mundo-femenina-de-combinada-nordica-de-la-historia\/\"]}]},{\"@type\":\"ImageObject\",\"inLanguage\":\"es\",\"@id\":\"https:\/\/www.reporolimpico.com\/index.php\/2020\/12\/17\/llega-la-primera-copa-del-mundo-femenina-de-combinada-nordica-de-la-historia\/#primaryimage\",\"url\":\"https:\/\/www.reporolimpico.com\/wp-content\/uploads\/2020\/12\/NCF.jpg\",\"contentUrl\":\"https:\/\/www.reporolimpico.com\/wp-content\/uploads\/2020\/12\/NCF.jpg\",\"width\":1200,\"height\":676},{\"@type\":\"BreadcrumbList\",\"@id\":\"https:\/\/www.reporolimpico.com\/index.php\/2020\/12\/17\/llega-la-primera-copa-del-mundo-femenina-de-combinada-nordica-de-la-historia\/#breadcrumb\",\"itemListElement\":[{\"@type\":\"ListItem\",\"position\":1,\"name\":\"Portada\",\"item\":\"https:\/\/www.reporolimpico.com\/\"},{\"@type\":\"ListItem\",\"position\":2,\"name\":\"Llega la Primera Copa del Mundo femenina de Combinada N\u00f3rdica de la historia\"}]},{\"@type\":\"WebSite\",\"@id\":\"https:\/\/www.reporolimpico.com\/#website\",\"url\":\"https:\/\/www.reporolimpico.com\/\",\"name\":\"Reportero Ol\u00edmpico\",\"description\":\"Deporte y Juegos Ol\u00edmpicos\",\"publisher\":{\"@id\":\"https:\/\/www.reporolimpico.com\/#\/schema\/person\/0c16c40b97cead5a02cb2376b38ce339\"},\"potentialAction\":[{\"@type\":\"SearchAction\",\"target\":{\"@type\":\"EntryPoint\",\"urlTemplate\":\"https:\/\/www.reporolimpico.com\/?s={search_term_string}\"},\"query-input\":{\"@type\":\"PropertyValueSpecification\",\"valueRequired\":true,\"valueName\":\"search_term_string\"}}],\"inLanguage\":\"es\"},{\"@type\":[\"Person\",\"Organization\"],\"@id\":\"https:\/\/www.reporolimpico.com\/#\/schema\/person\/0c16c40b97cead5a02cb2376b38ce339\",\"name\":\"repor_olimpico\",\"image\":{\"@type\":\"ImageObject\",\"inLanguage\":\"es\",\"@id\":\"https:\/\/www.reporolimpico.com\/#\/schema\/person\/image\/\",\"url\":\"https:\/\/www.reporolimpico.com\/wp-content\/uploads\/2020\/07\/cropped-ReporteroOlimpico_sub-1.jpg\",\"contentUrl\":\"https:\/\/www.reporolimpico.com\/wp-content\/uploads\/2020\/07\/cropped-ReporteroOlimpico_sub-1.jpg\",\"width\":501,\"height\":170,\"caption\":\"repor_olimpico\"},\"logo\":{\"@id\":\"https:\/\/www.reporolimpico.com\/#\/schema\/person\/image\/\"},\"sameAs\":[\"http:\/\/www.reporolimpico.com\",\"https:\/\/x.com\/repor_olimpico\"]}]}<\/script>\n<!-- \/ Yoast SEO plugin. -->","yoast_head_json":{"title":"Llega la Primera Copa del Mundo femenina de Combinada N\u00f3rdica de la historia - Reportero Ol\u00edmpico","description":"Este 18 de diciembre de 2020 llega la Primera Copa del Mundo femenina de Combinada N\u00f3rdica de la historia","robots":{"index":"index","follow":"follow","max-snippet":"max-snippet:-1","max-image-preview":"max-image-preview:large","max-video-preview":"max-video-preview:-1"},"canonical":"https:\/\/www.reporolimpico.com\/index.php\/2020\/12\/17\/llega-la-primera-copa-del-mundo-femenina-de-combinada-nordica-de-la-historia\/","og_locale":"es_ES","og_type":"article","og_title":"Llega la Primera Copa del Mundo femenina de Combinada N\u00f3rdica de la historia - Reportero Ol\u00edmpico","og_description":"Este 18 de diciembre de 2020 llega la Primera Copa del Mundo femenina de Combinada N\u00f3rdica de la historia","og_url":"https:\/\/www.reporolimpico.com\/index.php\/2020\/12\/17\/llega-la-primera-copa-del-mundo-femenina-de-combinada-nordica-de-la-historia\/","og_site_name":"Reportero Ol\u00edmpico","article_published_time":"2020-12-17T14:14:19+00:00","article_modified_time":"2020-12-17T14:14:20+00:00","og_image":[{"width":1200,"height":676,"url":"https:\/\/www.reporolimpico.com\/wp-content\/uploads\/2020\/12\/NCF.jpg","type":"image\/jpeg"}],"author":"repor_olimpico","twitter_card":"summary_large_image","twitter_creator":"@repor_olimpico","twitter_site":"@repor_olimpico","twitter_misc":{"Escrito por":"repor_olimpico","Tiempo de lectura":"3 minutos"},"schema":{"@context":"https:\/\/schema.org","@graph":[{"@type":"Article","@id":"https:\/\/www.reporolimpico.com\/index.php\/2020\/12\/17\/llega-la-primera-copa-del-mundo-femenina-de-combinada-nordica-de-la-historia\/#article","isPartOf":{"@id":"https:\/\/www.reporolimpico.com\/index.php\/2020\/12\/17\/llega-la-primera-copa-del-mundo-femenina-de-combinada-nordica-de-la-historia\/"},"author":{"name":"repor_olimpico","@id":"https:\/\/www.reporolimpico.com\/#\/schema\/person\/0c16c40b97cead5a02cb2376b38ce339"},"headline":"Llega la Primera Copa del Mundo femenina de Combinada N\u00f3rdica de la historia","datePublished":"2020-12-17T14:14:19+00:00","dateModified":"2020-12-17T14:14:20+00:00","mainEntityOfPage":{"@id":"https:\/\/www.reporolimpico.com\/index.php\/2020\/12\/17\/llega-la-primera-copa-del-mundo-femenina-de-combinada-nordica-de-la-historia\/"},"wordCount":680,"commentCount":0,"publisher":{"@id":"https:\/\/www.reporolimpico.com\/#\/schema\/person\/0c16c40b97cead5a02cb2376b38ce339"},"image":{"@id":"https:\/\/www.reporolimpico.com\/index.php\/2020\/12\/17\/llega-la-primera-copa-del-mundo-femenina-de-combinada-nordica-de-la-historia\/#primaryimage"},"thumbnailUrl":"https:\/\/www.reporolimpico.com\/wp-content\/uploads\/2020\/12\/NCF.jpg","keywords":["Combinada N\u00f3rdica"],"articleSection":["Combinada N\u00f3rdica"],"inLanguage":"es","potentialAction":[{"@type":"CommentAction","name":"Comment","target":["https:\/\/www.reporolimpico.com\/index.php\/2020\/12\/17\/llega-la-primera-copa-del-mundo-femenina-de-combinada-nordica-de-la-historia\/#respond"]}]},{"@type":"WebPage","@id":"https:\/\/www.reporolimpico.com\/index.php\/2020\/12\/17\/llega-la-primera-copa-del-mundo-femenina-de-combinada-nordica-de-la-historia\/","url":"https:\/\/www.reporolimpico.com\/index.php\/2020\/12\/17\/llega-la-primera-copa-del-mundo-femenina-de-combinada-nordica-de-la-historia\/","name":"Llega la Primera Copa del Mundo femenina de Combinada N\u00f3rdica de la historia - Reportero Ol\u00edmpico","isPartOf":{"@id":"https:\/\/www.reporolimpico.com\/#website"},"primaryImageOfPage":{"@id":"https:\/\/www.reporolimpico.com\/index.php\/2020\/12\/17\/llega-la-primera-copa-del-mundo-femenina-de-combinada-nordica-de-la-historia\/#primaryimage"},"image":{"@id":"https:\/\/www.reporolimpico.com\/index.php\/2020\/12\/17\/llega-la-primera-copa-del-mundo-femenina-de-combinada-nordica-de-la-historia\/#primaryimage"},"thumbnailUrl":"https:\/\/www.reporolimpico.com\/wp-content\/uploads\/2020\/12\/NCF.jpg","datePublished":"2020-12-17T14:14:19+00:00","dateModified":"2020-12-17T14:14:20+00:00","description":"Este 18 de diciembre de 2020 llega la Primera Copa del Mundo femenina de Combinada N\u00f3rdica de la historia","breadcrumb":{"@id":"https:\/\/www.reporolimpico.com\/index.php\/2020\/12\/17\/llega-la-primera-copa-del-mundo-femenina-de-combinada-nordica-de-la-historia\/#breadcrumb"},"inLanguage":"es","potentialAction":[{"@type":"ReadAction","target":["https:\/\/www.reporolimpico.com\/index.php\/2020\/12\/17\/llega-la-primera-copa-del-mundo-femenina-de-combinada-nordica-de-la-historia\/"]}]},{"@type":"ImageObject","inLanguage":"es","@id":"https:\/\/www.reporolimpico.com\/index.php\/2020\/12\/17\/llega-la-primera-copa-del-mundo-femenina-de-combinada-nordica-de-la-historia\/#primaryimage","url":"https:\/\/www.reporolimpico.com\/wp-content\/uploads\/2020\/12\/NCF.jpg","contentUrl":"https:\/\/www.reporolimpico.com\/wp-content\/uploads\/2020\/12\/NCF.jpg","width":1200,"height":676},{"@type":"BreadcrumbList","@id":"https:\/\/www.reporolimpico.com\/index.php\/2020\/12\/17\/llega-la-primera-copa-del-mundo-femenina-de-combinada-nordica-de-la-historia\/#breadcrumb","itemListElement":[{"@type":"ListItem","position":1,"name":"Portada","item":"https:\/\/www.reporolimpico.com\/"},{"@type":"ListItem","position":2,"name":"Llega la Primera Copa del Mundo femenina de Combinada N\u00f3rdica de la historia"}]},{"@type":"WebSite","@id":"https:\/\/www.reporolimpico.com\/#website","url":"https:\/\/www.reporolimpico.com\/","name":"Reportero Ol\u00edmpico","description":"Deporte y Juegos Ol\u00edmpicos","publisher":{"@id":"https:\/\/www.reporolimpico.com\/#\/schema\/person\/0c16c40b97cead5a02cb2376b38ce339"},"potentialAction":[{"@type":"SearchAction","target":{"@type":"EntryPoint","urlTemplate":"https:\/\/www.reporolimpico.com\/?s={search_term_string}"},"query-input":{"@type":"PropertyValueSpecification","valueRequired":true,"valueName":"search_term_string"}}],"inLanguage":"es"},{"@type":["Person","Organization"],"@id":"https:\/\/www.reporolimpico.com\/#\/schema\/person\/0c16c40b97cead5a02cb2376b38ce339","name":"repor_olimpico","image":{"@type":"ImageObject","inLanguage":"es","@id":"https:\/\/www.reporolimpico.com\/#\/schema\/person\/image\/","url":"https:\/\/www.reporolimpico.com\/wp-content\/uploads\/2020\/07\/cropped-ReporteroOlimpico_sub-1.jpg","contentUrl":"https:\/\/www.reporolimpico.com\/wp-content\/uploads\/2020\/07\/cropped-ReporteroOlimpico_sub-1.jpg","width":501,"height":170,"caption":"repor_olimpico"},"logo":{"@id":"https:\/\/www.reporolimpico.com\/#\/schema\/person\/image\/"},"sameAs":["http:\/\/www.reporolimpico.com","https:\/\/x.com\/repor_olimpico"]}]}},"_links":{"self":[{"href":"https:\/\/www.reporolimpico.com\/index.php\/wp-json\/wp\/v2\/posts\/873","targetHints":{"allow":["GET"]}}],"collection":[{"href":"https:\/\/www.reporolimpico.com\/index.php\/wp-json\/wp\/v2\/posts"}],"about":[{"href":"https:\/\/www.reporolimpico.com\/index.php\/wp-json\/wp\/v2\/types\/post"}],"author":[{"embeddable":true,"href":"https:\/\/www.reporolimpico.com\/index.php\/wp-json\/wp\/v2\/users\/1"}],"replies":[{"embeddable":true,"href":"https:\/\/www.reporolimpico.com\/index.php\/wp-json\/wp\/v2\/comments?post=873"}],"version-history":[{"count":8,"href":"https:\/\/www.reporolimpico.com\/index.php\/wp-json\/wp\/v2\/posts\/873\/revisions"}],"predecessor-version":[{"id":886,"href":"https:\/\/www.reporolimpico.com\/index.php\/wp-json\/wp\/v2\/posts\/873\/revisions\/886"}],"wp:featuredmedia":[{"embeddable":true,"href":"https:\/\/www.reporolimpico.com\/index.php\/wp-json\/wp\/v2\/media\/879"}],"wp:attachment":[{"href":"https:\/\/www.reporolimpico.com\/index.php\/wp-json\/wp\/v2\/media?parent=873"}],"wp:term":[{"taxonomy":"category","embeddable":true,"href":"https:\/\/www.reporolimpico.com\/index.php\/wp-json\/wp\/v2\/categories?post=873"},{"taxonomy":"post_tag","embeddable":true,"href":"https:\/\/www.reporolimpico.com\/index.php\/wp-json\/wp\/v2\/tags?post=873"}],"curies":[{"name":"wp","href":"https:\/\/api.w.org\/{rel}","templated":true}]}}