{"id":548,"date":"2020-08-19T17:44:44","date_gmt":"2020-08-19T17:44:44","guid":{"rendered":"http:\/\/www.reporolimpico.com\/?p=548"},"modified":"2021-08-12T15:24:34","modified_gmt":"2021-08-12T15:24:34","slug":"el-deportista-con-mas-medallas-olimpicas-de-cada-pais","status":"publish","type":"post","link":"https:\/\/www.reporolimpico.com\/index.php\/2020\/08\/19\/el-deportista-con-mas-medallas-olimpicas-de-cada-pais\/","title":{"rendered":"El deportista con m\u00e1s medallas ol\u00edmpicas de cada pa\u00eds"},"content":{"rendered":"\n<p>\u00bfQui\u00e9n es el deportista con m\u00e1s medallas ol\u00edmpicas de cada pa\u00eds? Si ten\u00e9is curiosidad por la respuesta a esa pregunta, en este art\u00edculo podr\u00e9is resolver la cuesti\u00f3n.<\/p>\n\n\n\n<p>En esta lista he recopilado qui\u00e9nes son a d\u00eda de hoy los deportistas que han conseguido m\u00e1s medallas ol\u00edmpicas representando a  cada pa\u00eds, sin tener en cuenta el valor de los metales, solo la cantidad. Dicha lista est\u00e1 ordenada por orden alfab\u00e9tico en espa\u00f1ol de cada uno de los pa\u00edses que han obtenido alguna medalla ol\u00edmpica. La pod\u00e9is ordenar por ejemplo por total y as\u00ed se puede comprobar qu\u00e9 pa\u00eds tiene a los medallistas con m\u00e1s medallas. La columna im\u00e1genes tiene un enlace a im\u00e1genes de google por si ten\u00e9is curiosidad por ver de qui\u00e9nes se tratan si los desconoc\u00e9is.<\/p>\n\n\n\n<p>A la tabla he a\u00f1adido tambi\u00e9n qui\u00e9nes fueron los que ganaron m\u00e1s metales en los pa\u00edses que ya no existen (aparecen en cursiva), pero que cosecharon gran cantidad de medallas en los JJOO (Alemania Occidental, Alemania Oriental, Checoslovaquia, Uni\u00f3n Sov\u00e9tica y Yugoslavia). <\/p>\n\n\n\n<p>En este <a href=\"https:\/\/twitter.com\/repor_olimpico\/status\/1296150192606138372\">hilo de twitter<\/a> comento adem\u00e1s cu\u00e1les son en concreto las medallas de cada uno.  (El hilo es previo a Tokio 2020)<\/p>\n\n\n\n\n<table id=\"tablepress-20\" class=\"tablepress tablepress-id-20\">\n<thead>\n<tr class=\"row-1\">\n\t<th class=\"column-1\">Pa\u00eds<\/th><th class=\"column-2\">Deportista<\/th><th class=\"column-3\">Deporte<\/th><th class=\"column-4\">Oro  <\/th><th class=\"column-5\">Plata<\/th><th class=\"column-6\">Bronce<\/th><th class=\"column-7\">Total<\/th><td class=\"column-8\"><\/td>\n<\/tr>\n<\/thead>\n<tbody class=\"row-striping row-hover\">\n<tr class=\"row-2\">\n\t<td class=\"column-1\"><img loading=\"lazy\" decoding=\"async\" src=\"http:\/\/www.reporolimpico.com\/wp-content\/uploads\/2020\/07\/AFG.jpg\" alt=\"\" width=\"22\" height=\"15\" class=\"alignnone size-full wp-image-141\" \/>  Afganist\u00e1n<\/td><td class=\"column-2\">Rohullah Nikpai<\/td><td class=\"column-3\">Taekwondo<\/td><td class=\"column-4\">0<\/td><td class=\"column-5\">0<\/td><td class=\"column-6\">2<\/td><td class=\"column-7\">2<\/td><td class=\"column-8\"><a href=\"https:\/\/www.google.com\/search?q=Rohullah+Nikpai&amp;tbm=isch&amp;ved=2ahUKEwi2-uTh_abrAhXuAGMBHbbyDYsQ2-cCegQIABAA&amp;oq=Rohullah+Nikpai&amp;gs_lcp=CgNpbWcQA1AAWABgp7JFaABwAHgAgAEAiAEAkgEAmAEAqgELZ3dzLXdpei1pbWc&amp;sclient=img&amp;ei=qfQ8X_aBBu6BjLsPtuW32Ag&amp;bih=654&amp;biw=1366&amp;client=firefox-b-d\" rel=\"noopener noreferrer\" target=\"_blank\">im\u00e1genes<\/a><\/td>\n<\/tr>\n<tr class=\"row-3\">\n\t<td class=\"column-1\"><img loading=\"lazy\" decoding=\"async\" src=\"http:\/\/www.reporolimpico.com\/wp-content\/uploads\/2020\/07\/GER.jpg\" alt=\"\" width=\"22\" height=\"15\" class=\"alignnone size-full wp-image-141\" \/>  Alemania (1)<\/td><td class=\"column-2\">Isabell Werth<\/td><td class=\"column-3\">H\u00edpica<\/td><td class=\"column-4\">7<\/td><td class=\"column-5\">5<\/td><td class=\"column-6\">0<\/td><td class=\"column-7\">12<\/td><td class=\"column-8\"><a href=\"https:\/\/www.google.com\/search?q=Isabell+Werth&amp;tbm=isch&amp;ved=2ahUKEwiMuJuz3qfrAhXV0uAKHTvoDmAQ2-cCegQIABAA&amp;oq=Isabell+Werth&amp;gs_lcp=CgNpbWcQA1AAWABg695vaABwAHgAgAEAiAEAkgEAmAEAqgELZ3dzLXdpei1pbWc&amp;sclient=img&amp;ei=_Vk9X8zFKNWlgwe70LuABg&amp;bih=654&amp;biw=1366&amp;client=firefox-b-d\" rel=\"noopener noreferrer\" target=\"_blank\">im\u00e1genes<\/a><\/td>\n<\/tr>\n<tr class=\"row-4\">\n\t<td class=\"column-1\"><img loading=\"lazy\" decoding=\"async\" src=\"http:\/\/www.reporolimpico.com\/wp-content\/uploads\/2020\/07\/KSA.jpg\" alt=\"\" width=\"22\" height=\"15\" class=\"alignnone size-full wp-image-141\" \/>  Arabia Saud\u00ed<\/td><td class=\"column-2\">Hadi Al-Somaily<\/td><td class=\"column-3\">Atletismo<\/td><td class=\"column-4\">0<\/td><td class=\"column-5\">1<\/td><td class=\"column-6\">0<\/td><td class=\"column-7\">1<\/td><td class=\"column-8\"><a href=\"https:\/\/www.google.com\/search?q=Hadi+Al-Somaily&amp;tbm=isch&amp;ved=2ahUKEwjilZrK6qfrAhWJxeAKHZxEC3wQ2-cCegQIABAA&amp;oq=Hadi+Al-Somaily&amp;gs_lcp=CgNpbWcQA1DnnTNY550zYNWpM2gAcAB4AIABS4gBS5IBATGYAQCgAQGqAQtnd3Mtd2l6LWltZ8ABAQ&amp;sclient=img&amp;ei=w2Y9X6KoBomLgwecia3gBw&amp;bih=654&amp;biw=1366&amp;client=firefox-b-d\" rel=\"noopener noreferrer\" target=\"_blank\">im\u00e1genes<\/a><\/td>\n<\/tr>\n<tr class=\"row-5\">\n\t<td class=\"column-1\"><img loading=\"lazy\" decoding=\"async\" src=\"http:\/\/www.reporolimpico.com\/wp-content\/uploads\/2020\/07\/KSA.jpg\" alt=\"\" width=\"22\" height=\"15\" class=\"alignnone size-full wp-image-141\" \/>  Arabia Saud\u00ed<\/td><td class=\"column-2\">Tareg Hamedi<\/td><td class=\"column-3\">Karate<\/td><td class=\"column-4\">0<\/td><td class=\"column-5\">1<\/td><td class=\"column-6\">0<\/td><td class=\"column-7\">1<\/td><td class=\"column-8\"><a href=\"https:\/\/www.google.com\/search?q=Tareg+Hamedi&amp;tbm=isch&amp;ved=2ahUKEwipqNLz_JzyAhULaRQKHRXvBQoQ2-cCegQIABAA&amp;oq=Tareg+Hamedi&amp;gs_lcp=CgNpbWcQAzIECAAQA1D1KFj1KGC5LGgAcAB4AIABpQGIAaUBkgEDMC4xmAEAoAEBqgELZ3dzLXdpei1pbWfAAQE&amp;sclient=img&amp;ei=qngNYamrEovSUZXel1A&amp;bih=643&amp;biw=1366&amp;client=firefox-b-d\" rel=\"noopener noreferrer\" target=\"_blank\">im\u00e1genes<\/a><\/td>\n<\/tr>\n<tr class=\"row-6\">\n\t<td class=\"column-1\"><img loading=\"lazy\" decoding=\"async\" src=\"http:\/\/www.reporolimpico.com\/wp-content\/uploads\/2020\/07\/KSA.jpg\" alt=\"\" width=\"22\" height=\"15\" class=\"alignnone size-full wp-image-141\" \/>  Arabia Saud\u00ed<\/td><td class=\"column-2\">Khaled Al-Eid<\/td><td class=\"column-3\">H\u00edpica<\/td><td class=\"column-4\">0<\/td><td class=\"column-5\">0<\/td><td class=\"column-6\">1<\/td><td class=\"column-7\">1<\/td><td class=\"column-8\"><a href=\"https:\/\/www.google.com\/search?q=Khaled+Al-Eid&amp;tbm=isch&amp;ved=2ahUKEwizgLCW7qfrAhUS0oUKHeDFBDYQ2-cCegQIABAA&amp;oq=Khaled+Al-Eid&amp;gs_lcp=CgNpbWcQA1AAWABgrx5oAHAAeACAAQCIAQCSAQCYAQCqAQtnd3Mtd2l6LWltZw&amp;sclient=img&amp;ei=iGo9X7OcCZKklwTgi5OwAw&amp;bih=654&amp;biw=1366&amp;client=firefox-b-d\" rel=\"noopener noreferrer\" target=\"_blank\">im\u00e1genes<\/a><\/td>\n<\/tr>\n<tr class=\"row-7\">\n\t<td class=\"column-1\"><img loading=\"lazy\" decoding=\"async\" src=\"http:\/\/www.reporolimpico.com\/wp-content\/uploads\/2020\/07\/KSA.jpg\" alt=\"\" width=\"22\" height=\"15\" class=\"alignnone size-full wp-image-141\" \/>  Arabia Saud\u00ed<\/td><td class=\"column-2\">Pr\u00edncipe Abdullah-Al Saud<\/td><td class=\"column-3\">H\u00edpica<\/td><td class=\"column-4\">0<\/td><td class=\"column-5\">0<\/td><td class=\"column-6\">1<\/td><td class=\"column-7\">1<\/td><td class=\"column-8\"><a href=\"https:\/\/www.google.com\/search?q=principe+Abdullah-Al+Saud&amp;tbm=isch&amp;ved=2ahUKEwjkvdmn7qfrAhUP04UKHbaDCj8Q2-cCegQIABAA&amp;oq=principe+Abdullah-Al+Saud&amp;gs_lcp=CgNpbWcQAzoGCAAQBxAeOggIABAIEAcQHlCodFjyf2D7gAFoAHAAeACAAVOIAaUFkgEBOZgBAKABAaoBC2d3cy13aXotaW1nwAEB&amp;sclient=img&amp;ei=rGo9X-S3HY-mlwS2h6r4Aw&amp;bih=654&amp;biw=1366&amp;client=firefox-b-d\" rel=\"noopener noreferrer\" target=\"_blank\">im\u00e1genes<\/a><\/td>\n<\/tr>\n<tr class=\"row-8\">\n\t<td class=\"column-1\"><img loading=\"lazy\" decoding=\"async\" src=\"http:\/\/www.reporolimpico.com\/wp-content\/uploads\/2020\/07\/KSA.jpg\" alt=\"\" width=\"22\" height=\"15\" class=\"alignnone size-full wp-image-141\" \/>  Arabia Saud\u00ed<\/td><td class=\"column-2\">Ramzy Al-Duhami<\/td><td class=\"column-3\">H\u00edpica<\/td><td class=\"column-4\">0<\/td><td class=\"column-5\">0<\/td><td class=\"column-6\">1<\/td><td class=\"column-7\">1<\/td><td class=\"column-8\"><a href=\"https:\/\/www.google.com\/search?q=Ramzy+Al-Duhami&amp;tbm=isch&amp;ved=2ahUKEwjNnI-w7qfrAhVEwIUKHQkFA4oQ2-cCegQIABAA&amp;oq=Ramzy+Al-Duhami&amp;gs_lcp=CgNpbWcQAzIECAAQHlDX6AFY1-gBYKDuAWgAcAB4AIABUIgBUJIBATGYAQCgAQGqAQtnd3Mtd2l6LWltZ8ABAQ&amp;sclient=img&amp;ei=vmo9X83FCMSAlwSJiozQCA&amp;bih=654&amp;biw=1366&amp;client=firefox-b-d\" rel=\"noopener noreferrer\" target=\"_blank\">im\u00e1genes<\/a><\/td>\n<\/tr>\n<tr class=\"row-9\">\n\t<td class=\"column-1\"><img loading=\"lazy\" decoding=\"async\" src=\"http:\/\/www.reporolimpico.com\/wp-content\/uploads\/2020\/07\/KSA.jpg\" alt=\"\" width=\"22\" height=\"15\" class=\"alignnone size-full wp-image-141\" \/>  Arabia Saud\u00ed<\/td><td class=\"column-2\">Kamal Bahamdan<\/td><td class=\"column-3\">H\u00edpica<\/td><td class=\"column-4\">0<\/td><td class=\"column-5\">0<\/td><td class=\"column-6\">1<\/td><td class=\"column-7\">1<\/td><td class=\"column-8\"><a href=\"https:\/\/www.google.com\/search?q=Kamal+Bahamdan&amp;tbm=isch&amp;ved=2ahUKEwifx5O_7qfrAhVZ_IUKHdUWCL8Q2-cCegQIABAA&amp;oq=Kamal+Bahamdan&amp;gs_lcp=CgNpbWcQAzIECAAQE1DIswFYyLMBYKG5AWgAcAB4AIABYIgBYJIBATGYAQCgAQGqAQtnd3Mtd2l6LWltZ8ABAQ&amp;sclient=img&amp;ei=3Wo9X9_kKNn4lwTVraD4Cw&amp;bih=654&amp;biw=1366&amp;client=firefox-b-d\" rel=\"noopener noreferrer\" target=\"_blank\">im\u00e1genes<\/a><\/td>\n<\/tr>\n<tr class=\"row-10\">\n\t<td class=\"column-1\"><img loading=\"lazy\" decoding=\"async\" src=\"http:\/\/www.reporolimpico.com\/wp-content\/uploads\/2020\/07\/KSA.jpg\" alt=\"\" width=\"22\" height=\"15\" class=\"alignnone size-full wp-image-141\" \/>  Arabia Saud\u00ed<\/td><td class=\"column-2\">Abdullah Sharbatly<\/td><td class=\"column-3\">H\u00edpica<\/td><td class=\"column-4\">0<\/td><td class=\"column-5\">0<\/td><td class=\"column-6\">1<\/td><td class=\"column-7\">1<\/td><td class=\"column-8\"><a href=\"https:\/\/www.google.com\/search?q=Abdullah+Sharbatly&amp;tbm=isch&amp;ved=2ahUKEwjI6fDK7qfrAhWWBhoKHbXLA1kQ2-cCegQIABAA&amp;oq=Abdullah+Sharbatly&amp;gs_lcp=CgNpbWcQAzIGCAAQCBAeUNzBAVjcwQFgpscBaABwAHgAgAFRiAFRkgEBMZgBAKABAaoBC2d3cy13aXotaW1nwAEB&amp;sclient=img&amp;ei=9mo9X8iWEJaNaLWXj8gF&amp;bih=654&amp;biw=1366&amp;client=firefox-b-d\" rel=\"noopener noreferrer\" target=\"_blank\">im\u00e1genes<\/a><\/td>\n<\/tr>\n<tr class=\"row-11\">\n\t<td class=\"column-1\"><img loading=\"lazy\" decoding=\"async\" src=\"http:\/\/www.reporolimpico.com\/wp-content\/uploads\/2020\/07\/ALG.jpg\" alt=\"\" width=\"22\" height=\"15\" class=\"alignnone size-full wp-image-141\" \/>  Argelia<\/td><td class=\"column-2\">Taoufik Makhloufi<\/td><td class=\"column-3\">Atletismo<\/td><td class=\"column-4\">1<\/td><td class=\"column-5\">2<\/td><td class=\"column-6\">0<\/td><td class=\"column-7\">3<\/td><td class=\"column-8\"><a href=\"https:\/\/www.google.com\/search?q=Taoufik+Makhloufi&amp;tbm=isch&amp;ved=2ahUKEwia7ufK76frAhXDgM4BHeEKDOYQ2-cCegQIABAA&amp;oq=Taoufik+Makhloufi&amp;gs_lcp=CgNpbWcQA1AAWABg3sYEaABwAHgAgAEAiAEAkgEAmAEAqgELZ3dzLXdpei1pbWc&amp;sclient=img&amp;ei=Amw9X5rlIcOBur4P4ZWwsA4&amp;bih=654&amp;biw=1366&amp;client=firefox-b-d\" rel=\"noopener noreferrer\" target=\"_blank\">im\u00e1genes<\/a><\/td>\n<\/tr>\n<tr class=\"row-12\">\n\t<td class=\"column-1\"><img loading=\"lazy\" decoding=\"async\" src=\"http:\/\/www.reporolimpico.com\/wp-content\/uploads\/2020\/07\/ARG.jpg\" alt=\"\" width=\"22\" height=\"15\" class=\"alignnone size-full wp-image-141\" \/>  Argentina<\/td><td class=\"column-2\">Carlos Mauricio Esp\u00ednola<\/td><td class=\"column-3\">Vela<\/td><td class=\"column-4\">0<\/td><td class=\"column-5\">2<\/td><td class=\"column-6\">2<\/td><td class=\"column-7\">4<\/td><td class=\"column-8\"><a href=\"https:\/\/www.google.com\/search?q=Carlos+Mauricio+Esp%C3%ADnola&amp;tbm=isch&amp;ved=2ahUKEwjpxZ2P9qfrAhVNahQKHWEWDSgQ2-cCegQIABAA&amp;oq=Carlos+Mauricio+Esp%C3%ADnola&amp;gs_lcp=CgNpbWcQA1AAWABgmKkDaABwAHgAgAEAiAEAkgEAmAEAqgELZ3dzLXdpei1pbWc&amp;sclient=img&amp;ei=3HI9X-nnJ83UUeGstMAC&amp;bih=654&amp;biw=1366&amp;client=firefox-b-d\" rel=\"noopener noreferrer\" target=\"_blank\">im\u00e1genes<\/a><\/td>\n<\/tr>\n<tr class=\"row-13\">\n\t<td class=\"column-1\"><img loading=\"lazy\" decoding=\"async\" src=\"http:\/\/www.reporolimpico.com\/wp-content\/uploads\/2020\/07\/ARG.jpg\" alt=\"\" width=\"22\" height=\"15\" class=\"alignnone size-full wp-image-141\" \/>  Argentina<\/td><td class=\"column-2\">Luciana Aymar<\/td><td class=\"column-3\">Hockey Hierba<\/td><td class=\"column-4\">0<\/td><td class=\"column-5\">2<\/td><td class=\"column-6\">2<\/td><td class=\"column-7\">4<\/td><td class=\"column-8\"><a href=\"https:\/\/www.google.com\/search?q=luciana+aymar&amp;tbm=isch&amp;ved=2ahUKEwj46dS49qfrAhXh8eAKHRM8Cu4Q2-cCegQIABAA&amp;oq=luciana+aymar&amp;gs_lcp=CgNpbWcQA1AAWABg2voEaABwAHgAgAEAiAEAkgEAmAEAqgELZ3dzLXdpei1pbWc&amp;sclient=img&amp;ei=M3M9X7iEIeHjgweT-KjwDg&amp;bih=654&amp;biw=1366&amp;client=firefox-b-d\" rel=\"noopener noreferrer\" target=\"_blank\">im\u00e1genes<\/a><\/td>\n<\/tr>\n<tr class=\"row-14\">\n\t<td class=\"column-1\"><img loading=\"lazy\" decoding=\"async\" src=\"http:\/\/www.reporolimpico.com\/wp-content\/uploads\/2020\/07\/ARM.jpg\" alt=\"\" width=\"22\" height=\"15\" class=\"alignnone size-full wp-image-141\" \/>  Armenia<\/td><td class=\"column-2\">Artur Aleksanyan <\/td><td class=\"column-3\">Lucha<\/td><td class=\"column-4\">1<\/td><td class=\"column-5\">1<\/td><td class=\"column-6\">1<\/td><td class=\"column-7\">3<\/td><td class=\"column-8\"><a href=\"https:\/\/www.google.com\/search?q=Artur+Aleksanyan&amp;tbm=isch&amp;ved=2ahUKEwjlo_CUyKnrAhWU_4UKHSOnB0wQ2-cCegQIABAA&amp;oq=Artur+Aleksanyan&amp;gs_lcp=CgNpbWcQA1AAWABgu90DaABwAHgAgAEAiAEAkgEAmAEAqgELZ3dzLXdpei1pbWc&amp;sclient=img&amp;ei=G08-X6WqOZT_lwSjzp7gBA&amp;bih=654&amp;biw=1366&amp;client=firefox-b-d\" rel=\"noopener noreferrer\" target=\"_blank\">im\u00e1genes<\/a><\/td>\n<\/tr>\n<tr class=\"row-15\">\n\t<td class=\"column-1\"><img loading=\"lazy\" decoding=\"async\" src=\"http:\/\/www.reporolimpico.com\/wp-content\/uploads\/2020\/07\/AUS.jpg\" alt=\"\" width=\"22\" height=\"15\" class=\"alignnone size-full wp-image-141\" \/>  Australia<\/td><td class=\"column-2\">Emma McKeon<\/td><td class=\"column-3\">Nataci\u00f3n<\/td><td class=\"column-4\">5<\/td><td class=\"column-5\">2<\/td><td class=\"column-6\">4<\/td><td class=\"column-7\">11<\/td><td class=\"column-8\"><a href=\"https:\/\/www.google.com\/search?q=Emma+McKeon&amp;tbm=isch&amp;ved=2ahUKEwjRpfTZrJryAhVOIRoKHdK6A7AQ2-cCegQIABAA&amp;oq=Emma+McKeon&amp;gs_lcp=CgNpbWcQAzILCAAQgAQQsQMQgwEyBAgAEB4yBAgAEB4yBAgAEB4yBAgAEB4yBAgAEB4yBAgAEB4yBAgAEB4yBAgAEB4yBAgAEB5Qw_IXWMPyF2CO-hdoAHAAeACAAVGIAVGSAQExmAEAoAEBqgELZ3dzLXdpei1pbWfAAQE&amp;sclient=img&amp;ei=IhgMYdGMAc7CaNL1joAL&amp;bih=643&amp;biw=1366&amp;client=firefox-b-d\" rel=\"noopener noreferrer\" target=\"_blank\">im\u00e1genes<\/a><\/td>\n<\/tr>\n<tr class=\"row-16\">\n\t<td class=\"column-1\"><img loading=\"lazy\" decoding=\"async\" src=\"http:\/\/www.reporolimpico.com\/wp-content\/uploads\/2020\/07\/AUT.jpg\" alt=\"\" width=\"22\" height=\"15\" class=\"alignnone size-full wp-image-141\" \/>  Austria<\/td><td class=\"column-2\">Felix Gottwald<\/td><td class=\"column-3\">Combinada N\u00f3rdica<\/td><td class=\"column-4\">3<\/td><td class=\"column-5\">1<\/td><td class=\"column-6\">3<\/td><td class=\"column-7\">7<\/td><td class=\"column-8\"><a href=\"https:\/\/www.google.com\/search?q=felix+gottwald&amp;tbm=isch&amp;ved=2ahUKEwjGnP3K0KnrAhUJrhoKHft2CJ8Q2-cCegQIABAA&amp;oq=Felix+Gottwal&amp;gs_lcp=CgNpbWcQARgAMgQIIxAnMgQIIxAnMgYIABAeEBMyBggAEB4QEzIGCAAQHhATMgYIABAeEBMyBggAEB4QEzIGCAAQHhATMggIABAFEB4QEzoECAAQHjoGCAAQBRAeUNqfAVjepQFg37MBaABwAHgAgAFIiAGZA5IBATaYAQCgAQGqAQtnd3Mtd2l6LWltZ8ABAQ&amp;sclient=img&amp;ei=8Fc-X8bkNYncavvtofgJ&amp;bih=654&amp;biw=1366&amp;client=firefox-b-d\" rel=\"noopener noreferrer\" target=\"_blank\">im\u00e1genes<\/a><\/td>\n<\/tr>\n<tr class=\"row-17\">\n\t<td class=\"column-1\"><img loading=\"lazy\" decoding=\"async\" src=\"http:\/\/www.reporolimpico.com\/wp-content\/uploads\/2020\/07\/AZE.jpg\" alt=\"\" width=\"22\" height=\"15\" class=\"alignnone size-full wp-image-141\" \/>  Azerbaiy\u00e1n<\/td><td class=\"column-2\">Mariya Stadnik<\/td><td class=\"column-3\">Lucha<\/td><td class=\"column-4\">0<\/td><td class=\"column-5\">2<\/td><td class=\"column-6\">1<\/td><td class=\"column-7\">3<\/td><td class=\"column-8\"><a href=\"https:\/\/www.google.com\/search?q=Mariya+Stadnik&amp;tbm=isch&amp;ved=2ahUKEwjjqbLW0KnrAhULghoKHaw2DtEQ2-cCegQIABAA&amp;oq=Mariya+Stadnik&amp;gs_lcp=CgNpbWcQAzIECAAQEzIECAAQE1CSpx9YkqcfYMKvH2gAcAB4AIABrAGIAawBkgEDMC4xmAEAoAEBqgELZ3dzLXdpei1pbWfAAQE&amp;sclient=img&amp;ei=CFg-X-OFMouEaqztuIgN&amp;bih=654&amp;biw=1366&amp;client=firefox-b-d\" rel=\"noopener noreferrer\" target=\"_blank\">im\u00e1genes<\/a><\/td>\n<\/tr>\n<tr class=\"row-18\">\n\t<td class=\"column-1\"><img loading=\"lazy\" decoding=\"async\" src=\"http:\/\/www.reporolimpico.com\/wp-content\/uploads\/2020\/07\/AZE.jpg\" alt=\"\" width=\"22\" height=\"15\" class=\"alignnone size-full wp-image-141\" \/>  Azerbaiy\u00e1n<\/td><td class=\"column-2\">Khetag Gazyumov<\/td><td class=\"column-3\">Lucha<\/td><td class=\"column-4\">0<\/td><td class=\"column-5\">1<\/td><td class=\"column-6\">2<\/td><td class=\"column-7\">3<\/td><td class=\"column-8\"><a href=\"https:\/\/www.google.com\/search?q=Khetag+Gazyumov&amp;tbm=isch&amp;ved=2ahUKEwih4vXH06nrAhUCNRoKHRRICOsQ2-cCegQIABAA&amp;oq=Khetag+Gazyumov&amp;gs_lcp=CgNpbWcQA1AAWABg_MICaABwAHgAgAEAiAEAkgEAmAEAqgELZ3dzLXdpei1pbWc&amp;sclient=img&amp;ei=D1s-X-GeL4LqaJSQodgO&amp;bih=654&amp;biw=1366&amp;client=firefox-b-d\" rel=\"noopener noreferrer\" target=\"_blank\">im\u00e1genes<\/a><\/td>\n<\/tr>\n<tr class=\"row-19\">\n\t<td class=\"column-1\"><img loading=\"lazy\" decoding=\"async\" src=\"http:\/\/www.reporolimpico.com\/wp-content\/uploads\/2020\/07\/BAH.jpg\" alt=\"\" width=\"22\" height=\"15\" class=\"alignnone size-full wp-image-141\" \/>  Bahamas<\/td><td class=\"column-2\">Chris Brown<\/td><td class=\"column-3\">Atletismo<\/td><td class=\"column-4\">1<\/td><td class=\"column-5\">1<\/td><td class=\"column-6\">2<\/td><td class=\"column-7\">4<\/td><td class=\"column-8\"><a href=\"https:\/\/www.google.com\/search?q=Chris+Brown+atleta&amp;tbm=isch&amp;ved=2ahUKEwilx--OmqrrAhUCfBQKHTi2A9oQ2-cCegQIABAA&amp;oq=Chris+Brown+atleta&amp;gs_lcp=CgNpbWcQA1AAWABg_tkEaABwAHgAgAEAiAEAkgEAmAEAqgELZ3dzLXdpei1pbWc&amp;sclient=img&amp;ei=C6U-X-WVA4L4UbjsjtAN&amp;bih=654&amp;biw=1366&amp;client=firefox-b-d\" rel=\"noopener noreferrer\" target=\"_blank\">im\u00e1genes<\/a><\/td>\n<\/tr>\n<tr class=\"row-20\">\n\t<td class=\"column-1\"><img loading=\"lazy\" decoding=\"async\" src=\"http:\/\/www.reporolimpico.com\/wp-content\/uploads\/2020\/07\/BRN.jpg\" alt=\"\" width=\"22\" height=\"15\" class=\"alignnone size-full wp-image-141\" \/>  Bahr\u00e9in<\/td><td class=\"column-2\">Maryam Yusuf Jamal<\/td><td class=\"column-3\">Atletismo<\/td><td class=\"column-4\">1<\/td><td class=\"column-5\">0<\/td><td class=\"column-6\">0<\/td><td class=\"column-7\">1<\/td><td class=\"column-8\"><a href=\"https:\/\/www.google.com\/search?q=Maryam+Yusuf+Jamal&amp;tbm=isch&amp;ved=2ahUKEwiU7dGvnKrrAhWw2uAKHTbnAVUQ2-cCegQIABAA&amp;oq=Maryam+Yusuf+Jamal&amp;gs_lcp=CgNpbWcQA1AAWABgns4CaABwAHgAgAEAiAEAkgEAmAEAqgELZ3dzLXdpei1pbWc&amp;sclient=img&amp;ei=aKc-X5SZJ7C1gwe2zoeoBQ&amp;bih=654&amp;biw=1366&amp;client=firefox-b-d\" rel=\"noopener noreferrer\" target=\"_blank\">im\u00e1genes<\/a><\/td>\n<\/tr>\n<tr class=\"row-21\">\n\t<td class=\"column-1\"><img loading=\"lazy\" decoding=\"async\" src=\"http:\/\/www.reporolimpico.com\/wp-content\/uploads\/2020\/07\/BRN.jpg\" alt=\"\" width=\"22\" height=\"15\" class=\"alignnone size-full wp-image-141\" \/>  Bahr\u00e9in<\/td><td class=\"column-2\"> Ruth Jebet<\/td><td class=\"column-3\">Atletismo<\/td><td class=\"column-4\">1<\/td><td class=\"column-5\">0<\/td><td class=\"column-6\">0<\/td><td class=\"column-7\">1<\/td><td class=\"column-8\"><a href=\"https:\/\/www.google.com\/search?q=Ruth+Jebet&amp;tbm=isch&amp;ved=2ahUKEwjd7v3RnKrrAhWw2OAKHXj2CKkQ2-cCegQIABAA&amp;oq=Ruth+Jebet&amp;gs_lcp=CgNpbWcQA1AAWABg75gCaABwAHgAgAEAiAEAkgEAmAEAqgELZ3dzLXdpei1pbWc&amp;sclient=img&amp;ei=sKc-X93WKLCxgwf47KPICg&amp;bih=654&amp;biw=1366&amp;client=firefox-b-d\" rel=\"noopener noreferrer\" target=\"_blank\">im\u00e1genes<\/a><\/td>\n<\/tr>\n<tr class=\"row-22\">\n\t<td class=\"column-1\"><img loading=\"lazy\" decoding=\"async\" src=\"http:\/\/www.reporolimpico.com\/wp-content\/uploads\/2020\/07\/BRN.jpg\" alt=\"\" width=\"22\" height=\"15\" class=\"alignnone size-full wp-image-141\" \/>  Bahr\u00e9in<\/td><td class=\"column-2\">Eunice Kirwa<\/td><td class=\"column-3\">Atletismo<\/td><td class=\"column-4\">0<\/td><td class=\"column-5\">1<\/td><td class=\"column-6\">0<\/td><td class=\"column-7\">1<\/td><td class=\"column-8\"><a href=\"https:\/\/www.google.com\/search?q=Eunice+Kirwa&amp;tbm=isch&amp;ved=2ahUKEwin7ZnwnKrrAhVQZhQKHcMMD9gQ2-cCegQIABAA&amp;oq=Eunice+Kirwa&amp;gs_lcp=CgNpbWcQA1AAWABgqbYEaABwAHgAgAEAiAEAkgEAmAEAqgELZ3dzLXdpei1pbWc&amp;sclient=img&amp;ei=8Kc-X6e1AtDMUcOZvMAN&amp;bih=654&amp;biw=1366&amp;client=firefox-b-d\" rel=\"noopener noreferrer\" target=\"_blank\">im\u00e1genes<\/a><\/td>\n<\/tr>\n<tr class=\"row-23\">\n\t<td class=\"column-1\"><img loading=\"lazy\" decoding=\"async\" src=\"http:\/\/www.reporolimpico.com\/wp-content\/uploads\/2020\/07\/BAR.jpg\" alt=\"\" width=\"22\" height=\"15\" class=\"alignnone size-full wp-image-141\" \/>  Barbados<\/td><td class=\"column-2\">Obadele Thompson<\/td><td class=\"column-3\">Atletismo<\/td><td class=\"column-4\">0<\/td><td class=\"column-5\">0<\/td><td class=\"column-6\">1<\/td><td class=\"column-7\">1<\/td><td class=\"column-8\"><a href=\"https:\/\/www.google.com\/search?q=Obadele+Thompson&amp;tbm=isch&amp;ved=2ahUKEwjSlKOTnarrAhVD0-AKHS5wBxsQ2-cCegQIABAA&amp;oq=Obadele+Thompson&amp;gs_lcp=CgNpbWcQAzICCAAyBAgAEB4yBAgAEB4yBAgAEB5QytASWMrQEmDB2RJoAHAAeACAAVOIAVOSAQExmAEAoAEBqgELZ3dzLXdpei1pbWfAAQE&amp;sclient=img&amp;ei=Oag-X5KUJMOmgweu4J3YAQ&amp;bih=654&amp;biw=1366&amp;client=firefox-b-d\" rel=\"noopener noreferrer\" target=\"_blank\">im\u00e1genes<\/a><\/td>\n<\/tr>\n<tr class=\"row-24\">\n\t<td class=\"column-1\"><img loading=\"lazy\" decoding=\"async\" src=\"http:\/\/www.reporolimpico.com\/wp-content\/uploads\/2020\/07\/BEL.jpg\" alt=\"\" width=\"22\" height=\"15\" class=\"alignnone size-full wp-image-141\" \/>  B\u00e9lgica<\/td><td class=\"column-2\">Hubert Van Innis<\/td><td class=\"column-3\">Tiro con Arco<\/td><td class=\"column-4\">6<\/td><td class=\"column-5\">3<\/td><td class=\"column-6\">0<\/td><td class=\"column-7\">9<\/td><td class=\"column-8\"><a href=\"https:\/\/www.google.com\/search?q=Hubert+Van+Innis&amp;tbm=isch&amp;ved=2ahUKEwjtxuWooKrrAhXF1uAKHWtsDQQQ2-cCegQIABAA&amp;oq=Hubert+Van+Innis&amp;gs_lcp=CgNpbWcQAzICCABQ_awRWP2sEWCFsxFoAHAAeACAAYoBiAGKAZIBAzAuMZgBAKABAaoBC2d3cy13aXotaW1nwAEB&amp;sclient=img&amp;ei=jKs-X-3QAcWtgwfr2LUg&amp;bih=654&amp;biw=1366&amp;client=firefox-b-d\" rel=\"noopener noreferrer\" target=\"_blank\">im\u00e1genes<\/a><\/td>\n<\/tr>\n<tr class=\"row-25\">\n\t<td class=\"column-1\"><img loading=\"lazy\" decoding=\"async\" src=\"http:\/\/www.reporolimpico.com\/wp-content\/uploads\/2020\/07\/BER.jpg\" alt=\"\" width=\"22\" height=\"15\" class=\"alignnone size-full wp-image-141\" \/>  Bermuda<\/td><td class=\"column-2\">Flora Duffy<\/td><td class=\"column-3\">Triatl\u00f3n<\/td><td class=\"column-4\">1<\/td><td class=\"column-5\">0<\/td><td class=\"column-6\">0<\/td><td class=\"column-7\">1<\/td><td class=\"column-8\"><a href=\"https:\/\/www.google.com\/search?q=Flora+Duffy&amp;tbm=isch&amp;ved=2ahUKEwiIjNiVrpryAhWHxuAKHYkLAYMQ2-cCegQIABAA&amp;oq=Flora+Duffy&amp;gs_lcp=CgNpbWcQAzILCAAQgAQQsQMQgwEyBQgAEIAEMgQIABAeMgQIABAeMgQIABAeMgQIABAYMgQIABAYMgQIABAYMgQIABAYMgQIABAYUPbbUFj221BguOFQaABwAHgAgAFiiAFikgEBMZgBAKABAaoBC2d3cy13aXotaW1nwAEB&amp;sclient=img&amp;ei=qxkMYciKMoeNgweJl4SYCA&amp;bih=643&amp;biw=1366&amp;client=firefox-b-d\" rel=\"noopener noreferrer\" target=\"_blank\">im\u00e1genes<\/a><\/td>\n<\/tr>\n<tr class=\"row-26\">\n\t<td class=\"column-1\"><img loading=\"lazy\" decoding=\"async\" src=\"http:\/\/www.reporolimpico.com\/wp-content\/uploads\/2020\/07\/BER.jpg\" alt=\"\" width=\"22\" height=\"15\" class=\"alignnone size-full wp-image-141\" \/>  Bermuda<\/td><td class=\"column-2\">Clarence Hill<\/td><td class=\"column-3\">Boxeo<\/td><td class=\"column-4\">0<\/td><td class=\"column-5\">0<\/td><td class=\"column-6\">1<\/td><td class=\"column-7\">1<\/td><td class=\"column-8\"><a href=\"https:\/\/www.google.com\/search?q=Clarence+Hill&amp;tbm=isch&amp;ved=2ahUKEwj8362IoKrrAhURoxQKHSzrASwQ2-cCegQIABAA&amp;oq=Clarence+Hill&amp;gs_lcp=CgNpbWcQA1AAWABgt40EaABwAHgAgAEAiAEAkgEAmAEAqgELZ3dzLXdpei1pbWc&amp;sclient=img&amp;ei=SKs-X_wbkcZSrNaH4AI&amp;bih=654&amp;biw=1366&amp;client=firefox-b-d\" rel=\"noopener noreferrer\" target=\"_blank\">im\u00e1genes<\/a><\/td>\n<\/tr>\n<tr class=\"row-27\">\n\t<td class=\"column-1\"><img loading=\"lazy\" decoding=\"async\" src=\"http:\/\/www.reporolimpico.com\/wp-content\/uploads\/2020\/07\/BLR.jpg\" alt=\"\" width=\"22\" height=\"15\" class=\"alignnone size-full wp-image-141\" \/>  Bielorrusia (2)<\/td><td class=\"column-2\">Darya Domracheva<\/td><td class=\"column-3\">Biatl\u00f3n<\/td><td class=\"column-4\">4<\/td><td class=\"column-5\">1<\/td><td class=\"column-6\">1<\/td><td class=\"column-7\">6<\/td><td class=\"column-8\"><a href=\"https:\/\/www.google.com\/search?q=Darya+Domracheva&amp;tbm=isch&amp;ved=2ahUKEwjD3pX_nrbrAhUYwIUKHRoOASQQ2-cCegQIABAA&amp;oq=Darya+Domracheva&amp;gs_lcp=CgNpbWcQA1AAWABg4vUCaABwAHgAgAEAiAEAkgEAmAEAqgELZ3dzLXdpei1pbWc&amp;sclient=img&amp;ei=xfREX4PoCZiAlwSanISgAg&amp;bih=654&amp;biw=1366&amp;client=firefox-b-d\" rel=\"noopener noreferrer\" target=\"_blank\">im\u00e1genes<\/a><\/td>\n<\/tr>\n<tr class=\"row-28\">\n\t<td class=\"column-1\"><img loading=\"lazy\" decoding=\"async\" src=\"http:\/\/www.reporolimpico.com\/wp-content\/uploads\/2020\/07\/BOT.jpg\" alt=\"\" width=\"22\" height=\"15\" class=\"alignnone size-full wp-image-141\" \/>  Botswana<\/td><td class=\"column-2\">Nijel Amos<\/td><td class=\"column-3\">Atletismo<\/td><td class=\"column-4\">0<\/td><td class=\"column-5\">1<\/td><td class=\"column-6\">0<\/td><td class=\"column-7\">1<\/td><td class=\"column-8\"><a href=\"https:\/\/www.google.com\/search?q=Nijel+Amos&amp;tbm=isch&amp;ved=2ahUKEwi99o2OprbrAhUPfBoKHarCBPEQ2-cCegQIABAA&amp;oq=Nijel+Amos&amp;gs_lcp=CgNpbWcQA1AAWABg8pQDaABwAHgAgAEAiAEAkgEAmAEAqgELZ3dzLXdpei1pbWc&amp;sclient=img&amp;ei=O_xEX_3sII_4aaqFk4gP&amp;bih=654&amp;biw=1366&amp;client=firefox-b-d\" rel=\"noopener noreferrer\" target=\"_blank\">im\u00e1genes<\/a><\/td>\n<\/tr>\n<tr class=\"row-29\">\n\t<td class=\"column-1\"><img loading=\"lazy\" decoding=\"async\" src=\"http:\/\/www.reporolimpico.com\/wp-content\/uploads\/2020\/07\/BRA.jpg\" alt=\"\" width=\"22\" height=\"15\" class=\"alignnone size-full wp-image-141\" \/>  Brasil<\/td><td class=\"column-2\">Robert Scheidt<\/td><td class=\"column-3\">Vela<\/td><td class=\"column-4\">2<\/td><td class=\"column-5\">2<\/td><td class=\"column-6\">1<\/td><td class=\"column-7\">5<\/td><td class=\"column-8\"><a href=\"https:\/\/www.google.com\/search?q=Robert+Scheidt&amp;client=firefox-b-d&amp;sxsrf=ALeKk03sr5nJnkkIl0Qa9KduElFSWBjNIQ:1598357497461&amp;source=lnms&amp;tbm=isch&amp;sa=X&amp;ved=2ahUKEwi9x_DWqbbrAhUMD2MBHXr-ACoQ_AUoAXoECBkQAw&amp;biw=1366&amp;bih=654\" rel=\"noopener noreferrer\" target=\"_blank\">im\u00e1genes<\/a><\/td>\n<\/tr>\n<tr class=\"row-30\">\n\t<td class=\"column-1\"><img loading=\"lazy\" decoding=\"async\" src=\"http:\/\/www.reporolimpico.com\/wp-content\/uploads\/2020\/07\/BRA.jpg\" alt=\"\" width=\"22\" height=\"15\" class=\"alignnone size-full wp-image-141\" \/>  Brasil<\/td><td class=\"column-2\">Torben Grael<\/td><td class=\"column-3\">Vela<\/td><td class=\"column-4\">2<\/td><td class=\"column-5\">1<\/td><td class=\"column-6\">2<\/td><td class=\"column-7\">5<\/td><td class=\"column-8\"><a href=\"https:\/\/www.google.com\/search?q=Torben+Grael&amp;tbm=isch&amp;ved=2ahUKEwiD-PeoqLbrAhUNKhoKHTkIBq0Q2-cCegQIABAA&amp;oq=Torben+Grael&amp;gs_lcp=CgNpbWcQA1AAWABg24sVaABwAHgAgAEAiAEAkgEAmAEAqgELZ3dzLXdpei1pbWc&amp;sclient=img&amp;ei=jP5EX4OCKY3UaLmQmOgK&amp;bih=654&amp;biw=1366&amp;client=firefox-b-d\" rel=\"noopener noreferrer\" target=\"_blank\">im\u00e1genes<\/a><\/td>\n<\/tr>\n<tr class=\"row-31\">\n\t<td class=\"column-1\"><img loading=\"lazy\" decoding=\"async\" src=\"http:\/\/www.reporolimpico.com\/wp-content\/uploads\/2020\/07\/BUL.jpg\" alt=\"\" width=\"22\" height=\"15\" class=\"alignnone size-full wp-image-141\" \/>  Bulgaria<\/td><td class=\"column-2\">Mariya Grozdeva<\/td><td class=\"column-3\">Tiro<\/td><td class=\"column-4\">2<\/td><td class=\"column-5\">0<\/td><td class=\"column-6\">3<\/td><td class=\"column-7\">5<\/td><td class=\"column-8\"><a href=\"https:\/\/www.google.com\/search?q=Maria+Grozdeva&amp;tbm=isch&amp;client=firefox-b-d&amp;hl=es&amp;sa=X&amp;ved=2ahUKEwiS0On2qrbrAhWInhQKHcP_BicQBXoECAEQKQ&amp;biw=1349&amp;bih=654\" rel=\"noopener noreferrer\" target=\"_blank\">im\u00e1genes<\/a><\/td>\n<\/tr>\n<tr class=\"row-32\">\n\t<td class=\"column-1\"><img loading=\"lazy\" decoding=\"async\" src=\"http:\/\/www.reporolimpico.com\/wp-content\/uploads\/2020\/07\/BUR.jpg\" alt=\"\" width=\"22\" height=\"15\" class=\"alignnone size-full wp-image-141\" \/>  Burkina Faso<\/td><td class=\"column-2\">Hugues Fabrice Zango<\/td><td class=\"column-3\">Atletismo<\/td><td class=\"column-4\">0<\/td><td class=\"column-5\">0<\/td><td class=\"column-6\">1<\/td><td class=\"column-7\">1<\/td><td class=\"column-8\"><a href=\"https:\/\/www.google.com\/search?q=Hugues+Fabrice+Zango&amp;client=firefox-b-d&amp;sxsrf=ALeKk03OKACuAscwtGwtUKLry-TidZZnUA:1628181298729&amp;source=lnms&amp;tbm=isch&amp;sa=X&amp;ved=2ahUKEwiK2sL_p5ryAhV0AWMBHXZODwEQ_AUoA3oECAEQBQ&amp;biw=1366&amp;bih=643\" target=\"_blank\" rel=\"noopener\">im\u00e1genes<\/a><\/td>\n<\/tr>\n<tr class=\"row-33\">\n\t<td class=\"column-1\"><img loading=\"lazy\" decoding=\"async\" src=\"http:\/\/www.reporolimpico.com\/wp-content\/uploads\/2020\/07\/BDI.jpg\" alt=\"\" width=\"22\" height=\"15\" class=\"alignnone size-full wp-image-141\" \/>  Burundi<\/td><td class=\"column-2\">V\u00e9nuste Niyongabo<\/td><td class=\"column-3\">Atletismo<\/td><td class=\"column-4\">1<\/td><td class=\"column-5\">0<\/td><td class=\"column-6\">0<\/td><td class=\"column-7\">1<\/td><td class=\"column-8\"><a href=\"https:\/\/www.google.com\/search?q=V%C3%A9nuste+Niyongabo&amp;tbm=isch&amp;ved=2ahUKEwicnpKBrbbrAhVNKxoKHTF9DCcQ2-cCegQIABAA&amp;oq=V%C3%A9nuste+Niyongabo&amp;gs_lcp=CgNpbWcQA1AAWABgrJcCaABwAHgAgAEAiAEAkgEAmAEAqgELZ3dzLXdpei1pbWc&amp;sclient=img&amp;ei=dwNFX9yGGM3WaLH6sbgC&amp;bih=654&amp;biw=1349&amp;client=firefox-b-d&amp;hl=es\" rel=\"noopener noreferrer\" target=\"_blank\">im\u00e1genes<\/a><\/td>\n<\/tr>\n<tr class=\"row-34\">\n\t<td class=\"column-1\"><img loading=\"lazy\" decoding=\"async\" src=\"http:\/\/www.reporolimpico.com\/wp-content\/uploads\/2020\/07\/BDI.jpg\" alt=\"\" width=\"22\" height=\"15\" class=\"alignnone size-full wp-image-141\" \/>  Burundi<\/td><td class=\"column-2\">Francine Niyonsaba<\/td><td class=\"column-3\">Atletismo<\/td><td class=\"column-4\">0<\/td><td class=\"column-5\">1<\/td><td class=\"column-6\">0<\/td><td class=\"column-7\">1<\/td><td class=\"column-8\"><a href=\"https:\/\/www.google.com\/search?q=Francine+Niyonsaba&amp;tbm=isch&amp;ved=2ahUKEwji2pSfrbbrAhUMpBoKHYkgBPcQ2-cCegQIABAA&amp;oq=Francine+Niyonsaba&amp;gs_lcp=CgNpbWcQA1AAWABg18oCaABwAHgAgAEAiAEAkgEAmAEAqgELZ3dzLXdpei1pbWc&amp;sclient=img&amp;ei=tgNFX-KnFYzIaonBkLgP&amp;bih=654&amp;biw=1349&amp;client=firefox-b-d&amp;hl=es\" rel=\"noopener noreferrer\" target=\"_blank\">im\u00e1genes<\/a><\/td>\n<\/tr>\n<tr class=\"row-35\">\n\t<td class=\"column-1\"><img loading=\"lazy\" decoding=\"async\" src=\"http:\/\/www.reporolimpico.com\/wp-content\/uploads\/2020\/07\/CMR.jpg\" alt=\"\" width=\"22\" height=\"15\" class=\"alignnone size-full wp-image-141\" \/>  Camer\u00fan<\/td><td class=\"column-2\">Francoise Mbango Etone<\/td><td class=\"column-3\">Atletismo<\/td><td class=\"column-4\">2<\/td><td class=\"column-5\">0<\/td><td class=\"column-6\">0<\/td><td class=\"column-7\">2<\/td><td class=\"column-8\"><a href=\"https:\/\/www.google.com\/search?q=Francoise+Mbango+Etone&amp;tbm=isch&amp;ved=2ahUKEwi60qeU4rvrAhXW0YUKHbfgAEQQ2-cCegQIABAA&amp;oq=Francoise+Mbango+Etone&amp;gs_lcp=CgNpbWcQA1ChyAVYocgFYPfIBWgAcAB4AIABAIgBAJIBAJgBAKABAaoBC2d3cy13aXotaW1nwAEB&amp;sclient=img&amp;ei=SdpHX_qJFtajlwS3wYOgBA&amp;bih=654&amp;biw=1366&amp;client=firefox-b-d\" rel=\"noopener noreferrer\" target=\"_blank\">im\u00e1genes<\/a><\/td>\n<\/tr>\n<tr class=\"row-36\">\n\t<td class=\"column-1\"><img loading=\"lazy\" decoding=\"async\" src=\"http:\/\/www.reporolimpico.com\/wp-content\/uploads\/2020\/07\/CAN.jpg\" alt=\"\" width=\"22\" height=\"15\" class=\"alignnone size-full wp-image-141\" \/>  Canad\u00e1<\/td><td class=\"column-2\">Penny Oleksiak<\/td><td class=\"column-3\">Nataci\u00f3n<\/td><td class=\"column-4\">1<\/td><td class=\"column-5\">2<\/td><td class=\"column-6\">4<\/td><td class=\"column-7\">7<\/td><td class=\"column-8\"><a href=\"https:\/\/www.google.com\/search?q=Penny+Oleksiak&amp;tbm=isch&amp;ved=2ahUKEwiGmruP9ZzyAhWH2-AKHaScD20Q2-cCegQIABAA&amp;oq=Penny+Oleksiak&amp;gs_lcp=CgNpbWcQAzILCAAQgAQQsQMQgwEyBAgAEB4yBAgAEB4yBAgAEB4yBAgAEB4yBAgAEB4yBAgAEB4yBAgAEB4yBAgAEB4yBAgAEB5Q-aNYWPmjWGC1qlhoAHAAeACAAWiIAWiSAQMwLjGYAQCgAQGqAQtnd3Mtd2l6LWltZ8ABAQ&amp;sclient=img&amp;ei=gXANYcbVCYe3gwekub7oBg&amp;bih=643&amp;biw=1366&amp;client=firefox-b-d\" rel=\"noopener noreferrer\" target=\"_blank\">im\u00e1genes<\/a><\/td>\n<\/tr>\n<tr class=\"row-37\">\n\t<td class=\"column-1\"><img loading=\"lazy\" decoding=\"async\" src=\"http:\/\/www.reporolimpico.com\/wp-content\/uploads\/2020\/07\/CHI.jpg\" alt=\"\" width=\"22\" height=\"15\" class=\"alignnone size-full wp-image-141\" \/>  Chile<\/td><td class=\"column-2\">Fernando Gonz\u00e1lez<\/td><td class=\"column-3\">Tenis<\/td><td class=\"column-4\">1<\/td><td class=\"column-5\">1<\/td><td class=\"column-6\">1<\/td><td class=\"column-7\">3<\/td><td class=\"column-8\"><a href=\"https:\/\/www.google.com\/search?q=fernando+gonzalez&amp;tbm=isch&amp;ved=2ahUKEwiu_5Tg6bvrAhXG1uAKHV5zAVgQ2-cCegQIABAA&amp;oq=fernando+gonzalez&amp;gs_lcp=CgNpbWcQAzIECCMQJzIECCMQJzIECAAQQzIECAAQQzICCAAyBAgAEEMyBAgAEEMyAggAMgIIADICCABQ9OQDWPTkA2Dn5gNoAHAAeACAAUiIAUiSAQExmAEAoAEBqgELZ3dzLXdpei1pbWfAAQE&amp;sclient=img&amp;ei=P-JHX-7jHcatgwfe5oXABQ&amp;bih=654&amp;biw=1349&amp;client=firefox-b-d&amp;hl=es\" rel=\"noopener noreferrer\" target=\"_blank\">im\u00e1genes<\/a><\/td>\n<\/tr>\n<tr class=\"row-38\">\n\t<td class=\"column-1\"><img loading=\"lazy\" decoding=\"async\" src=\"http:\/\/www.reporolimpico.com\/wp-content\/uploads\/2020\/07\/CHN.jpg\" alt=\"\" width=\"22\" height=\"15\" class=\"alignnone size-full wp-image-141\" \/>  China<\/td><td class=\"column-2\">Wu Minxia<\/td><td class=\"column-3\">Salto Trampol\u00edn<\/td><td class=\"column-4\">5<\/td><td class=\"column-5\">1<\/td><td class=\"column-6\">1<\/td><td class=\"column-7\">7<\/td><td class=\"column-8\"><a href=\"https:\/\/www.google.com\/search?q=Wu+Minxia&amp;tbm=isch&amp;ved=2ahUKEwj7kKr-6bvrAhUGCxQKHdrtDFYQ2-cCegQIABAA&amp;oq=Wu+Minxia&amp;gs_lcp=CgNpbWcQAzICCAAyBAgAEB4yBAgAEB4yBggAEAUQHjIGCAAQBRAeMgYIABAFEB5Q6egQWK-CEWDQixFoAHAAeACAAUCIAUCSAQExmAEBoAEBqgELZ3dzLXdpei1pbWfAAQE&amp;sclient=img&amp;ei=fuJHX_vZLYaWUNrbs7AF&amp;bih=654&amp;biw=1349&amp;client=firefox-b-d&amp;hl=es\" rel=\"noopener noreferrer\" target=\"_blank\">im\u00e1genes<\/a><\/td>\n<\/tr>\n<tr class=\"row-39\">\n\t<td class=\"column-1\"><img loading=\"lazy\" decoding=\"async\" src=\"http:\/\/www.reporolimpico.com\/wp-content\/uploads\/2020\/07\/TPE.jpg\" alt=\"\" width=\"22\" height=\"15\" class=\"alignnone size-full wp-image-141\" \/>  China Taipei<\/td><td class=\"column-2\">Hsu Shu-Ching<\/td><td class=\"column-3\">Halterofilia<\/td><td class=\"column-4\">2<\/td><td class=\"column-5\">0<\/td><td class=\"column-6\">0<\/td><td class=\"column-7\">2<\/td><td class=\"column-8\"><a href=\"https:\/\/www.google.com\/search?q=Hsu+Shu-Ching&amp;tbm=isch&amp;ved=2ahUKEwic8p_b7bvrAhV08eAKHeQsCFIQ2-cCegQIABAA&amp;oq=Hsu+Shu-Ching&amp;gs_lcp=CgNpbWcQAzIECAAQE1DBKVjBKWCBLmgAcAB4AIABRIgBRJIBATGYAQCgAQGqAQtnd3Mtd2l6LWltZ8ABAQ&amp;sclient=img&amp;ei=ZuZHX5ynOPTigwfk2aCQBQ&amp;bih=654&amp;biw=1349&amp;client=firefox-b-d&amp;hl=es\" rel=\"noopener noreferrer\" target=\"_blank\">im\u00e1genes<\/a><\/td>\n<\/tr>\n<tr class=\"row-40\">\n\t<td class=\"column-1\"><img loading=\"lazy\" decoding=\"async\" src=\"http:\/\/www.reporolimpico.com\/wp-content\/uploads\/2020\/07\/TPE.jpg\" alt=\"\" width=\"22\" height=\"15\" class=\"alignnone size-full wp-image-141\" \/>  China Taipei<\/td><td class=\"column-2\">Chu Mu-Yen<\/td><td class=\"column-3\">Taekwondo<\/td><td class=\"column-4\">1<\/td><td class=\"column-5\">0<\/td><td class=\"column-6\">1<\/td><td class=\"column-7\">2<\/td><td class=\"column-8\"><a href=\"https:\/\/www.google.com\/search?q=Chu+Mu-Yen&amp;client=firefox-b-d&amp;sxsrf=ALeKk02udC70TCQfpn7G00iPccQxlKWdvA:1598548252474&amp;source=lnms&amp;tbm=isch&amp;sa=X&amp;ved=2ahUKEwj_sPql8LvrAhULtRoKHblIDSMQ_AUoAXoECBYQAw&amp;biw=1366&amp;bih=654\" rel=\"noopener noreferrer\" target=\"_blank\">im\u00e1genes<\/a><\/td>\n<\/tr>\n<tr class=\"row-41\">\n\t<td class=\"column-1\"><img loading=\"lazy\" decoding=\"async\" src=\"http:\/\/www.reporolimpico.com\/wp-content\/uploads\/2020\/07\/TPE.jpg\" alt=\"\" width=\"22\" height=\"15\" class=\"alignnone size-full wp-image-141\" \/>  China Taipei<\/td><td class=\"column-2\">Kuo Hsing-Chun<\/td><td class=\"column-3\">Halterofilia<\/td><td class=\"column-4\">1<\/td><td class=\"column-5\">0<\/td><td class=\"column-6\">1<\/td><td class=\"column-7\">2<\/td><td class=\"column-8\"><a href=\"https:\/\/www.google.com\/search?q=Kuo+Hsing-chun&amp;tbm=isch&amp;ved=2ahUKEwjv-czC-pzyAhUTmhoKHU3uA_8Q2-cCegQIABAA&amp;oq=Kuo+Hsing-chun&amp;gs_lcp=CgNpbWcQAzIFCAAQgAQyBAgAEB4yBAgAEB4yBAgAEB4yBAgAEB4yBAgAEBhQ1_whWNf8IWCm_yFoAHAAeACAAV2IAV2SAQExmAEAoAEBqgELZ3dzLXdpei1pbWfAAQE&amp;sclient=img&amp;ei=KnYNYe-8I5O0as3cj_gP&amp;bih=643&amp;biw=1366&amp;client=firefox-b-d\" rel=\"noopener noreferrer\" target=\"_blank\">im\u00e1genes<\/a><\/td>\n<\/tr>\n<tr class=\"row-42\">\n\t<td class=\"column-1\"><img loading=\"lazy\" decoding=\"async\" src=\"http:\/\/www.reporolimpico.com\/wp-content\/uploads\/2020\/07\/TPE.jpg\" alt=\"\" width=\"22\" height=\"15\" class=\"alignnone size-full wp-image-141\" \/>  China Taipei (3)<\/td><td class=\"column-2\">Chen Jing<\/td><td class=\"column-3\">Tenis de Mesa<\/td><td class=\"column-4\">0<\/td><td class=\"column-5\">1<\/td><td class=\"column-6\">1<\/td><td class=\"column-7\">2<\/td><td class=\"column-8\"><a href=\"https:\/\/www.google.com\/search?q=Chen+Jing+table+tennis&amp;tbm=isch&amp;ved=2ahUKEwjNptn67rvrAhXM2OAKHe5XBOMQ2-cCegQIABAA&amp;oq=Chen+Jing+table+tennis&amp;gs_lcp=CgNpbWcQAzoECAAQQzoCCAA6BAgAEB46BggAEAgQHlC2DVi6I2CyKGgAcAB4AIABUYgBxAaSAQIxM5gBAKABAaoBC2d3cy13aXotaW1nwAEB&amp;sclient=img&amp;ei=tedHX434Esyxgwfur5GYDg&amp;bih=654&amp;biw=1349&amp;client=firefox-b-d&amp;hl=es\" rel=\"noopener noreferrer\" target=\"_blank\">im\u00e1genes<\/a><\/td>\n<\/tr>\n<tr class=\"row-43\">\n\t<td class=\"column-1\"><img loading=\"lazy\" decoding=\"async\" src=\"http:\/\/www.reporolimpico.com\/wp-content\/uploads\/2020\/07\/TPE.jpg\" alt=\"\" width=\"22\" height=\"15\" class=\"alignnone size-full wp-image-141\" \/>  China Taipei<\/td><td class=\"column-2\">Huang Chih-Hsiung<\/td><td class=\"column-3\">Taekwondo<\/td><td class=\"column-4\">0<\/td><td class=\"column-5\">1<\/td><td class=\"column-6\">1<\/td><td class=\"column-7\">2<\/td><td class=\"column-8\"><a href=\"https:\/\/www.google.com\/search?q=Huang+Chih-Hsiung&amp;tbm=isch&amp;ved=2ahUKEwiDhe3W77vrAhUUdRQKHea7CVkQ2-cCegQIABAA&amp;oq=Huang+Chih-Hsiung&amp;gs_lcp=CgNpbWcQA1AAWABgtuMFaABwAHgAgAEAiAEAkgEAmAEAqgELZ3dzLXdpei1pbWc&amp;sclient=img&amp;ei=duhHX4PyIpTqUeb3psgF&amp;bih=654&amp;biw=1349&amp;client=firefox-b-d&amp;hl=es\" rel=\"noopener noreferrer\" target=\"_blank\">im\u00e1genes<\/a><\/td>\n<\/tr>\n<tr class=\"row-44\">\n\t<td class=\"column-1\"><img loading=\"lazy\" decoding=\"async\" src=\"http:\/\/www.reporolimpico.com\/wp-content\/uploads\/2020\/07\/CYP.jpg\" alt=\"\" width=\"22\" height=\"15\" class=\"alignnone size-full wp-image-141\" \/>  Chipre<\/td><td class=\"column-2\">Pavlos Kontides<\/td><td class=\"column-3\">Vela<\/td><td class=\"column-4\">0<\/td><td class=\"column-5\">1<\/td><td class=\"column-6\">0<\/td><td class=\"column-7\">1<\/td><td class=\"column-8\"><a href=\"https:\/\/www.google.com\/search?q=Pavlos+Kontides&amp;tbm=isch&amp;ved=2ahUKEwiIwKW28LvrAhWEThQKHTR9CCgQ2-cCegQIABAA&amp;oq=Pavlos+Kontides&amp;gs_lcp=CgNpbWcQAzICCABQ5qAcWOagHGC32hxoAHAAeACAAWeIAWeSAQMwLjGYAQCgAQGqAQtnd3Mtd2l6LWltZ8ABAQ&amp;sclient=img&amp;ei=PulHX4ipLISdUbT6ocAC&amp;bih=654&amp;biw=1366&amp;client=firefox-b-d\" rel=\"noopener noreferrer\" target=\"_blank\">im\u00e1genes<\/a><\/td>\n<\/tr>\n<tr class=\"row-45\">\n\t<td class=\"column-1\"><img loading=\"lazy\" decoding=\"async\" src=\"http:\/\/www.reporolimpico.com\/wp-content\/uploads\/2020\/07\/COL.jpg\" alt=\"\" width=\"22\" height=\"15\" class=\"alignnone size-full wp-image-141\" \/>  Colombia<\/td><td class=\"column-2\">Mariana Paj\u00f3n<\/td><td class=\"column-3\">BMX<\/td><td class=\"column-4\">2<\/td><td class=\"column-5\">1<\/td><td class=\"column-6\">0<\/td><td class=\"column-7\">3<\/td><td class=\"column-8\"><a href=\"https:\/\/www.google.com\/search?q=mariana+paj%C3%B3n&amp;tbm=isch&amp;ved=2ahUKEwiUo6yCpr7rAhVJ8BQKHfEdDasQ2-cCegQIABAA&amp;oq=mariana+paj%C3%B3n&amp;gs_lcp=CgNpbWcQA1AAWABg2L8DaABwAHgAgAEAiAEAkgEAmAEAqgELZ3dzLXdpei1pbWc&amp;sclient=img&amp;ei=4C1JX5SzL8ngU_G7tNgK&amp;bih=654&amp;biw=1366&amp;client=firefox-b-d\" rel=\"noopener noreferrer\" target=\"_blank\">im\u00e1genes<\/a><\/td>\n<\/tr>\n<tr class=\"row-46\">\n\t<td class=\"column-1\"><img loading=\"lazy\" decoding=\"async\" src=\"http:\/\/www.reporolimpico.com\/wp-content\/uploads\/2020\/07\/PRK.jpg\" alt=\"\" width=\"22\" height=\"15\" class=\"alignnone size-full wp-image-141\" \/>  Corea del Norte<\/td><td class=\"column-2\">Kye Sun-Hui<\/td><td class=\"column-3\">Judo<\/td><td class=\"column-4\">1<\/td><td class=\"column-5\">1<\/td><td class=\"column-6\">1<\/td><td class=\"column-7\">3<\/td><td class=\"column-8\"><a href=\"https:\/\/www.google.com\/search?q=Kye+Sun-Hui&amp;tbm=isch&amp;ved=2ahUKEwiPlpyVq77rAhUBeRoKHXEKBo0Q2-cCegQIABAA&amp;oq=Kye+Sun-Hui&amp;gs_lcp=CgNpbWcQAzIECAAQE1CQuhVYkLoVYP27FWgAcAB4AIABQogBQpIBATGYAQCgAQGqAQtnd3Mtd2l6LWltZ8ABAQ&amp;sclient=img&amp;ei=RjNJX4_bIIHyafGUmOgI&amp;bih=654&amp;biw=1366&amp;client=firefox-b-d\" rel=\"noopener noreferrer\" target=\"_blank\">im\u00e1genes<\/a><\/td>\n<\/tr>\n<tr class=\"row-47\">\n\t<td class=\"column-1\"><img loading=\"lazy\" decoding=\"async\" src=\"http:\/\/www.reporolimpico.com\/wp-content\/uploads\/2020\/07\/KOR.jpg\" alt=\"\" width=\"22\" height=\"15\" class=\"alignnone size-full wp-image-141\" \/>  Corea del Sur<\/td><td class=\"column-2\">Jin Jong-Oh<\/td><td class=\"column-3\">Tiro<\/td><td class=\"column-4\">4<\/td><td class=\"column-5\">2<\/td><td class=\"column-6\">0<\/td><td class=\"column-7\">6<\/td><td class=\"column-8\"><a href=\"https:\/\/www.google.com\/search?q=Jin+Jong-O&amp;tbm=isch&amp;ved=2ahUKEwio7829rL7rAhXU44UKHSJrD9UQ2-cCegQIABAA&amp;oq=Jin+Jong-O&amp;gs_lcp=CgNpbWcQAzIECAAQEzIGCAAQHhATOgQIABAeUJuAJFiXmkhggJ1IaABwAHgAgAFPiAGaAZIBATKYAQCgAQGqAQtnd3Mtd2l6LWltZ8ABAQ&amp;sclient=img&amp;ei=pzRJX-j_KNTHlwSi1r2oDQ&amp;bih=654&amp;biw=1366&amp;client=firefox-b-d\" rel=\"noopener noreferrer\" target=\"_blank\">im\u00e1genes<\/a><\/td>\n<\/tr>\n<tr class=\"row-48\">\n\t<td class=\"column-1\"><img loading=\"lazy\" decoding=\"async\" src=\"http:\/\/www.reporolimpico.com\/wp-content\/uploads\/2020\/07\/KOR.jpg\" alt=\"\" width=\"22\" height=\"15\" class=\"alignnone size-full wp-image-141\" \/>  Corea del Sur<\/td><td class=\"column-2\">Kim Soo-Nyung <\/td><td class=\"column-3\">Tiro con Arco<\/td><td class=\"column-4\">4<\/td><td class=\"column-5\">1<\/td><td class=\"column-6\">1<\/td><td class=\"column-7\">6<\/td><td class=\"column-8\"><a href=\"https:\/\/www.google.com\/search?q=Kim+Soo-nyung&amp;tbm=isch&amp;ved=2ahUKEwjClM_msb7rAhUNIRQKHb_ICt8Q2-cCegQIABAA&amp;oq=Kim+Soo-nyung&amp;gs_lcp=CgNpbWcQAzIECAAQEzIGCAAQHhATOgQIABAeUJV9WJWHAWD8iAFoAHAAeACAAUeIAYMBkgEBMpgBAKABAaoBC2d3cy13aXotaW1nwAEB&amp;sclient=img&amp;ei=OzpJX4KLNI3CUL-Rq_gN&amp;bih=654&amp;biw=1366&amp;client=firefox-b-d\" rel=\"noopener noreferrer\" target=\"_blank\">im\u00e1genes<\/a><\/td>\n<\/tr>\n<tr class=\"row-49\">\n\t<td class=\"column-1\"><img loading=\"lazy\" decoding=\"async\" src=\"http:\/\/www.reporolimpico.com\/wp-content\/uploads\/2020\/07\/CIV.jpg\" alt=\"\" width=\"22\" height=\"15\" class=\"alignnone size-full wp-image-141\" \/>  Costa de Marfil<\/td><td class=\"column-2\">Cheick Sallah Cisse<\/td><td class=\"column-3\">Taekwondo<\/td><td class=\"column-4\">1<\/td><td class=\"column-5\">0<\/td><td class=\"column-6\">0<\/td><td class=\"column-7\">1<\/td><td class=\"column-8\"><a href=\"https:\/\/www.google.com\/search?q=Cheick+Sallah+Cisse&amp;tbm=isch&amp;ved=2ahUKEwjlhLr2sb7rAhULwOAKHUANAiEQ2-cCegQIABAA&amp;oq=Cheick+Sallah+Cisse&amp;gs_lcp=CgNpbWcQAzIECAAQEzoHCCMQ6gIQJ1CyhBNY2M8TYNXRE2gCcAB4AIABXYgBXZIBATGYAQGgAQGqAQtnd3Mtd2l6LWltZ7ABCsABAQ&amp;sclient=img&amp;ei=XTpJX6XiA4uAgwfAmoiIAg&amp;bih=654&amp;biw=1366&amp;client=firefox-b-d\" rel=\"noopener noreferrer\" target=\"_blank\">im\u00e1genes<\/a><\/td>\n<\/tr>\n<tr class=\"row-50\">\n\t<td class=\"column-1\"><img loading=\"lazy\" decoding=\"async\" src=\"http:\/\/www.reporolimpico.com\/wp-content\/uploads\/2020\/07\/CIV.jpg\" alt=\"\" width=\"22\" height=\"15\" class=\"alignnone size-full wp-image-141\" \/>  Costa de Marfil<\/td><td class=\"column-2\">Gabriel Tiacoh<\/td><td class=\"column-3\">Atletismo<\/td><td class=\"column-4\">0<\/td><td class=\"column-5\">1<\/td><td class=\"column-6\">0<\/td><td class=\"column-7\">1<\/td><td class=\"column-8\"><a href=\"https:\/\/www.google.com\/search?q=Gabriel+Tiacoh&amp;tbm=isch&amp;ved=2ahUKEwiOzeOgs77rAhUh1uAKHcO2BB8Q2-cCegQIABAA&amp;oq=Gabriel+Tiacoh&amp;gs_lcp=CgNpbWcQAzIECAAQE1C7ngNYu54DYO-fA2gAcAB4AIABQIgBQJIBATGYAQCgAQGqAQtnd3Mtd2l6LWltZ8ABAQ&amp;sclient=img&amp;ei=wjtJX47kD6GsgwfD7ZL4AQ&amp;bih=654&amp;biw=1366&amp;client=firefox-b-d#imgrc=71aEopcRpUBYpM\" rel=\"noopener noreferrer\" target=\"_blank\">im\u00e1genes<\/a><\/td>\n<\/tr>\n<tr class=\"row-51\">\n\t<td class=\"column-1\"><img loading=\"lazy\" decoding=\"async\" src=\"http:\/\/www.reporolimpico.com\/wp-content\/uploads\/2020\/07\/CIV.jpg\" alt=\"\" width=\"22\" height=\"15\" class=\"alignnone size-full wp-image-141\" \/>  Costa de Marfil<\/td><td class=\"column-2\">Ruth Gbagbi<\/td><td class=\"column-3\">Taekwondo<\/td><td class=\"column-4\">0<\/td><td class=\"column-5\">0<\/td><td class=\"column-6\">1<\/td><td class=\"column-7\">1<\/td><td class=\"column-8\"><a href=\"https:\/\/www.google.com\/search?q=Ruth+Gbagbi&amp;tbm=isch&amp;ved=2ahUKEwixt766s77rAhXV0uAKHR3EB38Q2-cCegQIABAA&amp;oq=Ruth+Gbagbi&amp;gs_lcp=CgNpbWcQAzIECAAQE1CAmgRYt6YEYKu7BGgBcAB4AIABRYgBiAGSAQEymAEAoAEBqgELZ3dzLXdpei1pbWfAAQE&amp;sclient=img&amp;ei=-DtJX7HbCtWlgwediJ_4Bw&amp;bih=654&amp;biw=1366&amp;client=firefox-b-d\" rel=\"noopener noreferrer\" target=\"_blank\">im\u00e1genes<\/a><\/td>\n<\/tr>\n<tr class=\"row-52\">\n\t<td class=\"column-1\"><img loading=\"lazy\" decoding=\"async\" src=\"http:\/\/www.reporolimpico.com\/wp-content\/uploads\/2020\/07\/CRC.jpg\" alt=\"\" width=\"22\" height=\"15\" class=\"alignnone size-full wp-image-141\" \/>  Costa Rica<\/td><td class=\"column-2\">Claudia Poll<\/td><td class=\"column-3\">Nataci\u00f3n<\/td><td class=\"column-4\">1<\/td><td class=\"column-5\">0<\/td><td class=\"column-6\">2<\/td><td class=\"column-7\">3<\/td><td class=\"column-8\"><a href=\"https:\/\/www.google.com\/search?q=Claudia+Poll&amp;tbm=isch&amp;ved=2ahUKEwjjq8eQmMXrAhUJ4OAKHY7GBT0Q2-cCegQIABAA&amp;oq=Claudia+Poll&amp;gs_lcp=CgNpbWcQA1AAWABg3cjeAWgAcAB4AIABAIgBAJIBAJgBAKoBC2d3cy13aXotaW1n&amp;sclient=img&amp;ei=1spMX-PoJ4nAgweOjZfoAw&amp;bih=654&amp;biw=1366&amp;client=firefox-b-d\" rel=\"noopener noreferrer\" target=\"_blank\">im\u00e1genes<\/a><\/td>\n<\/tr>\n<tr class=\"row-53\">\n\t<td class=\"column-1\"><img loading=\"lazy\" decoding=\"async\" src=\"http:\/\/www.reporolimpico.com\/wp-content\/uploads\/2020\/07\/CRO.jpg\" alt=\"\" width=\"22\" height=\"15\" class=\"alignnone size-full wp-image-141\" \/>  Croacia<\/td><td class=\"column-2\">Janica Kostelic<\/td><td class=\"column-3\">Esqu\u00ed Alpino<\/td><td class=\"column-4\">4<\/td><td class=\"column-5\">2<\/td><td class=\"column-6\">0<\/td><td class=\"column-7\">6<\/td><td class=\"column-8\"><a href=\"https:\/\/www.google.com\/search?q=Janica+Kostelic&amp;tbm=isch&amp;ved=2ahUKEwj81dTbpcXrAhVZdRQKHSUeCbkQ2-cCegQIABAA&amp;oq=Janica+Kostelic&amp;gs_lcp=CgNpbWcQAzICCAAyBAgAEB4yBAgAEB46BAgAEBM6BggAEB4QE1Dozg1YkNoNYOncDWgAcAB4AIABWYgB9QGSAQEzmAEAoAEBqgELZ3dzLXdpei1pbWfAAQE&amp;sclient=img&amp;ei=FdlMX7z3MdnqUaW8pMgL&amp;bih=654&amp;biw=1366&amp;client=firefox-b-d\" rel=\"noopener noreferrer\" target=\"_blank\">im\u00e1genes<\/a><\/td>\n<\/tr>\n<tr class=\"row-54\">\n\t<td class=\"column-1\"><img loading=\"lazy\" decoding=\"async\" src=\"http:\/\/www.reporolimpico.com\/wp-content\/uploads\/2020\/07\/CUB.jpg\" alt=\"\" width=\"22\" height=\"15\" class=\"alignnone size-full wp-image-141\" \/>  Cuba<\/td><td class=\"column-2\">Mija\u00edn L\u00f3pez<\/td><td class=\"column-3\">Cuba<\/td><td class=\"column-4\">4<\/td><td class=\"column-5\">0<\/td><td class=\"column-6\">0<\/td><td class=\"column-7\">4<\/td><td class=\"column-8\"><a href=\"https:\/\/www.google.com\/search?q=Mija%C3%ADn+L%C3%B3pez&amp;tbm=isch&amp;ved=2ahUKEwjn4M658pzyAhVQ0eAKHVkYD60Q2-cCegQIABAA&amp;oq=Mija%C3%ADn+L%C3%B3pez&amp;gs_lcp=CgNpbWcQAzILCAAQgAQQsQMQgwEyBQgAEIAEMgYIABAFEB4yBAgAEBgyBAgAEBgyBAgAEBgyBAgAEBgyBAgAEBgyBAgAEBgyBAgAEBhQ7bwrWO28K2CF1itoAHAAeACAAWiIAWiSAQMwLjGYAQCgAQGqAQtnd3Mtd2l6LWltZ8ABAQ&amp;sclient=img&amp;ei=tG0NYee2D9CigwfZsLzoCg&amp;bih=643&amp;biw=1366&amp;client=firefox-b-d\" rel=\"noopener noreferrer\" target=\"_blank\">im\u00e1genes<\/a><\/td>\n<\/tr>\n<tr class=\"row-55\">\n\t<td class=\"column-1\"><img loading=\"lazy\" decoding=\"async\" src=\"http:\/\/www.reporolimpico.com\/wp-content\/uploads\/2020\/07\/CUB.jpg\" alt=\"\" width=\"22\" height=\"15\" class=\"alignnone size-full wp-image-141\" \/>  Cuba (4)<\/td><td class=\"column-2\">Ram\u00f3n Fonst<\/td><td class=\"column-3\">Esgrima<\/td><td class=\"column-4\">3<\/td><td class=\"column-5\">1<\/td><td class=\"column-6\">0<\/td><td class=\"column-7\">4<\/td><td class=\"column-8\"><a href=\"https:\/\/www.google.com\/search?q=Ram%C3%B3n+Fonst&amp;client=firefox-b-d&amp;hl=es&amp;sxsrf=ALeKk00D0fEAakRldpWxoGa4PDFDC_X9bg:1598872582680&amp;source=lnms&amp;tbm=isch&amp;sa=X&amp;ved=2ahUKEwj8pNPCqMXrAhVDExoKHV2hDDgQ_AUoAXoECBYQAw&amp;biw=1366&amp;bih=654\" rel=\"noopener noreferrer\" target=\"_blank\">im\u00e1genes<\/a><\/td>\n<\/tr>\n<tr class=\"row-56\">\n\t<td class=\"column-1\"><img loading=\"lazy\" decoding=\"async\" src=\"http:\/\/www.reporolimpico.com\/wp-content\/uploads\/2020\/07\/CUB.jpg\" alt=\"\" width=\"22\" height=\"15\" class=\"alignnone size-full wp-image-141\" \/>  Cuba<\/td><td class=\"column-2\">Pedro Luis Lazo<\/td><td class=\"column-3\">B\u00e9isbol<\/td><td class=\"column-4\">2<\/td><td class=\"column-5\">2<\/td><td class=\"column-6\">0<\/td><td class=\"column-7\">4<\/td><td class=\"column-8\"><a href=\"https:\/\/www.google.com\/search?q=Pedro+Luis+Lazo&amp;tbm=isch&amp;ved=2ahUKEwiemeLEqMXrAhWq2uAKHXMDAGwQ2-cCegQIABAA&amp;oq=Pedro+Luis+Lazo&amp;gs_lcp=CgNpbWcQAzICCAAyBAgAEBgyBAgAEBhQ8sw5WPLMOWD50DloAHAAeACAAbgBiAG4AZIBAzAuMZgBAKABAaoBC2d3cy13aXotaW1nwAEB&amp;sclient=img&amp;ei=C9xMX97nBqq1gwfzhoDgBg&amp;bih=654&amp;biw=1366&amp;client=firefox-b-d&amp;hl=es\" rel=\"noopener noreferrer\" target=\"_blank\">im\u00e1genes<\/a><\/td>\n<\/tr>\n<tr class=\"row-57\">\n\t<td class=\"column-1\"><img loading=\"lazy\" decoding=\"async\" src=\"http:\/\/www.reporolimpico.com\/wp-content\/uploads\/2020\/07\/DEN.jpg\" alt=\"\" width=\"22\" height=\"15\" class=\"alignnone size-full wp-image-141\" \/>  Dinamarca<\/td><td class=\"column-2\">Eskild Ebbesen<\/td><td class=\"column-3\">Remo<\/td><td class=\"column-4\">3<\/td><td class=\"column-5\">0<\/td><td class=\"column-6\">2<\/td><td class=\"column-7\">5<\/td><td class=\"column-8\"><a href=\"https:\/\/www.google.com\/search?q=Eskild+Ebbesen&amp;tbm=isch&amp;ved=2ahUKEwiHlvzLtsXrAhW95OAKHbXmDfkQ2-cCegQIABAA&amp;oq=Eskild+Ebbesen&amp;gs_lcp=CgNpbWcQA1AAWABg6_ECaABwAHgAgAEAiAEAkgEAmAEAqgELZ3dzLXdpei1pbWc&amp;sclient=img&amp;ei=yOpMX4eSE73Jgwe1zbfIDw&amp;bih=654&amp;biw=1366&amp;client=firefox-b-d&amp;hl=es\" target=\"_blank\" rel=\"noopener noreferrer\">im\u00e1genes<\/a><\/td>\n<\/tr>\n<tr class=\"row-58\">\n\t<td class=\"column-1\"><img loading=\"lazy\" decoding=\"async\" src=\"http:\/\/www.reporolimpico.com\/wp-content\/uploads\/2020\/07\/DEN.jpg\" alt=\"\" width=\"22\" height=\"15\" class=\"alignnone size-full wp-image-141\" \/>  Dinamarca<\/td><td class=\"column-2\">Lars J\u00f8rgen Madsen<\/td><td class=\"column-3\">Tiro<\/td><td class=\"column-4\">2<\/td><td class=\"column-5\">2<\/td><td class=\"column-6\">1<\/td><td class=\"column-7\">5<\/td><td class=\"column-8\"><a href=\"https:\/\/www.google.com\/search?q=Lars+J%C3%B8rgen+Madsen&amp;tbm=isch&amp;ved=2ahUKEwig8tbjtsXrAhWy2eAKHaz6D8wQ2-cCegQIABAA&amp;oq=Lars+J%C3%B8rgen+Madsen&amp;gs_lcp=CgNpbWcQA1CrrQJYq60CYJG0AmgAcAB4AIABR4gBR5IBATGYAQCgAQGqAQtnd3Mtd2l6LWltZ8ABAQ&amp;sclient=img&amp;ei=-upMX6CNArKzgwes9b_gDA&amp;bih=654&amp;biw=1366&amp;client=firefox-b-d&amp;hl=es\" rel=\"noopener noreferrer\" target=\"_blank\">im\u00e1genes<\/a><\/td>\n<\/tr>\n<tr class=\"row-59\">\n\t<td class=\"column-1\"><img loading=\"lazy\" decoding=\"async\" src=\"http:\/\/www.reporolimpico.com\/wp-content\/uploads\/2020\/07\/DEN.jpg\" alt=\"\" width=\"22\" height=\"15\" class=\"alignnone size-full wp-image-141\" \/>  Dinamarca<\/td><td class=\"column-2\">Niels Larsen<\/td><td class=\"column-3\">Tiro<\/td><td class=\"column-4\">1<\/td><td class=\"column-5\">1<\/td><td class=\"column-6\">3<\/td><td class=\"column-7\">5<\/td><td class=\"column-8\"><a href=\"https:\/\/www.google.com\/search?q=Niels+Larsen&amp;client=firefox-b-d&amp;hl=es&amp;tbm=isch&amp;sxsrf=ALeKk01CxScb9atPRGEYzl-F2UWl6_SJhg:1598877383779&amp;source=lnms&amp;sa=X&amp;ved=0ahUKEwiXof-zusXrAhWDzIUKHV-6DdcQ_AUIDCgC&amp;biw=1366&amp;bih=654&amp;dpr=1\" rel=\"noopener noreferrer\" target=\"_blank\">im\u00e1genes<\/a><\/td>\n<\/tr>\n<tr class=\"row-60\">\n\t<td class=\"column-1\"><img loading=\"lazy\" decoding=\"async\" src=\"http:\/\/www.reporolimpico.com\/wp-content\/uploads\/2020\/07\/ECU.jpg\" alt=\"\" width=\"22\" height=\"15\" class=\"alignnone size-full wp-image-141\" \/>  Ecuador<\/td><td class=\"column-2\">Jefferson P\u00e9rez<\/td><td class=\"column-3\">Atletismo<\/td><td class=\"column-4\">1<\/td><td class=\"column-5\">1<\/td><td class=\"column-6\">0<\/td><td class=\"column-7\">2<\/td><td class=\"column-8\"><a href=\"https:\/\/www.google.com\/search?q=Jefferson+P%C3%A9rez&amp;tbm=isch&amp;ved=2ahUKEwjjnILQv8XrAhVFABQKHbL1BN4Q2-cCegQIABAA&amp;oq=Jefferson+P%C3%A9rez&amp;gs_lcp=CgNpbWcQA1AAWABgkdUDaABwAHgAgAEAiAEAkgEAmAEAqgELZ3dzLXdpei1pbWc&amp;sclient=img&amp;ei=QPRMX-P8K8WAULLrk_AN&amp;bih=654&amp;biw=1366&amp;client=firefox-b-d&amp;hl=es\" rel=\"noopener noreferrer\" target=\"_blank\">im\u00e1genes<\/a><\/td>\n<\/tr>\n<tr class=\"row-61\">\n\t<td class=\"column-1\"><img loading=\"lazy\" decoding=\"async\" src=\"http:\/\/www.reporolimpico.com\/wp-content\/uploads\/2020\/07\/EGY.jpg\" alt=\"\" width=\"22\" height=\"15\" class=\"alignnone size-full wp-image-141\" \/>  Egipto<\/td><td class=\"column-2\">Karam Gaber<\/td><td class=\"column-3\">Lucha<\/td><td class=\"column-4\">1<\/td><td class=\"column-5\">1<\/td><td class=\"column-6\">0<\/td><td class=\"column-7\">2<\/td><td class=\"column-8\"><a href=\"https:\/\/www.google.com\/search?q=Karam+Gaber&amp;tbm=isch&amp;ved=2ahUKEwi99_3kwMXrAhVN0hQKHWIHCFsQ2-cCegQIABAA&amp;oq=Karam+Gaber&amp;gs_lcp=CgNpbWcQA1Cv4DRYr-A0YJfhNGgAcAB4AIABAIgBAJIBAJgBAKABAaoBC2d3cy13aXotaW1nwAEB&amp;sclient=img&amp;ei=efVMX_3WB82kU-KOoNgF&amp;bih=654&amp;biw=1366&amp;client=firefox-b-d&amp;hl=es\" rel=\"noopener noreferrer\" target=\"_blank\">im\u00e1genes<\/a><\/td>\n<\/tr>\n<tr class=\"row-62\">\n\t<td class=\"column-1\"><img loading=\"lazy\" decoding=\"async\" src=\"http:\/\/www.reporolimpico.com\/wp-content\/uploads\/2020\/07\/EGY.jpg\" alt=\"\" width=\"22\" height=\"15\" class=\"alignnone size-full wp-image-141\" \/>  Egipto<\/td><td class=\"column-2\">Ibrahim Shams<\/td><td class=\"column-3\">Halterofilia<\/td><td class=\"column-4\">1<\/td><td class=\"column-5\">0<\/td><td class=\"column-6\">1<\/td><td class=\"column-7\">2<\/td><td class=\"column-8\"><a href=\"https:\/\/www.google.com\/search?q=Ibrahim+Shams&amp;tbm=isch&amp;ved=2ahUKEwify8eH6cfrAhVpBGMBHaRWApIQ2-cCegQIABAA&amp;oq=Ibrahim+Shams&amp;gs_lcp=CgNpbWcQA1AAWABglsQHaABwAHgAgAEAiAEAkgEAmAEAqgELZ3dzLXdpei1pbWc&amp;sclient=img&amp;ei=IixOX5-yIOmIjLsPpK2JkAk&amp;bih=654&amp;biw=1366&amp;client=firefox-b-d&amp;hl=es\" rel=\"noopener noreferrer\" target=\"_blank\">im\u00e1genes<\/a><\/td>\n<\/tr>\n<tr class=\"row-63\">\n\t<td class=\"column-1\"><img loading=\"lazy\" decoding=\"async\" src=\"http:\/\/www.reporolimpico.com\/wp-content\/uploads\/2020\/07\/EGY.jpg\" alt=\"\" width=\"22\" height=\"15\" class=\"alignnone size-full wp-image-141\" \/>  Egipto<\/td><td class=\"column-2\">Farid Simaika<\/td><td class=\"column-3\">Saltos Trampol\u00edn<\/td><td class=\"column-4\">0<\/td><td class=\"column-5\">1<\/td><td class=\"column-6\">1<\/td><td class=\"column-7\">2<\/td><td class=\"column-8\"><a href=\"https:\/\/www.google.com\/search?q=Farid+Simaika&amp;tbm=isch&amp;ved=2ahUKEwje5v_C6cfrAhWn1uAKHa7DDH4Q2-cCegQIABAA&amp;oq=Farid+Simaika&amp;gs_lcp=CgNpbWcQAzIECAAQE1ClkQ1YpZENYJWYDWgAcAB4AIABW4gBW5IBATGYAQCgAQGqAQtnd3Mtd2l6LWltZ8ABAQ&amp;sclient=img&amp;ei=nyxOX56bC6etgweuh7PwBw&amp;bih=654&amp;biw=1366&amp;client=firefox-b-d&amp;hl=es\" rel=\"noopener noreferrer\" target=\"_blank\">im\u00e1genes<\/a><\/td>\n<\/tr>\n<tr class=\"row-64\">\n\t<td class=\"column-1\"><img loading=\"lazy\" decoding=\"async\" src=\"http:\/\/www.reporolimpico.com\/wp-content\/uploads\/2020\/07\/EGY.jpg\" alt=\"\" width=\"22\" height=\"15\" class=\"alignnone size-full wp-image-141\" \/>  Egipto<\/td><td class=\"column-2\">Abeer Abdelrahman<\/td><td class=\"column-3\">Halterofilia<\/td><td class=\"column-4\">0<\/td><td class=\"column-5\">1<\/td><td class=\"column-6\">1<\/td><td class=\"column-7\">2<\/td><td class=\"column-8\"><a href=\"https:\/\/www.google.com\/search?q=Abeer+Abdelrahman&amp;tbm=isch&amp;ved=2ahUKEwixz7mq6sfrAhXJ5eAKHT0aDUIQ2-cCegQIABAA&amp;oq=Abeer+Abdelrahman&amp;gs_lcp=CgNpbWcQAzIECAAQE1De0ApY3tAKYO7WCmgAcAB4AIABcogBcpIBAzAuMZgBAKABAaoBC2d3cy13aXotaW1nwAEB&amp;sclient=img&amp;ei=eC1OX7GzCMnLgwe9tLSQBA&amp;bih=654&amp;biw=1366&amp;client=firefox-b-d&amp;hl=es\" rel=\"noopener noreferrer\" target=\"_blank\">im\u00e1genes<\/a><\/td>\n<\/tr>\n<tr class=\"row-65\">\n\t<td class=\"column-1\"><img loading=\"lazy\" decoding=\"async\" src=\"http:\/\/www.reporolimpico.com\/wp-content\/uploads\/2020\/07\/EGY.jpg\" alt=\"\" width=\"22\" height=\"15\" class=\"alignnone size-full wp-image-141\" \/>  Egipto<\/td><td class=\"column-2\">Hedaya Malak<\/td><td class=\"column-3\">Taekwondo<\/td><td class=\"column-4\">0<\/td><td class=\"column-5\">1<\/td><td class=\"column-6\">1<\/td><td class=\"column-7\">2<\/td><td class=\"column-8\"><a href=\"https:\/\/www.google.com\/search?q=Hedaya+Malak&amp;tbm=isch&amp;ved=2ahUKEwio6_qVsqbyAhUMSRoKHTsLDqQQ2-cCegQIABAA&amp;oq=Hedaya+Malak&amp;gs_lcp=CgNpbWcQAzIFCAAQgAQyBAgAEBgyBAgAEBhQu88rWLvPK2CW1itoAHAAeACAAWCIAWCSAQExmAEAoAEBqgELZ3dzLXdpei1pbWfAAQE&amp;sclient=img&amp;ei=emgSYajGPIySabuWuKAK&amp;bih=643&amp;biw=1366&amp;client=firefox-b-d\" rel=\"noopener noreferrer\" target=\"_blank\">im\u00e1genes<\/a><\/td>\n<\/tr>\n<tr class=\"row-66\">\n\t<td class=\"column-1\"><img loading=\"lazy\" decoding=\"async\" src=\"http:\/\/www.reporolimpico.com\/wp-content\/uploads\/2020\/07\/UAE.jpg\" alt=\"\" width=\"22\" height=\"15\" class=\"alignnone size-full wp-image-141\" \/>  Emiratos \u00c1rabes Unidos<\/td><td class=\"column-2\">Ahmed Al Maktoum<\/td><td class=\"column-3\">Tiro<\/td><td class=\"column-4\">1<\/td><td class=\"column-5\">0<\/td><td class=\"column-6\">0<\/td><td class=\"column-7\">1<\/td><td class=\"column-8\"><a href=\"https:\/\/www.google.com\/search?q=ahmed+al+maktoum+shooter&amp;tbm=isch&amp;ved=2ahUKEwjTgK3O7cfrAhUC8uAKHVGgBnMQ2-cCegQIABAA&amp;oq=Ahmed+Al+Maktoum+&amp;gs_lcp=CgNpbWcQARgAMgQIABATMgQIABATMgYIABAeEBMyCAgAEAUQHhATMggIABAFEB4QEzIICAAQBRAeEBMyCAgAEAUQHhATMggIABAFEB4QEzIICAAQBRAeEBMyCAgAEAUQHhATUL8XWL8XYNsfaABwAHgAgAFgiAFgkgEBMZgBAKABAaoBC2d3cy13aXotaW1nwAEB&amp;sclient=img&amp;ei=6DBOX9PsLILkgwfRwJqYBw&amp;bih=654&amp;biw=1366&amp;client=firefox-b-d&amp;hl=es\" rel=\"noopener noreferrer\" target=\"_blank\">im\u00e1genes<\/a><\/td>\n<\/tr>\n<tr class=\"row-67\">\n\t<td class=\"column-1\"><img loading=\"lazy\" decoding=\"async\" src=\"http:\/\/www.reporolimpico.com\/wp-content\/uploads\/2020\/07\/UAE.jpg\" alt=\"\" width=\"22\" height=\"15\" class=\"alignnone size-full wp-image-141\" \/>  Emiratos \u00c1rabes Unidos<\/td><td class=\"column-2\">Sergiu Toma<\/td><td class=\"column-3\">Judo<\/td><td class=\"column-4\">0<\/td><td class=\"column-5\">0<\/td><td class=\"column-6\">1<\/td><td class=\"column-7\">1<\/td><td class=\"column-8\"><a href=\"https:\/\/www.google.com\/search?q=Sergiu+Toma&amp;tbm=isch&amp;ved=2ahUKEwjZtuzQ7cfrAhWRxuAKHTwcAsgQ2-cCegQIABAA&amp;oq=Sergiu+Toma&amp;gs_lcp=CgNpbWcQAzIECAAQEzIECAAQE1DK5ANYyuQDYPLnA2gAcAB4AIABUYgBUZIBATGYAQCgAQGqAQtnd3Mtd2l6LWltZ8ABAQ&amp;sclient=img&amp;ei=7TBOX5mMO5GNgwe8uIjADA&amp;bih=654&amp;biw=1366&amp;client=firefox-b-d&amp;hl=es\" rel=\"noopener noreferrer\" target=\"_blank\">im\u00e1genes<\/a><\/td>\n<\/tr>\n<tr class=\"row-68\">\n\t<td class=\"column-1\"><img loading=\"lazy\" decoding=\"async\" src=\"http:\/\/www.reporolimpico.com\/wp-content\/uploads\/2020\/07\/ERI.jpg\" alt=\"\" width=\"22\" height=\"15\" class=\"alignnone size-full wp-image-141\" \/>  Eritrea<\/td><td class=\"column-2\">Zersenay Tadese<\/td><td class=\"column-3\">Atletismo<\/td><td class=\"column-4\">0<\/td><td class=\"column-5\">0<\/td><td class=\"column-6\">1<\/td><td class=\"column-7\">1<\/td><td class=\"column-8\"><a href=\"https:\/\/www.google.com\/search?q=Zersenay+Tadese&amp;tbm=isch&amp;ved=2ahUKEwixkM6B7sfrAhWMweAKHS5tD1gQ2-cCegQIABAA&amp;oq=Zersenay+Tadese&amp;gs_lcp=CgNpbWcQAzICCABQ7q5XWO6uV2CgtVdoAHAAeACAAU6IAU6SAQExmAEAoAEBqgELZ3dzLXdpei1pbWfAAQE&amp;sclient=img&amp;ei=VDFOX7GWDoyDgweu2r3ABQ&amp;bih=654&amp;biw=1366&amp;client=firefox-b-d&amp;hl=es\" rel=\"noopener noreferrer\" target=\"_blank\">im\u00e1genes<\/a><\/td>\n<\/tr>\n<tr class=\"row-69\">\n\t<td class=\"column-1\"><img loading=\"lazy\" decoding=\"async\" src=\"http:\/\/www.reporolimpico.com\/wp-content\/uploads\/2020\/07\/SVK.jpg\" alt=\"\" width=\"22\" height=\"15\" class=\"alignnone size-full wp-image-141\" \/>  Eslovaquia<\/td><td class=\"column-2\">Anastasiya Kuzmina<\/td><td class=\"column-3\">Biatl\u00f3n<\/td><td class=\"column-4\">3<\/td><td class=\"column-5\">3<\/td><td class=\"column-6\">0<\/td><td class=\"column-7\">6<\/td><td class=\"column-8\"><a href=\"https:\/\/www.google.com\/search?q=Anastasiya+Kuzmina&amp;tbm=isch&amp;ved=2ahUKEwj43rnF9MfrAhUJORQKHbL5DpIQ2-cCegQIABAA&amp;oq=Anastasiya+Kuzmina&amp;gs_lcp=CgNpbWcQAzIECAAQHlD_LFj_LGD6L2gAcAB4AIABXIgBXJIBATGYAQCgAQGqAQtnd3Mtd2l6LWltZ8ABAQ&amp;sclient=img&amp;ei=LThOX7iUB4nyULLzu5AJ&amp;bih=654&amp;biw=1366&amp;client=firefox-b-d&amp;hl=es\" rel=\"noopener noreferrer\" target=\"_blank\">im\u00e1genes<\/a><\/td>\n<\/tr>\n<tr class=\"row-70\">\n\t<td class=\"column-1\"><img loading=\"lazy\" decoding=\"async\" src=\"http:\/\/www.reporolimpico.com\/wp-content\/uploads\/2020\/07\/SLO.jpg\" alt=\"\" width=\"22\" height=\"15\" class=\"alignnone size-full wp-image-141\" \/>  Eslovenia<\/td><td class=\"column-2\">Tina Maze<\/td><td class=\"column-3\">Esqu\u00ed Alpino<\/td><td class=\"column-4\">2<\/td><td class=\"column-5\">2<\/td><td class=\"column-6\">0<\/td><td class=\"column-7\">4<\/td><td class=\"column-8\"><a href=\"https:\/\/www.google.com\/search?q=Tina+Maze&amp;tbm=isch&amp;ved=2ahUKEwji0ZG898frAhUi-YUKHeJsCicQ2-cCegQIABAA&amp;oq=Tina+Maze&amp;gs_lcp=CgNpbWcQA1AAWABg4ZAOaABwAHgAgAEAiAEAkgEAmAEAqgELZ3dzLXdpei1pbWc&amp;sclient=img&amp;ei=PjtOX-K6NqLylwTi2am4Ag&amp;bih=654&amp;biw=1366&amp;client=firefox-b-d&amp;hl=es\" rel=\"noopener noreferrer\" target=\"_blank\">im\u00e1genes<\/a><\/td>\n<\/tr>\n<tr class=\"row-71\">\n\t<td class=\"column-1\"><img loading=\"lazy\" decoding=\"async\" src=\"http:\/\/www.reporolimpico.com\/wp-content\/uploads\/2020\/07\/SLO.jpg\" alt=\"\" width=\"22\" height=\"15\" class=\"alignnone size-full wp-image-141\" \/>  Eslovenia<\/td><td class=\"column-2\">Iztok Cop<\/td><td class=\"column-3\">Remo<\/td><td class=\"column-4\">1<\/td><td class=\"column-5\">1<\/td><td class=\"column-6\">2<\/td><td class=\"column-7\">4<\/td><td class=\"column-8\"><a href=\"https:\/\/www.google.com\/search?q=Iztok+Cop&amp;tbm=isch&amp;ved=2ahUKEwiaqeHH-MfrAhVE_4UKHUwmC4QQ2-cCegQIABAA&amp;oq=Iztok+Cop&amp;gs_lcp=CgNpbWcQA1AAWABg1_QCaABwAHgAgAEAiAEAkgEAmAEAqgELZ3dzLXdpei1pbWc&amp;sclient=img&amp;ei=YzxOX9rrKsT-lwTMzKygCA&amp;bih=654&amp;biw=1366&amp;client=firefox-b-d&amp;hl=es\" rel=\"noopener noreferrer\" target=\"_blank\">im\u00e1genes<\/a><\/td>\n<\/tr>\n<tr class=\"row-72\">\n\t<td class=\"column-1\"><img loading=\"lazy\" decoding=\"async\" src=\"http:\/\/www.reporolimpico.com\/wp-content\/uploads\/2020\/07\/ESP.jpg\" alt=\"\" width=\"22\" height=\"15\" class=\"alignnone size-full wp-image-141\" \/>  Espa\u00f1a<\/td><td class=\"column-2\">Sa\u00fal Craviotto<\/td><td class=\"column-3\">Pirag\u00fcismo<\/td><td class=\"column-4\">2<\/td><td class=\"column-5\">2<\/td><td class=\"column-6\">1<\/td><td class=\"column-7\">5<\/td><td class=\"column-8\"><a href=\"https:\/\/www.google.com\/search?q=Sa%C3%BAl+Craviotto&amp;tbm=isch&amp;ved=2ahUKEwjdruLrtKbyAhVJlxoKHQzGA9wQ2-cCegQIABAA&amp;oq=Sa%C3%BAl+Craviotto&amp;gs_lcp=CgNpbWcQAzILCAAQgAQQsQMQgwEyCwgAEIAEELEDEIMBMgUIABCABDIFCAAQgAQyBQgAEIAEMgUIABCABDIFCAAQgAQyBAgAEBgyBAgAEBgyBAgAEBhQ7vMrWO7zK2Dg-ytoAHAAeACAAWOIAWOSAQExmAEAoAEBqgELZ3dzLXdpei1pbWfAAQE&amp;sclient=img&amp;ei=R2sSYZ3vMcmuaoyMj-AN&amp;bih=643&amp;biw=1366&amp;client=firefox-b-d\" rel=\"noopener noreferrer\" target=\"_blank\">im\u00e1genes<\/a><\/td>\n<\/tr>\n<tr class=\"row-73\">\n\t<td class=\"column-1\"><img loading=\"lazy\" decoding=\"async\" src=\"http:\/\/www.reporolimpico.com\/wp-content\/uploads\/2020\/07\/ESP.jpg\" alt=\"\" width=\"22\" height=\"15\" class=\"alignnone size-full wp-image-141\" \/>  Espa\u00f1a<\/td><td class=\"column-2\">David Cal<\/td><td class=\"column-3\">Pirag\u00fcismo<\/td><td class=\"column-4\">1<\/td><td class=\"column-5\">4<\/td><td class=\"column-6\">0<\/td><td class=\"column-7\">5<\/td><td class=\"column-8\"><a href=\"https:\/\/www.google.com\/search?q=David+Cal&amp;tbm=isch&amp;ved=2ahUKEwi_vNOU-8frAhUGweAKHcW5AQQQ2-cCegQIABAA&amp;oq=David+Cal&amp;gs_lcp=CgNpbWcQAzIECCMQJzICCAAyAggAMgIIADICCAAyAggAMgIIADICCAAyAggAMgIIAFDNFVjNFWDOF2gAcAB4AIABRogBRpIBATGYAQCgAQGqAQtnd3Mtd2l6LWltZ8ABAQ&amp;sclient=img&amp;ei=HT9OX_-5MoaCgwfF84Yg&amp;bih=654&amp;biw=1366&amp;client=firefox-b-d&amp;hl=es\" rel=\"noopener noreferrer\" target=\"_blank\">im\u00e1genes<\/a><\/td>\n<\/tr>\n<tr class=\"row-74\">\n\t<td class=\"column-1\"><img loading=\"lazy\" decoding=\"async\" src=\"http:\/\/www.reporolimpico.com\/wp-content\/uploads\/2020\/07\/USA.jpg\" alt=\"\" width=\"22\" height=\"15\" class=\"alignnone size-full wp-image-141\" \/>  Estados Unidos<\/td><td class=\"column-2\">Michael Phelps<\/td><td class=\"column-3\">Nataci\u00f3n<\/td><td class=\"column-4\">23<\/td><td class=\"column-5\">3<\/td><td class=\"column-6\">2<\/td><td class=\"column-7\">28<\/td><td class=\"column-8\"><a href=\"https:\/\/www.google.com\/search?q=Michael+Phelps&amp;tbm=isch&amp;ved=2ahUKEwi68-_g6czrAhVHw-AKHfDjBp4Q2-cCegQIABAA&amp;oq=Michael+Phelps&amp;gs_lcp=CgNpbWcQA1AAWABgoNJAaABwAHgAgAEAiAEAkgEAmAEAqgELZ3dzLXdpei1pbWc&amp;sclient=img&amp;ei=9MtQX7qpIMeGgwfwx5vwCQ&amp;bih=654&amp;biw=1366&amp;client=firefox-b-d&amp;hl=es\" rel=\"noopener noreferrer\" target=\"_blank\">im\u00e1genes<\/a><\/td>\n<\/tr>\n<tr class=\"row-75\">\n\t<td class=\"column-1\"><img loading=\"lazy\" decoding=\"async\" src=\"http:\/\/www.reporolimpico.com\/wp-content\/uploads\/2020\/07\/EST.jpg\" alt=\"\" width=\"22\" height=\"15\" class=\"alignnone size-full wp-image-141\" \/>  Estonia<\/td><td class=\"column-2\">Andrus Veerpalu<\/td><td class=\"column-3\">Esqu\u00ed Fondo<\/td><td class=\"column-4\">2<\/td><td class=\"column-5\">1<\/td><td class=\"column-6\">0<\/td><td class=\"column-7\">3<\/td><td class=\"column-8\"><a href=\"https:\/\/www.google.com\/search?q=Andrus+Veerpalu&amp;tbm=isch&amp;ved=2ahUKEwik1J3k9szrAhXjgHMKHZFjDcsQ2-cCegQIABAA&amp;oq=Andrus+Veerpalu&amp;gs_lcp=CgNpbWcQAzIECAAQEzIGCAAQHhATMgYIABAeEBNQtM8XWLTPF2Cd2BdoAHAAeACAAUGIAUGSAQExmAEAoAEBqgELZ3dzLXdpei1pbWfAAQE&amp;sclient=img&amp;ei=ndlQX-SRDuOBzgORx7XYDA&amp;bih=654&amp;biw=1366&amp;client=firefox-b-d&amp;hl=es\" rel=\"noopener noreferrer\" target=\"_blank\">im\u00e1genes<\/a><\/td>\n<\/tr>\n<tr class=\"row-76\">\n\t<td class=\"column-1\"><img loading=\"lazy\" decoding=\"async\" src=\"http:\/\/www.reporolimpico.com\/wp-content\/uploads\/2020\/07\/EST.jpg\" alt=\"\" width=\"22\" height=\"15\" class=\"alignnone size-full wp-image-141\" \/>  Estonia<\/td><td class=\"column-2\">Kristina Smigun<\/td><td class=\"column-3\">Esqu\u00ed Fondo<\/td><td class=\"column-4\">2<\/td><td class=\"column-5\">1<\/td><td class=\"column-6\">0<\/td><td class=\"column-7\">3<\/td><td class=\"column-8\"><a href=\"https:\/\/www.google.com\/search?q=Kristina+Smigun&amp;tbm=isch&amp;ved=2ahUKEwik5pXb7czrAhUcAWMBHRgoDiYQ2-cCegQIABAA&amp;oq=Kristina+Smigun&amp;gs_lcp=CgNpbWcQAzIECAAQE1C_qpQBWIrBlAFgksOUAWgAcAB4AIABXogB5gGSAQEzmAEAoAEBqgELZ3dzLXdpei1pbWfAAQE&amp;sclient=img&amp;ei=GtBQX6TxEpyCjLsPmNC4sAI&amp;bih=654&amp;biw=1366&amp;client=firefox-b-d&amp;hl=es\" rel=\"noopener noreferrer\" target=\"_blank\">im\u00e1genes<\/a><\/td>\n<\/tr>\n<tr class=\"row-77\">\n\t<td class=\"column-1\"><img loading=\"lazy\" decoding=\"async\" src=\"http:\/\/www.reporolimpico.com\/wp-content\/uploads\/2020\/07\/ETH.jpg\" alt=\"\" width=\"22\" height=\"15\" class=\"alignnone size-full wp-image-141\" \/>  Etiop\u00eda<\/td><td class=\"column-2\">Tirunesh Dibaba<\/td><td class=\"column-3\">Atletismo<\/td><td class=\"column-4\">3<\/td><td class=\"column-5\">0<\/td><td class=\"column-6\">3<\/td><td class=\"column-7\">6<\/td><td class=\"column-8\"><a href=\"https:\/\/www.google.com\/search?q=Tirunesh+Dibaba&amp;tbm=isch&amp;ved=2ahUKEwiJ2cyq-MzrAhUN04UKHecZBFIQ2-cCegQIABAA&amp;oq=Tirunesh+Dibaba&amp;gs_lcp=CgNpbWcQAzICCAAyBAgAEB4yBAgAEB4yBAgAEB4yBAgAEB4yBAgAEB4yBAgAEB4yBAgAEB4yBAgAEB4yBggAEAUQHlCf7SNYn-0jYKHzI2gAcAB4AIABRogBRpIBATGYAQCgAQGqAQtnd3Mtd2l6LWltZ8ABAQ&amp;sclient=img&amp;ei=PdtQX8nGDo2mlwTns5CQBQ&amp;bih=654&amp;biw=1366&amp;client=firefox-b-d&amp;hl=es\" rel=\"noopener noreferrer\" target=\"_blank\">im\u00e1genes<\/a><\/td>\n<\/tr>\n<tr class=\"row-78\">\n\t<td class=\"column-1\"><img loading=\"lazy\" decoding=\"async\" src=\"http:\/\/www.reporolimpico.com\/wp-content\/uploads\/2020\/07\/FIJ.jpg\" alt=\"\" width=\"22\" height=\"15\" class=\"alignnone size-full wp-image-141\" \/>  Fiji<\/td><td class=\"column-2\">Jerry Tuwai<\/td><td class=\"column-3\">Rugby 7<\/td><td class=\"column-4\">2<\/td><td class=\"column-5\">0<\/td><td class=\"column-6\">0<\/td><td class=\"column-7\">2<\/td><td class=\"column-8\"><a href=\"https:\/\/www.google.com\/search?q=Jerry+Tuwai&amp;tbm=isch&amp;ved=2ahUKEwiam5SNs5ryAhVP3RoKHR41CYIQ2-cCegQIABAA&amp;oq=Jerry+Tuwai&amp;gs_lcp=CgNpbWcQAzIFCAAQgAQyBAgAEB4yBggAEAUQHjIGCAAQBRAeUMUHWMUHYKYPaABwAHgAgAFSiAFSkgEBMZgBAKABAaoBC2d3cy13aXotaW1nwAEB&amp;sclient=img&amp;ei=2B4MYZrPBs-6a57qpJAI&amp;bih=643&amp;biw=1366&amp;client=firefox-b-d\" rel=\"noopener noreferrer\" target=\"_blank\">im\u00e1genes<\/a><\/td>\n<\/tr>\n<tr class=\"row-79\">\n\t<td class=\"column-1\"><img loading=\"lazy\" decoding=\"async\" src=\"http:\/\/www.reporolimpico.com\/wp-content\/uploads\/2020\/07\/PHI.jpg\" alt=\"\" width=\"22\" height=\"15\" class=\"alignnone size-full wp-image-141\" \/>  Filipinas<\/td><td class=\"column-2\">Hidilyn Diaz<\/td><td class=\"column-3\">Halterofilia<\/td><td class=\"column-4\">1<\/td><td class=\"column-5\">1<\/td><td class=\"column-6\">0<\/td><td class=\"column-7\">2<\/td><td class=\"column-8\"><a href=\"https:\/\/www.google.com\/search?q=Hidilyn+Diaz&amp;tbm=isch&amp;ved=2ahUKEwjYheDDt6byAhXH0YUKHUKmD0cQ2-cCegQIABAA&amp;oq=Hidilyn+Diaz&amp;gs_lcp=CgNpbWcQAzIECAAQEzIECAAQEzIECAAQEzIECAAQEzIECAAQEzIECAAQEzIECAAQEzIECAAQEzIECAAQEzIECAAQE1DVuD1Y1bg9YJq_PWgAcAB4AIABZogBZpIBAzAuMZgBAKABAaoBC2d3cy13aXotaW1nwAEB&amp;sclient=img&amp;ei=GW4SYZiVDMejlwTCzL64BA&amp;bih=643&amp;biw=1366&amp;client=firefox-b-d\" rel=\"noopener noreferrer\" target=\"_blank\">im\u00e1genes<\/a><\/td>\n<\/tr>\n<tr class=\"row-80\">\n\t<td class=\"column-1\"><img loading=\"lazy\" decoding=\"async\" src=\"http:\/\/www.reporolimpico.com\/wp-content\/uploads\/2020\/07\/PHI.jpg\" alt=\"\" width=\"22\" height=\"15\" class=\"alignnone size-full wp-image-141\" \/>  Filipinas<\/td><td class=\"column-2\">Te\u00f3filo Yldefonso<\/td><td class=\"column-3\">Nataci\u00f3n<\/td><td class=\"column-4\">0<\/td><td class=\"column-5\">0<\/td><td class=\"column-6\">2<\/td><td class=\"column-7\">2<\/td><td class=\"column-8\"><a href=\"https:\/\/www.google.com\/search?q=Te%C3%B3filo+Yldefonso&amp;tbm=isch&amp;ved=2ahUKEwio__r-_szrAhVKihoKHa0bAaUQ2-cCegQIABAA&amp;oq=Te%C3%B3filo+Yldefonso&amp;gs_lcp=CgNpbWcQAzIECAAQE1DyyzVY8ss1YNLTNWgAcAB4AIABlgGIAZYBkgEDMC4xmAEAoAEBqgELZ3dzLXdpei1pbWfAAQE&amp;sclient=img&amp;ei=OOJQX6iDL8qUaq23hKgK&amp;bih=654&amp;biw=1366&amp;client=firefox-b-d&amp;hl=es\" rel=\"noopener noreferrer\" target=\"_blank\">im\u00e1genes<\/a><\/td>\n<\/tr>\n<tr class=\"row-81\">\n\t<td class=\"column-1\"><img loading=\"lazy\" decoding=\"async\" src=\"http:\/\/www.reporolimpico.com\/wp-content\/uploads\/2020\/07\/FIN.jpg\" alt=\"\" width=\"22\" height=\"15\" class=\"alignnone size-full wp-image-141\" \/>  Finlandia<\/td><td class=\"column-2\">Paavo Nurmi<\/td><td class=\"column-3\">Atletismo<\/td><td class=\"column-4\">9<\/td><td class=\"column-5\">3<\/td><td class=\"column-6\">0<\/td><td class=\"column-7\">12<\/td><td class=\"column-8\"><a href=\"https:\/\/www.google.com\/search?q=Paavo+Nurmi&amp;tbm=isch&amp;ved=2ahUKEwi-mNq3udfrAhUF_IUKHezCDYUQ2-cCegQIABAA&amp;oq=Paavo+Nurmi&amp;gs_lcp=CgNpbWcQAzIECCMQJzICCAAyBAgAEB4yBAgAEB4yBAgAEB4yBAgAEB4yBAgAEB4yBAgAEB4yBAgAEB4yBAgAEB46BwgjEOoCECdQ25QSWMa6EmCwvRJoAnAAeACAAbMBiAGzAZIBAzAuMZgBAaABAaoBC2d3cy13aXotaW1nsAEKwAEB&amp;sclient=img&amp;ei=rl1WX76JGYX4lwTshbeoCA&amp;bih=654&amp;biw=1366&amp;client=firefox-b-d&amp;hl=es\" rel=\"noopener noreferrer\" target=\"_blank\">im\u00e1genes<\/a><\/td>\n<\/tr>\n<tr class=\"row-82\">\n\t<td class=\"column-1\"><img loading=\"lazy\" decoding=\"async\" src=\"http:\/\/www.reporolimpico.com\/wp-content\/uploads\/2020\/07\/FRA.jpg\" alt=\"\" width=\"22\" height=\"15\" class=\"alignnone size-full wp-image-141\" \/>  Francia<\/td><td class=\"column-2\">Philippe Cattiau<\/td><td class=\"column-3\">Esgrima<\/td><td class=\"column-4\">3<\/td><td class=\"column-5\">4<\/td><td class=\"column-6\">1<\/td><td class=\"column-7\">8<\/td><td class=\"column-8\"><a href=\"https:\/\/www.google.com\/search?q=Philippe+Cattiau&amp;tbm=isch&amp;ved=2ahUKEwivqt7XvNfrAhUKnRoKHYvwCtEQ2-cCegQIABAA&amp;oq=Philippe+Cattiau&amp;gs_lcp=CgNpbWcQAzIECAAQHjIGCAAQBRAeUM3QG1jN0BtgitYbaABwAHgAgAFJiAFJkgEBMZgBAKABAaoBC2d3cy13aXotaW1nwAEB&amp;sclient=img&amp;ei=FmFWX6_HNoq6aovhq4gN&amp;bih=654&amp;biw=1366&amp;client=firefox-b-d&amp;hl=es\" rel=\"noopener noreferrer\" target=\"_blank\">im\u00e1genes<\/a><\/td>\n<\/tr>\n<tr class=\"row-83\">\n\t<td class=\"column-1\"><img loading=\"lazy\" decoding=\"async\" src=\"http:\/\/www.reporolimpico.com\/wp-content\/uploads\/2020\/07\/FRA.jpg\" alt=\"\" width=\"22\" height=\"15\" class=\"alignnone size-full wp-image-141\" \/>  Francia<\/td><td class=\"column-2\">Roger Ducret<\/td><td class=\"column-3\">Esgrima<\/td><td class=\"column-4\">3<\/td><td class=\"column-5\">4<\/td><td class=\"column-6\">1<\/td><td class=\"column-7\">8<\/td><td class=\"column-8\"><a href=\"https:\/\/www.google.com\/search?q=Roger+Ducret&amp;tbm=isch&amp;ved=2ahUKEwirzoepvNfrAhUSUhoKHTY2C5YQ2-cCegQIABAA&amp;oq=Roger+Ducret&amp;gs_lcp=CgNpbWcQA1AAWABg1PQFaABwAHgAgAEAiAEAkgEAmAEAqgELZ3dzLXdpei1pbWc&amp;sclient=img&amp;ei=tWBWX-sfkqRptuyssAk&amp;bih=654&amp;biw=1366&amp;client=firefox-b-d&amp;hl=es\" rel=\"noopener noreferrer\" target=\"_blank\">im\u00e1genes<\/a><\/td>\n<\/tr>\n<tr class=\"row-84\">\n\t<td class=\"column-1\"><img loading=\"lazy\" decoding=\"async\" src=\"http:\/\/www.reporolimpico.com\/wp-content\/uploads\/2020\/07\/GAB.jpg\" alt=\"\" width=\"22\" height=\"15\" class=\"alignnone size-full wp-image-141\" \/>  Gab\u00f3n<\/td><td class=\"column-2\">Anthony Obame<\/td><td class=\"column-3\">Taekwondo<\/td><td class=\"column-4\">0<\/td><td class=\"column-5\">1<\/td><td class=\"column-6\">0<\/td><td class=\"column-7\">1<\/td><td class=\"column-8\"><a href=\"https:\/\/www.google.com\/search?q=Anthony+Obame&amp;tbm=isch&amp;ved=2ahUKEwivqt7XvNfrAhUKnRoKHYvwCtEQ2-cCegQIABAA&amp;oq=Anthony+Obame&amp;gs_lcp=CgNpbWcQAzIECAAQE1DE3wtYxN8LYOLhC2gAcAB4AIABRogBRpIBATGYAQCgAQGqAQtnd3Mtd2l6LWltZ8ABAQ&amp;sclient=img&amp;ei=FmFWX6_HNoq6aovhq4gN&amp;bih=654&amp;biw=1366&amp;client=firefox-b-d&amp;hl=es\" rel=\"noopener noreferrer\" target=\"_blank\">im\u00e1genes<\/a><\/td>\n<\/tr>\n<tr class=\"row-85\">\n\t<td class=\"column-1\"><img loading=\"lazy\" decoding=\"async\" src=\"http:\/\/www.reporolimpico.com\/wp-content\/uploads\/2020\/07\/GEO.jpg\" alt=\"\" width=\"22\" height=\"15\" class=\"alignnone size-full wp-image-141\" \/>  Georgia<\/td><td class=\"column-2\">Lasha Shavdatuashvili<\/td><td class=\"column-3\">Judo<\/td><td class=\"column-4\">1<\/td><td class=\"column-5\">1<\/td><td class=\"column-6\">1<\/td><td class=\"column-7\">3<\/td><td class=\"column-8\"><a href=\"https:\/\/www.google.com\/search?q=Lasha+Shavdatuashvili&amp;tbm=isch&amp;ved=2ahUKEwj4tfT5stnrAhXG0oUKHdfhDz8Q2-cCegQIABAA&amp;oq=Lasha+Shavdatuashvili&amp;gs_lcp=CgNpbWcQAzIECCMQJ1Dp0RhY6dEYYOzjGGgAcAB4AIABlQGIAZUBkgEDMC4xmAEAoAEBqgELZ3dzLXdpei1pbWfAAQE&amp;sclient=img&amp;ei=UWNXX7jJKcallwTXw7_4Aw&amp;bih=654&amp;biw=1366&amp;client=firefox-b-d\" rel=\"noopener noreferrer\" target=\"_blank\">im\u00e1genes<\/a><\/td>\n<\/tr>\n<tr class=\"row-86\">\n\t<td class=\"column-1\"><img loading=\"lazy\" decoding=\"async\" src=\"http:\/\/www.reporolimpico.com\/wp-content\/uploads\/2020\/07\/GHA.jpg\" alt=\"\" width=\"22\" height=\"15\" class=\"alignnone size-full wp-image-141\" \/>  Ghana<\/td><td class=\"column-2\">Clement Quartey<\/td><td class=\"column-3\">Boxeo<\/td><td class=\"column-4\">0<\/td><td class=\"column-5\">1<\/td><td class=\"column-6\">0<\/td><td class=\"column-7\">1<\/td><td class=\"column-8\"><a href=\"https:\/\/www.google.com\/search?q=Clement+Quartey&amp;tbm=isch&amp;ved=2ahUKEwjPsOj5xdnrAhUM0hQKHV34ChMQ2-cCegQIABAA&amp;oq=Clement+Quartey&amp;gs_lcp=CgNpbWcQAzIECCMQJ1D0qAJY9KgCYNy5AmgAcAB4AIABVYgBVZIBATGYAQCgAQGqAQtnd3Mtd2l6LWltZ8ABAQ&amp;sclient=img&amp;ei=PXdXX4-eLoykU93wq5gB&amp;bih=654&amp;biw=1366&amp;client=firefox-b-d\" rel=\"noopener noreferrer\" target=\"_blank\">im\u00e1genes<\/a><\/td>\n<\/tr>\n<tr class=\"row-87\">\n\t<td class=\"column-1\"><img loading=\"lazy\" decoding=\"async\" src=\"http:\/\/www.reporolimpico.com\/wp-content\/uploads\/2020\/07\/GHA.jpg\" alt=\"\" width=\"22\" height=\"15\" class=\"alignnone size-full wp-image-141\" \/>  Ghana<\/td><td class=\"column-2\">Eddie Blay<\/td><td class=\"column-3\">Boxeo<\/td><td class=\"column-4\">0<\/td><td class=\"column-5\">0<\/td><td class=\"column-6\">1<\/td><td class=\"column-7\">1<\/td><td class=\"column-8\"><a href=\"https:\/\/www.google.com\/search?q=eddie+blay+boxing&amp;tbm=isch&amp;ved=2ahUKEwjIq_DCwNnrAhXB_IUKHfyvB7QQ2-cCegQIABAA&amp;oq=Eddie+Blay+&amp;gs_lcp=CgNpbWcQARgAMgQIIxAnMgQIABAeUO3GAljtxgJgv84CaABwAHgAgAGsAYgBrAGSAQMwLjGYAQCgAQGqAQtnd3Mtd2l6LWltZ8ABAQ&amp;sclient=img&amp;ei=jHFXX8i1FsH5lwT8356gCw&amp;bih=654&amp;biw=1366&amp;client=firefox-b-d\" rel=\"noopener noreferrer\" target=\"_blank\">im\u00e1genes<\/a><\/td>\n<\/tr>\n<tr class=\"row-88\">\n\t<td class=\"column-1\"><img loading=\"lazy\" decoding=\"async\" src=\"http:\/\/www.reporolimpico.com\/wp-content\/uploads\/2020\/07\/GHA.jpg\" alt=\"\" width=\"22\" height=\"15\" class=\"alignnone size-full wp-image-141\" \/>  Ghana<\/td><td class=\"column-2\">Prince Amartey<\/td><td class=\"column-3\">Boxeo<\/td><td class=\"column-4\">0<\/td><td class=\"column-5\">0<\/td><td class=\"column-6\">1<\/td><td class=\"column-7\">1<\/td><td class=\"column-8\"><a href=\"https:\/\/www.google.com\/search?q=Prince+Amartey&amp;tbm=isch&amp;ved=2ahUKEwjkkMvIwdnrAhVR2xoKHWNfCzUQ2-cCegQIABAA&amp;oq=Prince+Amartey&amp;gs_lcp=CgNpbWcQAzIECCMQJzIECCMQJ1C6FVi6FWCQGGgAcAB4AIAB3QGIAd0BkgEDMi0xmAEAoAEBqgELZ3dzLXdpei1pbWfAAQE&amp;sclient=img&amp;ei=pHJXX-SuL9G2a-O-ragD&amp;bih=654&amp;biw=1349&amp;client=firefox-b-d&amp;hl=es\" rel=\"noopener noreferrer\" target=\"_blank\">im\u00e1genes<\/a><\/td>\n<\/tr>\n<tr class=\"row-89\">\n\t<td class=\"column-1\"><img loading=\"lazy\" decoding=\"async\" src=\"http:\/\/www.reporolimpico.com\/wp-content\/uploads\/2020\/07\/GHA.jpg\" alt=\"\" width=\"22\" height=\"15\" class=\"alignnone size-full wp-image-141\" \/>  Ghana<\/td><td class=\"column-2\">Samuel Takyi<\/td><td class=\"column-3\">Boxeo<\/td><td class=\"column-4\">0<\/td><td class=\"column-5\">0<\/td><td class=\"column-6\">1<\/td><td class=\"column-7\">1<\/td><td class=\"column-8\"><a href=\"https:\/\/www.google.com\/search?q=Samuel+Takyi&amp;tbm=isch&amp;ved=2ahUKEwjHheGku6byAhUEwoUKHQktC-0Q2-cCegQIABAA&amp;oq=Samuel+Takyi&amp;gs_lcp=CgNpbWcQAzIECAAQE1CeizFYnosxYMeRMWgAcAB4AIABdogBdpIBAzAuMZgBAKABAaoBC2d3cy13aXotaW1nwAEB&amp;sclient=img&amp;ei=CXISYYfdOYSElwSJ2qzoDg&amp;bih=643&amp;biw=1366&amp;client=firefox-b-d\" rel=\"noopener noreferrer\" target=\"_blank\">im\u00e1genes<\/a><\/td>\n<\/tr>\n<tr class=\"row-90\">\n\t<td class=\"column-1\"><img loading=\"lazy\" decoding=\"async\" src=\"http:\/\/www.reporolimpico.com\/wp-content\/uploads\/2020\/07\/GHA.jpg\" alt=\"\" width=\"22\" height=\"15\" class=\"alignnone size-full wp-image-141\" \/>  Ghana (6)<\/td><td class=\"column-2\">Equipo F\u00fatbol<\/td><td class=\"column-3\">F\u00fatbol<\/td><td class=\"column-4\">0<\/td><td class=\"column-5\">0<\/td><td class=\"column-6\">1<\/td><td class=\"column-7\">1<\/td><td class=\"column-8\"><a href=\"https:\/\/www.google.com\/search?q=ghana+football+bronze+medal+1992&amp;tbm=isch&amp;ved=2ahUKEwjPzPD2xdnrAhURcxQKHS8TA_4Q2-cCegQIABAA&amp;oq=ghana+football+bronze+medal+1992&amp;gs_lcp=CgNpbWcQA1C6HFiyJmDzKGgAcAB4AIABpQGIAaIGkgEDMC41mAEAoAEBqgELZ3dzLXdpei1pbWfAAQE&amp;sclient=img&amp;ei=N3dXX4_VJJHmUa-mjPAP&amp;bih=654&amp;biw=1366&amp;client=firefox-b-d\" rel=\"noopener noreferrer\" target=\"_blank\">im\u00e1genes<\/a><\/td>\n<\/tr>\n<tr class=\"row-91\">\n\t<td class=\"column-1\"><img loading=\"lazy\" decoding=\"async\" src=\"http:\/\/www.reporolimpico.com\/wp-content\/uploads\/2020\/07\/GBR.jpg\" alt=\"\" width=\"22\" height=\"15\" class=\"alignnone size-full wp-image-141\" \/>  Gran Breta\u00f1a<\/td><td class=\"column-2\">Jason Kenny<\/td><td class=\"column-3\">Ciclismo Pista<\/td><td class=\"column-4\">7<\/td><td class=\"column-5\">2<\/td><td class=\"column-6\">0<\/td><td class=\"column-7\">9<\/td><td class=\"column-8\"><a href=\"https:\/\/www.google.com\/search?q=Jason+Kenny&amp;tbm=isch&amp;ved=2ahUKEwi5qunjwqvyAhWFw4UKHRJzDvkQ2-cCegQIABAA&amp;oq=Jason+Kenny&amp;gs_lcp=CgNpbWcQAzIFCAAQgAQyBAgAEB4yBAgAEB4yBAgAEB4yBAgAEB4yBAgAEB4yBAgAEB4yBAgAEB4yBAgAEB4yBAgAEB46BAgjECc6BAgAEEM6CAgAELEDEIMBOggIABCABBCxAzoLCAAQgAQQsQMQgwE6CggAELEDEIMBEENQgApYrCVgxSdoA3AAeACAAXeIAdsHkgEDOC4zmAEAoAEBqgELZ3dzLXdpei1pbWfAAQE&amp;sclient=img&amp;ei=-xgVYfnAOYWHlwSS5rnIDw&amp;bih=643&amp;biw=1366&amp;client=firefox-b-d\" rel=\"noopener noreferrer\" target=\"_blank\">im\u00e1genes<\/a><\/td>\n<\/tr>\n<tr class=\"row-92\">\n\t<td class=\"column-1\"><img loading=\"lazy\" decoding=\"async\" src=\"http:\/\/www.reporolimpico.com\/wp-content\/uploads\/2020\/07\/GRN.jpg\" alt=\"\" width=\"22\" height=\"15\" class=\"alignnone size-full wp-image-141\" \/>  Granada<\/td><td class=\"column-2\">Kirani James<\/td><td class=\"column-3\">Atletismo<\/td><td class=\"column-4\">1<\/td><td class=\"column-5\">1<\/td><td class=\"column-6\">1<\/td><td class=\"column-7\">3<\/td><td class=\"column-8\"><a href=\"https:\/\/www.google.com\/search?q=Kirani+James&amp;tbm=isch&amp;ved=2ahUKEwiksdrJzdnrAhUi2eAKHX3jDWgQ2-cCegQIABAA&amp;oq=Kirani+James&amp;gs_lcp=CgNpbWcQAzICCAAyBAgAEB5Q6b8NWOm_DWCcwg1oAHAAeACAAUmIAUmSAQExmAEAoAEBqgELZ3dzLXdpei1pbWfAAQE&amp;sclient=img&amp;ei=PH9XX6SjFaKygwf9xrfABg&amp;bih=654&amp;biw=1366&amp;client=firefox-b-d\" rel=\"noopener noreferrer\" target=\"_blank\">im\u00e1genes<\/a><\/td>\n<\/tr>\n<tr class=\"row-93\">\n\t<td class=\"column-1\"><img loading=\"lazy\" decoding=\"async\" src=\"http:\/\/www.reporolimpico.com\/wp-content\/uploads\/2020\/07\/GRE.jpg\" alt=\"\" width=\"22\" height=\"15\" class=\"alignnone size-full wp-image-141\" \/>  Grecia<\/td><td class=\"column-2\">Pyrros Dimas<\/td><td class=\"column-3\">Halterofilia<\/td><td class=\"column-4\">3<\/td><td class=\"column-5\">0<\/td><td class=\"column-6\">1<\/td><td class=\"column-7\">4<\/td><td class=\"column-8\"><a href=\"https:\/\/www.google.com\/search?q=Pyrros+Dimas&amp;tbm=isch&amp;ved=2ahUKEwjVgZ7Q_9vrAhXK0YUKHUFnAlgQ2-cCegQIABAA&amp;oq=Pyrros+Dimas&amp;gs_lcp=CgNpbWcQA1AAWABgzRZoAHAAeACAAQCIAQCSAQCYAQCqAQtnd3Mtd2l6LWltZw&amp;sclient=img&amp;ei=J8BYX5XSEcqjlwTBzonABQ&amp;bih=654&amp;biw=1366&amp;client=firefox-b-d\" rel=\"noopener noreferrer\" target=\"_blank\">im\u00e1genes<\/a><\/td>\n<\/tr>\n<tr class=\"row-94\">\n\t<td class=\"column-1\"><img loading=\"lazy\" decoding=\"async\" src=\"http:\/\/www.reporolimpico.com\/wp-content\/uploads\/2020\/07\/GRE.jpg\" alt=\"\" width=\"22\" height=\"15\" class=\"alignnone size-full wp-image-141\" \/>  Grecia<\/td><td class=\"column-2\">Konstantinos Tsiklitiras<\/td><td class=\"column-3\">Atletismo<\/td><td class=\"column-4\">1<\/td><td class=\"column-5\">2<\/td><td class=\"column-6\">1<\/td><td class=\"column-7\">4<\/td><td class=\"column-8\"><a href=\"https:\/\/www.google.com\/search?q=Konstantinos+Tsiklitiras&amp;tbm=isch&amp;ved=2ahUKEwjVgZ7Q_9vrAhXK0YUKHUFnAlgQ2-cCegQIABAA&amp;oq=Konstantinos+Tsiklitiras&amp;gs_lcp=CgNpbWcQA1DskxRY7JMUYN-aFGgAcAB4AIABRogBRpIBATGYAQCgAQGqAQtnd3Mtd2l6LWltZ8ABAQ&amp;sclient=img&amp;ei=J8BYX5XSEcqjlwTBzonABQ&amp;bih=654&amp;biw=1366&amp;client=firefox-b-d\" rel=\"noopener noreferrer\" target=\"_blank\">im\u00e1genes<\/a><\/td>\n<\/tr>\n<tr class=\"row-95\">\n\t<td class=\"column-1\"><img loading=\"lazy\" decoding=\"async\" src=\"http:\/\/www.reporolimpico.com\/wp-content\/uploads\/2020\/07\/GUA.jpg\" alt=\"\" width=\"22\" height=\"15\" class=\"alignnone size-full wp-image-141\" \/>  Guatemala<\/td><td class=\"column-2\">Erick Barrondo<\/td><td class=\"column-3\">Atletismo<\/td><td class=\"column-4\">0<\/td><td class=\"column-5\">1<\/td><td class=\"column-6\">0<\/td><td class=\"column-7\">1<\/td><td class=\"column-8\"><a href=\"https:\/\/www.google.com\/search?q=Erick+Barrondo&amp;tbm=isch&amp;ved=2ahUKEwjft4jchdzrAhUB9BoKHfckC_cQ2-cCegQIABAA&amp;oq=Erick+Barrondo&amp;gs_lcp=CgNpbWcQAzICCAAyAggAMgIIADICCAAyAggAMgIIADICCAAyAggAMgIIADICCABQ44MJWOODCWCXiQloAHAAeACAAUGIAUGSAQExmAEAoAEBqgELZ3dzLXdpei1pbWfAAQE&amp;sclient=img&amp;ei=isZYX9_KK4Hoa_fJrLgP&amp;bih=654&amp;biw=1366&amp;client=firefox-b-d\" rel=\"noopener noreferrer\" target=\"_blank\">im\u00e1genes<\/a><\/td>\n<\/tr>\n<tr class=\"row-96\">\n\t<td class=\"column-1\"><img loading=\"lazy\" decoding=\"async\" src=\"http:\/\/www.reporolimpico.com\/wp-content\/uploads\/2020\/07\/GUY.jpg\" alt=\"\" width=\"22\" height=\"15\" class=\"alignnone size-full wp-image-141\" \/>  Guyana<\/td><td class=\"column-2\">Michael Anthony Parris<\/td><td class=\"column-3\">Boxeo<\/td><td class=\"column-4\">0<\/td><td class=\"column-5\">0<\/td><td class=\"column-6\">1<\/td><td class=\"column-7\">1<\/td><td class=\"column-8\"><a href=\"https:\/\/www.google.com\/search?q=Michael+Anthony+Parris&amp;tbm=isch&amp;ved=2ahUKEwiA9_P2iNzrAhVOQRoKHW5yCgQQ2-cCegQIABAA&amp;oq=Michael+Anthony+Parris&amp;gs_lcp=CgNpbWcQA1AAWABgiA1oAHAAeACAAQCIAQCSAQCYAQCqAQtnd3Mtd2l6LWltZw&amp;sclient=img&amp;ei=6MlYX4DjEs6Cae7kqSA&amp;bih=654&amp;biw=1366&amp;client=firefox-b-d\" rel=\"noopener noreferrer\" target=\"_blank\">im\u00e1genes<\/a><\/td>\n<\/tr>\n<tr class=\"row-97\">\n\t<td class=\"column-1\"><img loading=\"lazy\" decoding=\"async\" src=\"http:\/\/www.reporolimpico.com\/wp-content\/uploads\/2020\/07\/HAI.jpg\" alt=\"\" width=\"22\" height=\"15\" class=\"alignnone size-full wp-image-141\" \/>  Hait\u00ed<\/td><td class=\"column-2\">Sylvio Cator<\/td><td class=\"column-3\">Atletismo<\/td><td class=\"column-4\">0<\/td><td class=\"column-5\">1<\/td><td class=\"column-6\">0<\/td><td class=\"column-7\">1<\/td><td class=\"column-8\"><a href=\"https:\/\/www.google.com\/search?q=Sylvio+Cator&amp;tbm=isch&amp;ved=2ahUKEwj4nbKTidzrAhUU8RoKHRpQBzAQ2-cCegQIABAA&amp;oq=Sylvio+Cator&amp;gs_lcp=CgNpbWcQAzIECAAQEzIECAAQEzIICAAQBRAeEBMyCAgAEAUQHhATMggIABAFEB4QEzIICAAQBRAeEBNQ1qM-WNajPmDsqD5oAHAAeACAAU2IAU2SAQExmAEAoAEBqgELZ3dzLXdpei1pbWfAAQE&amp;sclient=img&amp;ei=JMpYX_j7ApTia5qgnYAD&amp;bih=654&amp;biw=1366&amp;client=firefox-b-d\" rel=\"noopener noreferrer\" target=\"_blank\">im\u00e1genes<\/a><\/td>\n<\/tr>\n<tr class=\"row-98\">\n\t<td class=\"column-1\"><img loading=\"lazy\" decoding=\"async\" src=\"http:\/\/www.reporolimpico.com\/wp-content\/uploads\/2020\/07\/HAI.jpg\" alt=\"\" width=\"22\" height=\"15\" class=\"alignnone size-full wp-image-141\" \/>  Hait\u00ed (7)<\/td><td class=\"column-2\">Equipo Tiro<\/td><td class=\"column-3\">Tiro<\/td><td class=\"column-4\">0<\/td><td class=\"column-5\">0<\/td><td class=\"column-6\">1<\/td><td class=\"column-7\">1<\/td><td class=\"column-8\"><a href=\"https:\/\/www.google.com\/search?q=haiti+rifle+team+paris+1924&amp;tbm=isch&amp;ved=2ahUKEwiRqqezjdzrAhWT44UKHTxFDC4Q2-cCegQIABAA&amp;oq=haiti+rifle+team+paris+1924&amp;gs_lcp=CgNpbWcQA1CswwVYgNgFYOfZBWgAcAB4AIABnQGIAbIGkgEEMTAuMZgBAKABAaoBC2d3cy13aXotaW1nwAEB&amp;sclient=img&amp;ei=mM5YX5H-K5PHlwS8irHwAg&amp;bih=654&amp;biw=1366&amp;client=firefox-b-d\" rel=\"noopener noreferrer\" target=\"_blank\">im\u00e1genes<\/a><\/td>\n<\/tr>\n<tr class=\"row-99\">\n\t<td class=\"column-1\"><img loading=\"lazy\" decoding=\"async\" src=\"http:\/\/www.reporolimpico.com\/wp-content\/uploads\/2020\/07\/HKG.jpg\" alt=\"\" width=\"22\" height=\"15\" class=\"alignnone size-full wp-image-141\" \/>  Hong Kong<\/td><td class=\"column-2\">Siobhan Haughey<\/td><td class=\"column-3\">Nataci\u00f3n<\/td><td class=\"column-4\">0<\/td><td class=\"column-5\">2<\/td><td class=\"column-6\">0<\/td><td class=\"column-7\">2<\/td><td class=\"column-8\"><a href=\"https:\/\/www.google.com\/search?q=Siobhan+Haughey&amp;tbm=isch&amp;ved=2ahUKEwjI-6ih7KjyAhUJ2xoKHc3PALwQ2-cCegQIABAA&amp;oq=Siobhan+Haughey&amp;gs_lcp=CgNpbWcQAzIECAAQEzIICAAQCBAeEBNQhkdYhkdggEloAHAAeACAAViIAViSAQExmAEAoAEBqgELZ3dzLXdpei1pbWfAAQE&amp;sclient=img&amp;ei=07ETYYjGIYm2a82fg-AL&amp;bih=643&amp;biw=1366&amp;client=firefox-b-d\" rel=\"noopener noreferrer\" target=\"_blank\">im\u00e1genes<\/a><\/td>\n<\/tr>\n<tr class=\"row-100\">\n\t<td class=\"column-1\"><img loading=\"lazy\" decoding=\"async\" src=\"http:\/\/www.reporolimpico.com\/wp-content\/uploads\/2020\/07\/HKG.jpg\" alt=\"\" width=\"22\" height=\"15\" class=\"alignnone size-full wp-image-141\" \/>  Hong Kong<\/td><td class=\"column-2\">Lee Wai Sze<\/td><td class=\"column-3\">Ciclismo Pista<\/td><td class=\"column-4\">0<\/td><td class=\"column-5\">0<\/td><td class=\"column-6\">2<\/td><td class=\"column-7\">2<\/td><td class=\"column-8\"><a href=\"https:\/\/www.google.com\/search?q=Lee+Wai+Sze&amp;tbm=isch&amp;ved=2ahUKEwiEp4O0wd7rAhUjgXMKHcePAW4Q2-cCegQIABAA&amp;oq=Lee+Wai+Sze&amp;gs_lcp=CgNpbWcQAzIECAAQEzIICAAQBRAeEBNQlaYFWJWmBWCZqAVoAHAAeACAAUSIAUSSAQExmAEAoAEBqgELZ3dzLXdpei1pbWfAAQE&amp;sclient=img&amp;ei=kBFaX4SfFaOCzgPHn4bwBg&amp;bih=654&amp;biw=1366&amp;client=firefox-b-d\" rel=\"noopener noreferrer\" target=\"_blank\">im\u00e1genes<\/a><\/td>\n<\/tr>\n<tr class=\"row-101\">\n\t<td class=\"column-1\"><img loading=\"lazy\" decoding=\"async\" src=\"http:\/\/www.reporolimpico.com\/wp-content\/uploads\/2020\/07\/HUN.jpg\" alt=\"\" width=\"22\" height=\"15\" class=\"alignnone size-full wp-image-141\" \/>  Hungr\u00eda<\/td><td class=\"column-2\">Aladar Gerevich<\/td><td class=\"column-3\">Esgrima<\/td><td class=\"column-4\">7<\/td><td class=\"column-5\">1<\/td><td class=\"column-6\">2<\/td><td class=\"column-7\">10<\/td><td class=\"column-8\"><a href=\"https:\/\/www.google.com\/search?q=Aladar+Gerevich&amp;tbm=isch&amp;ved=2ahUKEwjXxeKDwt7rAhVO0RoKHb5YAfcQ2-cCegQIABAA&amp;oq=Aladar+Gerevich&amp;gs_lcp=CgNpbWcQAzIECAAQHlDagTJYhogyYNuJMmgAcAB4AIABW4gBpwGSAQEymAEAoAEBqgELZ3dzLXdpei1pbWfAAQE&amp;sclient=img&amp;ei=NxJaX5fOI86ia76xhbgP&amp;bih=654&amp;biw=1366&amp;client=firefox-b-d\" rel=\"noopener noreferrer\" target=\"_blank\">im\u00e1genes<\/a><\/td>\n<\/tr>\n<tr class=\"row-102\">\n\t<td class=\"column-1\"><img loading=\"lazy\" decoding=\"async\" src=\"http:\/\/www.reporolimpico.com\/wp-content\/uploads\/2020\/07\/HUN.jpg\" alt=\"\" width=\"22\" height=\"15\" class=\"alignnone size-full wp-image-141\" \/>  Hungr\u00eda<\/td><td class=\"column-2\">Agnes Keleti<\/td><td class=\"column-3\">Gimnasia<\/td><td class=\"column-4\">5<\/td><td class=\"column-5\">3<\/td><td class=\"column-6\">2<\/td><td class=\"column-7\">10<\/td><td class=\"column-8\"><a href=\"https:\/\/www.google.com\/search?q=Agnes+Keleti&amp;tbm=isch&amp;ved=2ahUKEwij0c6jx97rAhUPahoKHSIxDbIQ2-cCegQIABAA&amp;oq=Agnes+Keleti&amp;gs_lcp=CgNpbWcQA1AAWABgrrQIaABwAHgAgAEAiAEAkgEAmAEAqgELZ3dzLXdpei1pbWc&amp;sclient=img&amp;ei=uBdaX6OVIY_UaaLitJAL&amp;bih=654&amp;biw=1366&amp;client=firefox-b-d\" rel=\"noopener noreferrer\" target=\"_blank\">im\u00e1genes<\/a><\/td>\n<\/tr>\n<tr class=\"row-103\">\n\t<td class=\"column-1\"><img loading=\"lazy\" decoding=\"async\" src=\"http:\/\/www.reporolimpico.com\/wp-content\/uploads\/2020\/07\/IND.jpg\" alt=\"\" width=\"22\" height=\"15\" class=\"alignnone size-full wp-image-141\" \/>  India<\/td><td class=\"column-2\">Leslie Claudius<\/td><td class=\"column-3\">Hockey Hierba<\/td><td class=\"column-4\">3<\/td><td class=\"column-5\">1<\/td><td class=\"column-6\">0<\/td><td class=\"column-7\">4<\/td><td class=\"column-8\"><a href=\"https:\/\/www.google.com\/search?q=Leslie+Claudius&amp;tbm=isch&amp;ved=2ahUKEwjX5di30N7rAhV4BWMBHUHzDkoQ2-cCegQIABAA&amp;oq=Leslie+Claudius&amp;gs_lcp=CgNpbWcQAzIECAAQEzIECAAQEzIICAAQCBAeEBNQiZEeWImRHmCFmh5oAHAAeACAAU-IAU-SAQExmAEAoAEBqgELZ3dzLXdpei1pbWfAAQE&amp;sclient=img&amp;ei=UiFaX9f0IviKjLsPwea70AQ&amp;bih=654&amp;biw=1366&amp;client=firefox-b-d\" rel=\"noopener noreferrer\" target=\"_blank\">im\u00e1genes<\/a><\/td>\n<\/tr>\n<tr class=\"row-104\">\n\t<td class=\"column-1\"><img loading=\"lazy\" decoding=\"async\" src=\"http:\/\/www.reporolimpico.com\/wp-content\/uploads\/2020\/07\/IND.jpg\" alt=\"\" width=\"22\" height=\"15\" class=\"alignnone size-full wp-image-141\" \/>  India<\/td><td class=\"column-2\">Udham Singh<\/td><td class=\"column-3\">Hockey Hierba<\/td><td class=\"column-4\">3<\/td><td class=\"column-5\">1<\/td><td class=\"column-6\">0<\/td><td class=\"column-7\">4<\/td><td class=\"column-8\"><a href=\"https:\/\/www.google.com\/search?q=udham+singh+hockey+player&amp;tbm=isch&amp;ved=2ahUKEwj4qtiw0N7rAhUuAGMBHUrRAPEQ2-cCegQIABAA&amp;oq=Udham+Singh+ho&amp;gs_lcp=CgNpbWcQARgAMgQIABATMgQIABATMgQIABATMgQIABATMgYIABAeEBMyCAgAEAUQHhATMggIABAFEB4QEzIICAAQCBAeEBNQnVtYwV9ggWtoAHAAeACAAWWIAfABkgEDMi4xmAEAoAEBqgELZ3dzLXdpei1pbWfAAQE&amp;sclient=img&amp;ei=QyFaX7j9Na6AjLsPyqKDiA8&amp;bih=654&amp;biw=1366&amp;client=firefox-b-d\" rel=\"noopener noreferrer\" target=\"_blank\">im\u00e1genes<\/a><\/td>\n<\/tr>\n<tr class=\"row-105\">\n\t<td class=\"column-1\"><img loading=\"lazy\" decoding=\"async\" src=\"http:\/\/www.reporolimpico.com\/wp-content\/uploads\/2020\/07\/INA.jpg\" alt=\"\" width=\"22\" height=\"15\" class=\"alignnone size-full wp-image-141\" \/>  Indonesia<\/td><td class=\"column-2\">Eko Yuli Irawan<\/td><td class=\"column-3\">Halterofilia<\/td><td class=\"column-4\">0<\/td><td class=\"column-5\">2<\/td><td class=\"column-6\">2<\/td><td class=\"column-7\">4<\/td><td class=\"column-8\"><a href=\"https:\/\/www.google.com\/search?q=Eko+Yuli+Irawan&amp;tbm=isch&amp;ved=2ahUKEwiL2_SUkOHrAhXKsRoKHfKBDWkQ2-cCegQIABAA&amp;oq=Eko+Yuli+Irawan&amp;gs_lcp=CgNpbWcQAzIECAAQEzIGCAAQHhATMgYIABAeEBNQxY4HWMWOB2CFlgdoAHAAeACAAUWIAUWSAQExmAEAoAEBqgELZ3dzLXdpei1pbWfAAQE&amp;sclient=img&amp;ei=lHBbX4vBO8rjavKDtsgG&amp;bih=654&amp;biw=1366&amp;client=firefox-b-d\" rel=\"noopener noreferrer\" target=\"_blank\">im\u00e1genes<\/a><\/td>\n<\/tr>\n<tr class=\"row-106\">\n\t<td class=\"column-1\"><img loading=\"lazy\" decoding=\"async\" src=\"http:\/\/www.reporolimpico.com\/wp-content\/uploads\/2020\/07\/IRQ.jpg\" alt=\"\" width=\"22\" height=\"15\" class=\"alignnone size-full wp-image-141\" \/>  Irak<\/td><td class=\"column-2\">Abdul Wahid Aziz<\/td><td class=\"column-3\">Halterofilia<\/td><td class=\"column-4\">0<\/td><td class=\"column-5\">0<\/td><td class=\"column-6\">1<\/td><td class=\"column-7\">1<\/td><td class=\"column-8\"><a href=\"https:\/\/www.google.com\/search?q=Abdul+Wahid+Aziz&amp;tbm=isch&amp;ved=2ahUKEwiMiN3klOHrAhXG1uAKHfuiAowQ2-cCegQIABAA&amp;oq=Abdul+Wahid+Aziz&amp;gs_lcp=CgNpbWcQAzIECAAQHlCu4BtYruAbYPjnG2gAcAB4AIABUYgBUZIBATGYAQCgAQGqAQtnd3Mtd2l6LWltZ8ABAQ&amp;sclient=img&amp;ei=bnVbX4yZBsatgwf7xYrgCA&amp;bih=654&amp;biw=1366&amp;client=firefox-b-d\" rel=\"noopener noreferrer\" target=\"_blank\">im\u00e1genes<\/a><\/td>\n<\/tr>\n<tr class=\"row-107\">\n\t<td class=\"column-1\"><img loading=\"lazy\" decoding=\"async\" src=\"http:\/\/www.reporolimpico.com\/wp-content\/uploads\/2020\/07\/IRI.jpg\" alt=\"\" width=\"22\" height=\"15\" class=\"alignnone size-full wp-image-141\" \/>  Ir\u00e1n<\/td><td class=\"column-2\">Hadi Saei<\/td><td class=\"column-3\">Taekwondo<\/td><td class=\"column-4\">2<\/td><td class=\"column-5\">0<\/td><td class=\"column-6\">1<\/td><td class=\"column-7\">3<\/td><td class=\"column-8\"><a href=\"https:\/\/www.google.com\/search?q=Hadi+Saei&amp;tbm=isch&amp;ved=2ahUKEwj_n8i60ObrAhVQ2xoKHXpEDmsQ2-cCegQIABAA&amp;oq=Hadi+Saei&amp;gs_lcp=CgNpbWcQA1AAWABg-ckKaABwAHgAgAEAiAEAkgEAmAEAqgELZ3dzLXdpei1pbWc&amp;sclient=img&amp;ei=FlNeX_-8HtC2a_qIudgG&amp;bih=654&amp;biw=1366&amp;client=firefox-b-d\" rel=\"noopener noreferrer\" target=\"_blank\">im\u00e1genes<\/a><\/td>\n<\/tr>\n<tr class=\"row-108\">\n\t<td class=\"column-1\"><img loading=\"lazy\" decoding=\"async\" src=\"http:\/\/www.reporolimpico.com\/wp-content\/uploads\/2020\/07\/IRI.jpg\" alt=\"\" width=\"22\" height=\"15\" class=\"alignnone size-full wp-image-141\" \/>  Ir\u00e1n<\/td><td class=\"column-2\">Gholamreza Takhti<\/td><td class=\"column-3\">Lucha<\/td><td class=\"column-4\">1<\/td><td class=\"column-5\">2<\/td><td class=\"column-6\">0<\/td><td class=\"column-7\">3<\/td><td class=\"column-8\"><a href=\"https:\/\/www.google.com\/search?q=Gholamreza+Takhti&amp;tbm=isch&amp;ved=2ahUKEwi93eGN0ebrAhUMgM4BHae0BkEQ2-cCegQIABAA&amp;oq=Gholamreza+Takhti&amp;gs_lcp=CgNpbWcQAzIECAAQEzIECAAQEzIECAAQEzIECAAQEzIECAAQEzIICAAQBRAeEBNQ05UDWNOVA2DQmANoAHAAeACAAU2IAU2SAQExmAEAoAEBqgELZ3dzLXdpei1pbWfAAQE&amp;sclient=img&amp;ei=xFNeX73rO4yAur4Pp-maiAQ&amp;bih=654&amp;biw=1366&amp;client=firefox-b-d\" rel=\"noopener noreferrer\" target=\"_blank\">im\u00e1genes<\/a><\/td>\n<\/tr>\n<tr class=\"row-109\">\n\t<td class=\"column-1\"><img loading=\"lazy\" decoding=\"async\" src=\"http:\/\/www.reporolimpico.com\/wp-content\/uploads\/2020\/07\/IRI.jpg\" alt=\"\" width=\"22\" height=\"15\" class=\"alignnone size-full wp-image-141\" \/>  Ir\u00e1n<\/td><td class=\"column-2\">Mohammad Nassiri<\/td><td class=\"column-3\">Halterofilia<\/td><td class=\"column-4\">1<\/td><td class=\"column-5\">1<\/td><td class=\"column-6\">1<\/td><td class=\"column-7\">3<\/td><td class=\"column-8\"><a href=\"https:\/\/www.google.com\/search?q=Mohammad+Nassiri&amp;tbm=isch&amp;ved=2ahUKEwjv4qW10ubrAhXPwoUKHWxGC_oQ2-cCegQIABAA&amp;oq=Mohammad+Nassiri&amp;gs_lcp=CgNpbWcQA1AAWABgzaEBaABwAHgAgAEAiAEAkgEAmAEAqgELZ3dzLXdpei1pbWc&amp;sclient=img&amp;ei=JFVeX-_AE8-FlwTsjK3QDw&amp;bih=654&amp;biw=1366&amp;client=firefox-b-d\" rel=\"noopener noreferrer\" target=\"_blank\">im\u00e1genes<\/a><\/td>\n<\/tr>\n<tr class=\"row-110\">\n\t<td class=\"column-1\"><img loading=\"lazy\" decoding=\"async\" src=\"http:\/\/www.reporolimpico.com\/wp-content\/uploads\/2020\/07\/IRL.jpg\" alt=\"\" width=\"22\" height=\"15\" class=\"alignnone size-full wp-image-141\" \/>  Irlanda<\/td><td class=\"column-2\">Michelle Smith<\/td><td class=\"column-3\">Nataci\u00f3n<\/td><td class=\"column-4\">3<\/td><td class=\"column-5\">0<\/td><td class=\"column-6\">1<\/td><td class=\"column-7\">4<\/td><td class=\"column-8\"><a href=\"https:\/\/www.google.com\/search?q=Michelle+Smith&amp;tbm=isch&amp;ved=2ahUKEwiXvtC_0ubrAhUFNxoKHd2GAXQQ2-cCegQIABAA&amp;oq=Michelle+Smith&amp;gs_lcp=CgNpbWcQAzICCAAyAggAMgQIABAeMgQIABAeMgQIABAeMgQIABAeMgQIABAeMgQIABAeMgQIABAeMgQIABAeUM2wH1jNsB9gtrMfaABwAHgAgAFDiAFDkgEBMZgBAKABAaoBC2d3cy13aXotaW1nwAEB&amp;sclient=img&amp;ei=OVVeX9e9PIXuaN2NhqAH&amp;bih=654&amp;biw=1366&amp;client=firefox-b-d\" rel=\"noopener noreferrer\" target=\"_blank\">im\u00e1genes<\/a><\/td>\n<\/tr>\n<tr class=\"row-111\">\n\t<td class=\"column-1\"><img loading=\"lazy\" decoding=\"async\" src=\"http:\/\/www.reporolimpico.com\/wp-content\/uploads\/2020\/07\/ISL.jpg\" alt=\"\" width=\"22\" height=\"15\" class=\"alignnone size-full wp-image-141\" \/>  Islandia<\/td><td class=\"column-2\">Vilhj\u00e1lmur Einarsson<\/td><td class=\"column-3\">Atletismo<\/td><td class=\"column-4\">0<\/td><td class=\"column-5\">1<\/td><td class=\"column-6\">0<\/td><td class=\"column-7\">1<\/td><td class=\"column-8\"><a href=\"https:\/\/www.google.com\/search?q=Vilhj%C3%A1lmur+Einarsson&amp;tbm=isch&amp;ved=2ahUKEwix84-rxOjrAhVI3RoKHV8VBZQQ2-cCegQIABAA&amp;oq=Vilhj%C3%A1lmur+Einarsson&amp;gs_lcp=CgNpbWcQA1AAWABg17gTaABwAHgAgAEAiAEAkgEAmAEAqgELZ3dzLXdpei1pbWc&amp;sclient=img&amp;ei=0FJfX7HLFsi6a9-qlKAJ&amp;bih=654&amp;biw=1366&amp;client=firefox-b-d\" rel=\"noopener noreferrer\" target=\"_blank\">im\u00e1genes<\/a><\/td>\n<\/tr>\n<tr class=\"row-112\">\n\t<td class=\"column-1\"><img loading=\"lazy\" decoding=\"async\" src=\"http:\/\/www.reporolimpico.com\/wp-content\/uploads\/2020\/07\/ISL.jpg\" alt=\"\" width=\"22\" height=\"15\" class=\"alignnone size-full wp-image-141\" \/>  Islandia (8)<\/td><td class=\"column-2\">Equipo Balonmano<\/td><td class=\"column-3\">Balonmano<\/td><td class=\"column-4\">0<\/td><td class=\"column-5\">1<\/td><td class=\"column-6\">0<\/td><td class=\"column-7\">1<\/td><td class=\"column-8\"><a href=\"https:\/\/www.google.com\/search?q=iceland+pekin+2008&amp;tbm=isch&amp;ved=2ahUKEwjexun1x-jrAhVG9hoKHSE-Bk4Q2-cCegQIABAA&amp;oq=iceland+pekin+2008&amp;gs_lcp=CgNpbWcQAzoECAAQE1D4ugRYu8IEYNvEBGgAcAB4AIABb4gBkASSAQM1LjGYAQCgAQGqAQtnd3Mtd2l6LWltZ8ABAQ&amp;sclient=img&amp;ei=klZfX961FMbsa6H8mPAE&amp;bih=654&amp;biw=1366&amp;client=firefox-b-d\" rel=\"noopener noreferrer\" target=\"_blank\">im\u00e1genes<\/a><\/td>\n<\/tr>\n<tr class=\"row-113\">\n\t<td class=\"column-1\"><img loading=\"lazy\" decoding=\"async\" src=\"http:\/\/www.reporolimpico.com\/wp-content\/uploads\/2020\/07\/ISL.jpg\" alt=\"\" width=\"22\" height=\"15\" class=\"alignnone size-full wp-image-141\" \/>  Islandia<\/td><td class=\"column-2\">Bjarni Fridriksson<\/td><td class=\"column-3\">Judo<\/td><td class=\"column-4\">0<\/td><td class=\"column-5\">0<\/td><td class=\"column-6\">1<\/td><td class=\"column-7\">1<\/td><td class=\"column-8\"><a href=\"https:\/\/www.google.com\/search?q=Bjarni+Fri%C3%B0riksson&amp;tbm=isch&amp;ved=2ahUKEwjH7u3OxejrAhVP8BoKHUXGA7oQ2-cCegQIABAA&amp;oq=Bjarni+Fri%C3%B0riksson&amp;gs_lcp=CgNpbWcQA1AAWABg5J8EaABwAHgAgAEAiAEAkgEAmAEAqgELZ3dzLXdpei1pbWc&amp;sclient=img&amp;ei=J1RfX4e_Lc_ga8WMj9AL&amp;bih=654&amp;biw=1366&amp;client=firefox-b-d\" rel=\"noopener noreferrer\" target=\"_blank\">im\u00e1genes<\/a><\/td>\n<\/tr>\n<tr class=\"row-114\">\n\t<td class=\"column-1\"><img loading=\"lazy\" decoding=\"async\" src=\"http:\/\/www.reporolimpico.com\/wp-content\/uploads\/2020\/07\/ISL.jpg\" alt=\"\" width=\"22\" height=\"15\" class=\"alignnone size-full wp-image-141\" \/>  Islandia<\/td><td class=\"column-2\">Vala Flosad\u00f3ttir<\/td><td class=\"column-3\">Atletismo<\/td><td class=\"column-4\">0<\/td><td class=\"column-5\">0<\/td><td class=\"column-6\">1<\/td><td class=\"column-7\">1<\/td><td class=\"column-8\"><a href=\"https:\/\/www.google.com\/search?q=Vala+Flosad%C3%B3ttir&amp;tbm=isch&amp;ved=2ahUKEwiGp-q1xujrAhUtgM4BHTFHAykQ2-cCegQIABAA&amp;oq=Vala+Flosad%C3%B3ttir&amp;gs_lcp=CgNpbWcQA1AAWABg2qAHaABwAHgAgAEAiAEAkgEAmAEAqgELZ3dzLXdpei1pbWc&amp;sclient=img&amp;ei=_1RfX8arKq2Aur4PsY6NyAI&amp;bih=654&amp;biw=1349&amp;client=firefox-b-d&amp;hl=es\" rel=\"noopener noreferrer\" target=\"_blank\">im\u00e1genes<\/a><\/td>\n<\/tr>\n<tr class=\"row-115\">\n\t<td class=\"column-1\"><img loading=\"lazy\" decoding=\"async\" src=\"http:\/\/www.reporolimpico.com\/wp-content\/uploads\/2020\/07\/ISV.jpg\" alt=\"\" width=\"22\" height=\"15\" class=\"alignnone size-full wp-image-141\" \/>  Islas V\u00edrgenes<\/td><td class=\"column-2\">Peter Holmberg<\/td><td class=\"column-3\">Vela<\/td><td class=\"column-4\">0<\/td><td class=\"column-5\">1<\/td><td class=\"column-6\">0<\/td><td class=\"column-7\">1<\/td><td class=\"column-8\"><a href=\"https:\/\/www.google.com\/search?q=Peter+Holmberg+1988&amp;tbm=isch&amp;ved=2ahUKEwjD9_qozOjrAhURYBQKHUjaB5oQ2-cCegQIABAA&amp;oq=Peter+Holmberg+1988&amp;gs_lcp=CgNpbWcQA1AAWABgksQIaABwAHgAgAEAiAEAkgEAmAEAqgELZ3dzLXdpei1pbWc&amp;sclient=img&amp;ei=L1tfX4OkE5HAUci0n9AJ&amp;bih=654&amp;biw=1366&amp;client=firefox-b-d\" rel=\"noopener noreferrer\" target=\"_blank\">im\u00e1genes<\/a><\/td>\n<\/tr>\n<tr class=\"row-116\">\n\t<td class=\"column-1\"><img loading=\"lazy\" decoding=\"async\" src=\"http:\/\/www.reporolimpico.com\/wp-content\/uploads\/2020\/07\/ISR.jpg\" alt=\"\" width=\"22\" height=\"15\" class=\"alignnone size-full wp-image-141\" \/>  Israel<\/td><td class=\"column-2\">Gal Fridman<\/td><td class=\"column-3\">Vela<\/td><td class=\"column-4\">1<\/td><td class=\"column-5\">0<\/td><td class=\"column-6\">1<\/td><td class=\"column-7\">2<\/td><td class=\"column-8\"><a href=\"https:\/\/www.google.com\/search?q=Gal+Fridman&amp;tbm=isch&amp;ved=2ahUKEwjYg4fpz-jrAhXjAWMBHbknAb4Q2-cCegQIABAA&amp;oq=Gal+Fridman&amp;gs_lcp=CgNpbWcQA1AAWABgpPcKaABwAHgAgAEAiAEAkgEAmAEAqgELZ3dzLXdpei1pbWc&amp;sclient=img&amp;ei=215fX5iqAuODjLsPuc-E8As&amp;bih=654&amp;biw=1366&amp;client=firefox-b-d\" rel=\"noopener noreferrer\" target=\"_blank\">im\u00e1genes<\/a><\/td>\n<\/tr>\n<tr class=\"row-117\">\n\t<td class=\"column-1\"><img loading=\"lazy\" decoding=\"async\" src=\"http:\/\/www.reporolimpico.com\/wp-content\/uploads\/2020\/07\/ISR.jpg\" alt=\"\" width=\"22\" height=\"15\" class=\"alignnone size-full wp-image-141\" \/>  Israel<\/td><td class=\"column-2\">Or Sasson<\/td><td class=\"column-3\">Judo<\/td><td class=\"column-4\">0<\/td><td class=\"column-5\">0<\/td><td class=\"column-6\">2<\/td><td class=\"column-7\">2<\/td><td class=\"column-8\"><a href=\"https:\/\/www.google.com\/search?q=Or+Sasson&amp;tbm=isch&amp;ved=2ahUKEwiKxbmm7KjyAhUZKhoKHdxgD_8Q2-cCegQIABAA&amp;oq=Or+Sasson&amp;gs_lcp=CgNpbWcQAzIFCAAQgARQgKOtAliAo60CYJGprQJoAHAAeACAAV-IAV-SAQExmAEAoAEBqgELZ3dzLXdpei1pbWfAAQE&amp;sclient=img&amp;ei=3rETYYreEpnUaNzBvfgP&amp;bih=643&amp;biw=1366&amp;client=firefox-b-d\" rel=\"noopener noreferrer\" target=\"_blank\">im\u00e1genes<\/a><\/td>\n<\/tr>\n<tr class=\"row-118\">\n\t<td class=\"column-1\"><img loading=\"lazy\" decoding=\"async\" src=\"http:\/\/www.reporolimpico.com\/wp-content\/uploads\/2020\/07\/ITA.jpg\" alt=\"\" width=\"22\" height=\"15\" class=\"alignnone size-full wp-image-141\" \/>  Italia<\/td><td class=\"column-2\">Edoardo Mangiarotti<\/td><td class=\"column-3\">Esgrima<\/td><td class=\"column-4\">6<\/td><td class=\"column-5\">5<\/td><td class=\"column-6\">2<\/td><td class=\"column-7\">13<\/td><td class=\"column-8\"><a href=\"https:\/\/www.google.com\/search?q=Edoardo+Mangiarotti&amp;tbm=isch&amp;ved=2ahUKEwjeg7G20-3rAhUN2OAKHes0BV8Q2-cCegQIABAA&amp;oq=Edoardo+Mangiarotti&amp;gs_lcp=CgNpbWcQA1AAWABgu60GaABwAHgAgAEAiAEAkgEAmAEAqgELZ3dzLXdpei1pbWc&amp;sclient=img&amp;ei=uQFiX57DDI2wgwfr6ZT4BQ&amp;bih=654&amp;biw=1366&amp;client=firefox-b-d\" rel=\"noopener noreferrer\" target=\"_blank\">im\u00e1genes<\/a><\/td>\n<\/tr>\n<tr class=\"row-119\">\n\t<td class=\"column-1\"><img loading=\"lazy\" decoding=\"async\" src=\"http:\/\/www.reporolimpico.com\/wp-content\/uploads\/2020\/07\/JAM.jpg\" alt=\"\" width=\"22\" height=\"15\" class=\"alignnone size-full wp-image-141\" \/>  Jamaica<\/td><td class=\"column-2\">Merlene Ottey<\/td><td class=\"column-3\">Atletismo<\/td><td class=\"column-4\">0<\/td><td class=\"column-5\">3<\/td><td class=\"column-6\">6<\/td><td class=\"column-7\">9<\/td><td class=\"column-8\"><a href=\"https:\/\/www.google.com\/search?q=Merlene+Ottey&amp;tbm=isch&amp;ved=2ahUKEwiy3PHF2-3rAhUlDGMBHQsvAQgQ2-cCegQIABAA&amp;oq=Merlene+Ottey&amp;gs_lcp=CgNpbWcQA1AAWABgltYBaABwAHgAgAEAiAEAkgEAmAEAqgELZ3dzLXdpei1pbWc&amp;sclient=img&amp;ei=PQpiX_LJDKWYjLsPi96EQA&amp;bih=654&amp;biw=1366&amp;client=firefox-b-d\" rel=\"noopener noreferrer\" target=\"_blank\">im\u00e1genes<\/a><\/td>\n<\/tr>\n<tr class=\"row-120\">\n\t<td class=\"column-1\"><img loading=\"lazy\" decoding=\"async\" src=\"http:\/\/www.reporolimpico.com\/wp-content\/uploads\/2020\/07\/JPN.jpg\" alt=\"\" width=\"22\" height=\"15\" class=\"alignnone size-full wp-image-141\" \/>  Jap\u00f3n<\/td><td class=\"column-2\">Takashi Ono<\/td><td class=\"column-3\">Gimnasia<\/td><td class=\"column-4\">5<\/td><td class=\"column-5\">4<\/td><td class=\"column-6\">4<\/td><td class=\"column-7\">13<\/td><td class=\"column-8\"><a href=\"https:\/\/www.google.com\/search?q=Takashi+Ono&amp;tbm=isch&amp;ved=2ahUKEwjY8cm73e3rAhVH1uAKHTo2CYYQ2-cCegQIABAA&amp;oq=Takashi+Ono&amp;gs_lcp=CgNpbWcQAzICCAAyBAgAEB4yBAgAEB4yBAgAEB4yBAgAEBhQ8hRY8hRg0xxoAHAAeACAAUyIAUySAQExmAEAoAEBqgELZ3dzLXdpei1pbWfAAQE&amp;sclient=img&amp;ei=QAxiX9jRG8esgwe67KSwCA&amp;bih=654&amp;biw=1366&amp;client=firefox-b-d\" rel=\"noopener noreferrer\" target=\"_blank\">im\u00e1genes<\/a><\/td>\n<\/tr>\n<tr class=\"row-121\">\n\t<td class=\"column-1\"><img loading=\"lazy\" decoding=\"async\" src=\"http:\/\/www.reporolimpico.com\/wp-content\/uploads\/2020\/07\/JOR.jpg\" alt=\"\" width=\"22\" height=\"15\" class=\"alignnone size-full wp-image-141\" \/>  Jordania<\/td><td class=\"column-2\">Ahmad Abughaush<\/td><td class=\"column-3\">Taekwondo<\/td><td class=\"column-4\">1<\/td><td class=\"column-5\">0<\/td><td class=\"column-6\">0<\/td><td class=\"column-7\">1<\/td><td class=\"column-8\"><a href=\"https:\/\/www.google.com\/search?q=Ahmad+Abughaush&amp;tbm=isch&amp;ved=2ahUKEwjQqrvKyvLrAhUM1-AKHSfIAccQ2-cCegQIABAA&amp;oq=Ahmad+Abughaush&amp;gs_lcp=CgNpbWcQA1AAWABgwI4CaABwAHgAgAEAiAEAkgEAmAEAqgELZ3dzLXdpei1pbWc&amp;sclient=img&amp;ei=ipdkX9C9BYyugwenkIe4DA&amp;bih=654&amp;biw=1366&amp;client=firefox-b-d\" rel=\"noopener noreferrer\" target=\"_blank\">im\u00e1genes<\/a><\/td>\n<\/tr>\n<tr class=\"row-122\">\n\t<td class=\"column-1\"><img loading=\"lazy\" decoding=\"async\" src=\"http:\/\/www.reporolimpico.com\/wp-content\/uploads\/2020\/07\/JOR.jpg\" alt=\"\" width=\"22\" height=\"15\" class=\"alignnone size-full wp-image-141\" \/>  Jordania<\/td><td class=\"column-2\">Saleh Al-Sharabaty<\/td><td class=\"column-3\">Taekwondo<\/td><td class=\"column-4\">0<\/td><td class=\"column-5\">1<\/td><td class=\"column-6\">0<\/td><td class=\"column-7\">1<\/td><td class=\"column-8\"><a href=\"https:\/\/www.google.com\/search?q=Saleh+Al-Sharabaty&amp;tbm=isch&amp;ved=2ahUKEwj8x_XinqvyAhUK3OAKHQZCDCQQ2-cCegQIABAA&amp;oq=Saleh+Al-Sharabaty&amp;gs_lcp=CgNpbWcQA1CXwgRYl8IEYL7EBGgAcAB4AIABSYgBSZIBATGYAQCgAQGqAQtnd3Mtd2l6LWltZ8ABAQ&amp;sclient=img&amp;ei=OvMUYfzCFoq4gweGhLGgAg&amp;bih=643&amp;biw=1366&amp;client=firefox-b-d\" rel=\"noopener noreferrer\" target=\"_blank\">im\u00e1genes<\/a><\/td>\n<\/tr>\n<tr class=\"row-123\">\n\t<td class=\"column-1\"><img loading=\"lazy\" decoding=\"async\" src=\"http:\/\/www.reporolimpico.com\/wp-content\/uploads\/2020\/07\/JOR.jpg\" alt=\"\" width=\"22\" height=\"15\" class=\"alignnone size-full wp-image-141\" \/>  Jordania<\/td><td class=\"column-2\">Abdelrahman Al-Masatfa<\/td><td class=\"column-3\">Karate<\/td><td class=\"column-4\">0<\/td><td class=\"column-5\">0<\/td><td class=\"column-6\">1<\/td><td class=\"column-7\">1<\/td><td class=\"column-8\"><a href=\"https:\/\/www.google.com\/search?q=Abdelrahman+Al-Masatfa&amp;tbm=isch&amp;ved=2ahUKEwj26fWWnqvyAhUHzBQKHQtCBR0Q2-cCegQIABAA&amp;oq=Abdelrahman+Al-Masatfa&amp;gs_lcp=CgNpbWcQA1AAWABgudQJaABwAHgAgAEAiAEAkgEAmAEAqgELZ3dzLXdpei1pbWc&amp;sclient=img&amp;ei=mvIUYfa0PIeYU4uElegB&amp;bih=643&amp;biw=1366&amp;client=firefox-b-d\" rel=\"noopener noreferrer\" target=\"_blank\">im\u00e1genes<\/a><\/td>\n<\/tr>\n<tr class=\"row-124\">\n\t<td class=\"column-1\"><img loading=\"lazy\" decoding=\"async\" src=\"http:\/\/www.reporolimpico.com\/wp-content\/uploads\/2020\/07\/KAZ.jpg\" alt=\"\" width=\"22\" height=\"15\" class=\"alignnone size-full wp-image-141\" \/>  Kazajist\u00e1n (9)<\/td><td class=\"column-2\">Vladimir Smirnov<\/td><td class=\"column-3\">Esqu\u00ed Fondo<\/td><td class=\"column-4\">1<\/td><td class=\"column-5\">2<\/td><td class=\"column-6\">1<\/td><td class=\"column-7\">4<\/td><td class=\"column-8\"><a href=\"https:\/\/www.google.com\/search?q=Vladimir+Smirnov+ski&amp;tbm=isch&amp;ved=2ahUKEwi26qCU2PLrAhWn2eAKHV1KCa8Q2-cCegQIABAA&amp;oq=Vladimir+Smirnov+ski&amp;gs_lcp=CgNpbWcQA1AAWABgwPY7aABwAHgAgAEAiAEAkgEAmAEAqgELZ3dzLXdpei1pbWc&amp;sclient=img&amp;ei=xqVkX7bvHqezgwfdlKX4Cg&amp;bih=654&amp;biw=1366&amp;client=firefox-b-d\" rel=\"noopener noreferrer\" target=\"_blank\">im\u00e1genes<\/a><\/td>\n<\/tr>\n<tr class=\"row-125\">\n\t<td class=\"column-1\"><img loading=\"lazy\" decoding=\"async\" src=\"http:\/\/www.reporolimpico.com\/wp-content\/uploads\/2020\/07\/KEN.jpg\" alt=\"\" width=\"22\" height=\"15\" class=\"alignnone size-full wp-image-141\" \/>  Kenia<\/td><td class=\"column-2\">Kipchoge Keino<\/td><td class=\"column-3\">Atletismo<\/td><td class=\"column-4\">2<\/td><td class=\"column-5\">2<\/td><td class=\"column-6\">0<\/td><td class=\"column-7\">4<\/td><td class=\"column-8\"><a href=\"https:\/\/www.google.com\/search?q=Kipchoge+Keino&amp;tbm=isch&amp;ved=2ahUKEwjcnqCQzPzrAhUEwIUKHSIhDAgQ2-cCegQIABAA&amp;oq=Kipchoge+Keino&amp;gs_lcp=CgNpbWcQA1AAWABgy68DaABwAHgAgAEAiAEAkgEAmAEAqgELZ3dzLXdpei1pbWc&amp;sclient=img&amp;ei=VtdpX9ybEISAlwSiwrBA&amp;bih=654&amp;biw=1366&amp;client=firefox-b-d\" rel=\"noopener noreferrer\" target=\"_blank\">im\u00e1genes<\/a><\/td>\n<\/tr>\n<tr class=\"row-126\">\n\t<td class=\"column-1\"><img loading=\"lazy\" decoding=\"async\" src=\"http:\/\/www.reporolimpico.com\/wp-content\/uploads\/2020\/07\/KEN.jpg\" alt=\"\" width=\"22\" height=\"15\" class=\"alignnone size-full wp-image-141\" \/>  Kenia<\/td><td class=\"column-2\">Eliud Kipchoge<\/td><td class=\"column-3\">Atletismo<\/td><td class=\"column-4\">2<\/td><td class=\"column-5\">1<\/td><td class=\"column-6\">1<\/td><td class=\"column-7\">4<\/td><td class=\"column-8\"><a href=\"https:\/\/www.google.com\/search?q=Eliud+Kipchoge&amp;tbm=isch&amp;ved=2ahUKEwj0wOyGn6vyAhUd4OAKHSKsBCsQ2-cCegQIABAA&amp;oq=Eliud+Kipchoge&amp;gs_lcp=CgNpbWcQAzILCAAQgAQQsQMQgwEyBQgAEIAEMgUIABCABDIFCAAQgAQyBQgAEIAEMgUIABCABDIFCAAQgAQyBQgAEIAEMgUIABCABDIFCAAQgARQ7MA2WOzANmC8xjZoAHAAeACAAWGIAWGSAQExmAEAoAEBqgELZ3dzLXdpei1pbWfAAQE&amp;sclient=img&amp;ei=hfMUYbTqK53Agwei2JLYAg&amp;bih=643&amp;biw=1366&amp;client=firefox-b-d\" rel=\"noopener noreferrer\" target=\"_blank\">im\u00e1genes<\/a><\/td>\n<\/tr>\n<tr class=\"row-127\">\n\t<td class=\"column-1\"><img loading=\"lazy\" decoding=\"async\" src=\"http:\/\/www.reporolimpico.com\/wp-content\/uploads\/2020\/07\/KEN.jpg\" alt=\"\" width=\"22\" height=\"15\" class=\"alignnone size-full wp-image-141\" \/>  Kenia<\/td><td class=\"column-2\">Vivian Cheruiyot<\/td><td class=\"column-3\">Atletismo<\/td><td class=\"column-4\">1<\/td><td class=\"column-5\">2<\/td><td class=\"column-6\">1<\/td><td class=\"column-7\">4<\/td><td class=\"column-8\"><a href=\"https:\/\/www.google.com\/search?q=Vivian+Cheruiyot&amp;tbm=isch&amp;ved=2ahUKEwjx9NH9zPzrAhWLgM4BHSEiA-0Q2-cCegQIABAA&amp;oq=Vivian+Cheruiyot&amp;gs_lcp=CgNpbWcQA1AAWABgsaQBaABwAHgAgAEAiAEAkgEAmAEAqgELZ3dzLXdpei1pbWc&amp;sclient=img&amp;ei=O9hpX7HrKIuBur4PocSM6A4&amp;bih=654&amp;biw=1366&amp;client=firefox-b-d\" rel=\"noopener noreferrer\" target=\"_blank\">im\u00e1genes<\/a><\/td>\n<\/tr>\n<tr class=\"row-128\">\n\t<td class=\"column-1\"><img loading=\"lazy\" decoding=\"async\" src=\"http:\/\/www.reporolimpico.com\/wp-content\/uploads\/2020\/07\/KGZ.jpg\" alt=\"\" width=\"22\" height=\"15\" class=\"alignnone size-full wp-image-141\" \/> Kirguizist\u00e1n<\/td><td class=\"column-2\">Kanatbek Begaliev<\/td><td class=\"column-3\">Lucha<\/td><td class=\"column-4\">0<\/td><td class=\"column-5\">1<\/td><td class=\"column-6\">0<\/td><td class=\"column-7\">1<\/td><td class=\"column-8\"><a href=\"https:\/\/www.google.com\/search?q=Kanatbek+Begaliev&amp;tbm=isch&amp;ved=2ahUKEwiYqZmIzfzrAhUJQBoKHW-6BhIQ2-cCegQIABAA&amp;oq=Kanatbek+Begaliev&amp;gs_lcp=CgNpbWcQA1Cxs-YBWLGz5gFgtrfmAWgAcAB4AIABdIgBdJIBAzAuMZgBAKABAaoBC2d3cy13aXotaW1nwAEB&amp;sclient=img&amp;ei=UdhpX9i8MYmAae_0mpAB&amp;bih=654&amp;biw=1366&amp;client=firefox-b-d\" rel=\"noopener noreferrer\" target=\"_blank\">im\u00e1genes<\/a><\/td>\n<\/tr>\n<tr class=\"row-129\">\n\t<td class=\"column-1\"><img loading=\"lazy\" decoding=\"async\" src=\"http:\/\/www.reporolimpico.com\/wp-content\/uploads\/2020\/07\/KGZ.jpg\" alt=\"\" width=\"22\" height=\"15\" class=\"alignnone size-full wp-image-141\" \/> Kirguizist\u00e1n<\/td><td class=\"column-2\">Akzhol Makhmudov<\/td><td class=\"column-3\">Lucha<\/td><td class=\"column-4\">0<\/td><td class=\"column-5\">1<\/td><td class=\"column-6\">0<\/td><td class=\"column-7\">1<\/td><td class=\"column-8\"><a href=\"https:\/\/www.google.com\/search?q=Akzhol+Makhmudov&amp;tbm=isch&amp;ved=2ahUKEwikxNCxoqvyAhUIYRoKHZofDPoQ2-cCegQIABAA&amp;oq=Akzhol+Makhmudov&amp;gs_lcp=CgNpbWcQAzIECAAQE1DtsjBY7bIwYPq5MGgAcAB4AIABZ4gBZ5IBAzAuMZgBAKABAaoBC2d3cy13aXotaW1nwAEB&amp;sclient=img&amp;ei=BPcUYaSyLYjCaZq_sNAP&amp;bih=643&amp;biw=1366&amp;client=firefox-b-d\" rel=\"noopener noreferrer\" target=\"_blank\">im\u00e1genes<\/a><\/td>\n<\/tr>\n<tr class=\"row-130\">\n\t<td class=\"column-1\"><img loading=\"lazy\" decoding=\"async\" src=\"http:\/\/www.reporolimpico.com\/wp-content\/uploads\/2020\/07\/KGZ.jpg\" alt=\"\" width=\"22\" height=\"15\" class=\"alignnone size-full wp-image-141\" \/> Kirguizist\u00e1n<\/td><td class=\"column-2\">Aisuluu Tynybekova<\/td><td class=\"column-3\">Lucha<\/td><td class=\"column-4\">0<\/td><td class=\"column-5\">1<\/td><td class=\"column-6\">0<\/td><td class=\"column-7\">1<\/td><td class=\"column-8\"><a href=\"https:\/\/www.google.com\/search?q=Aisuluu+Tynybekova&amp;tbm=isch&amp;ved=2ahUKEwjIzt6spavyAhUGyBQKHVnpD7YQ2-cCegQIABAA&amp;oq=Aisuluu+Tynybekova&amp;gs_lcp=CgNpbWcQAzoHCCMQ6gIQJ1ChhANYt6ADYPmlA2gCcAB4AIABTogBTpIBATGYAQCgAQGqAQtnd3Mtd2l6LWltZ7ABCsABAQ&amp;sclient=img&amp;ei=H_oUYYjDMIaQU9nSv7AL&amp;bih=643&amp;biw=1366&amp;client=firefox-b-d\" rel=\"noopener noreferrer\" target=\"_blank\">im\u00e1genes<\/a><\/td>\n<\/tr>\n<tr class=\"row-131\">\n\t<td class=\"column-1\"><img loading=\"lazy\" decoding=\"async\" src=\"http:\/\/www.reporolimpico.com\/wp-content\/uploads\/2020\/07\/KGZ.jpg\" alt=\"\" width=\"22\" height=\"15\" class=\"alignnone size-full wp-image-141\" \/> Kirguizist\u00e1n<\/td><td class=\"column-2\">Aidyn Smagulov<\/td><td class=\"column-3\">Judo<\/td><td class=\"column-4\">0<\/td><td class=\"column-5\">0<\/td><td class=\"column-6\">1<\/td><td class=\"column-7\">1<\/td><td class=\"column-8\"><a href=\"https:\/\/www.google.com\/search?q=Aidyn+Smagulov&amp;tbm=isch&amp;ved=2ahUKEwiJvZfl2_zrAhUW_xoKHf1iCn4Q2-cCegQIABAA&amp;oq=Aidyn+Smagulov&amp;gs_lcp=CgNpbWcQA1AAWABgrKsSaABwAHgAgAEAiAEAkgEAmAEAqgELZ3dzLXdpei1pbWc&amp;sclient=img&amp;ei=wudpX4nUN5b-a_3FqfAH&amp;bih=654&amp;biw=1366&amp;client=firefox-b-d\" rel=\"noopener noreferrer\" target=\"_blank\">im\u00e1genes<\/a><\/td>\n<\/tr>\n<tr class=\"row-132\">\n\t<td class=\"column-1\"><img loading=\"lazy\" decoding=\"async\" src=\"http:\/\/www.reporolimpico.com\/wp-content\/uploads\/2020\/07\/KGZ.jpg\" alt=\"\" width=\"22\" height=\"15\" class=\"alignnone size-full wp-image-141\" \/> Kirguizist\u00e1n<\/td><td class=\"column-2\">Bazar Bazarguruev<\/td><td class=\"column-3\">Lucha<\/td><td class=\"column-4\">0<\/td><td class=\"column-5\">0<\/td><td class=\"column-6\">1<\/td><td class=\"column-7\">1<\/td><td class=\"column-8\"><a href=\"https:\/\/www.google.com\/search?q=Bazar+Bazarguruev&amp;tbm=isch&amp;ved=2ahUKEwiTr_C73fzrAhXD8IUKHQ0zBHEQ2-cCegQIABAA&amp;oq=Bazar+Bazarguruev&amp;gs_lcp=CgNpbWcQA1AAWABgweE5aABwAHgAgAEAiAEAkgEAmAEAqgELZ3dzLXdpei1pbWc&amp;sclient=img&amp;ei=helpX9PYCcPhlwSN5pCIBw&amp;bih=654&amp;biw=1366&amp;client=firefox-b-d\" rel=\"noopener noreferrer\" target=\"_blank\">im\u00e1genes<\/a><\/td>\n<\/tr>\n<tr class=\"row-133\">\n\t<td class=\"column-1\"><img loading=\"lazy\" decoding=\"async\" src=\"http:\/\/www.reporolimpico.com\/wp-content\/uploads\/2020\/07\/KGZ.jpg\" alt=\"\" width=\"22\" height=\"15\" class=\"alignnone size-full wp-image-141\" \/> Kirguizist\u00e1n<\/td><td class=\"column-2\">Ruslan Tyumenbayev<\/td><td class=\"column-3\">Lucha<\/td><td class=\"column-4\">0<\/td><td class=\"column-5\">0<\/td><td class=\"column-6\">1<\/td><td class=\"column-7\">1<\/td><td class=\"column-8\"><a href=\"https:\/\/www.google.com\/search?q=Ruslan+Tyumenbayev&amp;tbm=isch&amp;ved=2ahUKEwiplqSe4fzrAhVY8IUKHfwqAW8Q2-cCegQIABAA&amp;oq=Ruslan+Tyumenbayev&amp;gs_lcp=CgNpbWcQA1AAWABgnokSaABwAHgAgAEAiAEAkgEAmAEAqgELZ3dzLXdpei1pbWc&amp;sclient=img&amp;ei=eO1pX6n6MtjglwT81YT4Bg&amp;bih=654&amp;biw=1366&amp;client=firefox-b-d\" rel=\"noopener noreferrer\" target=\"_blank\">im\u00e1genes<\/a><\/td>\n<\/tr>\n<tr class=\"row-134\">\n\t<td class=\"column-1\"><img loading=\"lazy\" decoding=\"async\" src=\"http:\/\/www.reporolimpico.com\/wp-content\/uploads\/2020\/07\/KGZ.jpg\" alt=\"\" width=\"22\" height=\"15\" class=\"alignnone size-full wp-image-141\" \/> Kirguizist\u00e1n<\/td><td class=\"column-2\">Meerim Zhumanazarova<\/td><td class=\"column-3\">Lucha<\/td><td class=\"column-4\">0<\/td><td class=\"column-5\">0<\/td><td class=\"column-6\">1<\/td><td class=\"column-7\">1<\/td><td class=\"column-8\"><a href=\"https:\/\/www.google.com\/search?q=Meerim+Zhumanazarova&amp;tbm=isch&amp;ved=2ahUKEwj0mZHHpavyAhVfEGMBHRqSDvEQ2-cCegQIABAA&amp;oq=Meerim+Zhumanazarova&amp;gs_lcp=CgNpbWcQAzIECAAQE1CXwQJYl8ECYOLDAmgAcAB4AIABZYgBZZIBAzAuMZgBAKABAaoBC2d3cy13aXotaW1nwAEB&amp;sclient=img&amp;ei=V_oUYbSSCd-gjLsPmqS6iA8&amp;bih=643&amp;biw=1366&amp;client=firefox-b-d\" rel=\"noopener noreferrer\" target=\"_blank\">im\u00e1genes<\/a><\/td>\n<\/tr>\n<tr class=\"row-135\">\n\t<td class=\"column-1\"><img loading=\"lazy\" decoding=\"async\" src=\"http:\/\/www.reporolimpico.com\/wp-content\/uploads\/2020\/07\/KOS.jpg\" alt=\"\" width=\"22\" height=\"15\" class=\"alignnone size-full wp-image-141\" \/> Kosovo<\/td><td class=\"column-2\">Majlinda Kelmendi<\/td><td class=\"column-3\">Judo<\/td><td class=\"column-4\">1<\/td><td class=\"column-5\">0<\/td><td class=\"column-6\">0<\/td><td class=\"column-7\">1<\/td><td class=\"column-8\"><a href=\"https:\/\/www.google.com\/search?q=Majlinda+Kelmendi&amp;tbm=isch&amp;ved=2ahUKEwj_jv-r4vzrAhXW0-AKHY08CaQQ2-cCegQIABAA&amp;oq=Majlinda+Kelmendi&amp;gs_lcp=CgNpbWcQAzICCAAyBAgAEB4yBAgAEB4yBAgAEB4yBggAEAUQHjIGCAAQBRAeMgYIABAFEB5Q_YggWP2IIGCjiyBoAHAAeACAAe0BiAHtAZIBAzItMZgBAKABAaoBC2d3cy13aXotaW1nwAEB&amp;sclient=img&amp;ei=ou5pX_-1AdangweN-aSgCg&amp;bih=654&amp;biw=1366&amp;client=firefox-b-d\" rel=\"noopener noreferrer\" target=\"_blank\">im\u00e1genes<\/a><\/td>\n<\/tr>\n<tr class=\"row-136\">\n\t<td class=\"column-1\"><img loading=\"lazy\" decoding=\"async\" src=\"http:\/\/www.reporolimpico.com\/wp-content\/uploads\/2020\/07\/KOS.jpg\" alt=\"\" width=\"22\" height=\"15\" class=\"alignnone size-full wp-image-141\" \/> Kosovo<\/td><td class=\"column-2\">Distria Krasniqi<\/td><td class=\"column-3\">Judo<\/td><td class=\"column-4\">1<\/td><td class=\"column-5\">0<\/td><td class=\"column-6\">0<\/td><td class=\"column-7\">1<\/td><td class=\"column-8\"><a href=\"https:\/\/www.google.com\/search?q=Distria+Krasniqi&amp;tbm=isch&amp;ved=2ahUKEwi7pbvbpavyAhUSfRQKHQ8vAPEQ2-cCegQIABAA&amp;oq=Distria+Krasniqi&amp;gs_lcp=CgNpbWcQAzIFCAAQgAQyBAgAEBgyBAgAEBgyBAgAEBgyBAgAEBgyBAgAEBgyBAgAEBgyBAgAEBhQs-UfWLPlH2CL6x9oAHAAeACAAVyIAVySAQExmAEAoAEBqgELZ3dzLXdpei1pbWfAAQE&amp;sclient=img&amp;ei=gfoUYfvgL5L6UY_egIgP&amp;bih=643&amp;biw=1366&amp;client=firefox-b-d\" rel=\"noopener noreferrer\" target=\"_blank\">im\u00e1genes<\/a><\/td>\n<\/tr>\n<tr class=\"row-137\">\n\t<td class=\"column-1\"><img loading=\"lazy\" decoding=\"async\" src=\"http:\/\/www.reporolimpico.com\/wp-content\/uploads\/2020\/07\/KOS.jpg\" alt=\"\" width=\"22\" height=\"15\" class=\"alignnone size-full wp-image-141\" \/> Kosovo<\/td><td class=\"column-2\">Nora Gjakova<\/td><td class=\"column-3\">Judo<\/td><td class=\"column-4\">1<\/td><td class=\"column-5\">0<\/td><td class=\"column-6\">0<\/td><td class=\"column-7\">1<\/td><td class=\"column-8\"><a href=\"https:\/\/www.google.com\/search?q=Nora+Gjakova&amp;tbm=isch&amp;ved=2ahUKEwjks9zUp6vyAhUBgc4BHcYhB98Q2-cCegQIABAA&amp;oq=Nora+Gjakova&amp;gs_lcp=CgNpbWcQAzIFCAAQgAQyBAgAEBgyBAgAEBhQguQBWILkAWDb6QFoAHAAeACAAVKIAVKSAQExmAEAoAEBqgELZ3dzLXdpei1pbWfAAQE&amp;sclient=img&amp;ei=jPwUYeS9H4GCur4PxsOc-A0&amp;bih=643&amp;biw=1366&amp;client=firefox-b-d\" rel=\"noopener noreferrer\" target=\"_blank\">im\u00e1genes<\/a><\/td>\n<\/tr>\n<tr class=\"row-138\">\n\t<td class=\"column-1\"><img loading=\"lazy\" decoding=\"async\" src=\"http:\/\/www.reporolimpico.com\/wp-content\/uploads\/2020\/07\/KUW.jpg\" alt=\"\" width=\"22\" height=\"15\" class=\"alignnone size-full wp-image-141\" \/> Kuwait (10)<\/td><td class=\"column-2\">Fehaid Al-Deehani<\/td><td class=\"column-3\">Tiro<\/td><td class=\"column-4\">0<\/td><td class=\"column-5\">0<\/td><td class=\"column-6\">2<\/td><td class=\"column-7\">2<\/td><td class=\"column-8\"><a href=\"https:\/\/www.google.com\/search?q=Fehaid+Al-Deehani&amp;tbm=isch&amp;ved=2ahUKEwj84u2w5vzrAhWS0YUKHVmBBx0Q2-cCegQIABAA&amp;oq=Fehaid+Al-Deehani&amp;gs_lcp=CgNpbWcQA1AAWABg04kkaABwAHgAgAEAiAEAkgEAmAEAqgELZ3dzLXdpei1pbWc&amp;sclient=img&amp;ei=3fJpX7yAO5KjlwTZgp7oAQ&amp;bih=654&amp;biw=1366&amp;client=firefox-b-d\" rel=\"noopener noreferrer\" target=\"_blank\">im\u00e1genes<\/a><\/td>\n<\/tr>\n<tr class=\"row-139\">\n\t<td class=\"column-1\"><img loading=\"lazy\" decoding=\"async\" src=\"http:\/\/www.reporolimpico.com\/wp-content\/uploads\/2020\/07\/LAT.jpg\" alt=\"\" width=\"22\" height=\"15\" class=\"alignnone size-full wp-image-141\" \/> Letonia<\/td><td class=\"column-2\">Oskars Melbardis<\/td><td class=\"column-3\">Bobsleigh<\/td><td class=\"column-4\">1<\/td><td class=\"column-5\">0<\/td><td class=\"column-6\">2<\/td><td class=\"column-7\">3<\/td><td class=\"column-8\"><a href=\"https:\/\/www.google.com\/search?q=Oskars+Melbardis&amp;tbm=isch&amp;ved=2ahUKEwjVoN22nv3rAhWO_IUKHfGaDPIQ2-cCegQIABAA&amp;oq=Oskars+Melbardis&amp;gs_lcp=CgNpbWcQA1AAWABguhloAHAAeACAAQCIAQCSAQCYAQCqAQtnd3Mtd2l6LWltZw&amp;sclient=img&amp;ei=oi1qX9XHKI75lwTxtbKQDw&amp;bih=654&amp;biw=1366&amp;client=firefox-b-d\" rel=\"noopener noreferrer\" target=\"_blank\">im\u00e1genes<\/a><\/td>\n<\/tr>\n<tr class=\"row-140\">\n\t<td class=\"column-1\"><img loading=\"lazy\" decoding=\"async\" src=\"http:\/\/www.reporolimpico.com\/wp-content\/uploads\/2020\/07\/LAT.jpg\" alt=\"\" width=\"22\" height=\"15\" class=\"alignnone size-full wp-image-141\" \/> Letonia<\/td><td class=\"column-2\">Andris Sics<\/td><td class=\"column-3\">Luge<\/td><td class=\"column-4\">0<\/td><td class=\"column-5\">1<\/td><td class=\"column-6\">2<\/td><td class=\"column-7\">3<\/td><td class=\"column-8\"><a href=\"https:\/\/www.google.com\/search?q=Andris+%C5%A0ics&amp;tbm=isch&amp;ved=2ahUKEwiGz7X6n_3rAhUZ0YUKHaqoDwsQ2-cCegQIABAA&amp;oq=Andris+%C5%A0ics&amp;gs_lcp=CgNpbWcQA1AAWABgqrwEaABwAHgAgAEAiAEAkgEAmAEAqgELZ3dzLXdpei1pbWc&amp;sclient=img&amp;ei=PS9qX8a8A5milwSq0b5Y&amp;bih=654&amp;biw=1366&amp;client=firefox-b-d\" rel=\"noopener noreferrer\" target=\"_blank\">im\u00e1genes<\/a><\/td>\n<\/tr>\n<tr class=\"row-141\">\n\t<td class=\"column-1\"><img loading=\"lazy\" decoding=\"async\" src=\"http:\/\/www.reporolimpico.com\/wp-content\/uploads\/2020\/07\/LAT.jpg\" alt=\"\" width=\"22\" height=\"15\" class=\"alignnone size-full wp-image-141\" \/> Letonia<\/td><td class=\"column-2\">Juris Sics<\/td><td class=\"column-3\">Luge<\/td><td class=\"column-4\">0<\/td><td class=\"column-5\">1<\/td><td class=\"column-6\">2<\/td><td class=\"column-7\">3<\/td><td class=\"column-8\"><a href=\"https:\/\/www.google.com\/search?q=Juris+%C5%A0ics&amp;tbm=isch&amp;ved=2ahUKEwiH2unvn_3rAhVDKxoKHSPeBwoQ2-cCegQIABAA&amp;oq=Juris+%C5%A0ics&amp;gs_lcp=CgNpbWcQAzIECAAQHlDTUVjTUWCUWGgAcAB4AIABRIgBRJIBATGYAQCgAQGqAQtnd3Mtd2l6LWltZ8ABAQ&amp;sclient=img&amp;ei=Ji9qX4evM8PWaKO8n1A&amp;bih=654&amp;biw=1366&amp;client=firefox-b-d\" rel=\"noopener noreferrer\" target=\"_blank\">im\u00e1genes<\/a><\/td>\n<\/tr>\n<tr class=\"row-142\">\n\t<td class=\"column-1\"><img loading=\"lazy\" decoding=\"async\" src=\"http:\/\/www.reporolimpico.com\/wp-content\/uploads\/2020\/07\/LBN.jpg\" alt=\"\" width=\"22\" height=\"15\" class=\"alignnone size-full wp-image-141\" \/> L\u00edbano<\/td><td class=\"column-2\">Zakaria Chihab<\/td><td class=\"column-3\">Lucha<\/td><td class=\"column-4\">0<\/td><td class=\"column-5\">1<\/td><td class=\"column-6\">0<\/td><td class=\"column-7\">1<\/td><td class=\"column-8\"><a href=\"https:\/\/www.google.com\/search?q=Zakaria+Chihab&amp;tbm=isch&amp;ved=2ahUKEwjborfPpP3rAhUGfRQKHZfLCzoQ2-cCegQIABAA&amp;oq=Zakaria+Chihab&amp;gs_lcp=CgNpbWcQA1AAWABg2e0VaABwAHgAgAEAiAEAkgEAmAEAqgELZ3dzLXdpei1pbWc&amp;sclient=img&amp;ei=ITRqX5uOBYb6UZeXr9AD&amp;bih=654&amp;biw=1366&amp;client=firefox-b-d\" rel=\"noopener noreferrer\" target=\"_blank\">im\u00e1genes<\/a><\/td>\n<\/tr>\n<tr class=\"row-143\">\n\t<td class=\"column-1\"><img loading=\"lazy\" decoding=\"async\" src=\"http:\/\/www.reporolimpico.com\/wp-content\/uploads\/2020\/07\/LBN.jpg\" alt=\"\" width=\"22\" height=\"15\" class=\"alignnone size-full wp-image-141\" \/> L\u00edbano<\/td><td class=\"column-2\">Mohamed Tarabulsi<\/td><td class=\"column-3\">Halterofilia<\/td><td class=\"column-4\">0<\/td><td class=\"column-5\">1<\/td><td class=\"column-6\">0<\/td><td class=\"column-7\">1<\/td><td class=\"column-8\"><a href=\"https:\/\/www.google.com\/search?q=Mohamed+Tarabulsi&amp;tbm=isch&amp;ved=2ahUKEwjUzsuIpv3rAhUE_hQKHRB-A1UQ2-cCegQIABAA&amp;oq=Mohamed+Tarabulsi&amp;gs_lcp=CgNpbWcQA1AAWABg3Y4OaABwAHgAgAEAiAEAkgEAmAEAqgELZ3dzLXdpei1pbWc&amp;sclient=img&amp;ei=pTVqX5ToF4T8U5D8jagF&amp;bih=654&amp;biw=1366&amp;client=firefox-b-d\" rel=\"noopener noreferrer\" target=\"_blank\">im\u00e1genes<\/a><\/td>\n<\/tr>\n<tr class=\"row-144\">\n\t<td class=\"column-1\"><img loading=\"lazy\" decoding=\"async\" src=\"http:\/\/www.reporolimpico.com\/wp-content\/uploads\/2020\/07\/LBN.jpg\" alt=\"\" width=\"22\" height=\"15\" class=\"alignnone size-full wp-image-141\" \/> L\u00edbano<\/td><td class=\"column-2\">Khalil Taha<\/td><td class=\"column-3\">Lucha<\/td><td class=\"column-4\">0<\/td><td class=\"column-5\">0<\/td><td class=\"column-6\">1<\/td><td class=\"column-7\">1<\/td><td class=\"column-8\"><a href=\"https:\/\/www.google.com\/search?q=Khalil+Taha&amp;tbm=isch&amp;ved=2ahUKEwiknYSMp_3rAhWExeAKHQtnAb0Q2-cCegQIABAA&amp;oq=Khalil+Taha&amp;gs_lcp=CgNpbWcQA1AAWABgwPUNaABwAHgAgAEAiAEAkgEAmAEAqgELZ3dzLXdpei1pbWc&amp;sclient=img&amp;ei=uTZqX-TcAoSLgweLzoXoCw&amp;bih=654&amp;biw=1366&amp;client=firefox-b-d\" rel=\"noopener noreferrer\" target=\"_blank\">im\u00e1genes<\/a><\/td>\n<\/tr>\n<tr class=\"row-145\">\n\t<td class=\"column-1\"><img loading=\"lazy\" decoding=\"async\" src=\"http:\/\/www.reporolimpico.com\/wp-content\/uploads\/2020\/07\/LBN.jpg\" alt=\"\" width=\"22\" height=\"15\" class=\"alignnone size-full wp-image-141\" \/> L\u00edbano<\/td><td class=\"column-2\">Hassan Bechara<\/td><td class=\"column-3\">Lucha<\/td><td class=\"column-4\">0<\/td><td class=\"column-5\">0<\/td><td class=\"column-6\">1<\/td><td class=\"column-7\">1<\/td><td class=\"column-8\"><a href=\"https:\/\/www.google.com\/search?q=Hassan+Bechara&amp;tbm=isch&amp;ved=2ahUKEwjbuIy4qP3rAhXW0OAKHYC-DRYQ2-cCegQIABAA&amp;oq=Hassan+Bechara&amp;gs_lcp=CgNpbWcQAzIECCMQJzIECCMQJzoECAAQHlC8tAhYn7oIYMy8CGgAcAB4AIABTYgBvwKSAQE1mAEAoAEBqgELZ3dzLXdpei1pbWfAAQE&amp;sclient=img&amp;ei=IThqX5ukNtahgweA_bawAQ&amp;bih=654&amp;biw=1366&amp;client=firefox-b-d\" rel=\"noopener noreferrer\" target=\"_blank\">im\u00e1genes<\/a><\/td>\n<\/tr>\n<tr class=\"row-146\">\n\t<td class=\"column-1\"><img loading=\"lazy\" decoding=\"async\" src=\"http:\/\/www.reporolimpico.com\/wp-content\/uploads\/2020\/07\/LIE.jpg\" alt=\"\" width=\"22\" height=\"15\" class=\"alignnone size-full wp-image-141\" \/> Liechtenstein<\/td><td class=\"column-2\">Hanni Wenzel<\/td><td class=\"column-3\">Esqu\u00ed Alpino<\/td><td class=\"column-4\">2<\/td><td class=\"column-5\">1<\/td><td class=\"column-6\">1<\/td><td class=\"column-7\">4<\/td><td class=\"column-8\"><a href=\"https:\/\/www.google.com\/search?q=Hanni+Wenzel&amp;tbm=isch&amp;ved=2ahUKEwiMhdWvi__rAhUJ_xoKHVC7D-QQ2-cCegQIABAA&amp;oq=Hanni+Wenzel&amp;gs_lcp=CgNpbWcQAzICCAAyBggAEAUQHlCQsA1YkLANYK21DWgAcAB4AIABRIgBRJIBATGYAQCgAQGqAQtnd3Mtd2l6LWltZ8ABAQ&amp;sclient=img&amp;ei=FyZrX8ydA4n-a9D2vqAO&amp;bih=654&amp;biw=1366&amp;client=firefox-b-d\" rel=\"noopener noreferrer\" target=\"_blank\">im\u00e1genes<\/a><\/td>\n<\/tr>\n<tr class=\"row-147\">\n\t<td class=\"column-1\"><img loading=\"lazy\" decoding=\"async\" src=\"http:\/\/www.reporolimpico.com\/wp-content\/uploads\/2020\/07\/LTU.jpg\" alt=\"\" width=\"22\" height=\"15\" class=\"alignnone size-full wp-image-141\" \/> Lituania<\/td><td class=\"column-2\">Virgilijus Alekna<\/td><td class=\"column-3\">Atletismo<\/td><td class=\"column-4\">2<\/td><td class=\"column-5\">0<\/td><td class=\"column-6\">1<\/td><td class=\"column-7\">3<\/td><td class=\"column-8\"><a href=\"https:\/\/www.google.com\/search?q=Virgilijus+Alekna&amp;tbm=isch&amp;ved=2ahUKEwiopvSIkf_rAhUU_RoKHbbJBzwQ2-cCegQIABAA&amp;oq=Virgilijus+Alekna&amp;gs_lcp=CgNpbWcQAzICCABQ_-VAWP_lQGDP50BoAHAAeACAAUyIAUySAQExmAEAoAEBqgELZ3dzLXdpei1pbWfAAQE&amp;sclient=img&amp;ei=ECxrX6jeF5T6a7aTn-AD&amp;bih=654&amp;biw=1366&amp;client=firefox-b-d\" rel=\"noopener noreferrer\" target=\"_blank\">im\u00e1genes<\/a><\/td>\n<\/tr>\n<tr class=\"row-148\">\n\t<td class=\"column-1\"><img loading=\"lazy\" decoding=\"async\" src=\"http:\/\/www.reporolimpico.com\/wp-content\/uploads\/2020\/07\/LTU.jpg\" alt=\"\" width=\"22\" height=\"15\" class=\"alignnone size-full wp-image-141\" \/> Lituania<\/td><td class=\"column-2\">Guintaras Einikis<\/td><td class=\"column-3\">Baloncesto<\/td><td class=\"column-4\">0<\/td><td class=\"column-5\">0<\/td><td class=\"column-6\">3<\/td><td class=\"column-7\">3<\/td><td class=\"column-8\"><a href=\"https:\/\/www.google.com\/search?q=Guintaras+Einikis&amp;tbm=isch&amp;ved=2ahUKEwiNwp_Blf_rAhVWwIUKHWrFCI0Q2-cCegQIABAA&amp;oq=Guintaras+Einikis&amp;gs_lcp=CgNpbWcQAzIECCMQJzIECCMQJ1DUPVjUPWDcP2gAcAB4AIABP4gBP5IBATGYAQCgAQGqAQtnd3Mtd2l6LWltZ8ABAQ&amp;sclient=img&amp;ei=uDBrX42GEdaAlwTqiqPoCA&amp;bih=654&amp;biw=1366&amp;client=firefox-b-d\" rel=\"noopener noreferrer\" target=\"_blank\">im\u00e1genes<\/a><\/td>\n<\/tr>\n<tr class=\"row-149\">\n\t<td class=\"column-1\"><img loading=\"lazy\" decoding=\"async\" src=\"http:\/\/www.reporolimpico.com\/wp-content\/uploads\/2020\/07\/LUX.jpg\" alt=\"\" width=\"22\" height=\"15\" class=\"alignnone size-full wp-image-141\" \/> Luxemburgo<\/td><td class=\"column-2\">Marc Girardelli<\/td><td class=\"column-3\">Esqu\u00ed Alpino<\/td><td class=\"column-4\">0<\/td><td class=\"column-5\">2<\/td><td class=\"column-6\">0<\/td><td class=\"column-7\">2<\/td><td class=\"column-8\"><a href=\"https:\/\/www.google.com\/search?q=Marc+Girardelli&amp;tbm=isch&amp;ved=2ahUKEwi9oNmqnv_rAhVIzBQKHYlJB9MQ2-cCegQIABAA&amp;oq=Marc+Girardelli&amp;gs_lcp=CgNpbWcQAzIECAAQEzIGCAAQHhATMgYIABAeEBMyBggAEB4QEzIGCAAQHhATMgYIABAeEBNQuM4cWIvoHGDJ6hxoAHAAeACAAZwBiAGcAZIBAzAuMZgBAaABAaoBC2d3cy13aXotaW1nwAEB&amp;sclient=img&amp;ei=-DlrX73EN8iYU4mTnZgN&amp;bih=654&amp;biw=1366&amp;client=firefox-b-d\" rel=\"noopener noreferrer\" target=\"_blank\">im\u00e1genes<\/a><\/td>\n<\/tr>\n<tr class=\"row-150\">\n\t<td class=\"column-1\"><img loading=\"lazy\" decoding=\"async\" src=\"http:\/\/www.reporolimpico.com\/wp-content\/uploads\/2020\/07\/MKD.jpg\" alt=\"\" width=\"22\" height=\"15\" class=\"alignnone size-full wp-image-141\" \/> Macedonia del Norte<\/td><td class=\"column-2\">Dejan Georgievski<\/td><td class=\"column-3\">Taekwondo<\/td><td class=\"column-4\">0<\/td><td class=\"column-5\">1<\/td><td class=\"column-6\">0<\/td><td class=\"column-7\">1<\/td><td class=\"column-8\"><a href=\"https:\/\/www.google.com\/search?q=Dejan+Georgievski&amp;tbm=isch&amp;ved=2ahUKEwiG4MHjp6vyAhXYw4UKHXW6BM4Q2-cCegQIABAA&amp;oq=Dejan+Georgievski&amp;gs_lcp=CgNpbWcQAzIECAAQE1C1vp0BWLW-nQFgyNWdAWgAcAB4AIABa4gBa5IBAzAuMZgBAKABAaoBC2d3cy13aXotaW1nwAEB&amp;sclient=img&amp;ei=q_wUYcbeINiHlwT19JLwDA&amp;bih=643&amp;biw=1366&amp;client=firefox-b-d\" rel=\"noopener noreferrer\" target=\"_blank\">im\u00e1genes<\/a><\/td>\n<\/tr>\n<tr class=\"row-151\">\n\t<td class=\"column-1\"><img loading=\"lazy\" decoding=\"async\" src=\"http:\/\/www.reporolimpico.com\/wp-content\/uploads\/2020\/07\/MKD.jpg\" alt=\"\" width=\"22\" height=\"15\" class=\"alignnone size-full wp-image-141\" \/> Macedonia del Norte<\/td><td class=\"column-2\">Magomed Ibragimov<\/td><td class=\"column-3\">Lucha<\/td><td class=\"column-4\">0<\/td><td class=\"column-5\">0<\/td><td class=\"column-6\">1<\/td><td class=\"column-7\">1<\/td><td class=\"column-8\"><a href=\"https:\/\/www.google.com\/search?q=Magomed+Ibragimov+sidney&amp;tbm=isch&amp;ved=2ahUKEwiZ5-b9o__rAhWp0eAKHZmhAzwQ2-cCegQIABAA&amp;oq=Magomed+Ibragimov+sidney&amp;gs_lcp=CgNpbWcQAzIECCMQJzoECAAQHjoECAAQGFDxDlivGWDQH2gAcAB4AIAB9QGIAecKkgEFMC40LjOYAQCgAQGqAQtnd3Mtd2l6LWltZ8ABAQ&amp;sclient=img&amp;ei=5T9rX9ngFqmjgweZw47gAw&amp;bih=654&amp;biw=1366&amp;client=firefox-b-d\" rel=\"noopener noreferrer\" target=\"_blank\">im\u00e1genes<\/a><\/td>\n<\/tr>\n<tr class=\"row-152\">\n\t<td class=\"column-1\"><img loading=\"lazy\" decoding=\"async\" src=\"http:\/\/www.reporolimpico.com\/wp-content\/uploads\/2020\/07\/MAS.jpg\" alt=\"\" width=\"22\" height=\"15\" class=\"alignnone size-full wp-image-141\" \/> Malasia<\/td><td class=\"column-2\">Lee Chong Wei<\/td><td class=\"column-3\">B\u00e1dminton<\/td><td class=\"column-4\">0<\/td><td class=\"column-5\">3<\/td><td class=\"column-6\">0<\/td><td class=\"column-7\">3<\/td><td class=\"column-8\"><a href=\"https:\/\/www.google.com\/search?q=Lee+Chong+Wei&amp;tbm=isch&amp;ved=2ahUKEwj625qApP_rAhWExeAKHSwDCP4Q2-cCegQIABAA&amp;oq=Lee+Chong+Wei&amp;gs_lcp=CgNpbWcQAzICCAAyBAgAEB4yBAgAEB4yBAgAEB4yBAgAEB4yBAgAEB4yBAgAEB4yBAgAEB4yBAgAEB4yBAgAEB5QyOMeWMjjHmCJ7x5oAHAAeACAAVGIAVGSAQExmAEAoAEBqgELZ3dzLXdpei1pbWfAAQE&amp;sclient=img&amp;ei=6j9rX_q-GYSLgweshqDwDw&amp;bih=654&amp;biw=1366&amp;client=firefox-b-d\" rel=\"noopener noreferrer\" target=\"_blank\">im\u00e1genes<\/a><\/td>\n<\/tr>\n<tr class=\"row-153\">\n\t<td class=\"column-1\"><img loading=\"lazy\" decoding=\"async\" src=\"http:\/\/www.reporolimpico.com\/wp-content\/uploads\/2020\/07\/MAR.jpg\" alt=\"\" width=\"22\" height=\"15\" class=\"alignnone size-full wp-image-141\" \/> Marruecos<\/td><td class=\"column-2\">Hicham El Guerrouj<\/td><td class=\"column-3\">Atletismo<\/td><td class=\"column-4\">2<\/td><td class=\"column-5\">1<\/td><td class=\"column-6\">0<\/td><td class=\"column-7\">3<\/td><td class=\"column-8\"><a href=\"https:\/\/www.google.com\/search?q=Hicham+El+Guerrouj&amp;tbm=isch&amp;ved=2ahUKEwjnlZe6qP_rAhUW1IUKHYoBC3IQ2-cCegQIABAA&amp;oq=Hicham+El+Guerrouj&amp;gs_lcp=CgNpbWcQA1AAWABg0tMBaABwAHgAgAEAiAEAkgEAmAEAqgELZ3dzLXdpei1pbWc&amp;sclient=img&amp;ei=lURrX6f3LJaolwSKg6yQBw&amp;bih=654&amp;biw=1366&amp;client=firefox-b-d\" rel=\"noopener noreferrer\" target=\"_blank\">im\u00e1genes<\/a><\/td>\n<\/tr>\n<tr class=\"row-154\">\n\t<td class=\"column-1\"><img loading=\"lazy\" decoding=\"async\" src=\"http:\/\/www.reporolimpico.com\/wp-content\/uploads\/2020\/07\/MRI.jpg\" alt=\"\" width=\"22\" height=\"15\" class=\"alignnone size-full wp-image-141\" \/> Mauricio<\/td><td class=\"column-2\">Bruno Julie<\/td><td class=\"column-3\">Boxeo<\/td><td class=\"column-4\">0<\/td><td class=\"column-5\">0<\/td><td class=\"column-6\">1<\/td><td class=\"column-7\">1<\/td><td class=\"column-8\"><a href=\"https:\/\/www.google.com\/search?q=Bruno+Julie&amp;tbm=isch&amp;ved=2ahUKEwitg8KP3YHsAhVy0uAKHZYUCAoQ2-cCegQIABAA&amp;oq=Bruno+Julie&amp;gs_lcp=CgNpbWcQAzIECAAQEzIICAAQCBAeEBMyCAgAEAgQHhATMggIABAIEB4QEzIGCAAQHhATMgYIABAeEBMyCAgAEAgQHhATMggIABAIEB4QEzIICAAQCBAeEBMyCAgAEAgQHhATOgcIIxDqAhAnUOy6K1jAvStgwMMraAFwAHgAgAFIiAFIkgEBMZgBAKABAaoBC2d3cy13aXotaW1nsAEKwAEB&amp;sclient=img&amp;ei=PohsX63sMfKkgweWqaBQ&amp;bih=654&amp;biw=1366&amp;client=firefox-b-d\" rel=\"noopener noreferrer\" target=\"_blank\">im\u00e1genes<\/a><\/td>\n<\/tr>\n<tr class=\"row-155\">\n\t<td class=\"column-1\"><img loading=\"lazy\" decoding=\"async\" src=\"http:\/\/www.reporolimpico.com\/wp-content\/uploads\/2020\/07\/MEX.jpg\" alt=\"\" width=\"22\" height=\"15\" class=\"alignnone size-full wp-image-141\" \/> M\u00e9xico<\/td><td class=\"column-2\">Joaqu\u00edn Capilla<\/td><td class=\"column-3\">Saltos Trampol\u00edn<\/td><td class=\"column-4\">1<\/td><td class=\"column-5\">1<\/td><td class=\"column-6\">2<\/td><td class=\"column-7\">4<\/td><td class=\"column-8\"><a href=\"https:\/\/www.google.com\/search?q=Joaqu%C3%ADn+Capilla&amp;tbm=isch&amp;ved=2ahUKEwjopZjk34HsAhUJcBQKHS49BTYQ2-cCegQIABAA&amp;oq=Joaqu%C3%ADn+Capilla&amp;gs_lcp=CgNpbWcQAzICCAAyAggAMgIIADICCAAyBAgAEBhQ2sU5WNrFOWDzyDloAHAAeACAAWOIAWOSAQExmAEAoAEBqgELZ3dzLXdpei1pbWfAAQE&amp;sclient=img&amp;ei=CYtsX6j9D4ngUa76lLAD&amp;bih=654&amp;biw=1366&amp;client=firefox-b-d\" rel=\"noopener noreferrer\" target=\"_blank\">im\u00e1genes<\/a><\/td>\n<\/tr>\n<tr class=\"row-156\">\n\t<td class=\"column-1\"><img loading=\"lazy\" decoding=\"async\" src=\"http:\/\/www.reporolimpico.com\/wp-content\/uploads\/2020\/07\/MDA.jpg\" alt=\"\" width=\"22\" height=\"15\" class=\"alignnone size-full wp-image-141\" \/> Moldavia (11)<\/td><td class=\"column-2\">Nicolae Juravschi<\/td><td class=\"column-3\">Pirag\u00fcismo<\/td><td class=\"column-4\">0<\/td><td class=\"column-5\">1<\/td><td class=\"column-6\">0<\/td><td class=\"column-7\">1<\/td><td class=\"column-8\"><a href=\"https:\/\/www.google.com\/search?q=Nicolae+Juravschi&amp;tbm=isch&amp;ved=2ahUKEwihnp6-4ovsAhUBAWMBHVMjBfYQ2-cCegQIABAA&amp;oq=Nicolae+Juravschi&amp;gs_lcp=CgNpbWcQAzIECCMQJzIECCMQJ1D9lAFY_ZQBYOqZAWgAcAB4AIABSIgBSJIBATGYAQCgAQGqAQtnd3Mtd2l6LWltZ8ABAQ&amp;sclient=img&amp;ei=DMxxX6HoFYGCjLsP08aUsA8&amp;bih=654&amp;biw=1366&amp;client=firefox-b-d\" rel=\"noopener noreferrer\" target=\"_blank\">im\u00e1genes<\/a><\/td>\n<\/tr>\n<tr class=\"row-157\">\n\t<td class=\"column-1\"><img loading=\"lazy\" decoding=\"async\" src=\"http:\/\/www.reporolimpico.com\/wp-content\/uploads\/2020\/07\/MDA.jpg\" alt=\"\" width=\"22\" height=\"15\" class=\"alignnone size-full wp-image-141\" \/> Moldavia (11)<\/td><td class=\"column-2\">Viktor Reneysky<\/td><td class=\"column-3\">Pirag\u00fcismo<\/td><td class=\"column-4\">0<\/td><td class=\"column-5\">1<\/td><td class=\"column-6\">0<\/td><td class=\"column-7\">1<\/td><td class=\"column-8\"><a href=\"https:\/\/www.google.com\/search?q=Viktor+Reneysky&amp;tbm=isch&amp;ved=2ahUKEwjr4tS04ovsAhUUxuAKHQTwDHQQ2-cCegQIABAA&amp;oq=Viktor+Reneysky&amp;gs_lcp=CgNpbWcQAzIECCMQJ1DLjwFYy48BYICVAWgAcAB4AIABRIgBRJIBATGYAQCgAQGqAQtnd3Mtd2l6LWltZ8ABAQ&amp;sclient=img&amp;ei=-MtxX-uGEZSMgweE4LOgBw&amp;bih=654&amp;biw=1366&amp;client=firefox-b-d\" rel=\"noopener noreferrer\" target=\"_blank\">im\u00e1genes<\/a><\/td>\n<\/tr>\n<tr class=\"row-158\">\n\t<td class=\"column-1\"><img loading=\"lazy\" decoding=\"async\" src=\"http:\/\/www.reporolimpico.com\/wp-content\/uploads\/2020\/07\/MDA.jpg\" alt=\"\" width=\"22\" height=\"15\" class=\"alignnone size-full wp-image-141\" \/> Moldavia<\/td><td class=\"column-2\">Oleg Moldovan<\/td><td class=\"column-3\">Tiro<\/td><td class=\"column-4\">0<\/td><td class=\"column-5\">1<\/td><td class=\"column-6\">0<\/td><td class=\"column-7\">1<\/td><td class=\"column-8\"><a href=\"https:\/\/www.google.com\/search?q=Oleg+Moldovan&amp;tbm=isch&amp;ved=2ahUKEwjyhMio4ovsAhWp2OAKHbwlBBMQ2-cCegQIABAA&amp;oq=Oleg+Moldovan&amp;gs_lcp=CgNpbWcQAzIECCMQJ1CYtwFYmLcBYPm8AWgAcAB4AIABTogBTpIBATGYAQCgAQGqAQtnd3Mtd2l6LWltZ8ABAQ&amp;sclient=img&amp;ei=3stxX_KdN6mxgwe8y5CYAQ&amp;bih=654&amp;biw=1366&amp;client=firefox-b-d\" rel=\"noopener noreferrer\" target=\"_blank\">im\u00e1genes<\/a><\/td>\n<\/tr>\n<tr class=\"row-159\">\n\t<td class=\"column-1\"><img loading=\"lazy\" decoding=\"async\" src=\"http:\/\/www.reporolimpico.com\/wp-content\/uploads\/2020\/07\/MDA.jpg\" alt=\"\" width=\"22\" height=\"15\" class=\"alignnone size-full wp-image-141\" \/> Moldavia<\/td><td class=\"column-2\">Sergei Mureico<\/td><td class=\"column-3\">Lucha<\/td><td class=\"column-4\">0<\/td><td class=\"column-5\">0<\/td><td class=\"column-6\">1<\/td><td class=\"column-7\">1<\/td><td class=\"column-8\"><a href=\"https:\/\/www.google.com\/search?q=Sergei+Mureico&amp;tbm=isch&amp;ved=2ahUKEwi81PeN4ovsAhUZzhQKHSmNA7cQ2-cCegQIABAA&amp;oq=Sergei+Mureico&amp;gs_lcp=CgNpbWcQAzIECCMQJ1CLlANY9aoDYI2sA2gAcAB4AIABSIgBzgGSAQEzmAEAoAEBqgELZ3dzLXdpei1pbWfAAQE&amp;sclient=img&amp;ei=p8txX_zkA5mcU6majrgL&amp;bih=654&amp;biw=1366&amp;client=firefox-b-d\" rel=\"noopener noreferrer\" target=\"_blank\">im\u00e1genes<\/a><\/td>\n<\/tr>\n<tr class=\"row-160\">\n\t<td class=\"column-1\"><img loading=\"lazy\" decoding=\"async\" src=\"http:\/\/www.reporolimpico.com\/wp-content\/uploads\/2020\/07\/MDA.jpg\" alt=\"\" width=\"22\" height=\"15\" class=\"alignnone size-full wp-image-141\" \/> Moldavia<\/td><td class=\"column-2\">Vitalie Grusac<\/td><td class=\"column-3\">Boxeo<\/td><td class=\"column-4\">0<\/td><td class=\"column-5\">0<\/td><td class=\"column-6\">1<\/td><td class=\"column-7\">1<\/td><td class=\"column-8\"><a href=\"https:\/\/www.google.com\/search?q=Vitalie+Grusac&amp;tbm=isch&amp;ved=2ahUKEwj__4794YvsAhUL0OAKHS9kBLQQ2-cCegQIABAA&amp;oq=Vitalie+Grusac&amp;gs_lcp=CgNpbWcQAzoECCMQJ1DA7QFYkIQCYJqLAmgAcAB4AIABSogB0QGSAQEzmAEAoAEBqgELZ3dzLXdpei1pbWfAAQE&amp;sclient=img&amp;ei=g8txX7-yMIuggwevyJGgCw&amp;bih=654&amp;biw=1366&amp;client=firefox-b-d\" rel=\"noopener noreferrer\" target=\"_blank\">im\u00e1genes<\/a><\/td>\n<\/tr>\n<tr class=\"row-161\">\n\t<td class=\"column-1\"><img loading=\"lazy\" decoding=\"async\" src=\"http:\/\/www.reporolimpico.com\/wp-content\/uploads\/2020\/07\/MDA.jpg\" alt=\"\" width=\"22\" height=\"15\" class=\"alignnone size-full wp-image-141\" \/> Moldavia<\/td><td class=\"column-2\">Veaceslav Gojan<\/td><td class=\"column-3\">Boxeo<\/td><td class=\"column-4\">0<\/td><td class=\"column-5\">0<\/td><td class=\"column-6\">1<\/td><td class=\"column-7\">1<\/td><td class=\"column-8\"><a href=\"https:\/\/www.google.com\/search?q=Veaceslav+Gojan&amp;tbm=isch&amp;ved=2ahUKEwi-w9Cap4fsAhV2gM4BHcDVCEMQ2-cCegQIABAA&amp;oq=Veaceslav+Gojan&amp;gs_lcp=CgNpbWcQA1AAWABgkkdoAHAAeACAAQCIAQCSAQCYAQCqAQtnd3Mtd2l6LWltZw&amp;sclient=img&amp;ei=BXVvX_6sAvaAur4PwKujmAQ&amp;bih=654&amp;biw=1366&amp;client=firefox-b-d\" rel=\"noopener noreferrer\" target=\"_blank\">im\u00e1genes<\/a><\/td>\n<\/tr>\n<tr class=\"row-162\">\n\t<td class=\"column-1\"><img loading=\"lazy\" decoding=\"async\" src=\"http:\/\/www.reporolimpico.com\/wp-content\/uploads\/2020\/07\/MDA.jpg\" alt=\"\" width=\"22\" height=\"15\" class=\"alignnone size-full wp-image-141\" \/> Moldavia<\/td><td class=\"column-2\">Serghei Tarnovschi<\/td><td class=\"column-3\">Pirag\u00fcismo<\/td><td class=\"column-4\">0<\/td><td class=\"column-5\">0<\/td><td class=\"column-6\">1<\/td><td class=\"column-7\">1<\/td><td class=\"column-8\"><a href=\"https:\/\/www.google.com\/search?q=Serghei+Tarnovschi&amp;tbm=isch&amp;ved=2ahUKEwiqj4S0savyAhVOPhoKHWE0C0AQ2-cCegQIABAA&amp;oq=Serghei+Tarnovschi&amp;gs_lcp=CgNpbWcQAzIFCAAQgARQ6PcWWOj3FmCj-hZoAHAAeACAAV-IAV-SAQExmAEAoAEBqgELZ3dzLXdpei1pbWfAAQE&amp;sclient=img&amp;ei=xAYVYaqdE878aOHorIAE&amp;bih=643&amp;biw=1366&amp;client=firefox-b-d\" rel=\"noopener noreferrer\" target=\"_blank\">im\u00e1genes<\/a><\/td>\n<\/tr>\n<tr class=\"row-163\">\n\t<td class=\"column-1\"><img loading=\"lazy\" decoding=\"async\" src=\"http:\/\/www.reporolimpico.com\/wp-content\/uploads\/2020\/07\/MGL.jpg\" alt=\"\" width=\"22\" height=\"15\" class=\"alignnone size-full wp-image-141\" \/> Mongolia<\/td><td class=\"column-2\">Naidangiin T\u00fcvshinbayar<\/td><td class=\"column-3\">Judo<\/td><td class=\"column-4\">1<\/td><td class=\"column-5\">1<\/td><td class=\"column-6\">0<\/td><td class=\"column-7\">2<\/td><td class=\"column-8\"><a href=\"https:\/\/www.google.com\/search?q=Naidangiin+T%C3%BCvshinbayar&amp;tbm=isch&amp;ved=2ahUKEwjWypu-6YvsAhVH8BoKHfa6C-0Q2-cCegQIABAA&amp;oq=Naidangiin+T%C3%BCvshinbayar&amp;gs_lcp=CgNpbWcQA1AAWABgz_EFaABwAHgAgAEAiAEAkgEAmAEAqgELZ3dzLXdpei1pbWc&amp;sclient=img&amp;ei=Y9NxX5aNFsfga_b1rugO&amp;bih=654&amp;biw=1366&amp;client=firefox-b-d\" rel=\"noopener noreferrer\" target=\"_blank\">im\u00e1genes<\/a><\/td>\n<\/tr>\n<tr class=\"row-164\">\n\t<td class=\"column-1\"><img loading=\"lazy\" decoding=\"async\" src=\"http:\/\/www.reporolimpico.com\/wp-content\/uploads\/2020\/07\/MNE.jpg\" alt=\"\" width=\"22\" height=\"15\" class=\"alignnone size-full wp-image-141\" \/> Montenegro (12)<\/td><td class=\"column-2\">Equipo balonmano<\/td><td class=\"column-3\">Balonmano<\/td><td class=\"column-4\">0<\/td><td class=\"column-5\">1<\/td><td class=\"column-6\">0<\/td><td class=\"column-7\">1<\/td><td class=\"column-8\"><a href=\"https:\/\/www.google.com\/search?q=montenegro+london+2012&amp;tbm=isch&amp;ved=2ahUKEwio_s2V8IvsAhUZcxoKHR71A6gQ2-cCegQIABAA&amp;oq=montenegro+london+2012&amp;gs_lcp=CgNpbWcQA1AAWABg8NMLaABwAHgAgAEAiAEAkgEAmAEAqgELZ3dzLXdpei1pbWc&amp;sclient=img&amp;ei=ZdpxX-i3D5nmaZ7qj8AK&amp;bih=654&amp;biw=1366&amp;client=firefox-b-d\" rel=\"noopener noreferrer\" target=\"_blank\">im\u00e1genes<\/a><\/td>\n<\/tr>\n<tr class=\"row-165\">\n\t<td class=\"column-1\"><img loading=\"lazy\" decoding=\"async\" src=\"http:\/\/www.reporolimpico.com\/wp-content\/uploads\/2020\/07\/MOZ.jpg\" alt=\"\" width=\"22\" height=\"15\" class=\"alignnone size-full wp-image-141\" \/> Mozambique<\/td><td class=\"column-2\">Maria Mutola<\/td><td class=\"column-3\">Atletismo<\/td><td class=\"column-4\">1<\/td><td class=\"column-5\">0<\/td><td class=\"column-6\">1<\/td><td class=\"column-7\">2<\/td><td class=\"column-8\"><a href=\"https:\/\/www.google.com\/search?q=Maria+Mutola&amp;tbm=isch&amp;ved=2ahUKEwjOxqmVoozsAhVK_IUKHXpSD00Q2-cCegQIABAA&amp;oq=Maria+Mutola&amp;gs_lcp=CgNpbWcQAzIECCMQJzICCAAyBAgAEB4yBAgAEB4yBAgAEB4yBAgAEB4yBAgAEB4yBAgAEB4yBAgAEB4yBAgAEB5QrhBY-SZgsCpoAHAAeACAAUWIAbwBkgEBM5gBAKABAaoBC2d3cy13aXotaW1nwAEB&amp;sclient=img&amp;ei=0g5yX86VGsr4lwT6pL3oBA&amp;bih=654&amp;biw=1366&amp;client=firefox-b-d\" rel=\"noopener noreferrer\" target=\"_blank\">im\u00e1genes<\/a><\/td>\n<\/tr>\n<tr class=\"row-166\">\n\t<td class=\"column-1\"><img loading=\"lazy\" decoding=\"async\" src=\"http:\/\/www.reporolimpico.com\/wp-content\/uploads\/2020\/07\/NAM.jpg\" alt=\"\" width=\"22\" height=\"15\" class=\"alignnone size-full wp-image-141\" \/> Namibia<\/td><td class=\"column-2\">Frankie Fredericks<\/td><td class=\"column-3\">Atletismo<\/td><td class=\"column-4\">0<\/td><td class=\"column-5\">4<\/td><td class=\"column-6\">0<\/td><td class=\"column-7\">4<\/td><td class=\"column-8\"><a href=\"https:\/\/www.google.com\/search?q=Frankie+Fredericks&amp;tbm=isch&amp;ved=2ahUKEwjH1pHjo4zsAhUYwoUKHTP3C2gQ2-cCegQIABAA&amp;oq=Frankie+Fredericks&amp;gs_lcp=CgNpbWcQA1AAWABgx_cZaABwAHgAgAEAiAEAkgEAmAEAqgELZ3dzLXdpei1pbWc&amp;sclient=img&amp;ei=ghByX8eNA5iElwSz7q_ABg&amp;bih=654&amp;biw=1366&amp;client=firefox-b-d\" rel=\"noopener noreferrer\" target=\"_blank\">im\u00e1genes<\/a><\/td>\n<\/tr>\n<tr class=\"row-167\">\n\t<td class=\"column-1\"><img loading=\"lazy\" decoding=\"async\" src=\"http:\/\/www.reporolimpico.com\/wp-content\/uploads\/2020\/07\/NIG.jpg\" alt=\"\" width=\"22\" height=\"15\" class=\"alignnone size-full wp-image-141\" \/> Niger<\/td><td class=\"column-2\">Abdoul Razak Issoufou Alfaga<\/td><td class=\"column-3\">Taekwondo<\/td><td class=\"column-4\">0<\/td><td class=\"column-5\">1<\/td><td class=\"column-6\">0<\/td><td class=\"column-7\">1<\/td><td class=\"column-8\"><a href=\"https:\/\/www.google.com\/search?q=Abdoul+Razak+Issoufou+Alfaga&amp;tbm=isch&amp;ved=2ahUKEwiciYeYqozsAhXG3eAKHe_-BsQQ2-cCegQIABAA&amp;oq=Abdoul+Razak+Issoufou+Alfaga&amp;gs_lcp=CgNpbWcQAzIECCMQJzIECCMQJ1C1GViSG2DvHGgAcAB4AIABN4gBbZIBATKYAQCgAQGqAQtnd3Mtd2l6LWltZ8ABAQ&amp;sclient=img&amp;ei=OxdyX9z_Jsa7gwfv_ZugDA&amp;bih=654&amp;biw=1366&amp;client=firefox-b-d\" rel=\"noopener noreferrer\" target=\"_blank\">im\u00e1genes<\/a><\/td>\n<\/tr>\n<tr class=\"row-168\">\n\t<td class=\"column-1\"><img loading=\"lazy\" decoding=\"async\" src=\"http:\/\/www.reporolimpico.com\/wp-content\/uploads\/2020\/07\/NIG.jpg\" alt=\"\" width=\"22\" height=\"15\" class=\"alignnone size-full wp-image-141\" \/> Niger<\/td><td class=\"column-2\">Issaka Dabor\u00e9<\/td><td class=\"column-3\">Boxeo<\/td><td class=\"column-4\">0<\/td><td class=\"column-5\">0<\/td><td class=\"column-6\">1<\/td><td class=\"column-7\">1<\/td><td class=\"column-8\"><a href=\"https:\/\/www.google.com\/search?q=Issaka+Dabor%C3%A9&amp;tbm=isch&amp;ved=2ahUKEwj7kffVqIzsAhWD1-AKHVe-CiIQ2-cCegQIABAA&amp;oq=Issaka+Dabor%C3%A9&amp;gs_lcp=CgNpbWcQA1AAWABg6tgLaABwAHgAgAEAiAEAkgEAmAEAqgELZ3dzLXdpei1pbWc&amp;sclient=img&amp;ei=pBVyX_uvIIOvgwfX_KqQAg&amp;bih=654&amp;biw=1366&amp;client=firefox-b-d\" rel=\"noopener noreferrer\" target=\"_blank\">im\u00e1genes<\/a><\/td>\n<\/tr>\n<tr class=\"row-169\">\n\t<td class=\"column-1\"><img loading=\"lazy\" decoding=\"async\" src=\"http:\/\/www.reporolimpico.com\/wp-content\/uploads\/2020\/07\/NGR.jpg\" alt=\"\" width=\"22\" height=\"15\" class=\"alignnone size-full wp-image-141\" \/> Nigeria<\/td><td class=\"column-2\">Enefiok Udo-Obong<\/td><td class=\"column-3\">Atletismo<\/td><td class=\"column-4\">1<\/td><td class=\"column-5\">0<\/td><td class=\"column-6\">1<\/td><td class=\"column-7\">2<\/td><td class=\"column-8\"><a href=\"https:\/\/www.google.com\/search?q=Enefiok+Udo-Obong&amp;tbm=isch&amp;ved=2ahUKEwjL8NmIqY7sAhUO1uAKHaXiBVAQ2-cCegQIABAA&amp;oq=Enefiok+Udo-Obong&amp;gs_lcp=CgNpbWcQA1AAWABggdoJaABwAHgAgAEAiAEAkgEAmAEAqgELZ3dzLXdpei1pbWc&amp;sclient=img&amp;ei=fiJzX8u5HY6sgwelxZeABQ&amp;bih=654&amp;biw=1366&amp;client=firefox-b-d\" rel=\"noopener noreferrer\" target=\"_blank\">im\u00e1genes<\/a><\/td>\n<\/tr>\n<tr class=\"row-170\">\n\t<td class=\"column-1\"><img loading=\"lazy\" decoding=\"async\" src=\"http:\/\/www.reporolimpico.com\/wp-content\/uploads\/2020\/07\/NGR.jpg\" alt=\"\" width=\"22\" height=\"15\" class=\"alignnone size-full wp-image-141\" \/> Nigeria<\/td><td class=\"column-2\">Falilat Ogunkoya <\/td><td class=\"column-3\">Atletismo<\/td><td class=\"column-4\">0<\/td><td class=\"column-5\">1<\/td><td class=\"column-6\">1<\/td><td class=\"column-7\">2<\/td><td class=\"column-8\"><a href=\"https:\/\/www.google.com\/search?q=Falilat+Ogunkoya&amp;tbm=isch&amp;ved=2ahUKEwjnoNy3qo7sAhWFw-AKHTMUCWoQ2-cCegQIABAA&amp;oq=Falilat+Ogunkoya&amp;gs_lcp=CgNpbWcQA1AAWABgqtoLaABwAHgAgAEAiAEAkgEAmAEAqgELZ3dzLXdpei1pbWc&amp;sclient=img&amp;ei=7SNzX6f2H4WHgwezqKTQBg&amp;bih=654&amp;biw=1366&amp;client=firefox-b-d\" rel=\"noopener noreferrer\" target=\"_blank\">im\u00e1genes<\/a><\/td>\n<\/tr>\n<tr class=\"row-171\">\n\t<td class=\"column-1\"><img loading=\"lazy\" decoding=\"async\" src=\"http:\/\/www.reporolimpico.com\/wp-content\/uploads\/2020\/07\/NGR.jpg\" alt=\"\" width=\"22\" height=\"15\" class=\"alignnone size-full wp-image-141\" \/> Nigeria<\/td><td class=\"column-2\">Mary Onyali<\/td><td class=\"column-3\">Atletismo<\/td><td class=\"column-4\">0<\/td><td class=\"column-5\">0<\/td><td class=\"column-6\">2<\/td><td class=\"column-7\">2<\/td><td class=\"column-8\"><a href=\"https:\/\/www.google.com\/search?q=Mary+Onyali&amp;tbm=isch&amp;ved=2ahUKEwio3-uTq47sAhUCdRQKHeBKAE0Q2-cCegQIABAA&amp;oq=Mary+Onyali&amp;gs_lcp=CgNpbWcQAzIECAAQEzIECAAQEzoECAAQHlDCgAxYwooMYMSNDGgAcAB4AIABT4gBjAGSAQEymAEAoAEBqgELZ3dzLXdpei1pbWfAAQE&amp;sclient=img&amp;ei=riRzX6jQK4LqUeCVgegE&amp;bih=654&amp;biw=1366&amp;client=firefox-b-d\" rel=\"noopener noreferrer\" target=\"_blank\">im\u00e1genes<\/a><\/td>\n<\/tr>\n<tr class=\"row-172\">\n\t<td class=\"column-1\"><img loading=\"lazy\" decoding=\"async\" src=\"http:\/\/www.reporolimpico.com\/wp-content\/uploads\/2020\/07\/NOR.jpg\" alt=\"\" width=\"22\" height=\"15\" class=\"alignnone size-full wp-image-141\" \/> Noruega<\/td><td class=\"column-2\">Marit Bjoergen<\/td><td class=\"column-3\">Esqu\u00ed Fondo<\/td><td class=\"column-4\">8<\/td><td class=\"column-5\">4<\/td><td class=\"column-6\">3<\/td><td class=\"column-7\">15<\/td><td class=\"column-8\"><a href=\"https:\/\/www.google.com\/search?q=Marit+Bj%C3%B8rgen&amp;tbm=isch&amp;ved=2ahUKEwiHncWUr47sAhWNwoUKHbHeAZwQ2-cCegQIABAA&amp;oq=Marit+Bj%C3%B8rgen&amp;gs_lcp=CgNpbWcQA1AAWABg4RpoAHAAeACAAQCIAQCSAQCYAQCqAQtnd3Mtd2l6LWltZw&amp;sclient=img&amp;ei=4ShzX8eoOI2FlwSxvYfgCQ&amp;bih=654&amp;biw=1366&amp;client=firefox-b-d\" rel=\"noopener noreferrer\" target=\"_blank\">im\u00e1genes<\/a><\/td>\n<\/tr>\n<tr class=\"row-173\">\n\t<td class=\"column-1\"><img loading=\"lazy\" decoding=\"async\" src=\"http:\/\/www.reporolimpico.com\/wp-content\/uploads\/2020\/07\/NZL.jpg\" alt=\"\" width=\"22\" height=\"15\" class=\"alignnone size-full wp-image-141\" \/> Nueva Zelanda<\/td><td class=\"column-2\">Lisa Carrington<\/td><td class=\"column-3\">Pirag\u00fcismo<\/td><td class=\"column-4\">5<\/td><td class=\"column-5\">0<\/td><td class=\"column-6\">1<\/td><td class=\"column-7\">6<\/td><td class=\"column-8\"><a href=\"https:\/\/www.google.com\/search?q=Lisa+Carrington&amp;tbm=isch&amp;ved=2ahUKEwjUkPnnsqvyAhUHQBoKHaYVAtQQ2-cCegQIABAA&amp;oq=Lisa+Carrington&amp;gs_lcp=CgNpbWcQAzIFCAAQgAQyBAgAEB4yBAgAEB4yBAgAEB4yBAgAEB4yBAgAEB4yBAgAEB4yBAgAEB4yBAgAEB4yBAgAEB5QhNIZWITSGWDg1xloAHAAeACAAX6IAX6SAQMwLjGYAQCgAQGqAQtnd3Mtd2l6LWltZ8ABAQ&amp;sclient=img&amp;ei=PQgVYZT-JYeAaaariKAN&amp;bih=643&amp;biw=1366&amp;client=firefox-b-d\" rel=\"noopener noreferrer\" target=\"_blank\">im\u00e1genes<\/a><\/td>\n<\/tr>\n<tr class=\"row-174\">\n\t<td class=\"column-1\"><img loading=\"lazy\" decoding=\"async\" src=\"http:\/\/www.reporolimpico.com\/wp-content\/uploads\/2020\/07\/NZL.jpg\" alt=\"\" width=\"22\" height=\"15\" class=\"alignnone size-full wp-image-141\" \/> Nueva Zelanda<\/td><td class=\"column-2\">Mark Todd<\/td><td class=\"column-3\">H\u00edpica<\/td><td class=\"column-4\">2<\/td><td class=\"column-5\">1<\/td><td class=\"column-6\">3<\/td><td class=\"column-7\">6<\/td><td class=\"column-8\"><a href=\"https:\/\/www.google.com\/search?q=Mark+Todd&amp;tbm=isch&amp;ved=2ahUKEwjMu-bsr47sAhUL8RoKHfkMBDgQ2-cCegQIABAA&amp;oq=Mark+Todd&amp;gs_lcp=CgNpbWcQAzIECAAQEzIECAAQEzIECAAQEzIECAAQEzIECAAQEzIECAAQEzIECAAQEzIECAAQEzIECAAQEzIECAAQE1DzpFVY86RVYOOrVWgAcAB4AIABTYgBTZIBATGYAQCgAQGqAQtnd3Mtd2l6LWltZ8ABAQ&amp;sclient=img&amp;ei=mylzX4yCAYvia_mZkMAD&amp;bih=654&amp;biw=1366&amp;client=firefox-b-d\" rel=\"noopener noreferrer\" target=\"_blank\">im\u00e1genes<\/a><\/td>\n<\/tr>\n<tr class=\"row-175\">\n\t<td class=\"column-1\"><img loading=\"lazy\" decoding=\"async\" src=\"http:\/\/www.reporolimpico.com\/wp-content\/uploads\/2020\/07\/NED.jpg\" alt=\"\" width=\"22\" height=\"15\" class=\"alignnone size-full wp-image-141\" \/> Pa\u00edses Bajos<\/td><td class=\"column-2\">Ireen W\u00fcst<\/td><td class=\"column-3\">Patinaje Vel.<\/td><td class=\"column-4\">6<\/td><td class=\"column-5\">5<\/td><td class=\"column-6\">2<\/td><td class=\"column-7\">13<\/td><td class=\"column-8\"><a href=\"https:\/\/www.google.com\/search?q=Ireen+W%C3%BCst&amp;tbm=isch&amp;ved=2ahUKEwjioMaBuI7sAhVpBGMBHfqSAgsQ2-cCegQIABAA&amp;oq=Ireen+W%C3%BCst&amp;gs_lcp=CgNpbWcQAzIECAAQEzIGCAAQHhATMgYIABAeEBMyBggAEB4QEzIICAAQBRAeEBNQ7L4bWOy-G2DvwBtoAHAAeACAAVeIAVeSAQExmAEAoAEBqgELZ3dzLXdpei1pbWfAAQE&amp;sclient=img&amp;ei=KjJzX-Jj6YiMuw_6pYpY&amp;bih=654&amp;biw=1366&amp;client=firefox-b-d\" rel=\"noopener noreferrer\" target=\"_blank\">im\u00e1genes<\/a><\/td>\n<\/tr>\n<tr class=\"row-176\">\n\t<td class=\"column-1\"><img loading=\"lazy\" decoding=\"async\" src=\"http:\/\/www.reporolimpico.com\/wp-content\/uploads\/2020\/07\/PAK.jpg\" alt=\"\" width=\"22\" height=\"15\" class=\"alignnone size-full wp-image-141\" \/> Pakist\u00e1n<\/td><td class=\"column-2\">Anwar Ahmed Khan<\/td><td class=\"column-3\">Hockey Hierba<\/td><td class=\"column-4\">1<\/td><td class=\"column-5\">2<\/td><td class=\"column-6\">0<\/td><td class=\"column-7\">3<\/td><td class=\"column-8\"><a href=\"https:\/\/www.google.com\/search?q=Anwar+Ahmed+Khan&amp;tbm=isch&amp;ved=2ahUKEwi-nZPE7pDsAhVF9hoKHQXTB-wQ2-cCegQIABAA&amp;oq=Anwar+Ahmed+Khan&amp;gs_lcp=CgNpbWcQAzIECCMQJ1DTcFjTcGCWdmgAcAB4AIABVYgBVZIBATGYAQCgAQGqAQtnd3Mtd2l6LWltZ8ABAQ&amp;sclient=img&amp;ei=xHd0X76rKcXsa4Wmn-AO&amp;bih=654&amp;biw=1366&amp;client=firefox-b-d\" rel=\"noopener noreferrer\" target=\"_blank\">im\u00e1genes<\/a><\/td>\n<\/tr>\n<tr class=\"row-177\">\n\t<td class=\"column-1\"><img loading=\"lazy\" decoding=\"async\" src=\"http:\/\/www.reporolimpico.com\/wp-content\/uploads\/2020\/07\/PAK.jpg\" alt=\"\" width=\"22\" height=\"15\" class=\"alignnone size-full wp-image-141\" \/> Pakist\u00e1n<\/td><td class=\"column-2\">Motiullah Khan<\/td><td class=\"column-3\">Hockey Hierba<\/td><td class=\"column-4\">1<\/td><td class=\"column-5\">2<\/td><td class=\"column-6\">0<\/td><td class=\"column-7\">3<\/td><td class=\"column-8\"><a href=\"https:\/\/www.google.com\/search?q=motiullah+hockey&amp;tbm=isch&amp;ved=2ahUKEwjgmqa67pDsAhUI9hoKHeHoA6wQ2-cCegQIABAA&amp;oq=mo&amp;gs_lcp=CgNpbWcQARgAMgQIIxAnMgQIIxAnMgQIABBDMgUIABCxAzIFCAAQsQMyBQgAELEDMgUIABCxAzIFCAAQsQMyAggAMgUIABCxA1C6jwFYmZEBYPaYAWgAcAB4AIABVYgBnwGSAQEymAEAoAEBqgELZ3dzLXdpei1pbWfAAQE&amp;sclient=img&amp;ei=sHd0X-CCAYjsa-HRj-AK&amp;bih=654&amp;biw=1366&amp;client=firefox-b-d\" rel=\"noopener noreferrer\" target=\"_blank\">im\u00e1genes<\/a><\/td>\n<\/tr>\n<tr class=\"row-178\">\n\t<td class=\"column-1\"><img loading=\"lazy\" decoding=\"async\" src=\"http:\/\/www.reporolimpico.com\/wp-content\/uploads\/2020\/07\/PAK.jpg\" alt=\"\" width=\"22\" height=\"15\" class=\"alignnone size-full wp-image-141\" \/> Pakist\u00e1n<\/td><td class=\"column-2\">Manzoor Hussain Atif<\/td><td class=\"column-3\">Hockey Hierba<\/td><td class=\"column-4\">1<\/td><td class=\"column-5\">2<\/td><td class=\"column-6\">0<\/td><td class=\"column-7\">3<\/td><td class=\"column-8\"><a href=\"https:\/\/www.google.com\/search?q=Manzoor+Hussain+Atif&amp;tbm=isch&amp;ved=2ahUKEwj7pt2w7pDsAhUT7xoKHY08B2MQ2-cCegQIABAA&amp;oq=Manzoor+Hussain+Atif&amp;gs_lcp=CgNpbWcQAzIECCMQJ1CilAFYopQBYLiWAWgAcAB4AIABSYgBSZIBATGYAQCgAQGqAQtnd3Mtd2l6LWltZ8ABAQ&amp;sclient=img&amp;ei=m3d0X7vtOZPea435nJgG&amp;bih=654&amp;biw=1366&amp;client=firefox-b-d\" rel=\"noopener noreferrer\" target=\"_blank\">im\u00e1genes<\/a><\/td>\n<\/tr>\n<tr class=\"row-179\">\n\t<td class=\"column-1\"><img loading=\"lazy\" decoding=\"async\" src=\"http:\/\/www.reporolimpico.com\/wp-content\/uploads\/2020\/07\/PAK.jpg\" alt=\"\" width=\"22\" height=\"15\" class=\"alignnone size-full wp-image-141\" \/> Pakist\u00e1n<\/td><td class=\"column-2\">Saeed Anwar<\/td><td class=\"column-3\">Hockey Hierba<\/td><td class=\"column-4\">1<\/td><td class=\"column-5\">2<\/td><td class=\"column-6\">0<\/td><td class=\"column-7\">3<\/td><td class=\"column-8\"><a href=\"https:\/\/www.google.com\/search?q=saeed+anwar+hockey&amp;tbm=isch&amp;ved=2ahUKEwir7eiu7pDsAhURbRoKHcgEAFsQ2-cCegQIABAA&amp;oq=Saeed+Anwar+h&amp;gs_lcp=CgNpbWcQARgAMgQIIxAnMgQIABATMgQIABATMgQIABATMgQIABATMgQIABATMggIABAIEB4QE1CAC1jeDmD1GGgAcAB4AIABUIgBlgGSAQEymAEAoAEBqgELZ3dzLXdpei1pbWfAAQE&amp;sclient=img&amp;ei=l3d0X-vFOZHaaciJgNgF&amp;bih=654&amp;biw=1366&amp;client=firefox-b-d\" rel=\"noopener noreferrer\" target=\"_blank\">im\u00e1genes<\/a><\/td>\n<\/tr>\n<tr class=\"row-180\">\n\t<td class=\"column-1\"><img loading=\"lazy\" decoding=\"async\" src=\"http:\/\/www.reporolimpico.com\/wp-content\/uploads\/2020\/07\/PAK.jpg\" alt=\"\" width=\"22\" height=\"15\" class=\"alignnone size-full wp-image-141\" \/> Pakist\u00e1n<\/td><td class=\"column-2\">Muhammad Asad Malik<\/td><td class=\"column-3\">Hockey Hierba<\/td><td class=\"column-4\">1<\/td><td class=\"column-5\">2<\/td><td class=\"column-6\">0<\/td><td class=\"column-7\">3<\/td><td class=\"column-8\"><a href=\"https:\/\/www.google.com\/search?q=Muhammad+Asad+Malik&amp;tbm=isch&amp;ved=2ahUKEwi5yYCc7JDsAhUTghoKHW0pDTQQ2-cCegQIABAA&amp;oq=Muhammad+Asad+Malik&amp;gs_lcp=CgNpbWcQAzIECAAQE1D-kyJY_pMiYNaYImgAcAB4AIABcYgBcZIBAzAuMZgBAKABAaoBC2d3cy13aXotaW1nwAEB&amp;sclient=img&amp;ei=V3V0X_nBJZOEau3StKAD&amp;bih=654&amp;biw=1366&amp;client=firefox-b-d\" rel=\"noopener noreferrer\" target=\"_blank\">im\u00e1genes<\/a><\/td>\n<\/tr>\n<tr class=\"row-181\">\n\t<td class=\"column-1\"><img loading=\"lazy\" decoding=\"async\" src=\"http:\/\/www.reporolimpico.com\/wp-content\/uploads\/2020\/07\/PAK.jpg\" alt=\"\" width=\"22\" height=\"15\" class=\"alignnone size-full wp-image-141\" \/> Pakist\u00e1n<\/td><td class=\"column-2\">Abdul Rashid<\/td><td class=\"column-3\">Hockey Hierba<\/td><td class=\"column-4\">1<\/td><td class=\"column-5\">1<\/td><td class=\"column-6\">1<\/td><td class=\"column-7\">3<\/td><td class=\"column-8\"><a href=\"https:\/\/www.google.com\/search?q=Abdul+Rashid+hockey&amp;tbm=isch&amp;ved=2ahUKEwj1h5_-65DsAhXC_IUKHSt0Ak0Q2-cCegQIABAA&amp;oq=Abdul+Rashid+hockey&amp;gs_lcp=CgNpbWcQA1AAWABgjeADaABwAHgAgAEAiAEAkgEAmAEAqgELZ3dzLXdpei1pbWc&amp;sclient=img&amp;ei=GXV0X7WXDML5lwSr6InoBA&amp;bih=654&amp;biw=1366&amp;client=firefox-b-d\" rel=\"noopener noreferrer\" target=\"_blank\">im\u00e1genes<\/a><\/td>\n<\/tr>\n<tr class=\"row-182\">\n\t<td class=\"column-1\"><img loading=\"lazy\" decoding=\"async\" src=\"http:\/\/www.reporolimpico.com\/wp-content\/uploads\/2020\/07\/PAN.jpg\" alt=\"\" width=\"22\" height=\"15\" class=\"alignnone size-full wp-image-141\" \/> Panam\u00e1<\/td><td class=\"column-2\">Lloyd LaBeach<\/td><td class=\"column-3\">Atletismo<\/td><td class=\"column-4\">0<\/td><td class=\"column-5\">0<\/td><td class=\"column-6\">2<\/td><td class=\"column-7\">2<\/td><td class=\"column-8\"><a href=\"https:\/\/www.google.com\/search?q=Lloyd+LaBeach&amp;tbm=isch&amp;ved=2ahUKEwi6ubaz75DsAhXB44UKHbxQAM4Q2-cCegQIABAA&amp;oq=Lloyd+LaBeach&amp;gs_lcp=CgNpbWcQA1AAWABgwO0FaABwAHgAgAEAiAEAkgEAmAEAqgELZ3dzLXdpei1pbWc&amp;sclient=img&amp;ei=rnh0X7qqAsHHlwS8oYHwDA&amp;bih=654&amp;biw=1366&amp;client=firefox-b-d\" rel=\"noopener noreferrer\" target=\"_blank\">im\u00e1genes<\/a><\/td>\n<\/tr>\n<tr class=\"row-183\">\n\t<td class=\"column-1\"><img loading=\"lazy\" decoding=\"async\" src=\"http:\/\/www.reporolimpico.com\/wp-content\/uploads\/2020\/07\/PAR.jpg\" alt=\"\" width=\"22\" height=\"15\" class=\"alignnone size-full wp-image-141\" \/> Paraguay (13)<\/td><td class=\"column-2\">Equipo F\u00fatbol<\/td><td class=\"column-3\">F\u00fatbol<\/td><td class=\"column-4\">0<\/td><td class=\"column-5\">1<\/td><td class=\"column-6\">0<\/td><td class=\"column-7\">1<\/td><td class=\"column-8\"><a href=\"https:\/\/www.google.com\/search?q=paraguay+atenas+2004&amp;tbm=isch&amp;ved=2ahUKEwjW_-jQ9JDsAhVB1-AKHQwdARwQ2-cCegQIABAA&amp;oq=paraguay+atenas+2004&amp;gs_lcp=CgNpbWcQA1AAWABgxo4NaABwAHgAgAEAiAEAkgEAmAEAqgELZ3dzLXdpei1pbWc&amp;sclient=img&amp;ei=KX50X5bHNMGugweMuoTgAQ&amp;bih=654&amp;biw=1366&amp;client=firefox-b-d\" rel=\"noopener noreferrer\" target=\"_blank\">im\u00e1genes<\/a><\/td>\n<\/tr>\n<tr class=\"row-184\">\n\t<td class=\"column-1\"><img loading=\"lazy\" decoding=\"async\" src=\"http:\/\/www.reporolimpico.com\/wp-content\/uploads\/2020\/07\/PER.jpg\" alt=\"\" width=\"22\" height=\"15\" class=\"alignnone size-full wp-image-141\" \/> Per\u00fa<\/td><td class=\"column-2\">Edwin V\u00e1squez<\/td><td class=\"column-3\">Tiro<\/td><td class=\"column-4\">1<\/td><td class=\"column-5\">0<\/td><td class=\"column-6\">0<\/td><td class=\"column-7\">1<\/td><td class=\"column-8\"><a href=\"https:\/\/www.google.com\/search?q=Edwin+V%C3%A1squez&amp;tbm=isch&amp;ved=2ahUKEwir37nVspPsAhUK8xQKHb4vBo4Q2-cCegQIABAA&amp;oq=Edwin+V%C3%A1squez&amp;gs_lcp=CgNpbWcQAzIECCMQJzICCAAyAggAMgIIADIGCAAQBRAeMgQIABAYMgQIABAYUNX3DVjV9w1gsv8NaABwAHgAgAGFAYgBhQGSAQMwLjGYAQCgAQGqAQtnd3Mtd2l6LWltZ8ABAQ&amp;sclient=img&amp;ei=pst1X6v0AormU77fmPAI&amp;bih=654&amp;biw=1366&amp;client=firefox-b-d&amp;hl=es\" rel=\"noopener noreferrer\" target=\"_blank\">im\u00e1genes<\/a><\/td>\n<\/tr>\n<tr class=\"row-185\">\n\t<td class=\"column-1\"><img loading=\"lazy\" decoding=\"async\" src=\"http:\/\/www.reporolimpico.com\/wp-content\/uploads\/2020\/07\/PER.jpg\" alt=\"\" width=\"22\" height=\"15\" class=\"alignnone size-full wp-image-141\" \/> Per\u00fa<\/td><td class=\"column-2\">Francisco Boza<\/td><td class=\"column-3\">Tiro<\/td><td class=\"column-4\">0<\/td><td class=\"column-5\">1<\/td><td class=\"column-6\">0<\/td><td class=\"column-7\">1<\/td><td class=\"column-8\"><a href=\"https:\/\/www.google.com\/search?q=Francisco+Boza&amp;tbm=isch&amp;ved=2ahUKEwj23b3ksZPsAhVP0uAKHS89DhQQ2-cCegQIABAA&amp;oq=Francisco+Boza&amp;gs_lcp=CgNpbWcQA1AAWABgyssHaABwAHgAgAEAiAEAkgEAmAEAqgELZ3dzLXdpei1pbWc&amp;sclient=img&amp;ei=ucp1X7adCM-kgwev-rigAQ&amp;bih=654&amp;biw=1366&amp;client=firefox-b-d&amp;hl=es\" rel=\"noopener noreferrer\" target=\"_blank\">im\u00e1genes<\/a><\/td>\n<\/tr>\n<tr class=\"row-186\">\n\t<td class=\"column-1\"><img loading=\"lazy\" decoding=\"async\" src=\"http:\/\/www.reporolimpico.com\/wp-content\/uploads\/2020\/07\/PER.jpg\" alt=\"\" width=\"22\" height=\"15\" class=\"alignnone size-full wp-image-141\" \/> Per\u00fa (14)<\/td><td class=\"column-2\">Equipo Voleibol<\/td><td class=\"column-3\">Voleibol<\/td><td class=\"column-4\">0<\/td><td class=\"column-5\">1<\/td><td class=\"column-6\">0<\/td><td class=\"column-7\">1<\/td><td class=\"column-8\"><a href=\"https:\/\/www.google.com\/search?q=peru+seul+1988&amp;tbm=isch&amp;ved=2ahUKEwjpyJiGtJPsAhVv2OAKHRl3AVIQ2-cCegQIABAA&amp;oq=peru+seul+1988&amp;gs_lcp=CgNpbWcQA1AAWABgtARoAHAAeACAAQCIAQCSAQCYAQCqAQtnd3Mtd2l6LWltZw&amp;sclient=img&amp;ei=GM11X-ncKu-wgweZ7oWQBQ&amp;bih=654&amp;biw=1366&amp;client=firefox-b-d&amp;hl=es\" rel=\"noopener noreferrer\" target=\"_blank\">im\u00e1genes<\/a><\/td>\n<\/tr>\n<tr class=\"row-187\">\n\t<td class=\"column-1\"><img loading=\"lazy\" decoding=\"async\" src=\"http:\/\/www.reporolimpico.com\/wp-content\/uploads\/2020\/07\/PER.jpg\" alt=\"\" width=\"22\" height=\"15\" class=\"alignnone size-full wp-image-141\" \/> Per\u00fa<\/td><td class=\"column-2\">Juan Jorge Giha<\/td><td class=\"column-3\">Tiro<\/td><td class=\"column-4\">0<\/td><td class=\"column-5\">1<\/td><td class=\"column-6\">0<\/td><td class=\"column-7\">1<\/td><td class=\"column-8\"><a href=\"https:\/\/www.google.com\/search?q=Juan+Giha&amp;tbm=isch&amp;ved=2ahUKEwj1z_rlspPsAhUP1uAKHRiMCOQQ2-cCegQIABAA&amp;oq=Juan+Giha&amp;gs_lcp=CgNpbWcQA1AAWABggIIFaABwAHgAgAEAiAEAkgEAmAEAqgELZ3dzLXdpei1pbWc&amp;sclient=img&amp;ei=yMt1X_XLKI-sgweYmKKgDg&amp;bih=654&amp;biw=1366&amp;client=firefox-b-d&amp;hl=es\" rel=\"noopener noreferrer\" target=\"_blank\">im\u00e1genes<\/a><\/td>\n<\/tr>\n<tr class=\"row-188\">\n\t<td class=\"column-1\"><img loading=\"lazy\" decoding=\"async\" src=\"http:\/\/www.reporolimpico.com\/wp-content\/uploads\/2020\/07\/POL.jpg\" alt=\"\" width=\"22\" height=\"15\" class=\"alignnone size-full wp-image-141\" \/> Polonia<\/td><td class=\"column-2\">Irena Szewi\u0144ska<\/td><td class=\"column-3\">Atletismo<\/td><td class=\"column-4\">3<\/td><td class=\"column-5\">2<\/td><td class=\"column-6\">2<\/td><td class=\"column-7\">7<\/td><td class=\"column-8\"><a href=\"https:\/\/www.google.com\/search?q=Irena+Szewi%C5%84ska&amp;tbm=isch&amp;ved=2ahUKEwiAm9Pet5PsAhWJ_4UKHdNuD0AQ2-cCegQIABAA&amp;oq=Irena+Szewi%C5%84ska&amp;gs_lcp=CgNpbWcQA1AAWABgvJ0faABwAHgAgAEAiAEAkgEAmAEAqgELZ3dzLXdpei1pbWc&amp;sclient=img&amp;ei=99B1X8DDH4n_lwTT3b2ABA&amp;bih=654&amp;biw=1366&amp;client=firefox-b-d&amp;hl=es\" rel=\"noopener noreferrer\" target=\"_blank\">im\u00e1genes<\/a><\/td>\n<\/tr>\n<tr class=\"row-189\">\n\t<td class=\"column-1\"><img loading=\"lazy\" decoding=\"async\" src=\"http:\/\/www.reporolimpico.com\/wp-content\/uploads\/2020\/07\/POR.jpg\" alt=\"\" width=\"22\" height=\"15\" class=\"alignnone size-full wp-image-141\" \/> Portugal<\/td><td class=\"column-2\">Carlos Lopes<\/td><td class=\"column-3\">Atletismo<\/td><td class=\"column-4\">1<\/td><td class=\"column-5\">1<\/td><td class=\"column-6\">0<\/td><td class=\"column-7\">2<\/td><td class=\"column-8\"><a href=\"https:\/\/www.google.com\/search?q=carlos+lopes&amp;tbm=isch&amp;ved=2ahUKEwj1veqc3JXsAhWS4oUKHdWPDPkQ2-cCegQIABAA&amp;oq=carlos+lopes&amp;gs_lcp=CgNpbWcQA1AAWABgl48GaABwAHgAgAEAiAEAkgEAmAEAqgELZ3dzLXdpei1pbWc&amp;sclient=img&amp;ei=qQN3X7XFBJLFlwTVn7LIDw&amp;bih=654&amp;biw=1366&amp;client=firefox-b-d\" rel=\"noopener noreferrer\" target=\"_blank\">im\u00e1genes<\/a><\/td>\n<\/tr>\n<tr class=\"row-190\">\n\t<td class=\"column-1\"><img loading=\"lazy\" decoding=\"async\" src=\"http:\/\/www.reporolimpico.com\/wp-content\/uploads\/2020\/07\/POR.jpg\" alt=\"\" width=\"22\" height=\"15\" class=\"alignnone size-full wp-image-141\" \/> Portugal<\/td><td class=\"column-2\">Rosa Mota<\/td><td class=\"column-3\">Atletismo<\/td><td class=\"column-4\">1<\/td><td class=\"column-5\">0<\/td><td class=\"column-6\">1<\/td><td class=\"column-7\">2<\/td><td class=\"column-8\"><a href=\"https:\/\/www.google.com\/search?q=rosa+mota&amp;tbm=isch&amp;ved=2ahUKEwiG6JnN3JXsAhUQTBoKHfYGDF4Q2-cCegQIABAA&amp;oq=rosa+mota&amp;gs_lcp=CgNpbWcQAzICCAAyBggAEAUQHjIGCAAQBRAeMgYIABAIEB4yBAgAEB4yBAgAEB4yBAgAEB4yBAgAEB4yBAgAEB4yBggAEAUQHjoECCMQJzoECAAQQzoFCAAQsQM6BwgAELEDEEM6CAgAELEDEIMBUMjAAVi4ywFgvcwBaABwAHgAgAFKiAHHBJIBATmYAQCgAQGqAQtnd3Mtd2l6LWltZ8ABAQ&amp;sclient=img&amp;ei=DgR3X4apH5CYafaNsPAF&amp;bih=654&amp;biw=1366&amp;client=firefox-b-d\" rel=\"noopener noreferrer\" target=\"_blank\">im\u00e1genes<\/a><\/td>\n<\/tr>\n<tr class=\"row-191\">\n\t<td class=\"column-1\"><img loading=\"lazy\" decoding=\"async\" src=\"http:\/\/www.reporolimpico.com\/wp-content\/uploads\/2020\/07\/POR.jpg\" alt=\"\" width=\"22\" height=\"15\" class=\"alignnone size-full wp-image-141\" \/> Portugal<\/td><td class=\"column-2\">Fernanda Ribeiro<\/td><td class=\"column-3\">Atletismo<\/td><td class=\"column-4\">1<\/td><td class=\"column-5\">0<\/td><td class=\"column-6\">1<\/td><td class=\"column-7\">2<\/td><td class=\"column-8\"><a href=\"https:\/\/www.google.com\/search?q=Fernanda+Ribeiro&amp;tbm=isch&amp;ved=2ahUKEwii_dTG3ZXsAhUXShoKHftsBekQ2-cCegQIABAA&amp;oq=Fernanda+Ribeiro&amp;gs_lcp=CgNpbWcQA1AAWABg5w5oAHAAeACAAQCIAQCSAQCYAQCqAQtnd3Mtd2l6LWltZw&amp;sclient=img&amp;ei=DQV3X-LCDpeUafvZlcgO&amp;bih=654&amp;biw=1366&amp;client=firefox-b-d\" rel=\"noopener noreferrer\" target=\"_blank\">im\u00e1genes<\/a><\/td>\n<\/tr>\n<tr class=\"row-192\">\n\t<td class=\"column-1\"><img loading=\"lazy\" decoding=\"async\" src=\"http:\/\/www.reporolimpico.com\/wp-content\/uploads\/2020\/07\/POR.jpg\" alt=\"\" width=\"22\" height=\"15\" class=\"alignnone size-full wp-image-141\" \/> Portugal<\/td><td class=\"column-2\">Fernando Pimenta<\/td><td class=\"column-3\">Pirag\u00fcismo<\/td><td class=\"column-4\">0<\/td><td class=\"column-5\">1<\/td><td class=\"column-6\">1<\/td><td class=\"column-7\">2<\/td><td class=\"column-8\"><a href=\"https:\/\/www.google.com\/search?q=Fernando+Pimenta&amp;tbm=isch&amp;ved=2ahUKEwjC9ZaxtKvyAhUx1uAKHTNSBegQ2-cCegQIABAA&amp;oq=Fernando+Pimenta&amp;gs_lcp=CgNpbWcQAzIFCAAQgAQyBAgAEB4yBAgAEB4yBAgAEB4yBAgAEB4yBAgAEB4yBggAEAUQHjIGCAAQCBAeMgYIABAIEB4yBAgAEBhQva0gWL2tIGCJsyBoAHAAeACAAWGIAWGSAQExmAEAoAEBqgELZ3dzLXdpei1pbWfAAQE&amp;sclient=img&amp;ei=4wkVYYL4JrGsgwezpJXADg&amp;bih=643&amp;biw=1366&amp;client=firefox-b-d\" rel=\"noopener noreferrer\" target=\"_blank\">im\u00e1genes<\/a><\/td>\n<\/tr>\n<tr class=\"row-193\">\n\t<td class=\"column-1\"><img loading=\"lazy\" decoding=\"async\" src=\"http:\/\/www.reporolimpico.com\/wp-content\/uploads\/2020\/07\/POR.jpg\" alt=\"\" width=\"22\" height=\"15\" class=\"alignnone size-full wp-image-141\" \/> Portugal<\/td><td class=\"column-2\">Lu\u00eds Mena e Silva<\/td><td class=\"column-3\">H\u00edpica<\/td><td class=\"column-4\">0<\/td><td class=\"column-5\">0<\/td><td class=\"column-6\">2<\/td><td class=\"column-7\">2<\/td><td class=\"column-8\"><a href=\"https:\/\/www.google.com\/search?q=Lu%C3%ADs+Mena+e+Silva&amp;tbm=isch&amp;ved=2ahUKEwibyYDj3ZXsAhVEihoKHd-NBd4Q2-cCegQIABAA&amp;oq=Lu%C3%ADs+Mena+e+Silva&amp;gs_lcp=CgNpbWcQA1AAWABgk3JoAHAAeACAAQCIAQCSAQCYAQCqAQtnd3Mtd2l6LWltZw&amp;sclient=img&amp;ei=SAV3X5uFKcSUat-blvAN&amp;bih=654&amp;biw=1366&amp;client=firefox-b-d\" rel=\"noopener noreferrer\" target=\"_blank\">im\u00e1genes<\/a><\/td>\n<\/tr>\n<tr class=\"row-194\">\n\t<td class=\"column-1\"><img loading=\"lazy\" decoding=\"async\" src=\"http:\/\/www.reporolimpico.com\/wp-content\/uploads\/2020\/07\/PUR.jpg\" alt=\"\" width=\"22\" height=\"15\" class=\"alignnone size-full wp-image-141\" \/> Puerto Rico<\/td><td class=\"column-2\">Monica Puig<\/td><td class=\"column-3\">Tenis<\/td><td class=\"column-4\">1<\/td><td class=\"column-5\">0<\/td><td class=\"column-6\">0<\/td><td class=\"column-7\">1<\/td><td class=\"column-8\"><a href=\"https:\/\/www.google.com\/search?q=Monica+Puig&amp;tbm=isch&amp;ved=2ahUKEwi42oTy3ZXsAhWBgM4BHe2DCawQ2-cCegQIABAA&amp;oq=Monica+Puig&amp;gs_lcp=CgNpbWcQAzICCAAyAggAMgIIADICCAAyAggAMgIIADICCAAyAggAMgIIADICCABQ3Oo4WNzqOGD48DhoAHAAeACAAXaIAXaSAQMwLjGYAQCgAQGqAQtnd3Mtd2l6LWltZ8ABAQ&amp;sclient=img&amp;ei=aAV3X7iGDIGBur4P7Yem4Ao&amp;bih=654&amp;biw=1366&amp;client=firefox-b-d\" rel=\"noopener noreferrer\" target=\"_blank\">im\u00e1genes<\/a><\/td>\n<\/tr>\n<tr class=\"row-195\">\n\t<td class=\"column-1\"><img loading=\"lazy\" decoding=\"async\" src=\"http:\/\/www.reporolimpico.com\/wp-content\/uploads\/2020\/07\/PUR.jpg\" alt=\"\" width=\"22\" height=\"15\" class=\"alignnone size-full wp-image-141\" \/> Puerto Rico<\/td><td class=\"column-2\">Jasmine Camacho-Quinn<\/td><td class=\"column-3\">Atletismo<\/td><td class=\"column-4\">1<\/td><td class=\"column-5\">0<\/td><td class=\"column-6\">0<\/td><td class=\"column-7\">1<\/td><td class=\"column-8\"><a href=\"https:\/\/www.google.com\/search?q=Jasmine+Camacho-Quinn&amp;tbm=isch&amp;ved=2ahUKEwjvu-SutqvyAhUIghoKHZoaAQYQ2-cCegQIABAA&amp;oq=Jasmine+Camacho-Quinn&amp;gs_lcp=CgNpbWcQA1DO9gdYzvYHYIf-B2gAcAB4AIABZ4gBZ5IBAzAuMZgBAKABAaoBC2d3cy13aXotaW1nwAEB&amp;sclient=img&amp;ei=9wsVYa_kHYiEapq1hDA&amp;bih=643&amp;biw=1366&amp;client=firefox-b-d\" rel=\"noopener noreferrer\" target=\"_blank\">im\u00e1genes<\/a><\/td>\n<\/tr>\n<tr class=\"row-196\">\n\t<td class=\"column-1\"><img loading=\"lazy\" decoding=\"async\" src=\"http:\/\/www.reporolimpico.com\/wp-content\/uploads\/2020\/07\/PUR.jpg\" alt=\"\" width=\"22\" height=\"15\" class=\"alignnone size-full wp-image-141\" \/> Puerto Rico<\/td><td class=\"column-2\">Luis Ortiz<\/td><td class=\"column-3\">Boxeo<\/td><td class=\"column-4\">0<\/td><td class=\"column-5\">1<\/td><td class=\"column-6\">0<\/td><td class=\"column-7\">1<\/td><td class=\"column-8\"><a href=\"https:\/\/www.google.com\/search?q=Luis+francisco+Ortiz+1984&amp;tbm=isch&amp;ved=2ahUKEwi9z6OX45XsAhVJ8BoKHQpZCukQ2-cCegQIABAA&amp;oq=Luis+francisco+Ortiz+1984&amp;gs_lcp=CgNpbWcQA1D_RVjXUmCEVGgAcAB4AIABigGIAb8FkgEDOS4xmAEAoAEBqgELZ3dzLXdpei1pbWfAAQE&amp;sclient=img&amp;ei=9Ap3X72FHcnga4qyqcgO&amp;bih=654&amp;biw=1349&amp;client=firefox-b-d&amp;hl=es\" rel=\"noopener noreferrer\" target=\"_blank\">im\u00e1genes<\/a><\/td>\n<\/tr>\n<tr class=\"row-197\">\n\t<td class=\"column-1\"><img loading=\"lazy\" decoding=\"async\" src=\"http:\/\/www.reporolimpico.com\/wp-content\/uploads\/2020\/07\/PUR.jpg\" alt=\"\" width=\"22\" height=\"15\" class=\"alignnone size-full wp-image-141\" \/> Puerto Rico<\/td><td class=\"column-2\">Jaime Espinal<\/td><td class=\"column-3\">Lucha<\/td><td class=\"column-4\">0<\/td><td class=\"column-5\">1<\/td><td class=\"column-6\">0<\/td><td class=\"column-7\">1<\/td><td class=\"column-8\"><a href=\"https:\/\/www.google.com\/search?q=Jaime+Espinal&amp;tbm=isch&amp;ved=2ahUKEwjgqMnk45XsAhXpgM4BHWiuBuUQ2-cCegQIABAA&amp;oq=Jaime+Espinal&amp;gs_lcp=CgNpbWcQA1AAWABgwq8EaABwAHgAgAEAiAEAkgEAmAEAqgELZ3dzLXdpei1pbWc&amp;sclient=img&amp;ei=lgt3X-CFI-mBur4P6NyaqA4&amp;bih=654&amp;biw=1366&amp;client=firefox-b-d\" rel=\"noopener noreferrer\" target=\"_blank\">im\u00e1genes<\/a><\/td>\n<\/tr>\n<tr class=\"row-198\">\n\t<td class=\"column-1\"><img loading=\"lazy\" decoding=\"async\" src=\"http:\/\/www.reporolimpico.com\/wp-content\/uploads\/2020\/07\/PUR.jpg\" alt=\"\" width=\"22\" height=\"15\" class=\"alignnone size-full wp-image-141\" \/> Puerto Rico<\/td><td class=\"column-2\">Juan Venegas<\/td><td class=\"column-3\">Boxeo<\/td><td class=\"column-4\">0<\/td><td class=\"column-5\">0<\/td><td class=\"column-6\">1<\/td><td class=\"column-7\">1<\/td><td class=\"column-8\"><a href=\"https:\/\/www.google.com\/search?q=Juan+Venegas+1948&amp;tbm=isch&amp;ved=2ahUKEwjj18r05JXsAhUHLxoKHZiGB4UQ2-cCegQIABAA&amp;oq=Juan+Venegas+1948&amp;gs_lcp=CgNpbWcQAzIECCMQJ1DxB1jxB2C_CWgAcAB4AIABPYgBPZIBATGYAQCgAQGqAQtnd3Mtd2l6LWltZ8ABAQ&amp;sclient=img&amp;ei=xAx3X-PlI4feaJiNnqgI&amp;bih=654&amp;biw=1366&amp;client=firefox-b-d\" rel=\"noopener noreferrer\" target=\"_blank\">im\u00e1genes<\/a><\/td>\n<\/tr>\n<tr class=\"row-199\">\n\t<td class=\"column-1\"><img loading=\"lazy\" decoding=\"async\" src=\"http:\/\/www.reporolimpico.com\/wp-content\/uploads\/2020\/07\/PUR.jpg\" alt=\"\" width=\"22\" height=\"15\" class=\"alignnone size-full wp-image-141\" \/> Puerto Rico<\/td><td class=\"column-2\">Orlando Maldonado<\/td><td class=\"column-3\">Boxeo<\/td><td class=\"column-4\">0<\/td><td class=\"column-5\">0<\/td><td class=\"column-6\">1<\/td><td class=\"column-7\">1<\/td><td class=\"column-8\"><a href=\"https:\/\/www.google.com\/search?q=Orlando+Maldonado+1976&amp;tbm=isch&amp;ved=2ahUKEwjew-6t5ZXsAhWOw4UKHQ5VDhMQ2-cCegQIABAA&amp;oq=Orlando+Maldonado+1976&amp;gs_lcp=CgNpbWcQA1AAWABgx88BaABwAHgAgAEAiAEAkgEAmAEAqgELZ3dzLXdpei1pbWc&amp;sclient=img&amp;ei=PA13X961K46HlwSOqrmYAQ&amp;bih=654&amp;biw=1366&amp;client=firefox-b-d\" rel=\"noopener noreferrer\" target=\"_blank\">im\u00e1genes<\/a><\/td>\n<\/tr>\n<tr class=\"row-200\">\n\t<td class=\"column-1\"><img loading=\"lazy\" decoding=\"async\" src=\"http:\/\/www.reporolimpico.com\/wp-content\/uploads\/2020\/07\/PUR.jpg\" alt=\"\" width=\"22\" height=\"15\" class=\"alignnone size-full wp-image-141\" \/> Puerto Rico<\/td><td class=\"column-2\">Ar\u00edstides Gonz\u00e1lez<\/td><td class=\"column-3\">Boxeo<\/td><td class=\"column-4\">0<\/td><td class=\"column-5\">0<\/td><td class=\"column-6\">1<\/td><td class=\"column-7\">1<\/td><td class=\"column-8\"><a href=\"https:\/\/www.google.com\/search?q=Ar%C3%ADstides+Gonz%C3%A1lez+1984&amp;tbm=isch&amp;ved=2ahUKEwifrcuP5pXsAhVRKxoKHSqnAW4Q2-cCegQIABAA&amp;oq=Ar%C3%ADstides+Gonz%C3%A1lez+1984&amp;gs_lcp=CgNpbWcQA1AAWABgzuIHaABwAHgAgAEAiAEAkgEAmAEAqgELZ3dzLXdpei1pbWc&amp;sclient=img&amp;ei=CQ53X9-EKNHWaKrOhvAG&amp;bih=654&amp;biw=1366&amp;client=firefox-b-d\" rel=\"noopener noreferrer\" target=\"_blank\">im\u00e1genes<\/a><\/td>\n<\/tr>\n<tr class=\"row-201\">\n\t<td class=\"column-1\"><img loading=\"lazy\" decoding=\"async\" src=\"http:\/\/www.reporolimpico.com\/wp-content\/uploads\/2020\/07\/PUR.jpg\" alt=\"\" width=\"22\" height=\"15\" class=\"alignnone size-full wp-image-141\" \/> Puerto Rico<\/td><td class=\"column-2\">An\u00edbal Acevedo<\/td><td class=\"column-3\">Boxeo<\/td><td class=\"column-4\">0<\/td><td class=\"column-5\">0<\/td><td class=\"column-6\">1<\/td><td class=\"column-7\">1<\/td><td class=\"column-8\"><a href=\"https:\/\/www.google.com\/search?q=An%C3%ADbal+Acevedo+1992&amp;tbm=isch&amp;ved=2ahUKEwiZ9baI55XsAhWBw4UKHUphAOMQ2-cCegQIABAA&amp;oq=An%C3%ADbal+Acevedo+1992&amp;gs_lcp=CgNpbWcQA1AAWABgu9wCaABwAHgAgAEAiAEAkgEAmAEAqgELZ3dzLXdpei1pbWc&amp;sclient=img&amp;ei=Bw93X9nVBIGHlwTKwoGYDg&amp;bih=654&amp;biw=1366&amp;client=firefox-b-d\" rel=\"noopener noreferrer\" target=\"_blank\">im\u00e1genes<\/a><\/td>\n<\/tr>\n<tr class=\"row-202\">\n\t<td class=\"column-1\"><img loading=\"lazy\" decoding=\"async\" src=\"http:\/\/www.reporolimpico.com\/wp-content\/uploads\/2020\/07\/PUR.jpg\" alt=\"\" width=\"22\" height=\"15\" class=\"alignnone size-full wp-image-141\" \/> Puerto Rico<\/td><td class=\"column-2\">Daniel Santos<\/td><td class=\"column-3\">Boxeo<\/td><td class=\"column-4\">0<\/td><td class=\"column-5\">0<\/td><td class=\"column-6\">1<\/td><td class=\"column-7\">1<\/td><td class=\"column-8\"><a href=\"https:\/\/www.google.com\/search?q=Daniel+Santos+1996&amp;tbm=isch&amp;ved=2ahUKEwj-7MbB55XsAhUH2xoKHVWDCsAQ2-cCegQIABAA&amp;oq=Daniel+Santos+1996&amp;gs_lcp=CgNpbWcQAzoCCAA6BAgAEENQwiVY7zBgnTNoAHAAeACAAUuIAbUCkgEBNZgBAKABAaoBC2d3cy13aXotaW1nwAEB&amp;sclient=img&amp;ei=fg93X_61NYe2a9WGqoAM&amp;bih=654&amp;biw=1366&amp;client=firefox-b-d\" rel=\"noopener noreferrer\" target=\"_blank\">im\u00e1genes<\/a><\/td>\n<\/tr>\n<tr class=\"row-203\">\n\t<td class=\"column-1\"><img loading=\"lazy\" decoding=\"async\" src=\"http:\/\/www.reporolimpico.com\/wp-content\/uploads\/2020\/07\/PUR.jpg\" alt=\"\" width=\"22\" height=\"15\" class=\"alignnone size-full wp-image-141\" \/> Puerto Rico<\/td><td class=\"column-2\">Javier Culson<\/td><td class=\"column-3\">Atletismo<\/td><td class=\"column-4\">0<\/td><td class=\"column-5\">0<\/td><td class=\"column-6\">1<\/td><td class=\"column-7\">1<\/td><td class=\"column-8\"><a href=\"https:\/\/www.google.com\/search?q=Javier+Culson&amp;tbm=isch&amp;ved=2ahUKEwjjhtTs55XsAhWq8IUKHQ9aBUsQ2-cCegQIABAA&amp;oq=Javier+Culson&amp;gs_lcp=CgNpbWcQA1AAWABgnaECaABwAHgAgAEAiAEAkgEAmAEAqgELZ3dzLXdpei1pbWc&amp;sclient=img&amp;ei=2Q93X6O2EKrhlwSPtJXYBA&amp;bih=654&amp;biw=1366&amp;client=firefox-b-d\" rel=\"noopener noreferrer\" target=\"_blank\">im\u00e1genes<\/a><\/td>\n<\/tr>\n<tr class=\"row-204\">\n\t<td class=\"column-1\"><img loading=\"lazy\" decoding=\"async\" src=\"http:\/\/www.reporolimpico.com\/wp-content\/uploads\/2020\/07\/QAT.jpg\" alt=\"\" width=\"22\" height=\"15\" class=\"alignnone size-full wp-image-141\" \/> Qatar<\/td><td class=\"column-2\">Mutaz Essa Barshim<\/td><td class=\"column-3\">Atletismo<\/td><td class=\"column-4\">1<\/td><td class=\"column-5\">1<\/td><td class=\"column-6\">1<\/td><td class=\"column-7\">3<\/td><td class=\"column-8\"><a href=\"https:\/\/www.google.com\/search?q=Mutaz+Essa+Barshim&amp;tbm=isch&amp;ved=2ahUKEwjUk53X6JXsAhVJ3RoKHeOGBIUQ2-cCegQIABAA&amp;oq=Mutaz+Essa+Barshim&amp;gs_lcp=CgNpbWcQAzICCAAyBAgAEB4yBAgAEB4yBAgAEB4yBAgAEBhQvs9uWL7PbmCu1W5oAHAAeACAAX6IAX6SAQMwLjGYAQCgAQGqAQtnd3Mtd2l6LWltZ8ABAQ&amp;sclient=img&amp;ei=uBB3X9TXLsm6a-ONkqgI&amp;bih=654&amp;biw=1366&amp;client=firefox-b-d\" rel=\"noopener noreferrer\" target=\"_blank\">im\u00e1genes<\/a><\/td>\n<\/tr>\n<tr class=\"row-205\">\n\t<td class=\"column-1\"><img loading=\"lazy\" decoding=\"async\" src=\"http:\/\/www.reporolimpico.com\/wp-content\/uploads\/2020\/07\/CZE.jpg\" alt=\"\" width=\"22\" height=\"15\" class=\"alignnone size-full wp-image-141\" \/> Rep\u00fablica Checa<\/td><td class=\"column-2\">Martina Sablikova<\/td><td class=\"column-3\">Patinaje Vel.<\/td><td class=\"column-4\">3<\/td><td class=\"column-5\">2<\/td><td class=\"column-6\">1<\/td><td class=\"column-7\">6<\/td><td class=\"column-8\"><a href=\"https:\/\/www.google.com\/search?q=Martina+S%C3%A1bl%C3%ADkov%C3%A1&amp;tbm=isch&amp;ved=2ahUKEwiYuvi_75XsAhWMAWMBHUAzDQEQ2-cCegQIABAA&amp;oq=Martina+S%C3%A1bl%C3%ADkov%C3%A1&amp;gs_lcp=CgNpbWcQAzIECAAQEzIGCAAQHhATMgYIABAeEBMyBggAEB4QEzIGCAAQHhATMgYIABAeEBNQjsc6WI7HOmD0zDpoAHAAeACAAW2IAW2SAQMwLjGYAQCgAQGqAQtnd3Mtd2l6LWltZ8ABAQ&amp;sclient=img&amp;ei=3hd3X5jTO4yDjLsPwOa0CA&amp;bih=654&amp;biw=1366&amp;client=firefox-b-d\" rel=\"noopener noreferrer\" target=\"_blank\">im\u00e1genes<\/a><\/td>\n<\/tr>\n<tr class=\"row-206\">\n\t<td class=\"column-1\"><img loading=\"lazy\" decoding=\"async\" src=\"http:\/\/www.reporolimpico.com\/wp-content\/uploads\/2020\/07\/CZE.jpg\" alt=\"\" width=\"22\" height=\"15\" class=\"alignnone size-full wp-image-141\" \/> Rep\u00fablica Checa<\/td><td class=\"column-2\">Katerina Neumannova<\/td><td class=\"column-3\">Esqu\u00ed Fondo<\/td><td class=\"column-4\">1<\/td><td class=\"column-5\">4<\/td><td class=\"column-6\">1<\/td><td class=\"column-7\">6<\/td><td class=\"column-8\"><a href=\"https:\/\/www.google.com\/search?q=Kate%C5%99ina+Neumannov%C3%A1&amp;tbm=isch&amp;ved=2ahUKEwjV-7Cq9JXsAhUE0-AKHUDlB9YQ2-cCegQIABAA&amp;oq=Kate%C5%99ina+Neumannov%C3%A1&amp;gs_lcp=CgNpbWcQA1AAWABg8PsXaABwAHgAgAEAiAEAkgEAmAEAqgELZ3dzLXdpei1pbWc&amp;sclient=img&amp;ei=7xx3X5XIOYSmgwfAyp-wDQ&amp;bih=654&amp;biw=1366&amp;client=firefox-b-d\" rel=\"noopener noreferrer\" target=\"_blank\">im\u00e1genes<\/a><\/td>\n<\/tr>\n<tr class=\"row-207\">\n\t<td class=\"column-1\"><img loading=\"lazy\" decoding=\"async\" src=\"http:\/\/www.reporolimpico.com\/wp-content\/uploads\/2020\/07\/DOM.jpg\" alt=\"\" width=\"22\" height=\"15\" class=\"alignnone size-full wp-image-141\" \/> Rep\u00fablica Dominicana<\/td><td class=\"column-2\">F\u00e9lix S\u00e1nchez<\/td><td class=\"column-3\">Atletismo<\/td><td class=\"column-4\">2<\/td><td class=\"column-5\">0<\/td><td class=\"column-6\">0<\/td><td class=\"column-7\">2<\/td><td class=\"column-8\"><a href=\"https:\/\/www.google.com\/search?q=F%C3%A9lix+S%C3%A1nchez&amp;tbm=isch&amp;ved=2ahUKEwibvovm9ZXsAhUG0uAKHcjFDJkQ2-cCegQIABAA&amp;oq=F%C3%A9lix+S%C3%A1nchez&amp;gs_lcp=CgNpbWcQAzICCAAyAggAMgYIABAFEB4yBggAEAUQHjIGCAAQCBAeMgQIABAYUO_gHljv4B5grOYeaABwAHgAgAF2iAF2kgEDMC4xmAEAoAEBqgELZ3dzLXdpei1pbWfAAQE&amp;sclient=img&amp;ei=eR53X9udJIakgwfIi7PICQ&amp;bih=654&amp;biw=1366&amp;client=firefox-b-d\" rel=\"noopener noreferrer\" target=\"_blank\">im\u00e1genes<\/a><\/td>\n<\/tr>\n<tr class=\"row-208\">\n\t<td class=\"column-1\"><img loading=\"lazy\" decoding=\"async\" src=\"http:\/\/www.reporolimpico.com\/wp-content\/uploads\/2020\/07\/DOM.jpg\" alt=\"\" width=\"22\" height=\"15\" class=\"alignnone size-full wp-image-141\" \/> Rep\u00fablica Dominicana<\/td><td class=\"column-2\">Luguel\u00edn Santos<\/td><td class=\"column-3\">Atletismo<\/td><td class=\"column-4\">0<\/td><td class=\"column-5\">2<\/td><td class=\"column-6\">0<\/td><td class=\"column-7\">2<\/td><td class=\"column-8\"><a href=\"https:\/\/www.google.com\/search?q=Luguel%C3%ADn+Santos&amp;tbm=isch&amp;ved=2ahUKEwiU0dzttqvyAhWaDWMBHW_sCCkQ2-cCegQIABAA&amp;oq=Luguel%C3%ADn+Santos&amp;gs_lcp=CgNpbWcQAzIFCAAQgAQyBQgAEIAEMgQIABAYULGSM1ixkjNg8JczaABwAHgAgAFViAFVkgEBMZgBAKABAaoBC2d3cy13aXotaW1nwAEB&amp;sclient=img&amp;ei=ewwVYdSnHZqbjLsP79ijyAI&amp;bih=643&amp;biw=1366&amp;client=firefox-b-d\" rel=\"noopener noreferrer\" target=\"_blank\">im\u00e1genes<\/a><\/td>\n<\/tr>\n<tr class=\"row-209\">\n\t<td class=\"column-1\"><img loading=\"lazy\" decoding=\"async\" src=\"http:\/\/www.reporolimpico.com\/wp-content\/uploads\/2020\/07\/DOM.jpg\" alt=\"\" width=\"22\" height=\"15\" class=\"alignnone size-full wp-image-141\" \/> Rep\u00fablica Dominicana<\/td><td class=\"column-2\">Marileidy Paulino<\/td><td class=\"column-3\">Atletismo<\/td><td class=\"column-4\">0<\/td><td class=\"column-5\">2<\/td><td class=\"column-6\">0<\/td><td class=\"column-7\">2<\/td><td class=\"column-8\"><a href=\"https:\/\/www.google.com\/search?q=Marileidy+Paulino&amp;tbm=isch&amp;ved=2ahUKEwipkcvMu6vyAhUY-xoKHUVkCk8Q2-cCegQIABAA&amp;oq=Marileidy+Paulino&amp;gs_lcp=CgNpbWcQAzIFCAAQgAQyBAgAEBgyBAgAEBgyBAgAEBgyBAgAEBgyBAgAEBgyBAgAEBgyBAgAEBgyBAgAEBgyBAgAEBhQ76IBWO-iAWCVqAFoAHAAeACAAVCIAVCSAQExmAEAoAEBqgELZ3dzLXdpei1pbWfAAQE&amp;sclient=img&amp;ei=dBEVYamHCpj2a8XIqfgE&amp;bih=643&amp;biw=1366&amp;client=firefox-b-d\" rel=\"noopener noreferrer\" target=\"_blank\">im\u00e1genes<\/a><\/td>\n<\/tr>\n<tr class=\"row-210\">\n\t<td class=\"column-1\"><img loading=\"lazy\" decoding=\"async\" src=\"http:\/\/www.reporolimpico.com\/wp-content\/uploads\/2020\/07\/ROU.jpg\" alt=\"\" width=\"22\" height=\"15\" class=\"alignnone size-full wp-image-141\" \/> Ruman\u00eda<\/td><td class=\"column-2\">Nadia Comaneci<\/td><td class=\"column-3\">Gimnasia<\/td><td class=\"column-4\">5<\/td><td class=\"column-5\">3<\/td><td class=\"column-6\">1<\/td><td class=\"column-7\">9<\/td><td class=\"column-8\"><a href=\"https:\/\/www.google.com\/search?q=Nadia+Comaneci&amp;client=firefox-b-d&amp;sxsrf=ALeKk01DS2z01qk6x7Pf_max-dgzU7fgEw:1602066951886&amp;source=lnms&amp;tbm=isch&amp;sa=X&amp;ved=2ahUKEwjO4sq8pKLsAhUryIUKHbb3AskQ_AUoAXoECCMQAw&amp;biw=1366&amp;bih=654\" rel=\"noopener noreferrer\" target=\"_blank\">im\u00e1genes<\/a><\/td>\n<\/tr>\n<tr class=\"row-211\">\n\t<td class=\"column-1\"><img loading=\"lazy\" decoding=\"async\" src=\"http:\/\/www.reporolimpico.com\/wp-content\/uploads\/2020\/07\/RUS.jpg\" alt=\"\" width=\"22\" height=\"15\" class=\"alignnone size-full wp-image-141\" \/> Rusia<\/td><td class=\"column-2\">Alexei Nemov<\/td><td class=\"column-3\">Gimnasia<\/td><td class=\"column-4\">4<\/td><td class=\"column-5\">2<\/td><td class=\"column-6\">6<\/td><td class=\"column-7\">12<\/td><td class=\"column-8\"><a href=\"https:\/\/www.google.com\/search?q=Alexei+Nemov&amp;tbm=isch&amp;ved=2ahUKEwjH2-aLtKLsAhUUKRQKHTZpAL4Q2-cCegQIABAA&amp;oq=Alexei+Nemov&amp;gs_lcp=CgNpbWcQA1AAWABg9gdoAHAAeACAAQCIAQCSAQCYAQCqAQtnd3Mtd2l6LWltZw&amp;sclient=img&amp;ei=aKp9X8eHIZTSULbSgfAL&amp;bih=654&amp;biw=1366&amp;client=firefox-b-d\" rel=\"noopener noreferrer\" target=\"_blank\">im\u00e1genes<\/a><\/td>\n<\/tr>\n<tr class=\"row-212\">\n\t<td class=\"column-1\"><img loading=\"lazy\" decoding=\"async\" src=\"http:\/\/www.reporolimpico.com\/wp-content\/uploads\/2020\/07\/SAM.jpg\" alt=\"\" width=\"22\" height=\"15\" class=\"alignnone size-full wp-image-141\" \/> Samoa<\/td><td class=\"column-2\">Ele Opeloge<\/td><td class=\"column-3\">Halterofilia<\/td><td class=\"column-4\">0<\/td><td class=\"column-5\">1<\/td><td class=\"column-6\">0<\/td><td class=\"column-7\">1<\/td><td class=\"column-8\"><a href=\"https:\/\/www.google.com\/search?q=Ele+Opeloge&amp;tbm=isch&amp;ved=2ahUKEwjd-dyMtKLsAhUZzhQKHZk8A3YQ2-cCegQIABAA&amp;oq=Ele+Opeloge&amp;gs_lcp=CgNpbWcQAzIECAAQHlDv-RhY7_kYYOT8GGgAcAB4AIABRIgBRJIBATGYAQCgAQGqAQtnd3Mtd2l6LWltZ8ABAQ&amp;sclient=img&amp;ei=aqp9X92cHZmcU5n5jLAH&amp;bih=654&amp;biw=1366&amp;client=firefox-b-d\" rel=\"noopener noreferrer\" target=\"_blank\">im\u00e1genes<\/a><\/td>\n<\/tr>\n<tr class=\"row-213\">\n\t<td class=\"column-1\"><img loading=\"lazy\" decoding=\"async\" src=\"http:\/\/www.reporolimpico.com\/wp-content\/uploads\/2020\/07\/SMR.jpg\" alt=\"\" width=\"22\" height=\"15\" class=\"alignnone size-full wp-image-141\" \/> San Marino<\/td><td class=\"column-2\">Alessandra Perilli<\/td><td class=\"column-3\">Tiro<\/td><td class=\"column-4\">0<\/td><td class=\"column-5\">1<\/td><td class=\"column-6\">1<\/td><td class=\"column-7\">2<\/td><td class=\"column-8\"><a href=\"https:\/\/www.google.com\/search?q=Alessandra+Perilli&amp;tbm=isch&amp;ved=2ahUKEwjsubHjqpryAhVKwYUKHVz6DPoQ2-cCegQIABAA&amp;oq=Alessandra+Perilli&amp;gs_lcp=CgNpbWcQAzIFCAAQgAQyBAgAEBgyBAgAEBgyBAgAEBhQuLUfWLi1H2DmvR9oAHAAeACAAUeIAUeSAQExmAEAoAEBqgELZ3dzLXdpei1pbWfAAQE&amp;sclient=img&amp;ei=HRYMYay3AcqClwTc9LPQDw&amp;bih=643&amp;biw=1366&amp;client=firefox-b-dr\" target=\"_blank\" rel=\"noopener\">im\u00e1genes<\/a><\/td>\n<\/tr>\n<tr class=\"row-214\">\n\t<td class=\"column-1\"><img loading=\"lazy\" decoding=\"async\" src=\"http:\/\/www.reporolimpico.com\/wp-content\/uploads\/2020\/07\/SEN.jpg\" alt=\"\" width=\"22\" height=\"15\" class=\"alignnone size-full wp-image-141\" \/> Senegal<\/td><td class=\"column-2\">Amadou Dia Ba<\/td><td class=\"column-3\">Atletismo<\/td><td class=\"column-4\">0<\/td><td class=\"column-5\">1<\/td><td class=\"column-6\">0<\/td><td class=\"column-7\">1<\/td><td class=\"column-8\"><a href=\"https:\/\/www.google.com\/search?q=Amadou+Dia+Ba&amp;tbm=isch&amp;ved=2ahUKEwiBp_-nuKLsAhUBHBoKHTA5BhwQ2-cCegQIABAA&amp;oq=Amadou+Dia+Ba&amp;gs_lcp=CgNpbWcQA1AAWABgl4UFaABwAHgAgAEAiAEAkgEAmAEAqgELZ3dzLXdpei1pbWc&amp;sclient=img&amp;ei=1a59X8HoGIG4aLDymOAB&amp;bih=654&amp;biw=1366&amp;client=firefox-b-d\" rel=\"noopener noreferrer\" target=\"_blank\">im\u00e1genes<\/a><\/td>\n<\/tr>\n<tr class=\"row-215\">\n\t<td class=\"column-1\"><img loading=\"lazy\" decoding=\"async\" src=\"http:\/\/www.reporolimpico.com\/wp-content\/uploads\/2020\/07\/SRB.jpg\" alt=\"\" width=\"22\" height=\"15\" class=\"alignnone size-full wp-image-141\" \/> Serbia<\/td><td class=\"column-2\">Andrija Prlainovic<\/td><td class=\"column-3\">Waterpolo<\/td><td class=\"column-4\">2<\/td><td class=\"column-5\">0<\/td><td class=\"column-6\">2<\/td><td class=\"column-7\">4<\/td><td class=\"column-8\"><a href=\"https:\/\/www.google.com\/search?q=Andrija+Prlainovic&amp;tbm=isch&amp;ved=2ahUKEwirhPvPuKLsAhVCaBoKHTF-DVkQ2-cCegQIABAA&amp;oq=Andrija+Prlainovic&amp;gs_lcp=CgNpbWcQAzIECAAQE1DhtClY4bQpYKO6KWgAcAB4AIAB3wGIAd8BkgEDMi0xmAEAoAEBqgELZ3dzLXdpei1pbWfAAQE&amp;sclient=img&amp;ei=Ka99X-vLDcLQabH8tcgF&amp;bih=654&amp;biw=1366&amp;client=firefox-b-d\" rel=\"noopener noreferrer\" target=\"_blank\">im\u00e1genes<\/a><\/td>\n<\/tr>\n<tr class=\"row-216\">\n\t<td class=\"column-1\"><img loading=\"lazy\" decoding=\"async\" src=\"http:\/\/www.reporolimpico.com\/wp-content\/uploads\/2020\/07\/SRB.jpg\" alt=\"\" width=\"22\" height=\"15\" class=\"alignnone size-full wp-image-141\" \/> Serbia<\/td><td class=\"column-2\">Filip Filipovic<\/td><td class=\"column-3\">Waterpolo<\/td><td class=\"column-4\">2<\/td><td class=\"column-5\">0<\/td><td class=\"column-6\">2<\/td><td class=\"column-7\">4<\/td><td class=\"column-8\"><a href=\"https:\/\/www.google.com\/search?q=Filip+Filipovic&amp;tbm=isch&amp;ved=2ahUKEwih5qqUu6LsAhUWw4UKHYO0DgAQ2-cCegQIABAA&amp;oq=Filip+Filipovic&amp;gs_lcp=CgNpbWcQAzICCAAyBAgAEB4yBAgAEB4yBAgAEB4yBAgAEB4yBggAEAUQHjIGCAAQBRAeMgYIABAFEB4yBAgAEB4yBAgAEB5Q5NUKWOTVCmCG3ApoAHAAeACAAcoBiAHKAZIBAzItMZgBAKABAaoBC2d3cy13aXotaW1nwAEB&amp;sclient=img&amp;ei=0bF9X-G5HZaGlwSD6To&amp;bih=654&amp;biw=1366&amp;client=firefox-b-d\" rel=\"noopener noreferrer\" target=\"_blank\">im\u00e1genes<\/a><\/td>\n<\/tr>\n<tr class=\"row-217\">\n\t<td class=\"column-1\"><img loading=\"lazy\" decoding=\"async\" src=\"http:\/\/www.reporolimpico.com\/wp-content\/uploads\/2020\/07\/SRB.jpg\" alt=\"\" width=\"22\" height=\"15\" class=\"alignnone size-full wp-image-141\" \/> Serbia<\/td><td class=\"column-2\">Dusko Pijetlovic<\/td><td class=\"column-3\">Waterpolo<\/td><td class=\"column-4\">2<\/td><td class=\"column-5\">0<\/td><td class=\"column-6\">2<\/td><td class=\"column-7\">4<\/td><td class=\"column-8\"><a href=\"https:\/\/www.google.com\/search?q=Dusko+Pijetlovic&amp;tbm=isch&amp;ved=2ahUKEwiMn-eGvKLsAhUY_RoKHYwpCGEQ2-cCegQIABAA&amp;oq=Dusko+Pijetlovic&amp;gs_lcp=CgNpbWcQA1AAWABg3r8BaABwAHgAgAEAiAEAkgEAmAEAqgELZ3dzLXdpei1pbWc&amp;sclient=img&amp;ei=wbJ9X8y6IZj6a4zToIgG&amp;bih=654&amp;biw=1366&amp;client=firefox-b-d\" rel=\"noopener noreferrer\" target=\"_blank\">im\u00e1genes<\/a><\/td>\n<\/tr>\n<tr class=\"row-218\">\n\t<td class=\"column-1\"><img loading=\"lazy\" decoding=\"async\" src=\"http:\/\/www.reporolimpico.com\/wp-content\/uploads\/2020\/07\/SIN.jpg\" alt=\"\" width=\"22\" height=\"15\" class=\"alignnone size-full wp-image-141\" \/> Singapur<\/td><td class=\"column-2\">Feng Tianwei<\/td><td class=\"column-3\">Tenis de Mesa<\/td><td class=\"column-4\">0<\/td><td class=\"column-5\">1<\/td><td class=\"column-6\">2<\/td><td class=\"column-7\">3<\/td><td class=\"column-8\"><a href=\"https:\/\/www.google.com\/search?q=Feng+Tianwei&amp;tbm=isch&amp;ved=2ahUKEwjCrOOL8qTsAhVB_hQKHQCHDjMQ2-cCegQIABAA&amp;oq=Feng+Tianwei&amp;gs_lcp=CgNpbWcQA1AAWABgi4UGaABwAHgAgAEAiAEAkgEAmAEAqgELZ3dzLXdpei1pbWc&amp;sclient=img&amp;ei=2vd-X8LXOsH8U4COupgD&amp;bih=654&amp;biw=1366&amp;client=firefox-b-d\" rel=\"noopener noreferrer\" target=\"_blank\">im\u00e1genes<\/a><\/td>\n<\/tr>\n<tr class=\"row-219\">\n\t<td class=\"column-1\"><img loading=\"lazy\" decoding=\"async\" src=\"http:\/\/www.reporolimpico.com\/wp-content\/uploads\/2020\/07\/SYR.jpg\" alt=\"\" width=\"22\" height=\"15\" class=\"alignnone size-full wp-image-141\" \/> Siria<\/td><td class=\"column-2\">Ghada Shouaa<\/td><td class=\"column-3\">Atletismo<\/td><td class=\"column-4\">1<\/td><td class=\"column-5\">0<\/td><td class=\"column-6\">0<\/td><td class=\"column-7\">1<\/td><td class=\"column-8\"><a href=\"https:\/\/www.google.com\/search?q=Ghada+Shouaa&amp;tbm=isch&amp;ved=2ahUKEwif8b278qTsAhWl1eAKHVHqBZ0Q2-cCegQIABAA&amp;oq=Ghada+Shouaa&amp;gs_lcp=CgNpbWcQAzICCABQif0kWIn9JGDjgiVoAHAAeACAAT-IAT-SAQExmAEAoAEBqgELZ3dzLXdpei1pbWfAAQE&amp;sclient=img&amp;ei=P_h-X99VpauDB9HUl-gJ&amp;bih=654&amp;biw=1366&amp;client=firefox-b-d\" rel=\"noopener noreferrer\" target=\"_blank\">im\u00e1genes<\/a><\/td>\n<\/tr>\n<tr class=\"row-220\">\n\t<td class=\"column-1\"><img loading=\"lazy\" decoding=\"async\" src=\"http:\/\/www.reporolimpico.com\/wp-content\/uploads\/2020\/07\/SYR.jpg\" alt=\"\" width=\"22\" height=\"15\" class=\"alignnone size-full wp-image-141\" \/> Siria<\/td><td class=\"column-2\">Joseph Atiyeh<\/td><td class=\"column-3\">Lucha<\/td><td class=\"column-4\">0<\/td><td class=\"column-5\">1<\/td><td class=\"column-6\">0<\/td><td class=\"column-7\">1<\/td><td class=\"column-8\"><a href=\"https:\/\/www.google.com\/search?q=Joseph+Atiyeh&amp;tbm=isch&amp;ved=2ahUKEwiMzbHC9aTsAhWEARQKHQl8A7AQ2-cCegQIABAA&amp;oq=Joseph+Atiyeh&amp;gs_lcp=CgNpbWcQAzIECCMQJ1DFkgpY6Z8KYPKwCmgAcAB4AIABQ4gBhAGSAQEymAEAoAEBqgELZ3dzLXdpei1pbWfAAQE&amp;sclient=img&amp;ei=cvt-X4zMMISDUIn4jYAL&amp;bih=654&amp;biw=1366&amp;client=firefox-b-d\" rel=\"noopener noreferrer\" target=\"_blank\">im\u00e1genes<\/a><\/td>\n<\/tr>\n<tr class=\"row-221\">\n\t<td class=\"column-1\"><img loading=\"lazy\" decoding=\"async\" src=\"http:\/\/www.reporolimpico.com\/wp-content\/uploads\/2020\/07\/SYR.jpg\" alt=\"\" width=\"22\" height=\"15\" class=\"alignnone size-full wp-image-141\" \/> Siria<\/td><td class=\"column-2\">Nasser Al Shami<\/td><td class=\"column-3\">Boxeo<\/td><td class=\"column-4\">0<\/td><td class=\"column-5\">0<\/td><td class=\"column-6\">1<\/td><td class=\"column-7\">1<\/td><td class=\"column-8\"><a href=\"https:\/\/www.google.com\/search?q=Nasser+Al+Shami&amp;tbm=isch&amp;ved=2ahUKEwihxJCQ96TsAhVH1-AKHRWrDEYQ2-cCegQIABAA&amp;oq=Nasser+Al+Shami&amp;gs_lcp=CgNpbWcQA1AAWABgzENoAHAAeACAAQCIAQCSAQCYAQCqAQtnd3Mtd2l6LWltZw&amp;sclient=img&amp;ei=Iv1-X6GrEMeugweV1rKwBA&amp;bih=654&amp;biw=1366&amp;client=firefox-b-d\" rel=\"noopener noreferrer\" target=\"_blank\">im\u00e1genes<\/a><\/td>\n<\/tr>\n<tr class=\"row-222\">\n\t<td class=\"column-1\"><img loading=\"lazy\" decoding=\"async\" src=\"http:\/\/www.reporolimpico.com\/wp-content\/uploads\/2020\/07\/SYR.jpg\" alt=\"\" width=\"22\" height=\"15\" class=\"alignnone size-full wp-image-141\" \/> Siria<\/td><td class=\"column-2\">Man Asaad<\/td><td class=\"column-3\">Halterofilia<\/td><td class=\"column-4\">0<\/td><td class=\"column-5\">0<\/td><td class=\"column-6\">1<\/td><td class=\"column-7\">1<\/td><td class=\"column-8\"><a href=\"https:\/\/www.google.com\/search?q=Man+Asaad&amp;tbm=isch&amp;ved=2ahUKEwiq17nXu6vyAhUQXxoKHfXDCegQ2-cCegQIABAA&amp;oq=Man+Asaad&amp;gs_lcp=CgNpbWcQAzIECAAQE1DYiihY2IooYIOQKGgAcAB4AIABaIgBaJIBAzAuMZgBAKABAaoBC2d3cy13aXotaW1nwAEB&amp;sclient=img&amp;ei=ihEVYarqOZC-afWHp8AO&amp;bih=643&amp;biw=1366&amp;client=firefox-b-d\" rel=\"noopener noreferrer\" target=\"_blank\">im\u00e1genes<\/a><\/td>\n<\/tr>\n<tr class=\"row-223\">\n\t<td class=\"column-1\"><img loading=\"lazy\" decoding=\"async\" src=\"http:\/\/www.reporolimpico.com\/wp-content\/uploads\/2020\/07\/SRI.jpg\" alt=\"\" width=\"22\" height=\"15\" class=\"alignnone size-full wp-image-141\" \/> Sri Lanka<\/td><td class=\"column-2\">Duncan White<\/td><td class=\"column-3\">Atletismo<\/td><td class=\"column-4\">0<\/td><td class=\"column-5\">1<\/td><td class=\"column-6\">0<\/td><td class=\"column-7\">1<\/td><td class=\"column-8\"><a href=\"https:\/\/www.google.com\/search?q=Duncan+White&amp;tbm=isch&amp;ved=2ahUKEwiEluPC-KTsAhUY-4UKHQ6oB_oQ2-cCegQIABAA&amp;oq=Duncan+White&amp;gs_lcp=CgNpbWcQA1AAWABg8Q1oAHAAeACAAQCIAQCSAQCYAQCqAQtnd3Mtd2l6LWltZw&amp;sclient=img&amp;ei=mP5-X4TqN5j2lwSO0J7QDw&amp;bih=654&amp;biw=1349&amp;client=firefox-b-d&amp;hl=es\" rel=\"noopener noreferrer\" target=\"_blank\">im\u00e1genes<\/a><\/td>\n<\/tr>\n<tr class=\"row-224\">\n\t<td class=\"column-1\"><img loading=\"lazy\" decoding=\"async\" src=\"http:\/\/www.reporolimpico.com\/wp-content\/uploads\/2020\/07\/SRI.jpg\" alt=\"\" width=\"22\" height=\"15\" class=\"alignnone size-full wp-image-141\" \/> Sri Lanka<\/td><td class=\"column-2\">Susanthika Jayasinghe<\/td><td class=\"column-3\">Atletismo<\/td><td class=\"column-4\">0<\/td><td class=\"column-5\">1<\/td><td class=\"column-6\">0<\/td><td class=\"column-7\">1<\/td><td class=\"column-8\"><a href=\"https:\/\/www.google.com\/search?q=Susanthika+Jayasinghe&amp;tbm=isch&amp;ved=2ahUKEwiW1byK-aTsAhWE44UKHSeyD_gQ2-cCegQIABAA&amp;oq=Susanthika+Jayasinghe&amp;gs_lcp=CgNpbWcQA1AAWABgg4kFaABwAHgAgAEAiAEAkgEAmAEAqgELZ3dzLXdpei1pbWc&amp;sclient=img&amp;ei=L_9-X9aBEYTHlwSn5L7ADw&amp;bih=654&amp;biw=1349&amp;client=firefox-b-d&amp;hl=es\" rel=\"noopener noreferrer\" target=\"_blank\">im\u00e1genes<\/a><\/td>\n<\/tr>\n<tr class=\"row-225\">\n\t<td class=\"column-1\"><img loading=\"lazy\" decoding=\"async\" src=\"http:\/\/www.reporolimpico.com\/wp-content\/uploads\/2020\/07\/RSA.jpg\" alt=\"\" width=\"22\" height=\"15\" class=\"alignnone size-full wp-image-141\" \/> Sud\u00e1frica<\/td><td class=\"column-2\">Chad le Clos<\/td><td class=\"column-3\">Nataci\u00f3n<\/td><td class=\"column-4\">1<\/td><td class=\"column-5\">3<\/td><td class=\"column-6\">0<\/td><td class=\"column-7\">4<\/td><td class=\"column-8\"><a href=\"https:\/\/www.google.com\/search?q=Chad+le+Clos&amp;tbm=isch&amp;ved=2ahUKEwjK2Oyu-KTsAhWH5RoKHdGnBz0Q2-cCegQIABAA&amp;oq=Chad+le+Clos&amp;gs_lcp=CgNpbWcQAzICCAAyBAgAEB4yBAgAEB4yBAgAEB4yBAgAEB4yBAgAEB4yBAgAEB4yBAgAEB4yBAgAEB4yBAgAEB5Q5YUyWMScMmDqnjJoAHAAeACAAUWIAUWSAQExmAEBoAEBqgELZ3dzLXdpei1pbWfAAQE&amp;sclient=img&amp;ei=b_5-X4rlB4fLa9HPnugD&amp;bih=654&amp;biw=1366&amp;client=firefox-b-d\" rel=\"noopener noreferrer\" target=\"_blank\">im\u00e1genes<\/a><\/td>\n<\/tr>\n<tr class=\"row-226\">\n\t<td class=\"column-1\"><img loading=\"lazy\" decoding=\"async\" src=\"http:\/\/www.reporolimpico.com\/wp-content\/uploads\/2020\/07\/SUD.jpg\" alt=\"\" width=\"22\" height=\"15\" class=\"alignnone size-full wp-image-141\" \/> Sud\u00e1n<\/td><td class=\"column-2\">Ismail Ahmed Ismail<\/td><td class=\"column-3\">Atletismo<\/td><td class=\"column-4\">0<\/td><td class=\"column-5\">1<\/td><td class=\"column-6\">0<\/td><td class=\"column-7\">1<\/td><td class=\"column-8\"><a href=\"https:\/\/www.google.com\/search?q=Ismail+Ahmed+Ismail&amp;tbm=isch&amp;ved=2ahUKEwjv_eD4_aTsAhUK7eAKHT5VBbYQ2-cCegQIABAA&amp;oq=Ismail+Ahmed+Ismail&amp;gs_lcp=CgNpbWcQA1AAWABg49gNaABwAHgAgAEAiAEAkgEAmAEAqgELZ3dzLXdpei1pbWc&amp;sclient=img&amp;ei=SAR_X--5Eoragwe-qpWwCw&amp;bih=654&amp;biw=1366&amp;client=firefox-b-d\" rel=\"noopener noreferrer\" target=\"_blank\">im\u00e1genes<\/a><\/td>\n<\/tr>\n<tr class=\"row-227\">\n\t<td class=\"column-1\"><img loading=\"lazy\" decoding=\"async\" src=\"http:\/\/www.reporolimpico.com\/wp-content\/uploads\/2020\/07\/SWE.jpg\" alt=\"\" width=\"22\" height=\"15\" class=\"alignnone size-full wp-image-141\" \/> Suecia<\/td><td class=\"column-2\">Sixten Jernberg<\/td><td class=\"column-3\">Esqu\u00ed Fondo<\/td><td class=\"column-4\">4<\/td><td class=\"column-5\">3<\/td><td class=\"column-6\">2<\/td><td class=\"column-7\">9<\/td><td class=\"column-8\"><a href=\"https:\/\/www.google.com\/search?q=Sixten+Jernberg&amp;tbm=isch&amp;ved=2ahUKEwjhpa-CxqfsAhXO44UKHbUlBQ8Q2-cCegQIABAA&amp;oq=Sixten+Jernberg&amp;gs_lcp=CgNpbWcQAzIECAAQEzIGCAAQHhATMgYIABAeEBNQnIJvWJyCb2CBhG9oAHAAeACAAVOIAVOSAQExmAEAoAEBqgELZ3dzLXdpei1pbWfAAQE&amp;sclient=img&amp;ei=S1yAX6HUEc7HlwS1y5R4&amp;bih=654&amp;biw=1366&amp;client=firefox-b-d\" rel=\"noopener noreferrer\" target=\"_blank\">im\u00e1genes<\/a><\/td>\n<\/tr>\n<tr class=\"row-228\">\n\t<td class=\"column-1\"><img loading=\"lazy\" decoding=\"async\" src=\"http:\/\/www.reporolimpico.com\/wp-content\/uploads\/2020\/07\/SWE.jpg\" alt=\"\" width=\"22\" height=\"15\" class=\"alignnone size-full wp-image-141\" \/> Suecia<\/td><td class=\"column-2\">Charlotte Kalla<\/td><td class=\"column-3\">Esqu\u00ed Fondo<\/td><td class=\"column-4\">3<\/td><td class=\"column-5\">6<\/td><td class=\"column-6\">0<\/td><td class=\"column-7\">9<\/td><td class=\"column-8\"><a href=\"https:\/\/www.google.com\/search?q=Charlotte+Kalla&amp;tbm=isch&amp;ved=2ahUKEwiCmqbSv7HsAhVIwYUKHS7YDcAQ2-cCegQIABAA&amp;oq=Charlotte+Kalla&amp;gs_lcp=CgNpbWcQAzIECCMQJzIGCAAQHhATMgYIABAeEBMyBggAEB4QEzIGCAAQHhATMgYIABAeEBMyBggAEB4QEzIGCAAQHhATMgYIABAeEBMyBggAEB4QE1CK-QJYivkCYOr8AmgAcAB4AIABUIgBUJIBATGYAQCgAQGqAQtnd3Mtd2l6LWltZ8ABAQ&amp;sclient=img&amp;ei=yZOFX8KRD8iClwSusLeADA&amp;bih=654&amp;biw=1366&amp;client=firefox-b-d\" rel=\"noopener noreferrer\" target=\"_blank\">im\u00e1genes<\/a><\/td>\n<\/tr>\n<tr class=\"row-229\">\n\t<td class=\"column-1\"><img loading=\"lazy\" decoding=\"async\" src=\"http:\/\/www.reporolimpico.com\/wp-content\/uploads\/2020\/07\/SWE.jpg\" alt=\"\" width=\"22\" height=\"15\" class=\"alignnone size-full wp-image-141\" \/> Suecia<\/td><td class=\"column-2\">Alfred Swahn<\/td><td class=\"column-3\">Tiro<\/td><td class=\"column-4\">3<\/td><td class=\"column-5\">3<\/td><td class=\"column-6\">3<\/td><td class=\"column-7\">9<\/td><td class=\"column-8\"><a href=\"https:\/\/www.google.com\/search?q=Alfred+Swahn&amp;tbm=isch&amp;ved=2ahUKEwi2l56wv7HsAhUFPhoKHT-UAEkQ2-cCegQIABAA&amp;oq=Alfred+Swahn&amp;gs_lcp=CgNpbWcQA1D5oARY-aAEYICkBGgAcAB4AIABcYgBcZIBAzAuMZgBAKABAaoBC2d3cy13aXotaW1nwAEB&amp;sclient=img&amp;ei=gZOFX_bSMYX8aL-ogsgE&amp;bih=654&amp;biw=1366&amp;client=firefox-b-d\" rel=\"noopener noreferrer\" target=\"_blank\">im\u00e1genes<\/a><\/td>\n<\/tr>\n<tr class=\"row-230\">\n\t<td class=\"column-1\"><img loading=\"lazy\" decoding=\"async\" src=\"http:\/\/www.reporolimpico.com\/wp-content\/uploads\/2020\/07\/SUI.jpg\" alt=\"\" width=\"22\" height=\"15\" class=\"alignnone size-full wp-image-141\" \/> Suiza<\/td><td class=\"column-2\">Georges Miez<\/td><td class=\"column-3\">Gimnasia<\/td><td class=\"column-4\">4<\/td><td class=\"column-5\">3<\/td><td class=\"column-6\">1<\/td><td class=\"column-7\">8<\/td><td class=\"column-8\"><a href=\"https:\/\/www.google.com\/search?q=Georges+Miez&amp;tbm=isch&amp;ved=2ahUKEwj4v7enx7HsAhUMORQKHWh5DQAQ2-cCegQIABAA&amp;oq=Georges+Miez&amp;gs_lcp=CgNpbWcQA1AAWABg4s0BaABwAHgAgAEAiAEAkgEAmAEAqgELZ3dzLXdpei1pbWc&amp;sclient=img&amp;ei=0puFX_iOM4zyUOjyNQ&amp;bih=654&amp;biw=1366&amp;client=firefox-b-d\" rel=\"noopener noreferrer\" target=\"_blank\">im\u00e1genes<\/a><\/td>\n<\/tr>\n<tr class=\"row-231\">\n\t<td class=\"column-1\"><img loading=\"lazy\" decoding=\"async\" src=\"http:\/\/www.reporolimpico.com\/wp-content\/uploads\/2020\/07\/SUI.jpg\" alt=\"\" width=\"22\" height=\"15\" class=\"alignnone size-full wp-image-141\" \/> Suiza<\/td><td class=\"column-2\">Eugen Mack<\/td><td class=\"column-3\">Gimnasia<\/td><td class=\"column-4\">2<\/td><td class=\"column-5\">4<\/td><td class=\"column-6\">2<\/td><td class=\"column-7\">8<\/td><td class=\"column-8\"><a href=\"https:\/\/www.google.com\/search?q=Eugen+Mack&amp;tbm=isch&amp;ved=2ahUKEwje9sfPx7HsAhWQ1-AKHUc9Cr8Q2-cCegQIABAA&amp;oq=Eugen+Mack&amp;gs_lcp=CgNpbWcQA1AAWABgt7cGaABwAHgAgAEAiAEAkgEAmAEAqgELZ3dzLXdpei1pbWc&amp;sclient=img&amp;ei=JpyFX97LPJCvgwfH-qj4Cw&amp;bih=654&amp;biw=1366&amp;client=firefox-b-d\" rel=\"noopener noreferrer\" target=\"_blank\">im\u00e1genes<\/a><\/td>\n<\/tr>\n<tr class=\"row-232\">\n\t<td class=\"column-1\"><img loading=\"lazy\" decoding=\"async\" src=\"http:\/\/www.reporolimpico.com\/wp-content\/uploads\/2020\/07\/SUR.jpg\" alt=\"\" width=\"22\" height=\"15\" class=\"alignnone size-full wp-image-141\" \/> Surinam<\/td><td class=\"column-2\">Anthony Nesty<\/td><td class=\"column-3\">Nataci\u00f3n<\/td><td class=\"column-4\">1<\/td><td class=\"column-5\">0<\/td><td class=\"column-6\">1<\/td><td class=\"column-7\">2<\/td><td class=\"column-8\"><a href=\"https:\/\/www.google.com\/search?q=Anthony+Nesty&amp;tbm=isch&amp;ved=2ahUKEwiayrKCyLHsAhVL2OAKHW9BDzYQ2-cCegQIABAA&amp;oq=Anthony+Nesty&amp;gs_lcp=CgNpbWcQAzICCAAyBAgAEBhQ6f43WOn-N2C-hDhoAHAAeACAAWiIAWiSAQMwLjGYAQCgAQGqAQtnd3Mtd2l6LWltZ8ABAQ&amp;sclient=img&amp;ei=kZyFX9q9JMuwgwfvgr2wAw&amp;bih=654&amp;biw=1366&amp;client=firefox-b-d\" rel=\"noopener noreferrer\" target=\"_blank\">im\u00e1genes<\/a><\/td>\n<\/tr>\n<tr class=\"row-233\">\n\t<td class=\"column-1\"><img loading=\"lazy\" decoding=\"async\" src=\"http:\/\/www.reporolimpico.com\/wp-content\/uploads\/2020\/07\/THA.jpg\" alt=\"\" width=\"22\" height=\"15\" class=\"alignnone size-full wp-image-141\" \/> Tailandia<\/td><td class=\"column-2\">Manus Boonjumnong<\/td><td class=\"column-3\">Boxeo<\/td><td class=\"column-4\">1<\/td><td class=\"column-5\">1<\/td><td class=\"column-6\">0<\/td><td class=\"column-7\">2<\/td><td class=\"column-8\"><a href=\"https:\/\/www.google.com\/search?q=Manus+Boonjumnong&amp;tbm=isch&amp;ved=2ahUKEwjDiOy7hbTsAhVNZRoKHZ8CD1UQ2-cCegQIABAA&amp;oq=Manus+Boonjumnong&amp;gs_lcp=CgNpbWcQA1AAWABgyKoCaABwAHgAgAEAiAEAkgEAmAEAqgELZ3dzLXdpei1pbWc&amp;sclient=img&amp;ei=cOmGX8OQB83KaZ-FvKgF\" rel=\"noopener noreferrer\" target=\"_blank\">im\u00e1genes<\/a><\/td>\n<\/tr>\n<tr class=\"row-234\">\n\t<td class=\"column-1\"><img loading=\"lazy\" decoding=\"async\" src=\"http:\/\/www.reporolimpico.com\/wp-content\/uploads\/2020\/07\/THA.jpg\" alt=\"\" width=\"22\" height=\"15\" class=\"alignnone size-full wp-image-141\" \/> Tailandia<\/td><td class=\"column-2\">Panipak Wongpattanakit<\/td><td class=\"column-3\">Taekwondo<\/td><td class=\"column-4\">1<\/td><td class=\"column-5\">0<\/td><td class=\"column-6\">1<\/td><td class=\"column-7\">2<\/td><td class=\"column-8\"><a href=\"https:\/\/www.google.com\/search?q=Panipak+Wongpattanakit&amp;tbm=isch&amp;ved=2ahUKEwiX6b-RvqvyAhVB4oUKHcovAeYQ2-cCegQIABAA&amp;oq=Panipak+Wongpattanakit&amp;gs_lcp=CgNpbWcQAzIFCAAQgAQyBAgAEB4yBAgAEBgyBAgAEBgyBAgAEBgyBAgAEBgyBAgAEBhQu_clWLv3JWCH_SVoAHAAeACAAVSIAVSSAQExmAEAoAEBqgELZ3dzLXdpei1pbWfAAQE&amp;sclient=img&amp;ei=HRQVYdfmIcHElwTK34SwDg&amp;bih=643&amp;biw=1366&amp;client=firefox-b-d\" rel=\"noopener noreferrer\" target=\"_blank\">im\u00e1genes<\/a><\/td>\n<\/tr>\n<tr class=\"row-235\">\n\t<td class=\"column-1\"><img loading=\"lazy\" decoding=\"async\" src=\"http:\/\/www.reporolimpico.com\/wp-content\/uploads\/2020\/07\/THA.jpg\" alt=\"\" width=\"22\" height=\"15\" class=\"alignnone size-full wp-image-141\" \/> Tailandia<\/td><td class=\"column-2\">Pimsiri Sirikaew<\/td><td class=\"column-3\">Halterofilia<\/td><td class=\"column-4\">0<\/td><td class=\"column-5\">2<\/td><td class=\"column-6\">0<\/td><td class=\"column-7\">2<\/td><td class=\"column-8\"><a href=\"https:\/\/www.google.com\/search?q=Pimsiri+Sirikaew&amp;tbm=isch&amp;ved=2ahUKEwiUqOe-hrTsAhVE4oUKHVCYBmEQ2-cCegQIABAA&amp;oq=Pimsiri+Sirikaew&amp;gs_lcp=CgNpbWcQA1AAWABglecHaABwAHgAgAEAiAEAkgEAmAEAqgELZ3dzLXdpei1pbWc&amp;sclient=img&amp;ei=guqGX5TfLsTElwTQsJqIBg\" rel=\"noopener noreferrer\" target=\"_blank\">im\u00e1genes<\/a><\/td>\n<\/tr>\n<tr class=\"row-236\">\n\t<td class=\"column-1\"><img loading=\"lazy\" decoding=\"async\" src=\"http:\/\/www.reporolimpico.com\/wp-content\/uploads\/2020\/07\/THA.jpg\" alt=\"\" width=\"22\" height=\"15\" class=\"alignnone size-full wp-image-141\" \/> Tailandia<\/td><td class=\"column-2\">Wandee Kameaim<\/td><td class=\"column-3\">Halterofilia<\/td><td class=\"column-4\">0<\/td><td class=\"column-5\">0<\/td><td class=\"column-6\">2<\/td><td class=\"column-7\">2<\/td><td class=\"column-8\"><a href=\"https:\/\/www.google.com\/search?q=Wandee+Kameaim&amp;tbm=isch&amp;ved=2ahUKEwi2pZHjh7TsAhUGZxoKHaZ3CkwQ2-cCegQIABAA&amp;oq=Wandee+Kameaim&amp;gs_lcp=CgNpbWcQA1AAWABgqZEFaABwAHgAgAEAiAEAkgEAmAEAqgELZ3dzLXdpei1pbWc&amp;sclient=img&amp;ei=2-uGX_bLF4bOaabvqeAE\" rel=\"noopener noreferrer\" target=\"_blank\">im\u00e1genes<\/a><\/td>\n<\/tr>\n<tr class=\"row-237\">\n\t<td class=\"column-1\"><img loading=\"lazy\" decoding=\"async\" src=\"http:\/\/www.reporolimpico.com\/wp-content\/uploads\/2020\/07\/TAN.jpg\" alt=\"\" width=\"22\" height=\"15\" class=\"alignnone size-full wp-image-141\" \/> Tanzania<\/td><td class=\"column-2\">Filbert Bayi<\/td><td class=\"column-3\">Atletismo<\/td><td class=\"column-4\">0<\/td><td class=\"column-5\">1<\/td><td class=\"column-6\">0<\/td><td class=\"column-7\">1<\/td><td class=\"column-8\"><a href=\"https:\/\/www.google.com\/search?q=Filbert+Bayi&amp;tbm=isch&amp;ved=2ahUKEwja89-Ti7TsAhWR0YUKHbXBAyQQ2-cCegQIABAA&amp;oq=Filbert+Bayi&amp;gs_lcp=CgNpbWcQA1AAWABgorgBaABwAHgAgAEAiAEAkgEAmAEAqgELZ3dzLXdpei1pbWc&amp;sclient=img&amp;ei=Zu-GX9qoJ5GjlwS1g4-gAg\" rel=\"noopener noreferrer\" target=\"_blank\">im\u00e1genes<\/a><\/td>\n<\/tr>\n<tr class=\"row-238\">\n\t<td class=\"column-1\"><img loading=\"lazy\" decoding=\"async\" src=\"http:\/\/www.reporolimpico.com\/wp-content\/uploads\/2020\/07\/TAN.jpg\" alt=\"\" width=\"22\" height=\"15\" class=\"alignnone size-full wp-image-141\" \/> Tanzania<\/td><td class=\"column-2\">Suleiman Nyambui<\/td><td class=\"column-3\">Atletismo<\/td><td class=\"column-4\">0<\/td><td class=\"column-5\">1<\/td><td class=\"column-6\">0<\/td><td class=\"column-7\">1<\/td><td class=\"column-8\"><a href=\"https:\/\/www.google.com\/search?q=Suleiman+Nyambui&amp;tbm=isch&amp;ved=2ahUKEwi8rsafi7TsAhUOwIUKHfPsBYQQ2-cCegQIABAA&amp;oq=Suleiman+Nyambui&amp;gs_lcp=CgNpbWcQAzIECAAQE1C2tRBYtrUQYPq8EGgAcAB4AIABQIgBQJIBATGYAQCgAQGqAQtnd3Mtd2l6LWltZ8ABAQ&amp;sclient=img&amp;ei=f--GX_zyF46AlwTz2ZegCA\" rel=\"noopener noreferrer\" target=\"_blank\">im\u00e1genes<\/a><\/td>\n<\/tr>\n<tr class=\"row-239\">\n\t<td class=\"column-1\"><img loading=\"lazy\" decoding=\"async\" src=\"http:\/\/www.reporolimpico.com\/wp-content\/uploads\/2020\/07\/TJK.jpg\" alt=\"\" width=\"22\" height=\"15\" class=\"alignnone size-full wp-image-141\" \/> Tayikist\u00e1n<\/td><td class=\"column-2\">Dilshod Nazarov<\/td><td class=\"column-3\">Atletismo<\/td><td class=\"column-4\">1<\/td><td class=\"column-5\">0<\/td><td class=\"column-6\">0<\/td><td class=\"column-7\">1<\/td><td class=\"column-8\"><a href=\"https:\/\/www.google.com\/search?q=Dilshod+Nazarov&amp;tbm=isch&amp;ved=2ahUKEwiazpehjrTsAhVE-RQKHasqDcYQ2-cCegQIABAA&amp;oq=Dilshod+Nazarov&amp;gs_lcp=CgNpbWcQA1AAWABgzuwBaABwAHgAgAEAiAEAkgEAmAEAqgELZ3dzLXdpei1pbWc&amp;sclient=img&amp;ei=qPKGX5raB8TyU6vVtLAM\" rel=\"noopener noreferrer\" target=\"_blank\">im\u00e1genes<\/a><\/td>\n<\/tr>\n<tr class=\"row-240\">\n\t<td class=\"column-1\"><img loading=\"lazy\" decoding=\"async\" src=\"http:\/\/www.reporolimpico.com\/wp-content\/uploads\/2020\/07\/TJK.jpg\" alt=\"\" width=\"22\" height=\"15\" class=\"alignnone size-full wp-image-141\" \/> Tayikist\u00e1n<\/td><td class=\"column-2\">Yusup Abdusalomov<\/td><td class=\"column-3\">Lucha<\/td><td class=\"column-4\">0<\/td><td class=\"column-5\">1<\/td><td class=\"column-6\">0<\/td><td class=\"column-7\">1<\/td><td class=\"column-8\"><a href=\"https:\/\/www.google.com\/search?q=Yusup+Abdusalomov&amp;tbm=isch&amp;ved=2ahUKEwi3h-vPjrTsAhWyAWMBHRJZAcIQ2-cCegQIABAA&amp;oq=Yusup+Abdusalomov&amp;gs_lcp=CgNpbWcQA1AAWABgrZYGaABwAHgAgAEAiAEAkgEAmAEAqgELZ3dzLXdpei1pbWc&amp;sclient=img&amp;ei=CfOGX_feOrKDjLsPkrKFkAw\" rel=\"noopener noreferrer\" target=\"_blank\">im\u00e1genes<\/a><\/td>\n<\/tr>\n<tr class=\"row-241\">\n\t<td class=\"column-1\"><img loading=\"lazy\" decoding=\"async\" src=\"http:\/\/www.reporolimpico.com\/wp-content\/uploads\/2020\/07\/TJK.jpg\" alt=\"\" width=\"22\" height=\"15\" class=\"alignnone size-full wp-image-141\" \/> Tayikist\u00e1n<\/td><td class=\"column-2\">Rasul Boqiev<\/td><td class=\"column-3\">Judo<\/td><td class=\"column-4\">0<\/td><td class=\"column-5\">0<\/td><td class=\"column-6\">1<\/td><td class=\"column-7\">1<\/td><td class=\"column-8\"><a href=\"https:\/\/www.google.com\/search?q=Rasul+Boqiev&amp;tbm=isch&amp;ved=2ahUKEwiMzO2lj7TsAhUKzBQKHQ6RAjoQ2-cCegQIABAA&amp;oq=Rasul+Boqiev&amp;gs_lcp=CgNpbWcQA1AAWABgkKsBaABwAHgAgAEAiAEAkgEAmAEAqgELZ3dzLXdpei1pbWc&amp;sclient=img&amp;ei=vvOGX4z1FYqYU46iitAD\" rel=\"noopener noreferrer\" target=\"_blank\">im\u00e1genes<\/a><\/td>\n<\/tr>\n<tr class=\"row-242\">\n\t<td class=\"column-1\"><img loading=\"lazy\" decoding=\"async\" src=\"http:\/\/www.reporolimpico.com\/wp-content\/uploads\/2020\/07\/TJK.jpg\" alt=\"\" width=\"22\" height=\"15\" class=\"alignnone size-full wp-image-141\" \/> Tayikist\u00e1n<\/td><td class=\"column-2\">Mavzuna Chorieva<\/td><td class=\"column-3\">Boxeo<\/td><td class=\"column-4\">0<\/td><td class=\"column-5\">0<\/td><td class=\"column-6\">1<\/td><td class=\"column-7\">1<\/td><td class=\"column-8\"><a href=\"https:\/\/www.google.com\/search?q=Mavzuna+Chorieva&amp;tbm=isch&amp;ved=2ahUKEwjz863aj7TsAhVN1uAKHTMEAwIQ2-cCegQIABAA&amp;oq=Mavzuna+Chorieva&amp;gs_lcp=CgNpbWcQA1AAWABgrfQDaABwAHgAgAEAiAEAkgEAmAEAqgELZ3dzLXdpei1pbWc&amp;sclient=img&amp;ei=LPSGX_OtHM2sgweziIwQ\" rel=\"noopener noreferrer\" target=\"_blank\">im\u00e1genes<\/a><\/td>\n<\/tr>\n<tr class=\"row-243\">\n\t<td class=\"column-1\"><img loading=\"lazy\" decoding=\"async\" src=\"http:\/\/www.reporolimpico.com\/wp-content\/uploads\/2020\/07\/TOG.jpg\" alt=\"\" width=\"22\" height=\"15\" class=\"alignnone size-full wp-image-141\" \/> Togo<\/td><td class=\"column-2\">Benjamin Boukpeti<\/td><td class=\"column-3\">Pirag\u00fcismo<\/td><td class=\"column-4\">0<\/td><td class=\"column-5\">0<\/td><td class=\"column-6\">1<\/td><td class=\"column-7\">1<\/td><td class=\"column-8\"><a href=\"https:\/\/www.google.com\/search?q=Benjamin+Boukpeti&amp;tbm=isch&amp;ved=2ahUKEwiE8N6DkbTsAhWOxOAKHY9FCKwQ2-cCegQIABAA&amp;oq=Benjamin+Boukpeti&amp;gs_lcp=CgNpbWcQA1AAWABgx_MKaABwAHgAgAEAiAEAkgEAmAEAqgELZ3dzLXdpei1pbWc&amp;sclient=img&amp;ei=j_WGX8TsKY6JgwePi6HgCg\" rel=\"noopener noreferrer\" target=\"_blank\">im\u00e1genes<\/a><\/td>\n<\/tr>\n<tr class=\"row-244\">\n\t<td class=\"column-1\"><img loading=\"lazy\" decoding=\"async\" src=\"http:\/\/www.reporolimpico.com\/wp-content\/uploads\/2020\/07\/TGA.jpg\" alt=\"\" width=\"22\" height=\"15\" class=\"alignnone size-full wp-image-141\" \/> Tonga<\/td><td class=\"column-2\">Paea Wolfgramm<\/td><td class=\"column-3\">Boxeo<\/td><td class=\"column-4\">0<\/td><td class=\"column-5\">1<\/td><td class=\"column-6\">0<\/td><td class=\"column-7\">1<\/td><td class=\"column-8\"><a href=\"https:\/\/www.google.com\/search?q=Paea+Wolfgramm&amp;tbm=isch&amp;ved=2ahUKEwjYhLugv7bsAhVK8IUKHUgCCpIQ2-cCegQIABAA&amp;oq=Paea+Wolfgramm&amp;gs_lcp=CgNpbWcQA1AAWABg7_yCAWgAcAB4AIABAIgBAJIBAJgBAKoBC2d3cy13aXotaW1n&amp;sclient=img&amp;ei=dzKIX5jtGcrglwTIhKiQCQ&amp;bih=654&amp;biw=1366&amp;client=firefox-b-d\" rel=\"noopener noreferrer\" target=\"_blank\">im\u00e1genes<\/a><\/td>\n<\/tr>\n<tr class=\"row-245\">\n\t<td class=\"column-1\"><img loading=\"lazy\" decoding=\"async\" src=\"http:\/\/www.reporolimpico.com\/wp-content\/uploads\/2020\/07\/TTO.jpg\" alt=\"\" width=\"22\" height=\"15\" class=\"alignnone size-full wp-image-141\" \/> Trinidad y Tobago<\/td><td class=\"column-2\">Ato Boldon<\/td><td class=\"column-3\">Atletismo<\/td><td class=\"column-4\">0<\/td><td class=\"column-5\">1<\/td><td class=\"column-6\">3<\/td><td class=\"column-7\">4<\/td><td class=\"column-8\"><a href=\"https:\/\/www.google.com\/search?q=Ato+Boldon&amp;tbm=isch&amp;ved=2ahUKEwjBovLLy7bsAhV97OAKHQ15BLUQ2-cCegQIABAA&amp;oq=Ato+Boldon&amp;gs_lcp=CgNpbWcQA1AAWABg9r8LaABwAHgAgAEAiAEAkgEAmAEAqgELZ3dzLXdpei1pbWc&amp;sclient=img&amp;ei=Zz-IX4HTLP3YgweN8pGoCw&amp;bih=654&amp;biw=1366&amp;client=firefox-b-d\" rel=\"noopener noreferrer\" target=\"_blank\">im\u00e1genes<\/a><\/td>\n<\/tr>\n<tr class=\"row-246\">\n\t<td class=\"column-1\"><img loading=\"lazy\" decoding=\"async\" src=\"http:\/\/www.reporolimpico.com\/wp-content\/uploads\/2020\/07\/TUN.jpg\" alt=\"\" width=\"22\" height=\"15\" class=\"alignnone size-full wp-image-141\" \/> T\u00fanez<\/td><td class=\"column-2\">Mohammed Gammoudi<\/td><td class=\"column-3\">Atletismo<\/td><td class=\"column-4\">1<\/td><td class=\"column-5\">2<\/td><td class=\"column-6\">1<\/td><td class=\"column-7\">4<\/td><td class=\"column-8\"><a href=\"https:\/\/www.google.com\/search?q=Mohammed+Gammoudi&amp;tbm=isch&amp;ved=2ahUKEwjUqKHY0sDsAhVCrhoKHWO1B7cQ2-cCegQIABAA&amp;oq=Mohammed+Gammoudi&amp;gs_lcp=CgNpbWcQA1AAWABgnYkBaABwAHgAgAEAiAEAkgEAmAEAqgELZ3dzLXdpei1pbWc&amp;sclient=img&amp;ei=BoWNX9SNBsLcauPqnrgL&amp;bih=654&amp;biw=1366&amp;client=firefox-b-d\" rel=\"noopener noreferrer\" target=\"_blank\">im\u00e1genes<\/a><\/td>\n<\/tr>\n<tr class=\"row-247\">\n\t<td class=\"column-1\"><img loading=\"lazy\" decoding=\"async\" src=\"http:\/\/www.reporolimpico.com\/wp-content\/uploads\/2020\/07\/TKM.jpg\" alt=\"\" width=\"22\" height=\"15\" class=\"alignnone size-full wp-image-141\" \/> Turkmenist\u00e1n<\/td><td class=\"column-2\">Polina Guryeva<\/td><td class=\"column-3\">Halterofilia<\/td><td class=\"column-4\">0<\/td><td class=\"column-5\">1<\/td><td class=\"column-6\">0<\/td><td class=\"column-7\">1<\/td><td class=\"column-8\"><a href=\"https:\/\/www.google.com\/search?q=Polina+Guryeva&amp;tbm=isch&amp;ved=2ahUKEwiS6s6AqJryAhV75OAKHU7BBXwQ2-cCegQIABAA&amp;oq=Polina+Guryeva&amp;gs_lcp=CgNpbWcQAzIECAAQAzIECAAQGDIECAAQGDIECAAQGDIECAAQGDIECAAQGDIECAAQGFCfrh1Yn64dYO6wHWgAcAB4AIABXYgBXZIBATGYAQCgAQGqAQtnd3Mtd2l6LWltZ8ABAQ&amp;sclient=img&amp;ei=NRMMYdJ7-8iDB86Cl-AH&amp;bih=643&amp;biw=1366&amp;client=firefox-b-d\" rel=\"noopener noreferrer\" target=\"_blank\">im\u00e1genes<\/a><\/td>\n<\/tr>\n<tr class=\"row-248\">\n\t<td class=\"column-1\"><img loading=\"lazy\" decoding=\"async\" src=\"http:\/\/www.reporolimpico.com\/wp-content\/uploads\/2020\/07\/TUR.jpg\" alt=\"\" width=\"22\" height=\"15\" class=\"alignnone size-full wp-image-141\" \/> Turqu\u00eda<\/td><td class=\"column-2\">Naim Suleymanoglu<\/td><td class=\"column-3\">Halterofilia<\/td><td class=\"column-4\">3<\/td><td class=\"column-5\">0<\/td><td class=\"column-6\">0<\/td><td class=\"column-7\">3<\/td><td class=\"column-8\"><a href=\"https:\/\/www.google.com\/search?q=Naim+S%C3%BCleymano%C4%9Flu&amp;tbm=isch&amp;ved=2ahUKEwiOrJPr1MDsAhVD0-AKHQ3xCJAQ2-cCegQIABAA&amp;oq=Naim+S%C3%BCleymano%C4%9Flu&amp;gs_lcp=CgNpbWcQA1AAWABgm-4CaABwAHgAgAEAiAEAkgEAmAEAqgELZ3dzLXdpei1pbWc&amp;sclient=img&amp;ei=RoeNX47xI8OmgweN4qOACQ&amp;bih=654&amp;biw=1366&amp;client=firefox-b-d\" rel=\"noopener noreferrer\" target=\"_blank\">im\u00e1genes<\/a><\/td>\n<\/tr>\n<tr class=\"row-249\">\n\t<td class=\"column-1\"><img loading=\"lazy\" decoding=\"async\" src=\"http:\/\/www.reporolimpico.com\/wp-content\/uploads\/2020\/07\/TUR.jpg\" alt=\"\" width=\"22\" height=\"15\" class=\"alignnone size-full wp-image-141\" \/> Turqu\u00eda<\/td><td class=\"column-2\">Halil Mutlu<\/td><td class=\"column-3\">Halterofilia<\/td><td class=\"column-4\">3<\/td><td class=\"column-5\">0<\/td><td class=\"column-6\">0<\/td><td class=\"column-7\">3<\/td><td class=\"column-8\"><a href=\"https:\/\/www.google.com\/search?q=Halil+Mutlu&amp;tbm=isch&amp;ved=2ahUKEwipkoiC1cDsAhV9AmMBHWACCL4Q2-cCegQIABAA&amp;oq=Halil+Mutlu&amp;gs_lcp=CgNpbWcQAzIECAAQQzIECAAQHjIECAAQHjIECAAQHjIECAAQHjIECAAQHjIECAAQHjIECAAQHjIECAAQHjIECAAQHlCdvRRYnb0UYOS-FGgAcAB4AIABWogBWpIBATGYAQCgAQGqAQtnd3Mtd2l6LWltZ8ABAQ&amp;sclient=img&amp;ei=doeNX6n_Jv2EjLsP4ISg8As&amp;bih=654&amp;biw=1366&amp;client=firefox-b-d\" rel=\"noopener noreferrer\" target=\"_blank\">im\u00e1genes<\/a><\/td>\n<\/tr>\n<tr class=\"row-250\">\n\t<td class=\"column-1\"><img loading=\"lazy\" decoding=\"async\" src=\"http:\/\/www.reporolimpico.com\/wp-content\/uploads\/2020\/07\/TUR.jpg\" alt=\"\" width=\"22\" height=\"15\" class=\"alignnone size-full wp-image-141\" \/> Turqu\u00eda<\/td><td class=\"column-2\">Hamit Kaplan<\/td><td class=\"column-3\">Lucha<\/td><td class=\"column-4\">1<\/td><td class=\"column-5\">1<\/td><td class=\"column-6\">1<\/td><td class=\"column-7\">3<\/td><td class=\"column-8\"><a href=\"https:\/\/www.google.com\/search?q=Hamit+Kaplan&amp;tbm=isch&amp;ved=2ahUKEwiB6q_W18DsAhXw3eAKHSpkC74Q2-cCegQIABAA&amp;oq=Hamit+Kaplan&amp;gs_lcp=CgNpbWcQA1AAWABgvacSaABwAHgAgAEAiAEAkgEAmAEAqgELZ3dzLXdpei1pbWc&amp;sclient=img&amp;ei=QIqNX4HKE_C7gweqyK3wCw&amp;bih=654&amp;biw=1366&amp;client=firefox-b-d\" rel=\"noopener noreferrer\" target=\"_blank\">im\u00e1genes<\/a><\/td>\n<\/tr>\n<tr class=\"row-251\">\n\t<td class=\"column-1\"><img loading=\"lazy\" decoding=\"async\" src=\"http:\/\/www.reporolimpico.com\/wp-content\/uploads\/2020\/07\/TUR.jpg\" alt=\"\" width=\"22\" height=\"15\" class=\"alignnone size-full wp-image-141\" \/> Turqu\u00eda<\/td><td class=\"column-2\">Riza Kayaalp<\/td><td class=\"column-3\">Lucha<\/td><td class=\"column-4\">0<\/td><td class=\"column-5\">1<\/td><td class=\"column-6\">2<\/td><td class=\"column-7\">3<\/td><td class=\"column-8\"><a href=\"https:\/\/www.google.com\/search?q=Riza+Kayaalp&amp;tbm=isch&amp;ved=2ahUKEwiJleG6wKvyAhVlgc4BHfxWCGcQ2-cCegQIABAA&amp;oq=Riza+Kayaalp&amp;gs_lcp=CgNpbWcQAzIFCAAQgAQyBAgAEBgyBAgAEBgyBAgAEBgyBAgAEBgyBAgAEBgyBAgAEBgyBAgAEBgyBAgAEBhQyp4ZWMqeGWDdnxloAHAAeACAAWCIAWCSAQExmAEAoAEBqgELZ3dzLXdpei1pbWfAAQE&amp;sclient=img&amp;ei=jBYVYYmfOuWCur4P_K2huAY&amp;bih=643&amp;biw=1366&amp;client=firefox-b-d\" rel=\"noopener noreferrer\" target=\"_blank\">im\u00e1genes<\/a><\/td>\n<\/tr>\n<tr class=\"row-252\">\n\t<td class=\"column-1\"><img loading=\"lazy\" decoding=\"async\" src=\"http:\/\/www.reporolimpico.com\/wp-content\/uploads\/2020\/07\/UKR.jpg\" alt=\"\" width=\"22\" height=\"15\" class=\"alignnone size-full wp-image-141\" \/> Ucrania<\/td><td class=\"column-2\">Yana Klochkova<\/td><td class=\"column-3\">Nataci\u00f3n<\/td><td class=\"column-4\">4<\/td><td class=\"column-5\">1<\/td><td class=\"column-6\">0<\/td><td class=\"column-7\">5<\/td><td class=\"column-8\"><a href=\"https:\/\/www.google.com\/search?q=Yana+Klochkova&amp;tbm=isch&amp;ved=2ahUKEwjn5IfX2cDsAhXuAWMBHeuhBGIQ2-cCegQIABAA&amp;oq=Yana+Klochkova&amp;gs_lcp=CgNpbWcQA1AAWABg2IIIaABwAHgAgAEAiAEAkgEAmAEAqgELZ3dzLXdpei1pbWc&amp;sclient=img&amp;ei=WoyNX-fPJu6DjLsP68OSkAY&amp;bih=654&amp;biw=1366&amp;client=firefox-b-d\" rel=\"noopener noreferrer\" target=\"_blank\">im\u00e1genes<\/a><\/td>\n<\/tr>\n<tr class=\"row-253\">\n\t<td class=\"column-1\"><img loading=\"lazy\" decoding=\"async\" src=\"http:\/\/www.reporolimpico.com\/wp-content\/uploads\/2020\/07\/UGA.jpg\" alt=\"\" width=\"22\" height=\"15\" class=\"alignnone size-full wp-image-141\" \/> Uganda<\/td><td class=\"column-2\">Joshua Cheptegei<\/td><td class=\"column-3\">Atletismo<\/td><td class=\"column-4\">1<\/td><td class=\"column-5\">1<\/td><td class=\"column-6\">0<\/td><td class=\"column-7\">2<\/td><td class=\"column-8\"><a href=\"https:\/\/www.google.com\/search?q=Joshua+Cheptegei&amp;tbm=isch&amp;ved=2ahUKEwiHouGAwqvyAhUSyRoKHabLDxgQ2-cCegQIABAA&amp;oq=Joshua+Cheptegei&amp;gs_lcp=CgNpbWcQAzIFCAAQgAQyBQgAEIAEMgQIABAeMgQIABAeMgQIABAeMgQIABAeMgQIABAeMgQIABAeMgQIABAeMgQIABAeUMPIDFjDyAxgkc4MaABwAHgAgAFjiAFjkgEBMZgBAKABAaoBC2d3cy13aXotaW1nwAEB&amp;sclient=img&amp;ei=LBgVYYfcC5KSa6aXv8AB&amp;bih=643&amp;biw=1366&amp;client=firefox-b-d\" rel=\"noopener noreferrer\" target=\"_blank\">im\u00e1genes<\/a><\/td>\n<\/tr>\n<tr class=\"row-254\">\n\t<td class=\"column-1\"><img loading=\"lazy\" decoding=\"async\" src=\"http:\/\/www.reporolimpico.com\/wp-content\/uploads\/2020\/07\/UGA.jpg\" alt=\"\" width=\"22\" height=\"15\" class=\"alignnone size-full wp-image-141\" \/> Uganda<\/td><td class=\"column-2\">Leo Rwabwogo<\/td><td class=\"column-3\">Boxeo<\/td><td class=\"column-4\">0<\/td><td class=\"column-5\">1<\/td><td class=\"column-6\">1<\/td><td class=\"column-7\">2<\/td><td class=\"column-8\"><a href=\"https:\/\/www.google.com\/search?q=Leo+Rwabwogo&amp;tbm=isch&amp;ved=2ahUKEwiSnKKW2sDsAhWVxOAKHe2sC_UQ2-cCegQIABAA&amp;oq=Leo+Rwabwogo&amp;gs_lcp=CgNpbWcQA1Cwww9YsMMPYMPHD2gAcAB4AIABU4gBU5IBATGYAQCgAQGqAQtnd3Mtd2l6LWltZ8ABAQ&amp;sclient=img&amp;ei=34yNX9KwC5WJgwft2a6oDw&amp;bih=654&amp;biw=1366&amp;client=firefox-b-d\" rel=\"noopener noreferrer\" target=\"_blank\">im\u00e1genes<\/a><\/td>\n<\/tr>\n<tr class=\"row-255\">\n\t<td class=\"column-1\"><img loading=\"lazy\" decoding=\"async\" src=\"http:\/\/www.reporolimpico.com\/wp-content\/uploads\/2020\/07\/URU.jpg\" alt=\"\" width=\"22\" height=\"15\" class=\"alignnone size-full wp-image-141\" \/> Uruguay<\/td><td class=\"column-2\">Jos\u00e9 Leandro Andrade<\/td><td class=\"column-3\">F\u00fatbol<\/td><td class=\"column-4\">2<\/td><td class=\"column-5\">0<\/td><td class=\"column-6\">0<\/td><td class=\"column-7\">2<\/td><td class=\"column-8\"><a href=\"https:\/\/www.google.com\/search?q=Jos%C3%A9+Leandro+Andrade&amp;tbm=isch&amp;ved=2ahUKEwjb_ZOv1cXsAhWk1eAKHfu9DuAQ2-cCegQIABAA&amp;oq=Jos%C3%A9+Leandro+Andrade&amp;gs_lcp=CgNpbWcQAzIECCMQJ1CLogJYi6ICYN-mAmgAcAB4AIABeYgBeZIBAzAuMZgBAKABAaoBC2d3cy13aXotaW1nwAEB&amp;sclient=img&amp;ei=6yaQX5vcNqSrgwf7-7qADg&amp;bih=654&amp;biw=1366&amp;client=firefox-b-d\" rel=\"noopener noreferrer\" target=\"_blank\">im\u00e1genes<\/a><\/td>\n<\/tr>\n<tr class=\"row-256\">\n\t<td class=\"column-1\"><img loading=\"lazy\" decoding=\"async\" src=\"http:\/\/www.reporolimpico.com\/wp-content\/uploads\/2020\/07\/URU.jpg\" alt=\"\" width=\"22\" height=\"15\" class=\"alignnone size-full wp-image-141\" \/> Uruguay<\/td><td class=\"column-2\">Pedro Arispe<\/td><td class=\"column-3\">F\u00fatbol<\/td><td class=\"column-4\">2<\/td><td class=\"column-5\">0<\/td><td class=\"column-6\">0<\/td><td class=\"column-7\">2<\/td><td class=\"column-8\"><a href=\"https:\/\/www.google.com\/search?q=Pedro+Arispe&amp;tbm=isch&amp;ved=2ahUKEwjW5vXS1cXsAhUD1uAKHQKrDEcQ2-cCegQIABAA&amp;oq=Pedro+Arispe&amp;gs_lcp=CgNpbWcQAzIECCMQJzIGCAAQBRAeMgYIABAFEB5Ql_gBWJf4AWCc-wFoAHAAeACAAUmIAUmSAQExmAEAoAEBqgELZ3dzLXdpei1pbWfAAQE&amp;sclient=img&amp;ei=NieQX9bzNoOsgweC1rK4BA&amp;bih=654&amp;biw=1366&amp;client=firefox-b-d\" rel=\"noopener noreferrer\" target=\"_blank\">im\u00e1genes<\/a><\/td>\n<\/tr>\n<tr class=\"row-257\">\n\t<td class=\"column-1\"><img loading=\"lazy\" decoding=\"async\" src=\"http:\/\/www.reporolimpico.com\/wp-content\/uploads\/2020\/07\/URU.jpg\" alt=\"\" width=\"22\" height=\"15\" class=\"alignnone size-full wp-image-141\" \/> Uruguay<\/td><td class=\"column-2\">Pedro Cea<\/td><td class=\"column-3\">F\u00fatbol<\/td><td class=\"column-4\">2<\/td><td class=\"column-5\">0<\/td><td class=\"column-6\">0<\/td><td class=\"column-7\">2<\/td><td class=\"column-8\"><a href=\"https:\/\/www.google.com\/search?q=Pedro+Cea&amp;tbm=isch&amp;ved=2ahUKEwjPyOfi1cXsAhXHIBQKHdM0CioQ2-cCegQIABAA&amp;oq=Pedro+Cea&amp;gs_lcp=CgNpbWcQAzIECCMQJzICCAAyBggAEAUQHjIGCAAQCBAeMgYIABAIEB4yBggAEAgQHjIGCAAQCBAeMgQIABAYMgQIABAYMgQIABAYUN-kAVjfpAFgqqcBaABwAHgAgAFiiAFikgEBMZgBAKABAaoBC2d3cy13aXotaW1nwAEB&amp;sclient=img&amp;ei=WCeQX8-8DcfBUNPpqNAC&amp;bih=654&amp;biw=1366&amp;client=firefox-b-d\" rel=\"noopener noreferrer\" target=\"_blank\">im\u00e1genes<\/a><\/td>\n<\/tr>\n<tr class=\"row-258\">\n\t<td class=\"column-1\"><img loading=\"lazy\" decoding=\"async\" src=\"http:\/\/www.reporolimpico.com\/wp-content\/uploads\/2020\/07\/URU.jpg\" alt=\"\" width=\"22\" height=\"15\" class=\"alignnone size-full wp-image-141\" \/> Uruguay<\/td><td class=\"column-2\">Andr\u00e9s Mazali<\/td><td class=\"column-3\">F\u00fatbol<\/td><td class=\"column-4\">2<\/td><td class=\"column-5\">0<\/td><td class=\"column-6\">0<\/td><td class=\"column-7\">2<\/td><td class=\"column-8\"><a href=\"https:\/\/www.google.com\/search?q=Andr%C3%A9s+Mazali&amp;tbm=isch&amp;ved=2ahUKEwjUg8vt1cXsAhUk7uAKHb1UA_QQ2-cCegQIABAA&amp;oq=Andr%C3%A9s+Mazali&amp;gs_lcp=CgNpbWcQAzIECCMQJ1DifFjifGCqf2gAcAB4AIABVYgBVZIBATGYAQCgAQGqAQtnd3Mtd2l6LWltZ8ABAQ&amp;sclient=img&amp;ei=bieQX9SUMqTcgwe9qY2gDw&amp;bih=654&amp;biw=1366&amp;client=firefox-b-d\" rel=\"noopener noreferrer\" target=\"_blank\">im\u00e1genes<\/a><\/td>\n<\/tr>\n<tr class=\"row-259\">\n\t<td class=\"column-1\"><img loading=\"lazy\" decoding=\"async\" src=\"http:\/\/www.reporolimpico.com\/wp-content\/uploads\/2020\/07\/URU.jpg\" alt=\"\" width=\"22\" height=\"15\" class=\"alignnone size-full wp-image-141\" \/> Uruguay<\/td><td class=\"column-2\">Jos\u00e9 Nasazzi<\/td><td class=\"column-3\">F\u00fatbol<\/td><td class=\"column-4\">2<\/td><td class=\"column-5\">0<\/td><td class=\"column-6\">0<\/td><td class=\"column-7\">2<\/td><td class=\"column-8\"><a href=\"https:\/\/www.google.com\/search?q=Jos%C3%A9+Nasazzi&amp;tbm=isch&amp;ved=2ahUKEwi5iID21cXsAhUNw-AKHYNYDeMQ2-cCegQIABAA&amp;oq=Jos%C3%A9+Nasazzi&amp;gs_lcp=CgNpbWcQAzIECCMQJzIGCAAQBRAeMgQIABAYUJ-gAlifoAJgkKMCaABwAHgAgAFRiAFRkgEBMZgBAKABAaoBC2d3cy13aXotaW1nwAEB&amp;sclient=img&amp;ei=gCeQX7nIHI2GgweDsbWYDg&amp;bih=654&amp;biw=1366&amp;client=firefox-b-d\" rel=\"noopener noreferrer\" target=\"_blank\">im\u00e1genes<\/a><\/td>\n<\/tr>\n<tr class=\"row-260\">\n\t<td class=\"column-1\"><img loading=\"lazy\" decoding=\"async\" src=\"http:\/\/www.reporolimpico.com\/wp-content\/uploads\/2020\/07\/URU.jpg\" alt=\"\" width=\"22\" height=\"15\" class=\"alignnone size-full wp-image-141\" \/> Uruguay<\/td><td class=\"column-2\">Pedro Petrone<\/td><td class=\"column-3\">F\u00fatbol<\/td><td class=\"column-4\">2<\/td><td class=\"column-5\">0<\/td><td class=\"column-6\">0<\/td><td class=\"column-7\">2<\/td><td class=\"column-8\"><a href=\"https:\/\/www.google.com\/search?q=Pedro+Petrone&amp;tbm=isch&amp;ved=2ahUKEwjR1KiI1sXsAhUJxeAKHR83A8QQ2-cCegQIABAA&amp;oq=Pedro+Petrone&amp;gs_lcp=CgNpbWcQAzIECCMQJzIECAAQGFDIlwFYyJcBYKqaAWgAcAB4AIABVYgBVZIBATGYAQCgAQGqAQtnd3Mtd2l6LWltZ8ABAQ&amp;sclient=img&amp;ei=pieQX9HpNYmKgwef7oygDA&amp;bih=654&amp;biw=1366&amp;client=firefox-b-d\" rel=\"noopener noreferrer\" target=\"_blank\">im\u00e1genes<\/a><\/td>\n<\/tr>\n<tr class=\"row-261\">\n\t<td class=\"column-1\"><img loading=\"lazy\" decoding=\"async\" src=\"http:\/\/www.reporolimpico.com\/wp-content\/uploads\/2020\/07\/URU.jpg\" alt=\"\" width=\"22\" height=\"15\" class=\"alignnone size-full wp-image-141\" \/> Uruguay<\/td><td class=\"column-2\">H\u00e9ctor Scarone<\/td><td class=\"column-3\">F\u00fatbol<\/td><td class=\"column-4\">2<\/td><td class=\"column-5\">0<\/td><td class=\"column-6\">0<\/td><td class=\"column-7\">2<\/td><td class=\"column-8\"><a href=\"https:\/\/www.google.com\/search?q=H%C3%A9ctor+Scarone&amp;tbm=isch&amp;ved=2ahUKEwi3jqCS1sXsAhUGfRQKHUJQBa0Q2-cCegQIABAA&amp;oq=H%C3%A9ctor+Scarone&amp;gs_lcp=CgNpbWcQAzIECCMQJ1DRnAFY0ZwBYImgAWgAcAB4AIABSogBSpIBATGYAQCgAQGqAQtnd3Mtd2l6LWltZ8ABAQ&amp;sclient=img&amp;ei=uyeQX_fEK4b6UcKglegK&amp;bih=654&amp;biw=1366&amp;client=firefox-b-d\" rel=\"noopener noreferrer\" target=\"_blank\">im\u00e1genes<\/a><\/td>\n<\/tr>\n<tr class=\"row-262\">\n\t<td class=\"column-1\"><img loading=\"lazy\" decoding=\"async\" src=\"http:\/\/www.reporolimpico.com\/wp-content\/uploads\/2020\/07\/URU.jpg\" alt=\"\" width=\"22\" height=\"15\" class=\"alignnone size-full wp-image-141\" \/> Uruguay<\/td><td class=\"column-2\">Santos Urdinar\u00e1n<\/td><td class=\"column-3\">F\u00fatbol<\/td><td class=\"column-4\">2<\/td><td class=\"column-5\">0<\/td><td class=\"column-6\">0<\/td><td class=\"column-7\">2<\/td><td class=\"column-8\"><a href=\"https:\/\/www.google.com\/search?q=Santos+Urdinar%C3%A1n&amp;tbm=isch&amp;ved=2ahUKEwj64cGc1sXsAhXF6OAKHfRBD-gQ2-cCegQIABAA&amp;oq=Santos+Urdinar%C3%A1n&amp;gs_lcp=CgNpbWcQAzIECCMQJ1CgigFYoIoBYI6NAWgAcAB4AIABTIgBTJIBATGYAQCgAQGqAQtnd3Mtd2l6LWltZ8ABAQ&amp;sclient=img&amp;ei=0SeQX7q1DsXRgwf0g73ADg&amp;bih=654&amp;biw=1366&amp;client=firefox-b-d\" rel=\"noopener noreferrer\" target=\"_blank\">im\u00e1genes<\/a><\/td>\n<\/tr>\n<tr class=\"row-263\">\n\t<td class=\"column-1\"><img loading=\"lazy\" decoding=\"async\" src=\"http:\/\/www.reporolimpico.com\/wp-content\/uploads\/2020\/07\/URU.jpg\" alt=\"\" width=\"22\" height=\"15\" class=\"alignnone size-full wp-image-141\" \/> Uruguay<\/td><td class=\"column-2\">Juan Antonio Rodr\u00edguez<\/td><td class=\"column-3\">Remo<\/td><td class=\"column-4\">0<\/td><td class=\"column-5\">0<\/td><td class=\"column-6\">2<\/td><td class=\"column-7\">2<\/td><td class=\"column-8\"><a href=\"https:\/\/www.google.com\/search?q=juan+antonio+rodriguez+iglesias+uruguay+remo&amp;tbm=isch&amp;ved=2ahUKEwiHzJKSncPsAhWPIBQKHeiFCwwQ2-cCegQIABAA&amp;oq=juan+antonio+rodriguez+iglesias+uruguay+remo&amp;gs_lcp=CgNpbWcQA1AAWABg8cY5aABwAHgAgAEAiAEAkgEAmAEAqgELZ3dzLXdpei1pbWc&amp;sclient=img&amp;ei=h9-OX8fsC4_BUOiLrmA&amp;bih=654&amp;biw=1366&amp;client=firefox-b-d\" rel=\"noopener noreferrer\" target=\"_blank\">im\u00e1genes<\/a><\/td>\n<\/tr>\n<tr class=\"row-264\">\n\t<td class=\"column-1\"><img loading=\"lazy\" decoding=\"async\" src=\"http:\/\/www.reporolimpico.com\/wp-content\/uploads\/2020\/07\/URU.jpg\" alt=\"\" width=\"22\" height=\"15\" class=\"alignnone size-full wp-image-141\" \/> Uruguay<\/td><td class=\"column-2\">H\u00e9ctor Costa<\/td><td class=\"column-3\">Baloncesto<\/td><td class=\"column-4\">0<\/td><td class=\"column-5\">0<\/td><td class=\"column-6\">2<\/td><td class=\"column-7\">2<\/td><td class=\"column-8\"><a href=\"https:\/\/www.google.com\/search?q=baloncesto+uruguay+1952&amp;tbm=isch&amp;ved=2ahUKEwiyoKyL1cXsAhUN0hQKHbLVBPYQ2-cCegQIABAA&amp;oq=baloncesto+uruguay+1952&amp;gs_lcp=CgNpbWcQDDoECAAQQzoCCAA6BQgAELEDOgQIIxAnOgcIABCxAxBDOgcIIxDqAhAnOgQIABAeOgYIABAFEB46BggAEAgQHjoECAAQGFDGpgNYoZcEYNLABGgHcAB4AIABbIgBzgySAQQyMC4xmAEAoAEBqgELZ3dzLXdpei1pbWewAQrAAQE&amp;sclient=img&amp;ei=oCaQX7LQMI2kU7Krk7AP&amp;bih=654&amp;biw=1366&amp;client=firefox-b-d\" rel=\"noopener noreferrer\" target=\"_blank\">im\u00e1genes<\/a><\/td>\n<\/tr>\n<tr class=\"row-265\">\n\t<td class=\"column-1\"><img loading=\"lazy\" decoding=\"async\" src=\"http:\/\/www.reporolimpico.com\/wp-content\/uploads\/2020\/07\/URU.jpg\" alt=\"\" width=\"22\" height=\"15\" class=\"alignnone size-full wp-image-141\" \/> Uruguay<\/td><td class=\"column-2\">Nelson Demarco<\/td><td class=\"column-3\">Baloncesto<\/td><td class=\"column-4\">0<\/td><td class=\"column-5\">0<\/td><td class=\"column-6\">2<\/td><td class=\"column-7\">2<\/td><td class=\"column-8\"><a href=\"https:\/\/www.google.com\/search?q=baloncesto+uruguay+1952&amp;tbm=isch&amp;ved=2ahUKEwiyoKyL1cXsAhUN0hQKHbLVBPYQ2-cCegQIABAA&amp;oq=baloncesto+uruguay+1952&amp;gs_lcp=CgNpbWcQDDoECAAQQzoCCAA6BQgAELEDOgQIIxAnOgcIABCxAxBDOgcIIxDqAhAnOgQIABAeOgYIABAFEB46BggAEAgQHjoECAAQGFDGpgNYoZcEYNLABGgHcAB4AIABbIgBzgySAQQyMC4xmAEAoAEBqgELZ3dzLXdpei1pbWewAQrAAQE&amp;sclient=img&amp;ei=oCaQX7LQMI2kU7Krk7AP&amp;bih=654&amp;biw=1366&amp;client=firefox-b-d\" rel=\"noopener noreferrer\" target=\"_blank\">im\u00e1genes<\/a><\/td>\n<\/tr>\n<tr class=\"row-266\">\n\t<td class=\"column-1\"><img loading=\"lazy\" decoding=\"async\" src=\"http:\/\/www.reporolimpico.com\/wp-content\/uploads\/2020\/07\/URU.jpg\" alt=\"\" width=\"22\" height=\"15\" class=\"alignnone size-full wp-image-141\" \/> Uruguay<\/td><td class=\"column-2\">H\u00e9ctor Garc\u00eda<\/td><td class=\"column-3\">Baloncesto<\/td><td class=\"column-4\">0<\/td><td class=\"column-5\">0<\/td><td class=\"column-6\">2<\/td><td class=\"column-7\">2<\/td><td class=\"column-8\"><a href=\"https:\/\/www.google.com\/search?q=baloncesto+uruguay+1952&amp;tbm=isch&amp;ved=2ahUKEwiyoKyL1cXsAhUN0hQKHbLVBPYQ2-cCegQIABAA&amp;oq=baloncesto+uruguay+1952&amp;gs_lcp=CgNpbWcQDDoECAAQQzoCCAA6BQgAELEDOgQIIxAnOgcIABCxAxBDOgcIIxDqAhAnOgQIABAeOgYIABAFEB46BggAEAgQHjoECAAQGFDGpgNYoZcEYNLABGgHcAB4AIABbIgBzgySAQQyMC4xmAEAoAEBqgELZ3dzLXdpei1pbWewAQrAAQE&amp;sclient=img&amp;ei=oCaQX7LQMI2kU7Krk7AP&amp;bih=654&amp;biw=1366&amp;client=firefox-b-d\" rel=\"noopener noreferrer\" target=\"_blank\">im\u00e1genes<\/a><\/td>\n<\/tr>\n<tr class=\"row-267\">\n\t<td class=\"column-1\"><img loading=\"lazy\" decoding=\"async\" src=\"http:\/\/www.reporolimpico.com\/wp-content\/uploads\/2020\/07\/URU.jpg\" alt=\"\" width=\"22\" height=\"15\" class=\"alignnone size-full wp-image-141\" \/> Uruguay<\/td><td class=\"column-2\">Sergio Matto<\/td><td class=\"column-3\">Baloncesto<\/td><td class=\"column-4\">0<\/td><td class=\"column-5\">0<\/td><td class=\"column-6\">2<\/td><td class=\"column-7\">2<\/td><td class=\"column-8\"><a href=\"https:\/\/www.google.com\/search?q=baloncesto+uruguay+1952&amp;tbm=isch&amp;ved=2ahUKEwiyoKyL1cXsAhUN0hQKHbLVBPYQ2-cCegQIABAA&amp;oq=baloncesto+uruguay+1952&amp;gs_lcp=CgNpbWcQDDoECAAQQzoCCAA6BQgAELEDOgQIIxAnOgcIABCxAxBDOgcIIxDqAhAnOgQIABAeOgYIABAFEB46BggAEAgQHjoECAAQGFDGpgNYoZcEYNLABGgHcAB4AIABbIgBzgySAQQyMC4xmAEAoAEBqgELZ3dzLXdpei1pbWewAQrAAQE&amp;sclient=img&amp;ei=oCaQX7LQMI2kU7Krk7AP&amp;bih=654&amp;biw=1366&amp;client=firefox-b-d\" rel=\"noopener noreferrer\" target=\"_blank\">im\u00e1genes<\/a><\/td>\n<\/tr>\n<tr class=\"row-268\">\n\t<td class=\"column-1\"><img loading=\"lazy\" decoding=\"async\" src=\"http:\/\/www.reporolimpico.com\/wp-content\/uploads\/2020\/07\/UZB.jpg\" alt=\"\" width=\"22\" height=\"15\" class=\"alignnone size-full wp-image-141\" \/> Uzbekist\u00e1n<\/td><td class=\"column-2\">Rishod Sobirov<\/td><td class=\"column-3\">Judo<\/td><td class=\"column-4\">0<\/td><td class=\"column-5\">0<\/td><td class=\"column-6\">3<\/td><td class=\"column-7\">3<\/td><td class=\"column-8\"><a href=\"https:\/\/www.google.com\/search?q=Rishod+Sobirov&amp;tbm=isch&amp;ved=2ahUKEwi96Oz918XsAhWEARQKHcwbAOEQ2-cCegQIABAA&amp;oq=Rishod+Sobirov&amp;gs_lcp=CgNpbWcQA1AAWABgv-UEaABwAHgAgAEAiAEAkgEAmAEAqgELZ3dzLXdpei1pbWc&amp;sclient=img&amp;ei=qSmQX_3vMISDUMy3gIgO&amp;bih=654&amp;biw=1366&amp;client=firefox-b-d\" rel=\"noopener noreferrer\" target=\"_blank\">im\u00e1genes<\/a><\/td>\n<\/tr>\n<tr class=\"row-269\">\n\t<td class=\"column-1\"><img loading=\"lazy\" decoding=\"async\" src=\"http:\/\/www.reporolimpico.com\/wp-content\/uploads\/2020\/07\/VEN.jpg\" alt=\"\" width=\"22\" height=\"15\" class=\"alignnone size-full wp-image-141\" \/> Venezuela<\/td><td class=\"column-2\">Yulimar Rojas<\/td><td class=\"column-3\">Atletismo<\/td><td class=\"column-4\">1<\/td><td class=\"column-5\">1<\/td><td class=\"column-6\">0<\/td><td class=\"column-7\">2<\/td><td class=\"column-8\"><a href=\"https:\/\/www.google.com\/search?q=Yulimar+Rojas&amp;tbm=isch&amp;ved=2ahUKEwj6kfbk3cXsAhUDlBoKHXcUCIEQ2-cCegQIABAA&amp;oq=Yulimar+Rojas&amp;gs_lcp=CgNpbWcQAzICCAAyAggAMgIIADICCAAyAggAMgIIADICCAAyAggAMgIIADICCABQ69kMWOvZDGCs2wxoAHAAeACAAVWIAVWSAQExmAEAoAEBqgELZ3dzLXdpei1pbWfAAQE&amp;sclient=img&amp;ei=wC-QX_qxCIOoaveooIgI&amp;bih=654&amp;biw=1366&amp;client=firefox-b-d\" rel=\"noopener noreferrer\" target=\"_blank\">im\u00e1genes<\/a><\/td>\n<\/tr>\n<tr class=\"row-270\">\n\t<td class=\"column-1\"><img loading=\"lazy\" decoding=\"async\" src=\"http:\/\/www.reporolimpico.com\/wp-content\/uploads\/2020\/07\/VIE.jpg\" alt=\"\" width=\"22\" height=\"15\" class=\"alignnone size-full wp-image-141\" \/> Vietnam<\/td><td class=\"column-2\">Hoang Xuan Vinh<\/td><td class=\"column-3\">Tiro<\/td><td class=\"column-4\">1<\/td><td class=\"column-5\">1<\/td><td class=\"column-6\">0<\/td><td class=\"column-7\">2<\/td><td class=\"column-8\"><a href=\"https:\/\/www.google.com\/search?q=Ho%C3%A0ng+Xu%C3%A2n+Vinh&amp;tbm=isch&amp;ved=2ahUKEwiHk7mczcrsAhVDeRoKHRHfCCwQ2-cCegQIABAA&amp;oq=Ho%C3%A0ng+Xu%C3%A2n+Vinh&amp;gs_lcp=CgNpbWcQAzIECAAQEzIECAAQEzIICAAQBRAeEBNQ6t7AAVig8MABYJ3zwAFoAHAAeACAAVSIAVSSAQExmAEBoAEBqgELZ3dzLXdpei1pbWfAAQE&amp;sclient=img&amp;ei=d72SX8f7NMPyaZG-o-AC&amp;bih=654&amp;biw=1366&amp;client=firefox-b-d\" rel=\"noopener noreferrer\" target=\"_blank\">im\u00e1genes<\/a><\/td>\n<\/tr>\n<tr class=\"row-271\">\n\t<td class=\"column-1\"><img loading=\"lazy\" decoding=\"async\" src=\"http:\/\/www.reporolimpico.com\/wp-content\/uploads\/2020\/07\/DJI.jpg\" alt=\"\" width=\"22\" height=\"15\" class=\"alignnone size-full wp-image-141\" \/> Yibuti<\/td><td class=\"column-2\">Hussein Ahmed Salah<\/td><td class=\"column-3\">Atletismo<\/td><td class=\"column-4\">0<\/td><td class=\"column-5\">0<\/td><td class=\"column-6\">1<\/td><td class=\"column-7\">1<\/td><td class=\"column-8\"><a href=\"https:\/\/www.google.com\/search?q=Hussein+Ahmed+Salah&amp;tbm=isch&amp;client=firefox-b-d&amp;hl=es&amp;sa=X&amp;ved=2ahUKEwiviqWW3MrsAhXI2OAKHTEqCacQBXoECAEQKQ&amp;biw=1349&amp;bih=654\" rel=\"noopener noreferrer\" target=\"_blank\">im\u00e1genes<\/a><\/td>\n<\/tr>\n<tr class=\"row-272\">\n\t<td class=\"column-1\"><img loading=\"lazy\" decoding=\"async\" src=\"http:\/\/www.reporolimpico.com\/wp-content\/uploads\/2020\/07\/ZAM.jpg\" alt=\"\" width=\"22\" height=\"15\" class=\"alignnone size-full wp-image-141\" \/> Zambia<\/td><td class=\"column-2\">Samuel Matete<\/td><td class=\"column-3\">Atletismo<\/td><td class=\"column-4\">0<\/td><td class=\"column-5\">1<\/td><td class=\"column-6\">0<\/td><td class=\"column-7\">1<\/td><td class=\"column-8\"><a href=\"https:\/\/www.google.com\/search?q=Samuel+Matete&amp;tbm=isch&amp;ved=2ahUKEwjGpJas38rsAhX_AmMBHZGXCMAQ2-cCegQIABAA&amp;oq=Samuel+Matete&amp;gs_lcp=CgNpbWcQA1AAWABg_qcLaABwAHgAgAEAiAEAkgEAmAEAqgELZ3dzLXdpei1pbWc&amp;sclient=img&amp;ei=eNCSX8aIKv-FjLsPka-igAw&amp;bih=654&amp;biw=1349&amp;client=firefox-b-d&amp;hl=es\" rel=\"noopener noreferrer\" target=\"_blank\">im\u00e1genes<\/a><\/td>\n<\/tr>\n<tr class=\"row-273\">\n\t<td class=\"column-1\"><img loading=\"lazy\" decoding=\"async\" src=\"http:\/\/www.reporolimpico.com\/wp-content\/uploads\/2020\/07\/ZAM.jpg\" alt=\"\" width=\"22\" height=\"15\" class=\"alignnone size-full wp-image-141\" \/> Zambia<\/td><td class=\"column-2\">Keith Mwila<\/td><td class=\"column-3\">Boxeo<\/td><td class=\"column-4\">0<\/td><td class=\"column-5\">0<\/td><td class=\"column-6\">1<\/td><td class=\"column-7\">1<\/td><td class=\"column-8\"><a href=\"https:\/\/www.google.com\/search?q=Keith+Mwila&amp;tbm=isch&amp;ved=2ahUKEwjbuIas4MrsAhUJCxQKHcWRD2EQ2-cCegQIABAA&amp;oq=Keith+Mwila&amp;gs_lcp=CgNpbWcQAzIECCMQJzIECCMQJ1DXrQFY160BYPyvAWgAcAB4AIABUogBUpIBATGYAQCgAQGqAQtnd3Mtd2l6LWltZ8ABAQ&amp;sclient=img&amp;ei=hNGSX9vmNImWUMWjvogG&amp;bih=654&amp;biw=1349&amp;client=firefox-b-d&amp;hl=es\" rel=\"noopener noreferrer\" target=\"_blank\">im\u00e1genes<\/a><\/td>\n<\/tr>\n<tr class=\"row-274\">\n\t<td class=\"column-1\"><img loading=\"lazy\" decoding=\"async\" src=\"http:\/\/www.reporolimpico.com\/wp-content\/uploads\/2020\/07\/ZIM.jpg\" alt=\"\" width=\"22\" height=\"15\" class=\"alignnone size-full wp-image-141\" \/> Zimbabwe<\/td><td class=\"column-2\">Kirsty Coventry<\/td><td class=\"column-3\">Nataci\u00f3n<\/td><td class=\"column-4\">2<\/td><td class=\"column-5\">4<\/td><td class=\"column-6\">1<\/td><td class=\"column-7\">7<\/td><td class=\"column-8\"><a href=\"https:\/\/www.google.com\/search?q=Kirsty+Coventry&amp;tbm=isch&amp;ved=2ahUKEwiji6G34MrsAhWaxeAKHTWVDIAQ2-cCegQIABAA&amp;oq=Kirsty+Coventry&amp;gs_lcp=CgNpbWcQAzICCAAyBAgAEB4yBAgAEB4yBAgAEB4yBAgAEB4yBAgAEB4yBggAEAUQHjIECAAQGFCrgxRYq4MUYP6FFGgAcAB4AIABVYgBVZIBATGYAQCgAQGqAQtnd3Mtd2l6LWltZ8ABAQ&amp;sclient=img&amp;ei=nNGSX6PNFpqLgwe1qrKACA&amp;bih=654&amp;biw=1349&amp;client=firefox-b-d&amp;hl=es\" rel=\"noopener noreferrer\" target=\"_blank\">im\u00e1genes<\/a><\/td>\n<\/tr>\n<tr class=\"row-275\">\n\t<td class=\"column-1\"><img loading=\"lazy\" decoding=\"async\" src=\"http:\/\/www.reporolimpico.com\/wp-content\/uploads\/2020\/07\/GER.jpg\" alt=\"\" width=\"22\" height=\"15\" class=\"alignnone size-full wp-image-141\" \/> <em>Alemania Occidental (15)<\/em><\/td><td class=\"column-2\">Reiner Klimke<\/td><td class=\"column-3\">H\u00edpica<\/td><td class=\"column-4\">5<\/td><td class=\"column-5\">0<\/td><td class=\"column-6\">2<\/td><td class=\"column-7\">7<\/td><td class=\"column-8\"><a href=\"https:\/\/www.google.com\/search?q=Reiner+Klimke&amp;tbm=isch&amp;ved=2ahUKEwijkOCrotLsAhVo1eAKHW4gBPYQ2-cCegQIABAA&amp;oq=Reiner+Klimke&amp;gs_lcp=CgNpbWcQAzIECCMQJzIECAAQHjIGCAAQBRAeMgYIABAFEB5Q_xRYvTFg0DhoAHAAeACAAVqIAVqSAQExmAEBoAEBqgELZ3dzLXdpei1pbWfAAQE&amp;sclient=img&amp;ei=P8KWX-P0COiqgwfuwJCwDw&amp;bih=654&amp;biw=1349&amp;client=firefox-b-d&amp;hl=es\" rel=\"noopener noreferrer\" target=\"_blank\">im\u00e1genes<\/a><\/td>\n<\/tr>\n<tr class=\"row-276\">\n\t<td class=\"column-1\"><img loading=\"lazy\" decoding=\"async\" src=\"http:\/\/www.reporolimpico.com\/wp-content\/uploads\/2020\/07\/GDR.jpg\" alt=\"\" width=\"22\" height=\"15\" class=\"alignnone size-full wp-image-141\" \/> <em>Alemania Oriental<\/em><\/td><td class=\"column-2\">Kornelia Ender<\/td><td class=\"column-3\">Nataci\u00f3n<\/td><td class=\"column-4\">4<\/td><td class=\"column-5\">4<\/td><td class=\"column-6\">0<\/td><td class=\"column-7\">8<\/td><td class=\"column-8\"><a href=\"https:\/\/www.google.com\/search?q=Kornelia+Ender&amp;tbm=isch&amp;ved=2ahUKEwiA3_3S5tLsAhUIEhoKHQzuAUQQ2-cCegQIABAA&amp;oq=Kornelia+Ender&amp;gs_lcp=CgNpbWcQAzIECCMQJzIECAAQHjIECAAQHjIECAAQHjIECAAQHjIGCAAQCBAeMgQIABAYUMHLP1jByz9g4s4_aABwAHgAgAF7iAF7kgEDMC4xmAEAoAEBqgELZ3dzLXdpei1pbWfAAQE&amp;sclient=img&amp;ei=3wmXX8DzAYikaIzch6AE&amp;bih=654&amp;biw=1349&amp;client=firefox-b-d&amp;hl=es\" rel=\"noopener noreferrer\" target=\"_blank\">im\u00e1genes<\/a><\/td>\n<\/tr>\n<tr class=\"row-277\">\n\t<td class=\"column-1\"><img loading=\"lazy\" decoding=\"async\" src=\"http:\/\/www.reporolimpico.com\/wp-content\/uploads\/2020\/07\/GDR.jpg\" alt=\"\" width=\"22\" height=\"15\" class=\"alignnone size-full wp-image-141\" \/> <em>Alemania Oriental<\/em><\/td><td class=\"column-2\">Roland Matthes<\/td><td class=\"column-3\">Nataci\u00f3n<\/td><td class=\"column-4\">4<\/td><td class=\"column-5\">2<\/td><td class=\"column-6\">2<\/td><td class=\"column-7\">8<\/td><td class=\"column-8\"><a href=\"https:\/\/www.google.com\/search?q=Roland+Matthes&amp;tbm=isch&amp;ved=2ahUKEwjX2MrE6tLsAhVG4BoKHct-BKYQ2-cCegQIABAA&amp;oq=Roland+Matthes&amp;gs_lcp=CgNpbWcQAzIECCMQJzIECAAQHjIECAAQHjIECAAQHjIECAAQHjIECAAQHjIECAAQHjIECAAQHjIECAAQHjIECAAQHlCx8ApYsfAKYNzyCmgAcAB4AIABSogBSpIBATGYAQCgAQGqAQtnd3Mtd2l6LWltZ8ABAQ&amp;sclient=img&amp;ei=8g2XX9eXI8bAa8v9kbAK&amp;bih=654&amp;biw=1349&amp;client=firefox-b-d&amp;hl=es\" rel=\"noopener noreferrer\" target=\"_blank\">im\u00e1genes<\/a><\/td>\n<\/tr>\n<tr class=\"row-278\">\n\t<td class=\"column-1\"><img loading=\"lazy\" decoding=\"async\" src=\"http:\/\/www.reporolimpico.com\/wp-content\/uploads\/2020\/07\/GDR.jpg\" alt=\"\" width=\"22\" height=\"15\" class=\"alignnone size-full wp-image-141\" \/> <em>Alemania Oriental<\/em><\/td><td class=\"column-2\">Karin Enke<\/td><td class=\"column-3\">Patinaje Vel.<\/td><td class=\"column-4\">3<\/td><td class=\"column-5\">4<\/td><td class=\"column-6\">1<\/td><td class=\"column-7\">8<\/td><td class=\"column-8\"><a href=\"https:\/\/www.google.com\/search?q=Karin+Enke&amp;tbm=isch&amp;ved=2ahUKEwi0556a69LsAhUDgHMKHQwbCcEQ2-cCegQIABAA&amp;oq=Karin+Enke&amp;gs_lcp=CgNpbWcQAzIECCMQJzIGCAAQHhATUMmuFFjJrhRgjrEUaABwAHgAgAFWiAFWkgEBMZgBAKABAaoBC2d3cy13aXotaW1nwAEB&amp;sclient=img&amp;ei=pg6XX7T8DIOAzgOMtqSIDA&amp;bih=654&amp;biw=1349&amp;client=firefox-b-d&amp;hl=es\" rel=\"noopener noreferrer\" target=\"_blank\">im\u00e1genes<\/a><\/td>\n<\/tr>\n<tr class=\"row-279\">\n\t<td class=\"column-1\"><img loading=\"lazy\" decoding=\"async\" src=\"http:\/\/www.reporolimpico.com\/wp-content\/uploads\/2020\/07\/CZE.jpg\" alt=\"\" width=\"22\" height=\"15\" class=\"alignnone size-full wp-image-141\" \/> <em>Checoslovaquia<\/em><\/td><td class=\"column-2\">Vera Caslavska<\/td><td class=\"column-3\">Gimnasia<\/td><td class=\"column-4\">7<\/td><td class=\"column-5\">4<\/td><td class=\"column-6\">0<\/td><td class=\"column-7\">11<\/td><td class=\"column-8\"><a href=\"https:\/\/www.google.com\/search?q=Vera+Caslavska&amp;tbm=isch&amp;ved=2ahUKEwi66Zm67NLsAhVQSxoKHXNbA5EQ2-cCegQIABAA&amp;oq=Vera+Caslavska&amp;gs_lcp=CgNpbWcQAzICCAAyAggAMgIIADIECAAQHjIGCAAQBRAeMgQIABAeMgQIABAYMgQIABAYMgQIABAYUMTgF1jE4Bdg7uYXaABwAHgAgAGyAYgBsgGSAQMwLjGYAQCgAQGqAQtnd3Mtd2l6LWltZ8ABAQ&amp;sclient=img&amp;ei=9Q-XX_qaKdCWafO2jYgJ&amp;bih=654&amp;biw=1349&amp;client=firefox-b-d&amp;hl=es\" rel=\"noopener noreferrer\" target=\"_blank\">im\u00e1genes<\/a><\/td>\n<\/tr>\n<tr class=\"row-280\">\n\t<td class=\"column-1\"><img loading=\"lazy\" decoding=\"async\" src=\"http:\/\/www.reporolimpico.com\/wp-content\/uploads\/2020\/07\/URS.jpg\" alt=\"\" width=\"22\" height=\"15\" class=\"alignnone size-full wp-image-141\" \/> <em>Uni\u00f3n Sovi\u00e9tica<\/em><\/td><td class=\"column-2\">Larisa Latynina<\/td><td class=\"column-3\">Gimnasia<\/td><td class=\"column-4\">9<\/td><td class=\"column-5\">5<\/td><td class=\"column-6\">4<\/td><td class=\"column-7\">18<\/td><td class=\"column-8\"><a href=\"https:\/\/www.google.com\/search?q=Larisa+Latynina&amp;tbm=isch&amp;ved=2ahUKEwjtj4W679LsAhUG04UKHeMeCOYQ2-cCegQIABAA&amp;oq=Larisa+Latynina&amp;gs_lcp=CgNpbWcQA1AAWABgp9cBaABwAHgAgAEAiAEAkgEAmAEAqgELZ3dzLXdpei1pbWc&amp;sclient=img&amp;ei=GhOXX-2aJ4amlwTjvaCwDg&amp;bih=654&amp;biw=1349&amp;client=firefox-b-d&amp;hl=es\" rel=\"noopener noreferrer\" target=\"_blank\">im\u00e1genes<\/a><\/td>\n<\/tr>\n<tr class=\"row-281\">\n\t<td class=\"column-1\"><img loading=\"lazy\" decoding=\"async\" src=\"http:\/\/www.reporolimpico.com\/wp-content\/uploads\/2020\/07\/YUG.jpg\" alt=\"\" width=\"22\" height=\"15\" class=\"alignnone size-full wp-image-141\" \/> <em>Yugoslavia<\/em><\/td><td class=\"column-2\">Leon Stukelj<\/td><td class=\"column-3\">Gimnasia<\/td><td class=\"column-4\">3<\/td><td class=\"column-5\">1<\/td><td class=\"column-6\">2<\/td><td class=\"column-7\">6<\/td><td class=\"column-8\"><a href=\"https:\/\/www.google.com\/search?q=Leon+Stukelj&amp;tbm=isch&amp;ved=2ahUKEwibzeHH79LsAhVOwIUKHZwYBCIQ2-cCegQIABAA&amp;oq=Leon+Stukelj&amp;gs_lcp=CgNpbWcQAzIECAAQE1C0nhxY4bgcYO-7HGgAcAB4AIABRIgBRJIBATGYAQGgAQGqAQtnd3Mtd2l6LWltZ8ABAQ&amp;sclient=img&amp;ei=NxOXX9vVGc6AlwScsZCQAg&amp;bih=654&amp;biw=1349&amp;client=firefox-b-d&amp;hl=es\" rel=\"noopener noreferrer\" target=\"_blank\">im\u00e1genes<\/a><\/td>\n<\/tr>\n<\/tbody>\n<\/table>\n<!-- #tablepress-20 from cache -->\n\n\n\n<p>(1) Desde la reunificaci\u00f3n de Alemania Isabell Werth es la deportista con m\u00e1s medallas ol\u00edmpicas representando a Alemania como tal. La pirag\u00fcista Birgit Fischer tiene 12 (8-4-0), pero 4 de ellas las consigui\u00f3 cuando compet\u00eda para Alemania del Este, as\u00ed que Alemania como Comit\u00e9 Ol\u00edmpico Unificado tiene las 12 de Werth c\u00f3mo su r\u00e9cord de medallas.<\/p>\n\n\n\n<p>(2) El bielorruso Vitaly Scherbo tiene 10 medallas ol\u00edmpicas (6-0-4) pero los 6 oros los consigui\u00f3 en Barcelona 1992 cuando Bielorrusia form\u00f3 parte del Equipo Unificado, por ejemplo uno de ellos en la prueba de gimnasia por equipos, donde hab\u00eda gimnastas de diferentes pa\u00edses de la antigua Uni\u00f3n Sovi\u00e9tica. As\u00ed que esas medallas no se las podemos contar a Bielorrusia como tal. Scherbo gan\u00f3 sus 4 bronces en Atlanta 1996, con Bielorrusia ya como Comit\u00e9 Ol\u00edmpico Independiente.<\/p>\n\n\n\n<p>(3) Chen Jing tiene 4 medallas ol\u00edmpicas pero 2 las consigui\u00f3 con la Rep\u00fablica Popular de China en Se\u00fal 1988, oro en individual y plata en dobles, as\u00ed que como taiwanesa tiene 2.<\/p>\n\n\n\n<p>(4) Ram\u00f3n Fonst tiene en realidad 5 medallas ol\u00edmpicas. A las listadas hay que sumarle el oro en la prueba de florete por equipos en San Luis 1904. Lo que sucede es que esa no se le contabiliza a Cuba ya que en fue un equipo formado por dos cubanos y un estadounidense por lo que el COI le asigna la medalla a Equipo Mixto y no a Cuba. As\u00ed que, representando a Cuba como tal, Ram\u00f3n Fonst tiene 4.<\/p>\n\n\n\n<p>(5) Los integrantes del equipo de Rugby 7 que ganaron el oro en R\u00edo de Janeiro 2016:  Apisai Domolailai, Masivesi Dakuwaqa, Osea Kolinisau, Semi Kunatani, Viliame Mata, Leone Nakarawa, Vatemo Ravouvou, Savenaca Rawaca, Kitione Taliga, Jerry Tuwai, Josua Tuisova, Jasa Veremalua, Samisoni Viriviri.<\/p>\n\n\n\n<p>(6) Los integrantes del equipo de f\u00fatbol de Ghana que ganaron el bronce en Barcelon 1992: Joachin Yaw Acheampong, Simon Addo, Sammi Adjei, Mamood Amadu, Frank Amankwah, Bernard Aryee, Isaac Asare, Kwame Ayew, Ibrahim Dossey, Mohammed Gargo, Mohammed Kalilu, Maxwell Konadu, Samuel Kuffour, Samuel Kumah, Nii Lamptey, Anthony Mensah, Alex Nyarko, Yaw Preko, Shamo Quaye, Oli Rahman.<\/p>\n\n\n\n<p>(7) Los integrantes del equipo de Hait\u00ed de Rifle por equipos: Ludovic Augustin, Destin Destine, Eloi Metullus, Astrel Rolland, Ludovic Valborge.<\/p>\n\n\n\n<p>(8) Los integrantes del equipo de Islandia de balonmano que lograron la plata en Pek\u00edn 2008:  Sturla Asgeirsson, Arnor Atlason, Logi Geirsson, Snorri Gudj\u00f3nsson, Hreidar Gudmundsson, R\u00f3bert Gunnarsson, Bj\u00f6rgvin P\u00e1ll G\u00fastavsson, \u00c1sgeir Orn Hallgr\u00edmsson, Ingimundur Ingimundarson, Sverre Andreas Jakobsson, Alexander Petersson, Gudj\u00f3n Valur Sigurdsson, Sigf\u00fas Sigurdsson, \u00d3lafur Stef\u00e1nsson.<\/p>\n\n\n\n<p>(9) Vladimir Smirnov tiene 3 medallas m\u00e1s, en total tiene 7 (1-4-2), pero esas tres las consigui\u00f3 en Calgary 1988 compitiendo bajo la Uni\u00f3n Sovi\u00e9tica.<\/p>\n\n\n\n<p>(10) Fehaid Al-Deehani gan\u00f3 otra medalla m\u00e1s, el oro en Ri\u00f3 2016 en Doble Trap, pero dicha medalla no la consigui\u00f3 representando a Kuwait, ya que su comit\u00e9 ol\u00edmpico fue sancionado por ingenrencias gubernamentales y tuvo que participar como Atleta Ol\u00edmpico Independiente. Lo mismo sucede con Abdullah Al-Rashidi, bronce en Rio 2016 y Tokio 2020 en Skeet. Por lo tanto,  representando a Kuwait el que m\u00e1s tiene es Fehaid Al-Deehani con 2.<\/p>\n\n\n\n<p>(11) Nicolae Juravschi y Viktor Reneysky tienen 2 medallas m\u00e1s, 2 oros, en C2 500m y C2 1000m en Se\u00fal 1988, cuando compet\u00edan para la Uni\u00f3n Sovi\u00e9tica.<\/p>\n\n\n\n<p>(12) El equipo de Montenegro de balonmano femenino que logr\u00f3 la plata en Londres 2012: Sonja Barjaktarovic, Andela Bulatovic, Katarina Bulatovic, Ana Djoki\u0107, Marija Jovanovic, Milena Knezevic, Suzana Lazovic, Majda Mehmedovic, Radmila Miljanic, Bojana Popovic, Jovanka Radicevic, Ana Radovic, Maja Savic, Marina Vukcevic.<\/p>\n\n\n\n<p>(13) El equipo de Paraguay que consigui\u00f3 la plata en Atenas 2004: Fredy Barreiro, Diego Barreto, Edgar Barreto, Pedro Ben\u00edtez, Jos\u00e9 Cardozo, Ernesto Cristaldo, Jos\u00e9 Devaca, Osvaldo D\u00edaz, Julio C\u00e9sar Enciso, Celso Esquivel, Diego Figueredo, Carlos Gamarra, Pablo Gim\u00e9nez, Julio Gonz\u00e1lez, Julio Manzur, Emilio Mart\u00ednez, Rodrigo Romero (no jug\u00f3), Aureliano Torres.<\/p>\n\n\n\n<p>(14) El equipo de voleibol femenino de Per\u00fa que consigui\u00f3 la medalla de plata en Se\u00fal 1988: Luisa Cervera, Denisse Fajardo, Miriam Gallardo, Rosa Garc\u00eda, Alejandra de la Guerra, Sonia Heredia, Katherine Horny, Natalia M\u00e1laga, Gabriela P\u00e9rez del Solar, Cecilia Tait, Gina Torrealva, Cenaida Uribe.<\/p>\n\n\n\n<p>(15) Reiner Klimke gan\u00f3 8 medallas ol\u00edmpicas, pero 1 (oro en doma por equipos en 1964) la consigui\u00f3 cuando copet\u00eda por el Equipo Unificado de Alemania. Para Alemania Occidental como tal, el m\u00e1ximo medallista es Reiner Klimke con 7.<\/p>\n","protected":false},"excerpt":{"rendered":"<p>\u00bfQui\u00e9n es el deportista con m\u00e1s medallas ol\u00edmpicas de cada pa\u00eds? Si ten\u00e9is curiosidad por la respuesta a esa pregunta, en este art\u00edculo podr\u00e9is resolver &hellip; <\/p>\n","protected":false},"author":1,"featured_media":552,"comment_status":"open","ping_status":"open","sticky":false,"template":"","format":"standard","meta":{"_monsterinsights_skip_tracking":false,"_monsterinsights_sitenote_active":false,"_monsterinsights_sitenote_note":"","_monsterinsights_sitenote_category":0,"footnotes":""},"categories":[22],"tags":[16],"class_list":["post-548","post","type-post","status-publish","format-standard","has-post-thumbnail","hentry","category-juegosolimpicos","tag-juegos-olimpicos"],"yoast_head":"<!-- This site is optimized with the Yoast SEO plugin v26.9 - https:\/\/yoast.com\/product\/yoast-seo-wordpress\/ -->\n<title>El deportista con m\u00e1s medallas ol\u00edmpicas de cada pa\u00eds - Reportero Ol\u00edmpico<\/title>\n<meta name=\"description\" content=\"\u00bfQui\u00e9n es el deportista con m\u00e1s medallas ol\u00edmpicas de cada pa\u00eds? | La lista con el deportista con m\u00e1s medallas ol\u00edmpicas de cada pa\u00eds\" \/>\n<meta name=\"robots\" content=\"index, follow, max-snippet:-1, max-image-preview:large, max-video-preview:-1\" \/>\n<link rel=\"canonical\" href=\"https:\/\/www.reporolimpico.com\/index.php\/2020\/08\/19\/el-deportista-con-mas-medallas-olimpicas-de-cada-pais\/\" \/>\n<meta property=\"og:locale\" content=\"es_ES\" \/>\n<meta property=\"og:type\" content=\"article\" \/>\n<meta property=\"og:title\" content=\"El deportista con m\u00e1s medallas ol\u00edmpicas de cada pa\u00eds - Reportero Ol\u00edmpico\" \/>\n<meta property=\"og:description\" content=\"\u00bfQui\u00e9n es el deportista con m\u00e1s medallas ol\u00edmpicas de cada pa\u00eds? | La lista con el deportista con m\u00e1s medallas ol\u00edmpicas de cada pa\u00eds\" \/>\n<meta property=\"og:url\" content=\"https:\/\/www.reporolimpico.com\/index.php\/2020\/08\/19\/el-deportista-con-mas-medallas-olimpicas-de-cada-pais\/\" \/>\n<meta property=\"og:site_name\" content=\"Reportero Ol\u00edmpico\" \/>\n<meta property=\"article:published_time\" content=\"2020-08-19T17:44:44+00:00\" \/>\n<meta property=\"article:modified_time\" content=\"2021-08-12T15:24:34+00:00\" \/>\n<meta property=\"og:image\" content=\"https:\/\/www.reporolimpico.com\/wp-content\/uploads\/2020\/08\/medals.jpg\" \/>\n\t<meta property=\"og:image:width\" content=\"1280\" \/>\n\t<meta property=\"og:image:height\" content=\"720\" \/>\n\t<meta property=\"og:image:type\" content=\"image\/jpeg\" \/>\n<meta name=\"author\" content=\"repor_olimpico\" \/>\n<meta name=\"twitter:card\" content=\"summary_large_image\" \/>\n<meta name=\"twitter:creator\" content=\"@repor_olimpico\" \/>\n<meta name=\"twitter:site\" content=\"@repor_olimpico\" \/>\n<meta name=\"twitter:label1\" content=\"Escrito por\" \/>\n\t<meta name=\"twitter:data1\" content=\"repor_olimpico\" \/>\n\t<meta name=\"twitter:label2\" content=\"Tiempo de lectura\" \/>\n\t<meta name=\"twitter:data2\" content=\"4 minutos\" \/>\n<script type=\"application\/ld+json\" class=\"yoast-schema-graph\">{\"@context\":\"https:\/\/schema.org\",\"@graph\":[{\"@type\":\"Article\",\"@id\":\"https:\/\/www.reporolimpico.com\/index.php\/2020\/08\/19\/el-deportista-con-mas-medallas-olimpicas-de-cada-pais\/#article\",\"isPartOf\":{\"@id\":\"https:\/\/www.reporolimpico.com\/index.php\/2020\/08\/19\/el-deportista-con-mas-medallas-olimpicas-de-cada-pais\/\"},\"author\":{\"name\":\"repor_olimpico\",\"@id\":\"https:\/\/www.reporolimpico.com\/#\/schema\/person\/0c16c40b97cead5a02cb2376b38ce339\"},\"headline\":\"El deportista con m\u00e1s medallas ol\u00edmpicas de cada pa\u00eds\",\"datePublished\":\"2020-08-19T17:44:44+00:00\",\"dateModified\":\"2021-08-12T15:24:34+00:00\",\"mainEntityOfPage\":{\"@id\":\"https:\/\/www.reporolimpico.com\/index.php\/2020\/08\/19\/el-deportista-con-mas-medallas-olimpicas-de-cada-pais\/\"},\"wordCount\":965,\"commentCount\":0,\"publisher\":{\"@id\":\"https:\/\/www.reporolimpico.com\/#\/schema\/person\/0c16c40b97cead5a02cb2376b38ce339\"},\"image\":{\"@id\":\"https:\/\/www.reporolimpico.com\/index.php\/2020\/08\/19\/el-deportista-con-mas-medallas-olimpicas-de-cada-pais\/#primaryimage\"},\"thumbnailUrl\":\"https:\/\/www.reporolimpico.com\/wp-content\/uploads\/2020\/08\/medals.jpg\",\"keywords\":[\"Juegos Ol\u00edmpicos\"],\"articleSection\":[\"Juegos Ol\u00edmpicos\"],\"inLanguage\":\"es\",\"potentialAction\":[{\"@type\":\"CommentAction\",\"name\":\"Comment\",\"target\":[\"https:\/\/www.reporolimpico.com\/index.php\/2020\/08\/19\/el-deportista-con-mas-medallas-olimpicas-de-cada-pais\/#respond\"]}]},{\"@type\":\"WebPage\",\"@id\":\"https:\/\/www.reporolimpico.com\/index.php\/2020\/08\/19\/el-deportista-con-mas-medallas-olimpicas-de-cada-pais\/\",\"url\":\"https:\/\/www.reporolimpico.com\/index.php\/2020\/08\/19\/el-deportista-con-mas-medallas-olimpicas-de-cada-pais\/\",\"name\":\"El deportista con m\u00e1s medallas ol\u00edmpicas de cada pa\u00eds - Reportero Ol\u00edmpico\",\"isPartOf\":{\"@id\":\"https:\/\/www.reporolimpico.com\/#website\"},\"primaryImageOfPage\":{\"@id\":\"https:\/\/www.reporolimpico.com\/index.php\/2020\/08\/19\/el-deportista-con-mas-medallas-olimpicas-de-cada-pais\/#primaryimage\"},\"image\":{\"@id\":\"https:\/\/www.reporolimpico.com\/index.php\/2020\/08\/19\/el-deportista-con-mas-medallas-olimpicas-de-cada-pais\/#primaryimage\"},\"thumbnailUrl\":\"https:\/\/www.reporolimpico.com\/wp-content\/uploads\/2020\/08\/medals.jpg\",\"datePublished\":\"2020-08-19T17:44:44+00:00\",\"dateModified\":\"2021-08-12T15:24:34+00:00\",\"description\":\"\u00bfQui\u00e9n es el deportista con m\u00e1s medallas ol\u00edmpicas de cada pa\u00eds? | La lista con el deportista con m\u00e1s medallas ol\u00edmpicas de cada pa\u00eds\",\"breadcrumb\":{\"@id\":\"https:\/\/www.reporolimpico.com\/index.php\/2020\/08\/19\/el-deportista-con-mas-medallas-olimpicas-de-cada-pais\/#breadcrumb\"},\"inLanguage\":\"es\",\"potentialAction\":[{\"@type\":\"ReadAction\",\"target\":[\"https:\/\/www.reporolimpico.com\/index.php\/2020\/08\/19\/el-deportista-con-mas-medallas-olimpicas-de-cada-pais\/\"]}]},{\"@type\":\"ImageObject\",\"inLanguage\":\"es\",\"@id\":\"https:\/\/www.reporolimpico.com\/index.php\/2020\/08\/19\/el-deportista-con-mas-medallas-olimpicas-de-cada-pais\/#primaryimage\",\"url\":\"https:\/\/www.reporolimpico.com\/wp-content\/uploads\/2020\/08\/medals.jpg\",\"contentUrl\":\"https:\/\/www.reporolimpico.com\/wp-content\/uploads\/2020\/08\/medals.jpg\",\"width\":1280,\"height\":720},{\"@type\":\"BreadcrumbList\",\"@id\":\"https:\/\/www.reporolimpico.com\/index.php\/2020\/08\/19\/el-deportista-con-mas-medallas-olimpicas-de-cada-pais\/#breadcrumb\",\"itemListElement\":[{\"@type\":\"ListItem\",\"position\":1,\"name\":\"Portada\",\"item\":\"https:\/\/www.reporolimpico.com\/\"},{\"@type\":\"ListItem\",\"position\":2,\"name\":\"El deportista con m\u00e1s medallas ol\u00edmpicas de cada pa\u00eds\"}]},{\"@type\":\"WebSite\",\"@id\":\"https:\/\/www.reporolimpico.com\/#website\",\"url\":\"https:\/\/www.reporolimpico.com\/\",\"name\":\"Reportero Ol\u00edmpico\",\"description\":\"Deporte y Juegos Ol\u00edmpicos\",\"publisher\":{\"@id\":\"https:\/\/www.reporolimpico.com\/#\/schema\/person\/0c16c40b97cead5a02cb2376b38ce339\"},\"potentialAction\":[{\"@type\":\"SearchAction\",\"target\":{\"@type\":\"EntryPoint\",\"urlTemplate\":\"https:\/\/www.reporolimpico.com\/?s={search_term_string}\"},\"query-input\":{\"@type\":\"PropertyValueSpecification\",\"valueRequired\":true,\"valueName\":\"search_term_string\"}}],\"inLanguage\":\"es\"},{\"@type\":[\"Person\",\"Organization\"],\"@id\":\"https:\/\/www.reporolimpico.com\/#\/schema\/person\/0c16c40b97cead5a02cb2376b38ce339\",\"name\":\"repor_olimpico\",\"image\":{\"@type\":\"ImageObject\",\"inLanguage\":\"es\",\"@id\":\"https:\/\/www.reporolimpico.com\/#\/schema\/person\/image\/\",\"url\":\"https:\/\/www.reporolimpico.com\/wp-content\/uploads\/2020\/07\/cropped-ReporteroOlimpico_sub-1.jpg\",\"contentUrl\":\"https:\/\/www.reporolimpico.com\/wp-content\/uploads\/2020\/07\/cropped-ReporteroOlimpico_sub-1.jpg\",\"width\":501,\"height\":170,\"caption\":\"repor_olimpico\"},\"logo\":{\"@id\":\"https:\/\/www.reporolimpico.com\/#\/schema\/person\/image\/\"},\"sameAs\":[\"http:\/\/www.reporolimpico.com\",\"https:\/\/x.com\/repor_olimpico\"]}]}<\/script>\n<!-- \/ Yoast SEO plugin. -->","yoast_head_json":{"title":"El deportista con m\u00e1s medallas ol\u00edmpicas de cada pa\u00eds - Reportero Ol\u00edmpico","description":"\u00bfQui\u00e9n es el deportista con m\u00e1s medallas ol\u00edmpicas de cada pa\u00eds? | La lista con el deportista con m\u00e1s medallas ol\u00edmpicas de cada pa\u00eds","robots":{"index":"index","follow":"follow","max-snippet":"max-snippet:-1","max-image-preview":"max-image-preview:large","max-video-preview":"max-video-preview:-1"},"canonical":"https:\/\/www.reporolimpico.com\/index.php\/2020\/08\/19\/el-deportista-con-mas-medallas-olimpicas-de-cada-pais\/","og_locale":"es_ES","og_type":"article","og_title":"El deportista con m\u00e1s medallas ol\u00edmpicas de cada pa\u00eds - Reportero Ol\u00edmpico","og_description":"\u00bfQui\u00e9n es el deportista con m\u00e1s medallas ol\u00edmpicas de cada pa\u00eds? | La lista con el deportista con m\u00e1s medallas ol\u00edmpicas de cada pa\u00eds","og_url":"https:\/\/www.reporolimpico.com\/index.php\/2020\/08\/19\/el-deportista-con-mas-medallas-olimpicas-de-cada-pais\/","og_site_name":"Reportero Ol\u00edmpico","article_published_time":"2020-08-19T17:44:44+00:00","article_modified_time":"2021-08-12T15:24:34+00:00","og_image":[{"width":1280,"height":720,"url":"https:\/\/www.reporolimpico.com\/wp-content\/uploads\/2020\/08\/medals.jpg","type":"image\/jpeg"}],"author":"repor_olimpico","twitter_card":"summary_large_image","twitter_creator":"@repor_olimpico","twitter_site":"@repor_olimpico","twitter_misc":{"Escrito por":"repor_olimpico","Tiempo de lectura":"4 minutos"},"schema":{"@context":"https:\/\/schema.org","@graph":[{"@type":"Article","@id":"https:\/\/www.reporolimpico.com\/index.php\/2020\/08\/19\/el-deportista-con-mas-medallas-olimpicas-de-cada-pais\/#article","isPartOf":{"@id":"https:\/\/www.reporolimpico.com\/index.php\/2020\/08\/19\/el-deportista-con-mas-medallas-olimpicas-de-cada-pais\/"},"author":{"name":"repor_olimpico","@id":"https:\/\/www.reporolimpico.com\/#\/schema\/person\/0c16c40b97cead5a02cb2376b38ce339"},"headline":"El deportista con m\u00e1s medallas ol\u00edmpicas de cada pa\u00eds","datePublished":"2020-08-19T17:44:44+00:00","dateModified":"2021-08-12T15:24:34+00:00","mainEntityOfPage":{"@id":"https:\/\/www.reporolimpico.com\/index.php\/2020\/08\/19\/el-deportista-con-mas-medallas-olimpicas-de-cada-pais\/"},"wordCount":965,"commentCount":0,"publisher":{"@id":"https:\/\/www.reporolimpico.com\/#\/schema\/person\/0c16c40b97cead5a02cb2376b38ce339"},"image":{"@id":"https:\/\/www.reporolimpico.com\/index.php\/2020\/08\/19\/el-deportista-con-mas-medallas-olimpicas-de-cada-pais\/#primaryimage"},"thumbnailUrl":"https:\/\/www.reporolimpico.com\/wp-content\/uploads\/2020\/08\/medals.jpg","keywords":["Juegos Ol\u00edmpicos"],"articleSection":["Juegos Ol\u00edmpicos"],"inLanguage":"es","potentialAction":[{"@type":"CommentAction","name":"Comment","target":["https:\/\/www.reporolimpico.com\/index.php\/2020\/08\/19\/el-deportista-con-mas-medallas-olimpicas-de-cada-pais\/#respond"]}]},{"@type":"WebPage","@id":"https:\/\/www.reporolimpico.com\/index.php\/2020\/08\/19\/el-deportista-con-mas-medallas-olimpicas-de-cada-pais\/","url":"https:\/\/www.reporolimpico.com\/index.php\/2020\/08\/19\/el-deportista-con-mas-medallas-olimpicas-de-cada-pais\/","name":"El deportista con m\u00e1s medallas ol\u00edmpicas de cada pa\u00eds - Reportero Ol\u00edmpico","isPartOf":{"@id":"https:\/\/www.reporolimpico.com\/#website"},"primaryImageOfPage":{"@id":"https:\/\/www.reporolimpico.com\/index.php\/2020\/08\/19\/el-deportista-con-mas-medallas-olimpicas-de-cada-pais\/#primaryimage"},"image":{"@id":"https:\/\/www.reporolimpico.com\/index.php\/2020\/08\/19\/el-deportista-con-mas-medallas-olimpicas-de-cada-pais\/#primaryimage"},"thumbnailUrl":"https:\/\/www.reporolimpico.com\/wp-content\/uploads\/2020\/08\/medals.jpg","datePublished":"2020-08-19T17:44:44+00:00","dateModified":"2021-08-12T15:24:34+00:00","description":"\u00bfQui\u00e9n es el deportista con m\u00e1s medallas ol\u00edmpicas de cada pa\u00eds? | La lista con el deportista con m\u00e1s medallas ol\u00edmpicas de cada pa\u00eds","breadcrumb":{"@id":"https:\/\/www.reporolimpico.com\/index.php\/2020\/08\/19\/el-deportista-con-mas-medallas-olimpicas-de-cada-pais\/#breadcrumb"},"inLanguage":"es","potentialAction":[{"@type":"ReadAction","target":["https:\/\/www.reporolimpico.com\/index.php\/2020\/08\/19\/el-deportista-con-mas-medallas-olimpicas-de-cada-pais\/"]}]},{"@type":"ImageObject","inLanguage":"es","@id":"https:\/\/www.reporolimpico.com\/index.php\/2020\/08\/19\/el-deportista-con-mas-medallas-olimpicas-de-cada-pais\/#primaryimage","url":"https:\/\/www.reporolimpico.com\/wp-content\/uploads\/2020\/08\/medals.jpg","contentUrl":"https:\/\/www.reporolimpico.com\/wp-content\/uploads\/2020\/08\/medals.jpg","width":1280,"height":720},{"@type":"BreadcrumbList","@id":"https:\/\/www.reporolimpico.com\/index.php\/2020\/08\/19\/el-deportista-con-mas-medallas-olimpicas-de-cada-pais\/#breadcrumb","itemListElement":[{"@type":"ListItem","position":1,"name":"Portada","item":"https:\/\/www.reporolimpico.com\/"},{"@type":"ListItem","position":2,"name":"El deportista con m\u00e1s medallas ol\u00edmpicas de cada pa\u00eds"}]},{"@type":"WebSite","@id":"https:\/\/www.reporolimpico.com\/#website","url":"https:\/\/www.reporolimpico.com\/","name":"Reportero Ol\u00edmpico","description":"Deporte y Juegos Ol\u00edmpicos","publisher":{"@id":"https:\/\/www.reporolimpico.com\/#\/schema\/person\/0c16c40b97cead5a02cb2376b38ce339"},"potentialAction":[{"@type":"SearchAction","target":{"@type":"EntryPoint","urlTemplate":"https:\/\/www.reporolimpico.com\/?s={search_term_string}"},"query-input":{"@type":"PropertyValueSpecification","valueRequired":true,"valueName":"search_term_string"}}],"inLanguage":"es"},{"@type":["Person","Organization"],"@id":"https:\/\/www.reporolimpico.com\/#\/schema\/person\/0c16c40b97cead5a02cb2376b38ce339","name":"repor_olimpico","image":{"@type":"ImageObject","inLanguage":"es","@id":"https:\/\/www.reporolimpico.com\/#\/schema\/person\/image\/","url":"https:\/\/www.reporolimpico.com\/wp-content\/uploads\/2020\/07\/cropped-ReporteroOlimpico_sub-1.jpg","contentUrl":"https:\/\/www.reporolimpico.com\/wp-content\/uploads\/2020\/07\/cropped-ReporteroOlimpico_sub-1.jpg","width":501,"height":170,"caption":"repor_olimpico"},"logo":{"@id":"https:\/\/www.reporolimpico.com\/#\/schema\/person\/image\/"},"sameAs":["http:\/\/www.reporolimpico.com","https:\/\/x.com\/repor_olimpico"]}]}},"_links":{"self":[{"href":"https:\/\/www.reporolimpico.com\/index.php\/wp-json\/wp\/v2\/posts\/548","targetHints":{"allow":["GET"]}}],"collection":[{"href":"https:\/\/www.reporolimpico.com\/index.php\/wp-json\/wp\/v2\/posts"}],"about":[{"href":"https:\/\/www.reporolimpico.com\/index.php\/wp-json\/wp\/v2\/types\/post"}],"author":[{"embeddable":true,"href":"https:\/\/www.reporolimpico.com\/index.php\/wp-json\/wp\/v2\/users\/1"}],"replies":[{"embeddable":true,"href":"https:\/\/www.reporolimpico.com\/index.php\/wp-json\/wp\/v2\/comments?post=548"}],"version-history":[{"count":31,"href":"https:\/\/www.reporolimpico.com\/index.php\/wp-json\/wp\/v2\/posts\/548\/revisions"}],"predecessor-version":[{"id":1158,"href":"https:\/\/www.reporolimpico.com\/index.php\/wp-json\/wp\/v2\/posts\/548\/revisions\/1158"}],"wp:featuredmedia":[{"embeddable":true,"href":"https:\/\/www.reporolimpico.com\/index.php\/wp-json\/wp\/v2\/media\/552"}],"wp:attachment":[{"href":"https:\/\/www.reporolimpico.com\/index.php\/wp-json\/wp\/v2\/media?parent=548"}],"wp:term":[{"taxonomy":"category","embeddable":true,"href":"https:\/\/www.reporolimpico.com\/index.php\/wp-json\/wp\/v2\/categories?post=548"},{"taxonomy":"post_tag","embeddable":true,"href":"https:\/\/www.reporolimpico.com\/index.php\/wp-json\/wp\/v2\/tags?post=548"}],"curies":[{"name":"wp","href":"https:\/\/api.w.org\/{rel}","templated":true}]}}