{"id":525,"date":"2020-08-05T11:02:29","date_gmt":"2020-08-05T11:02:29","guid":{"rendered":"http:\/\/www.reporolimpico.com\/?p=525"},"modified":"2020-08-05T11:06:04","modified_gmt":"2020-08-05T11:06:04","slug":"records-del-mundo-de-patinaje-de-velocidad","status":"publish","type":"post","link":"https:\/\/www.reporolimpico.com\/index.php\/2020\/08\/05\/records-del-mundo-de-patinaje-de-velocidad\/","title":{"rendered":"R\u00e9cords del Mundo de Patinaje de Velocidad"},"content":{"rendered":"\n<p>Estos son los R\u00e9cords del Mundo vigentes en todas las pruebas de Patinaje de Velocidad que forman parte actualmente del calendario de los campeonatos del mundo. Son las mismas que a nivel ol\u00edmpico, sumando la del sprint por equipos.<\/p>\n\n\n\n<h2 class=\"wp-block-heading\"><span class=\"has-inline-color has-vivid-cyan-blue-color\">Hombres<\/span><\/h2>\n\n\n\n\n<table id=\"tablepress-18\" class=\"tablepress tablepress-id-18\">\n<thead>\n<tr class=\"row-1\">\n\t<th class=\"column-1\">Prueba<\/th><th class=\"column-2\">Deportista<\/th><th class=\"column-3\">R\u00e9cord<\/th><th class=\"column-4\">Fecha<\/th><th class=\"column-5\">Evento<\/th><td class=\"column-6\"><\/td>\n<\/tr>\n<\/thead>\n<tbody class=\"row-striping row-hover\">\n<tr class=\"row-2\">\n\t<td class=\"column-1\">500m<\/td><td class=\"column-2\"><img loading=\"lazy\" decoding=\"async\" src=\"http:\/\/www.reporolimpico.com\/wp-content\/uploads\/2020\/07\/RUS.jpg\" alt=\"\" width=\"22\" height=\"15\" class=\"alignnone size-full wp-image-154\" \/> Pavel Kulizhnikov<\/td><td class=\"column-3\">33.61<\/td><td class=\"column-4\">09-03-2019<\/td><td class=\"column-5\">Copa del Mundo, Salt Lake City<\/td><td class=\"column-6\"><a href=\"https:\/\/www.youtube.com\/watch?v=_OZAgqxifuo&amp;t=63s\" rel=\"noopener noreferrer\" target=\"_blank\">video<\/a><\/td>\n<\/tr>\n<tr class=\"row-3\">\n\t<td class=\"column-1\">1000m<\/td><td class=\"column-2\"><img loading=\"lazy\" decoding=\"async\" src=\"http:\/\/www.reporolimpico.com\/wp-content\/uploads\/2020\/07\/RUS.jpg\" alt=\"\" width=\"22\" height=\"15\" class=\"alignnone size-full wp-image-154\" \/>  Pavel Kulizhnikov<\/td><td class=\"column-3\">1:05.69<\/td><td class=\"column-4\">15-02-2020<\/td><td class=\"column-5\">Cto. Mundo Distancias Ind., Salt Lake City<\/td><td class=\"column-6\"><a href=\"https:\/\/www.youtube.com\/watch?v=dXgRMSpmcAE\" rel=\"noopener noreferrer\" target=\"_blank\">video<\/a><\/td>\n<\/tr>\n<tr class=\"row-4\">\n\t<td class=\"column-1\">1500m<\/td><td class=\"column-2\"><img loading=\"lazy\" decoding=\"async\" src=\"http:\/\/www.reporolimpico.com\/wp-content\/uploads\/2020\/07\/NED.jpg\" alt=\"\" width=\"22\" height=\"15\" class=\"alignnone size-full wp-image-154\" \/> Kjeld Nuis<\/td><td class=\"column-3\">1:40.17<\/td><td class=\"column-4\">10-03-2019<\/td><td class=\"column-5\">Copa del Mundo, Salt Lake City<\/td><td class=\"column-6\"><a href=\"https:\/\/www.youtube.com\/watch?v=Bz7fFNhvtPA\" rel=\"noopener noreferrer\" target=\"_blank\">video<\/a><\/td>\n<\/tr>\n<tr class=\"row-5\">\n\t<td class=\"column-1\">5000m<\/td><td class=\"column-2\"><img loading=\"lazy\" decoding=\"async\" src=\"http:\/\/www.reporolimpico.com\/wp-content\/uploads\/2020\/07\/SWE.jpg\" alt=\"\" width=\"22\" height=\"15\" class=\"alignnone size-full wp-image-154\" \/> Nils van der Poel<\/td><td class=\"column-3\">6:01.56<\/td><td class=\"column-4\">03-12-2021<\/td><td class=\"column-5\">Copa del Mundo, Salt Lake City<\/td><td class=\"column-6\"><a href=\"https:\/\/www.youtube.com\/watch?v=8C1lmAEPIFY\" rel=\"noopener noreferrer\" target=\"_blank\">video<\/a><\/td>\n<\/tr>\n<tr class=\"row-6\">\n\t<td class=\"column-1\">10000m<\/td><td class=\"column-2\"><img loading=\"lazy\" decoding=\"async\" src=\"http:\/\/www.reporolimpico.com\/wp-content\/uploads\/2020\/07\/SWE.jpg\" alt=\"\" width=\"22\" height=\"15\" class=\"alignnone size-full wp-image-154\" \/> Nils van der Poel<\/td><td class=\"column-3\">12:30.74<\/td><td class=\"column-4\">11-02-2022<\/td><td class=\"column-5\">Juegos Ol\u00edmpicos Pek\u00edn<\/td><td class=\"column-6\"><a href=\"https:\/\/www.youtube.com\/watch?v=DSq2d6c4eG4\" rel=\"noopener noreferrer\" target=\"_blank\">video<\/a><\/td>\n<\/tr>\n<tr class=\"row-7\">\n\t<td class=\"column-1\">Sprint por equipos<\/td><td class=\"column-2\"><img loading=\"lazy\" decoding=\"async\" src=\"http:\/\/www.reporolimpico.com\/wp-content\/uploads\/2020\/07\/CAN.jpg\" alt=\"\" width=\"22\" height=\"15\" class=\"alignnone size-full wp-image-154\" \/> Canad\u00e1<br \/>\n<br \/>\nVincent De Haitre<br \/>\nGilmore Junio<br \/>\nLaurent Dubreuil<\/td><td class=\"column-3\">1:17.31<\/td><td class=\"column-4\">01-12-2017<\/td><td class=\"column-5\">Copa del Mundo, Calgary<\/td><td class=\"column-6\"><a href=\"https:\/\/www.youtube.com\/watch?v=YzSdwGq1LAQ\" rel=\"noopener noreferrer\" target=\"_blank\">video<\/a><\/td>\n<\/tr>\n<tr class=\"row-8\">\n\t<td class=\"column-1\">Persecuci\u00f3n por equipos<\/td><td class=\"column-2\"><img loading=\"lazy\" decoding=\"async\" src=\"http:\/\/www.reporolimpico.com\/wp-content\/uploads\/2020\/07\/USA.jpg\" alt=\"\" width=\"22\" height=\"15\" class=\"alignnone size-full wp-image-154\" \/> Estados Unidos<br \/>\n<br \/>\nJoey Mantia<br \/>\nEmery Lehman<br \/>\nCasey Dawson<\/td><td class=\"column-3\">3:34.47<\/td><td class=\"column-4\">05-12-2021<\/td><td class=\"column-5\">Copa del Mundo, Salt Lake City<\/td><td class=\"column-6\"><a href=\"https:\/\/www.youtube.com\/watch?v=O_cAlj_Cjek\" rel=\"noopener noreferrer\" target=\"_blank\">video<\/a><\/td>\n<\/tr>\n<\/tbody>\n<\/table>\n<!-- #tablepress-18 from cache -->\n\n\n\n<h2 class=\"wp-block-heading\"><span class=\"has-inline-color has-vivid-cyan-blue-color\">Mujeres<\/span><\/h2>\n\n\n\n\n<table id=\"tablepress-19\" class=\"tablepress tablepress-id-19\">\n<thead>\n<tr class=\"row-1\">\n\t<th class=\"column-1\">Prueba<\/th><th class=\"column-2\">Deportista<\/th><th class=\"column-3\">R\u00e9cord<\/th><th class=\"column-4\">Fecha<\/th><th class=\"column-5\">Evento<\/th><td class=\"column-6\"><\/td>\n<\/tr>\n<\/thead>\n<tbody class=\"row-striping row-hover\">\n<tr class=\"row-2\">\n\t<td class=\"column-1\">500m<\/td><td class=\"column-2\"><img loading=\"lazy\" decoding=\"async\" src=\"http:\/\/www.reporolimpico.com\/wp-content\/uploads\/2020\/07\/KOR.jpg\" alt=\"\" width=\"22\" height=\"15\" class=\"alignnone size-full wp-image-154\" \/> Lee Sang-Hwa<\/td><td class=\"column-3\">36.36<\/td><td class=\"column-4\">16-11-2013<\/td><td class=\"column-5\">Copa del Mundo, Salt Lake City<\/td><td class=\"column-6\"><a href=\"https:\/\/www.youtube.com\/watch?v=aBDX5QkXfHo\" rel=\"noopener noreferrer\" target=\"_blank\">video<\/a><\/td>\n<\/tr>\n<tr class=\"row-3\">\n\t<td class=\"column-1\">1000m<\/td><td class=\"column-2\"><img loading=\"lazy\" decoding=\"async\" src=\"http:\/\/www.reporolimpico.com\/wp-content\/uploads\/2020\/07\/USA.jpg\" alt=\"\" width=\"22\" height=\"15\" class=\"alignnone size-full wp-image-154\" \/> Brittany Bowe<\/td><td class=\"column-3\">1:11.61<\/td><td class=\"column-4\">09-03-2019<\/td><td class=\"column-5\">Copa del Mundo, Salt Lake City<\/td><td class=\"column-6\"><a href=\"https:\/\/www.youtube.com\/watch?v=juV7YhMSij8\" rel=\"noopener noreferrer\" target=\"_blank\">video<\/a><\/td>\n<\/tr>\n<tr class=\"row-4\">\n\t<td class=\"column-1\">1500m<\/td><td class=\"column-2\"><img loading=\"lazy\" decoding=\"async\" src=\"http:\/\/www.reporolimpico.com\/wp-content\/uploads\/2020\/07\/JPN.jpg\" alt=\"\" width=\"22\" height=\"15\" class=\"alignnone size-full wp-image-154\" \/> Miho Takagi<\/td><td class=\"column-3\">1:49.83<\/td><td class=\"column-4\">10-03-2019<\/td><td class=\"column-5\">Copa del Mundo, Salt Lake City<\/td><td class=\"column-6\"><a href=\"https:\/\/www.youtube.com\/watch?v=CwQteyXKOrM\" rel=\"noopener noreferrer\" target=\"_blank\">video<\/a><\/td>\n<\/tr>\n<tr class=\"row-5\">\n\t<td class=\"column-1\">3000m<\/td><td class=\"column-2\"><img loading=\"lazy\" decoding=\"async\" src=\"http:\/\/www.reporolimpico.com\/wp-content\/uploads\/2020\/07\/CZE.jpg\" alt=\"\" width=\"22\" height=\"15\" class=\"alignnone size-full wp-image-154\" \/> Martina Sablikova<\/td><td class=\"column-3\">3:52.02<\/td><td class=\"column-4\">09-03-2019<\/td><td class=\"column-5\">Copa del Mundo, Salt Lake City<\/td><td class=\"column-6\"><a href=\"https:\/\/www.youtube.com\/watch?v=6jbTPdErqS0\" rel=\"noopener noreferrer\" target=\"_blank\">video<\/a><\/td>\n<\/tr>\n<tr class=\"row-6\">\n\t<td class=\"column-1\">5000m<\/td><td class=\"column-2\"><img loading=\"lazy\" decoding=\"async\" src=\"http:\/\/www.reporolimpico.com\/wp-content\/uploads\/2020\/07\/RUS.jpg\" alt=\"\" width=\"22\" height=\"15\" class=\"alignnone size-full wp-image-154\" \/> Natalya Voronina<\/td><td class=\"column-3\">6:39.02<\/td><td class=\"column-4\">15-02-2020<\/td><td class=\"column-5\">Cto. Mundo Distancias Ind., Salt Lake City<\/td><td class=\"column-6\"><a href=\"https:\/\/www.youtube.com\/watch?v=Iq5IdXp7nRk\" rel=\"noopener noreferrer\" target=\"_blank\">video<\/a><\/td>\n<\/tr>\n<tr class=\"row-7\">\n\t<td class=\"column-1\">Sprint por equipos<\/td><td class=\"column-2\"><img loading=\"lazy\" decoding=\"async\" src=\"http:\/\/www.reporolimpico.com\/wp-content\/uploads\/2020\/07\/NED.jpg\" alt=\"\" width=\"22\" height=\"15\" class=\"alignnone size-full wp-image-154\" \/> Pa\u00edses Bajos<br \/>\n<br \/>\nFemke Kok<br \/>\nJutta Leerdam<br \/>\nLetitia de Jong<\/td><td class=\"column-3\">1:24.02<\/td><td class=\"column-4\">13-02-2020<\/td><td class=\"column-5\">Cto. Mundo Distancias Ind., Salt Lake City<\/td><td class=\"column-6\"><a href=\"https:\/\/www.youtube.com\/watch?v=Jl8HKsMTcYQ\" rel=\"noopener noreferrer\" target=\"_blank\">video<\/a><\/td>\n<\/tr>\n<tr class=\"row-8\">\n\t<td class=\"column-1\">Persecuci\u00f3n por equipos<\/td><td class=\"column-2\"><img loading=\"lazy\" decoding=\"async\" src=\"http:\/\/www.reporolimpico.com\/wp-content\/uploads\/2020\/07\/JPN.jpg\" alt=\"\" width=\"22\" height=\"15\" class=\"alignnone size-full wp-image-154\" \/> Jap\u00f3n<br \/>\n<br \/>\nNana Takagi<br \/>\nAyano Sato<br \/>\nMiho Takagi<\/td><td class=\"column-3\">2:50.76<\/td><td class=\"column-4\">14-02-2020<\/td><td class=\"column-5\">Cto. Mundo Distancias Ind., Salt Lake City<\/td><td class=\"column-6\"><a href=\"https:\/\/www.youtube.com\/watch?v=CsnQehZq4vk\" rel=\"noopener noreferrer\" target=\"_blank\">video<\/a><\/td>\n<\/tr>\n<\/tbody>\n<\/table>\n<!-- #tablepress-19 from cache -->\n","protected":false},"excerpt":{"rendered":"<p>Estos son los R\u00e9cords del Mundo vigentes en todas las pruebas de Patinaje de Velocidad que forman parte actualmente del calendario de los campeonatos del &hellip; <\/p>\n","protected":false},"author":1,"featured_media":538,"comment_status":"open","ping_status":"open","sticky":false,"template":"","format":"standard","meta":{"_monsterinsights_skip_tracking":false,"_monsterinsights_sitenote_active":false,"_monsterinsights_sitenote_note":"","_monsterinsights_sitenote_category":0,"footnotes":""},"categories":[47,50],"tags":[10,51],"class_list":["post-525","post","type-post","status-publish","format-standard","has-post-thumbnail","hentry","category-patinaje-velocidad","category-records-del-mundo","tag-patinaje-velocidad","tag-records-del-mundo"],"yoast_head":"<!-- This site is optimized with the Yoast SEO plugin v26.9 - https:\/\/yoast.com\/product\/yoast-seo-wordpress\/ -->\n<title>R\u00e9cords del Mundo de Patinaje de Velocidad - Reportero Ol\u00edmpico<\/title>\n<meta name=\"description\" content=\"Los R\u00e9cords del Mundo de Patinaje de Velocidad | R\u00e9cords del Mundo de Patinaje de Velocidad masculinos y femeninos con enlaces a los videos\" \/>\n<meta name=\"robots\" content=\"index, follow, max-snippet:-1, max-image-preview:large, max-video-preview:-1\" \/>\n<link rel=\"canonical\" href=\"https:\/\/www.reporolimpico.com\/index.php\/2020\/08\/05\/records-del-mundo-de-patinaje-de-velocidad\/\" \/>\n<meta property=\"og:locale\" content=\"es_ES\" \/>\n<meta property=\"og:type\" content=\"article\" \/>\n<meta property=\"og:title\" content=\"R\u00e9cords del Mundo de Patinaje de Velocidad - Reportero Ol\u00edmpico\" \/>\n<meta property=\"og:description\" content=\"Los R\u00e9cords del Mundo de Patinaje de Velocidad | R\u00e9cords del Mundo de Patinaje de Velocidad masculinos y femeninos con enlaces a los videos\" \/>\n<meta property=\"og:url\" content=\"https:\/\/www.reporolimpico.com\/index.php\/2020\/08\/05\/records-del-mundo-de-patinaje-de-velocidad\/\" \/>\n<meta property=\"og:site_name\" content=\"Reportero Ol\u00edmpico\" \/>\n<meta property=\"article:published_time\" content=\"2020-08-05T11:02:29+00:00\" \/>\n<meta property=\"article:modified_time\" content=\"2020-08-05T11:06:04+00:00\" \/>\n<meta property=\"og:image\" content=\"https:\/\/www.reporolimpico.com\/wp-content\/uploads\/2020\/08\/pv2-2.jpg\" \/>\n\t<meta property=\"og:image:width\" content=\"797\" \/>\n\t<meta property=\"og:image:height\" content=\"469\" \/>\n\t<meta property=\"og:image:type\" content=\"image\/jpeg\" \/>\n<meta name=\"author\" content=\"repor_olimpico\" \/>\n<meta name=\"twitter:card\" content=\"summary_large_image\" \/>\n<meta name=\"twitter:creator\" content=\"@repor_olimpico\" \/>\n<meta name=\"twitter:site\" content=\"@repor_olimpico\" \/>\n<meta name=\"twitter:label1\" content=\"Escrito por\" \/>\n\t<meta name=\"twitter:data1\" content=\"repor_olimpico\" \/>\n<script type=\"application\/ld+json\" class=\"yoast-schema-graph\">{\"@context\":\"https:\/\/schema.org\",\"@graph\":[{\"@type\":\"Article\",\"@id\":\"https:\/\/www.reporolimpico.com\/index.php\/2020\/08\/05\/records-del-mundo-de-patinaje-de-velocidad\/#article\",\"isPartOf\":{\"@id\":\"https:\/\/www.reporolimpico.com\/index.php\/2020\/08\/05\/records-del-mundo-de-patinaje-de-velocidad\/\"},\"author\":{\"name\":\"repor_olimpico\",\"@id\":\"https:\/\/www.reporolimpico.com\/#\/schema\/person\/0c16c40b97cead5a02cb2376b38ce339\"},\"headline\":\"R\u00e9cords del Mundo de Patinaje de Velocidad\",\"datePublished\":\"2020-08-05T11:02:29+00:00\",\"dateModified\":\"2020-08-05T11:06:04+00:00\",\"mainEntityOfPage\":{\"@id\":\"https:\/\/www.reporolimpico.com\/index.php\/2020\/08\/05\/records-del-mundo-de-patinaje-de-velocidad\/\"},\"wordCount\":55,\"commentCount\":0,\"publisher\":{\"@id\":\"https:\/\/www.reporolimpico.com\/#\/schema\/person\/0c16c40b97cead5a02cb2376b38ce339\"},\"image\":{\"@id\":\"https:\/\/www.reporolimpico.com\/index.php\/2020\/08\/05\/records-del-mundo-de-patinaje-de-velocidad\/#primaryimage\"},\"thumbnailUrl\":\"https:\/\/www.reporolimpico.com\/wp-content\/uploads\/2020\/08\/pv2-2.jpg\",\"keywords\":[\"Patinaje Velocidad\",\"R\u00e9cords del mundo\"],\"articleSection\":[\"Patinaje Velocidad\",\"R\u00e9cords del Mundo\"],\"inLanguage\":\"es\",\"potentialAction\":[{\"@type\":\"CommentAction\",\"name\":\"Comment\",\"target\":[\"https:\/\/www.reporolimpico.com\/index.php\/2020\/08\/05\/records-del-mundo-de-patinaje-de-velocidad\/#respond\"]}]},{\"@type\":\"WebPage\",\"@id\":\"https:\/\/www.reporolimpico.com\/index.php\/2020\/08\/05\/records-del-mundo-de-patinaje-de-velocidad\/\",\"url\":\"https:\/\/www.reporolimpico.com\/index.php\/2020\/08\/05\/records-del-mundo-de-patinaje-de-velocidad\/\",\"name\":\"R\u00e9cords del Mundo de Patinaje de Velocidad - Reportero Ol\u00edmpico\",\"isPartOf\":{\"@id\":\"https:\/\/www.reporolimpico.com\/#website\"},\"primaryImageOfPage\":{\"@id\":\"https:\/\/www.reporolimpico.com\/index.php\/2020\/08\/05\/records-del-mundo-de-patinaje-de-velocidad\/#primaryimage\"},\"image\":{\"@id\":\"https:\/\/www.reporolimpico.com\/index.php\/2020\/08\/05\/records-del-mundo-de-patinaje-de-velocidad\/#primaryimage\"},\"thumbnailUrl\":\"https:\/\/www.reporolimpico.com\/wp-content\/uploads\/2020\/08\/pv2-2.jpg\",\"datePublished\":\"2020-08-05T11:02:29+00:00\",\"dateModified\":\"2020-08-05T11:06:04+00:00\",\"description\":\"Los R\u00e9cords del Mundo de Patinaje de Velocidad | R\u00e9cords del Mundo de Patinaje de Velocidad masculinos y femeninos con enlaces a los videos\",\"breadcrumb\":{\"@id\":\"https:\/\/www.reporolimpico.com\/index.php\/2020\/08\/05\/records-del-mundo-de-patinaje-de-velocidad\/#breadcrumb\"},\"inLanguage\":\"es\",\"potentialAction\":[{\"@type\":\"ReadAction\",\"target\":[\"https:\/\/www.reporolimpico.com\/index.php\/2020\/08\/05\/records-del-mundo-de-patinaje-de-velocidad\/\"]}]},{\"@type\":\"ImageObject\",\"inLanguage\":\"es\",\"@id\":\"https:\/\/www.reporolimpico.com\/index.php\/2020\/08\/05\/records-del-mundo-de-patinaje-de-velocidad\/#primaryimage\",\"url\":\"https:\/\/www.reporolimpico.com\/wp-content\/uploads\/2020\/08\/pv2-2.jpg\",\"contentUrl\":\"https:\/\/www.reporolimpico.com\/wp-content\/uploads\/2020\/08\/pv2-2.jpg\",\"width\":797,\"height\":469},{\"@type\":\"BreadcrumbList\",\"@id\":\"https:\/\/www.reporolimpico.com\/index.php\/2020\/08\/05\/records-del-mundo-de-patinaje-de-velocidad\/#breadcrumb\",\"itemListElement\":[{\"@type\":\"ListItem\",\"position\":1,\"name\":\"Portada\",\"item\":\"https:\/\/www.reporolimpico.com\/\"},{\"@type\":\"ListItem\",\"position\":2,\"name\":\"R\u00e9cords del Mundo de Patinaje de Velocidad\"}]},{\"@type\":\"WebSite\",\"@id\":\"https:\/\/www.reporolimpico.com\/#website\",\"url\":\"https:\/\/www.reporolimpico.com\/\",\"name\":\"Reportero Ol\u00edmpico\",\"description\":\"Deporte y Juegos Ol\u00edmpicos\",\"publisher\":{\"@id\":\"https:\/\/www.reporolimpico.com\/#\/schema\/person\/0c16c40b97cead5a02cb2376b38ce339\"},\"potentialAction\":[{\"@type\":\"SearchAction\",\"target\":{\"@type\":\"EntryPoint\",\"urlTemplate\":\"https:\/\/www.reporolimpico.com\/?s={search_term_string}\"},\"query-input\":{\"@type\":\"PropertyValueSpecification\",\"valueRequired\":true,\"valueName\":\"search_term_string\"}}],\"inLanguage\":\"es\"},{\"@type\":[\"Person\",\"Organization\"],\"@id\":\"https:\/\/www.reporolimpico.com\/#\/schema\/person\/0c16c40b97cead5a02cb2376b38ce339\",\"name\":\"repor_olimpico\",\"image\":{\"@type\":\"ImageObject\",\"inLanguage\":\"es\",\"@id\":\"https:\/\/www.reporolimpico.com\/#\/schema\/person\/image\/\",\"url\":\"https:\/\/www.reporolimpico.com\/wp-content\/uploads\/2020\/07\/cropped-ReporteroOlimpico_sub-1.jpg\",\"contentUrl\":\"https:\/\/www.reporolimpico.com\/wp-content\/uploads\/2020\/07\/cropped-ReporteroOlimpico_sub-1.jpg\",\"width\":501,\"height\":170,\"caption\":\"repor_olimpico\"},\"logo\":{\"@id\":\"https:\/\/www.reporolimpico.com\/#\/schema\/person\/image\/\"},\"sameAs\":[\"http:\/\/www.reporolimpico.com\",\"https:\/\/x.com\/repor_olimpico\"]}]}<\/script>\n<!-- \/ Yoast SEO plugin. -->","yoast_head_json":{"title":"R\u00e9cords del Mundo de Patinaje de Velocidad - Reportero Ol\u00edmpico","description":"Los R\u00e9cords del Mundo de Patinaje de Velocidad | R\u00e9cords del Mundo de Patinaje de Velocidad masculinos y femeninos con enlaces a los videos","robots":{"index":"index","follow":"follow","max-snippet":"max-snippet:-1","max-image-preview":"max-image-preview:large","max-video-preview":"max-video-preview:-1"},"canonical":"https:\/\/www.reporolimpico.com\/index.php\/2020\/08\/05\/records-del-mundo-de-patinaje-de-velocidad\/","og_locale":"es_ES","og_type":"article","og_title":"R\u00e9cords del Mundo de Patinaje de Velocidad - Reportero Ol\u00edmpico","og_description":"Los R\u00e9cords del Mundo de Patinaje de Velocidad | R\u00e9cords del Mundo de Patinaje de Velocidad masculinos y femeninos con enlaces a los videos","og_url":"https:\/\/www.reporolimpico.com\/index.php\/2020\/08\/05\/records-del-mundo-de-patinaje-de-velocidad\/","og_site_name":"Reportero Ol\u00edmpico","article_published_time":"2020-08-05T11:02:29+00:00","article_modified_time":"2020-08-05T11:06:04+00:00","og_image":[{"width":797,"height":469,"url":"https:\/\/www.reporolimpico.com\/wp-content\/uploads\/2020\/08\/pv2-2.jpg","type":"image\/jpeg"}],"author":"repor_olimpico","twitter_card":"summary_large_image","twitter_creator":"@repor_olimpico","twitter_site":"@repor_olimpico","twitter_misc":{"Escrito por":"repor_olimpico"},"schema":{"@context":"https:\/\/schema.org","@graph":[{"@type":"Article","@id":"https:\/\/www.reporolimpico.com\/index.php\/2020\/08\/05\/records-del-mundo-de-patinaje-de-velocidad\/#article","isPartOf":{"@id":"https:\/\/www.reporolimpico.com\/index.php\/2020\/08\/05\/records-del-mundo-de-patinaje-de-velocidad\/"},"author":{"name":"repor_olimpico","@id":"https:\/\/www.reporolimpico.com\/#\/schema\/person\/0c16c40b97cead5a02cb2376b38ce339"},"headline":"R\u00e9cords del Mundo de Patinaje de Velocidad","datePublished":"2020-08-05T11:02:29+00:00","dateModified":"2020-08-05T11:06:04+00:00","mainEntityOfPage":{"@id":"https:\/\/www.reporolimpico.com\/index.php\/2020\/08\/05\/records-del-mundo-de-patinaje-de-velocidad\/"},"wordCount":55,"commentCount":0,"publisher":{"@id":"https:\/\/www.reporolimpico.com\/#\/schema\/person\/0c16c40b97cead5a02cb2376b38ce339"},"image":{"@id":"https:\/\/www.reporolimpico.com\/index.php\/2020\/08\/05\/records-del-mundo-de-patinaje-de-velocidad\/#primaryimage"},"thumbnailUrl":"https:\/\/www.reporolimpico.com\/wp-content\/uploads\/2020\/08\/pv2-2.jpg","keywords":["Patinaje Velocidad","R\u00e9cords del mundo"],"articleSection":["Patinaje Velocidad","R\u00e9cords del Mundo"],"inLanguage":"es","potentialAction":[{"@type":"CommentAction","name":"Comment","target":["https:\/\/www.reporolimpico.com\/index.php\/2020\/08\/05\/records-del-mundo-de-patinaje-de-velocidad\/#respond"]}]},{"@type":"WebPage","@id":"https:\/\/www.reporolimpico.com\/index.php\/2020\/08\/05\/records-del-mundo-de-patinaje-de-velocidad\/","url":"https:\/\/www.reporolimpico.com\/index.php\/2020\/08\/05\/records-del-mundo-de-patinaje-de-velocidad\/","name":"R\u00e9cords del Mundo de Patinaje de Velocidad - Reportero Ol\u00edmpico","isPartOf":{"@id":"https:\/\/www.reporolimpico.com\/#website"},"primaryImageOfPage":{"@id":"https:\/\/www.reporolimpico.com\/index.php\/2020\/08\/05\/records-del-mundo-de-patinaje-de-velocidad\/#primaryimage"},"image":{"@id":"https:\/\/www.reporolimpico.com\/index.php\/2020\/08\/05\/records-del-mundo-de-patinaje-de-velocidad\/#primaryimage"},"thumbnailUrl":"https:\/\/www.reporolimpico.com\/wp-content\/uploads\/2020\/08\/pv2-2.jpg","datePublished":"2020-08-05T11:02:29+00:00","dateModified":"2020-08-05T11:06:04+00:00","description":"Los R\u00e9cords del Mundo de Patinaje de Velocidad | R\u00e9cords del Mundo de Patinaje de Velocidad masculinos y femeninos con enlaces a los videos","breadcrumb":{"@id":"https:\/\/www.reporolimpico.com\/index.php\/2020\/08\/05\/records-del-mundo-de-patinaje-de-velocidad\/#breadcrumb"},"inLanguage":"es","potentialAction":[{"@type":"ReadAction","target":["https:\/\/www.reporolimpico.com\/index.php\/2020\/08\/05\/records-del-mundo-de-patinaje-de-velocidad\/"]}]},{"@type":"ImageObject","inLanguage":"es","@id":"https:\/\/www.reporolimpico.com\/index.php\/2020\/08\/05\/records-del-mundo-de-patinaje-de-velocidad\/#primaryimage","url":"https:\/\/www.reporolimpico.com\/wp-content\/uploads\/2020\/08\/pv2-2.jpg","contentUrl":"https:\/\/www.reporolimpico.com\/wp-content\/uploads\/2020\/08\/pv2-2.jpg","width":797,"height":469},{"@type":"BreadcrumbList","@id":"https:\/\/www.reporolimpico.com\/index.php\/2020\/08\/05\/records-del-mundo-de-patinaje-de-velocidad\/#breadcrumb","itemListElement":[{"@type":"ListItem","position":1,"name":"Portada","item":"https:\/\/www.reporolimpico.com\/"},{"@type":"ListItem","position":2,"name":"R\u00e9cords del Mundo de Patinaje de Velocidad"}]},{"@type":"WebSite","@id":"https:\/\/www.reporolimpico.com\/#website","url":"https:\/\/www.reporolimpico.com\/","name":"Reportero Ol\u00edmpico","description":"Deporte y Juegos Ol\u00edmpicos","publisher":{"@id":"https:\/\/www.reporolimpico.com\/#\/schema\/person\/0c16c40b97cead5a02cb2376b38ce339"},"potentialAction":[{"@type":"SearchAction","target":{"@type":"EntryPoint","urlTemplate":"https:\/\/www.reporolimpico.com\/?s={search_term_string}"},"query-input":{"@type":"PropertyValueSpecification","valueRequired":true,"valueName":"search_term_string"}}],"inLanguage":"es"},{"@type":["Person","Organization"],"@id":"https:\/\/www.reporolimpico.com\/#\/schema\/person\/0c16c40b97cead5a02cb2376b38ce339","name":"repor_olimpico","image":{"@type":"ImageObject","inLanguage":"es","@id":"https:\/\/www.reporolimpico.com\/#\/schema\/person\/image\/","url":"https:\/\/www.reporolimpico.com\/wp-content\/uploads\/2020\/07\/cropped-ReporteroOlimpico_sub-1.jpg","contentUrl":"https:\/\/www.reporolimpico.com\/wp-content\/uploads\/2020\/07\/cropped-ReporteroOlimpico_sub-1.jpg","width":501,"height":170,"caption":"repor_olimpico"},"logo":{"@id":"https:\/\/www.reporolimpico.com\/#\/schema\/person\/image\/"},"sameAs":["http:\/\/www.reporolimpico.com","https:\/\/x.com\/repor_olimpico"]}]}},"_links":{"self":[{"href":"https:\/\/www.reporolimpico.com\/index.php\/wp-json\/wp\/v2\/posts\/525","targetHints":{"allow":["GET"]}}],"collection":[{"href":"https:\/\/www.reporolimpico.com\/index.php\/wp-json\/wp\/v2\/posts"}],"about":[{"href":"https:\/\/www.reporolimpico.com\/index.php\/wp-json\/wp\/v2\/types\/post"}],"author":[{"embeddable":true,"href":"https:\/\/www.reporolimpico.com\/index.php\/wp-json\/wp\/v2\/users\/1"}],"replies":[{"embeddable":true,"href":"https:\/\/www.reporolimpico.com\/index.php\/wp-json\/wp\/v2\/comments?post=525"}],"version-history":[{"count":5,"href":"https:\/\/www.reporolimpico.com\/index.php\/wp-json\/wp\/v2\/posts\/525\/revisions"}],"predecessor-version":[{"id":535,"href":"https:\/\/www.reporolimpico.com\/index.php\/wp-json\/wp\/v2\/posts\/525\/revisions\/535"}],"wp:featuredmedia":[{"embeddable":true,"href":"https:\/\/www.reporolimpico.com\/index.php\/wp-json\/wp\/v2\/media\/538"}],"wp:attachment":[{"href":"https:\/\/www.reporolimpico.com\/index.php\/wp-json\/wp\/v2\/media?parent=525"}],"wp:term":[{"taxonomy":"category","embeddable":true,"href":"https:\/\/www.reporolimpico.com\/index.php\/wp-json\/wp\/v2\/categories?post=525"},{"taxonomy":"post_tag","embeddable":true,"href":"https:\/\/www.reporolimpico.com\/index.php\/wp-json\/wp\/v2\/tags?post=525"}],"curies":[{"name":"wp","href":"https:\/\/api.w.org\/{rel}","templated":true}]}}