{"id":468,"date":"2020-08-03T14:30:27","date_gmt":"2020-08-03T14:30:27","guid":{"rendered":"http:\/\/www.reporolimpico.com\/?p=468"},"modified":"2021-08-17T11:20:23","modified_gmt":"2021-08-17T11:20:23","slug":"los-espanoles-con-mas-medallas-olimpicas","status":"publish","type":"post","link":"https:\/\/www.reporolimpico.com\/index.php\/2020\/08\/03\/los-espanoles-con-mas-medallas-olimpicas\/","title":{"rendered":"Los espa\u00f1oles con m\u00e1s medallas ol\u00edmpicas"},"content":{"rendered":"\n<p>Si ya es dif\u00edcil conseguir una medalla ol\u00edmpica, mucho m\u00e1s dif\u00edcil es lograr varias. Son algo m\u00e1s de un centenar de deportistas espa\u00f1oles los que han logrado subir a podio ol\u00edmpico, pero son pocos los que lo han logrado en m\u00e1s de una ocasi\u00f3n.<\/p>\n\n\n\n<p>Los deportistas espa\u00f1oles con m\u00e1s medallas ol\u00edmpicas son los pirag\u00fcistas David Cal y Sa\u00fal Craviotto ambos con 5 medallas. Si nos atenemos al valor de las medallas, ya que los medalleros siempre se ordenan por la cantidad de oros, en Espa\u00f1a hay seis deportistas con dos oros ol\u00edmpicos: Joan Llaneras, Sa\u00fal Craviotto, Gervasio Deferr, Luis Doreste, Rafa Nadal y Theresa Zabell.<\/p>\n\n\n\n<p>En esta tabla aparecen los deportitas espa\u00f1oles m\u00e1s laureados, aquellos que han coseguido 3 o m\u00e1s medallas ol\u00edmpicas o aquellos que han logrados proclamarse campeones ol\u00edmpicos en dos ocasiones. Aparecen ordenados por n\u00famero total de medallas, pero la pod\u00e9is ordenar tambi\u00e9n por el n\u00famero de medallas de cada color.  Debajo de la tabla hacemos un repaso de la trayectoria ol\u00edmpica de todos ellos.<\/p>\n\n\n\n\n<table id=\"tablepress-17\" class=\"tablepress tablepress-id-17\">\n<thead>\n<tr class=\"row-1\">\n\t<th class=\"column-1\">Deportista<\/th><th class=\"column-2\">Oro<\/th><th class=\"column-3\">Plata<\/th><th class=\"column-4\">Bronce<\/th><th class=\"column-5\">Total<\/th>\n<\/tr>\n<\/thead>\n<tbody class=\"row-striping row-hover\">\n<tr class=\"row-2\">\n\t<td class=\"column-1\">Sa\u00fal Craviotto<\/td><td class=\"column-2\">2<\/td><td class=\"column-3\">2<\/td><td class=\"column-4\">1<\/td><td class=\"column-5\">5<\/td>\n<\/tr>\n<tr class=\"row-3\">\n\t<td class=\"column-1\">David Cal<\/td><td class=\"column-2\">1<\/td><td class=\"column-3\">4<\/td><td class=\"column-4\">0<\/td><td class=\"column-5\">5<\/td>\n<\/tr>\n<tr class=\"row-4\">\n\t<td class=\"column-1\">Joan Llaneras<\/td><td class=\"column-2\">2<\/td><td class=\"column-3\">2<\/td><td class=\"column-4\">0<\/td><td class=\"column-5\">4<\/td>\n<\/tr>\n<tr class=\"row-5\">\n\t<td class=\"column-1\">Mireia Belmonte<\/td><td class=\"column-2\">1<\/td><td class=\"column-3\">2<\/td><td class=\"column-4\">1<\/td><td class=\"column-5\">4<\/td>\n<\/tr>\n<tr class=\"row-6\">\n\t<td class=\"column-1\">Andrea Fuentes<\/td><td class=\"column-2\">0<\/td><td class=\"column-3\">3<\/td><td class=\"column-4\">1<\/td><td class=\"column-5\">4<\/td>\n<\/tr>\n<tr class=\"row-7\">\n\t<td class=\"column-1\">Arantxa S\u00e1nchez Vicario<\/td><td class=\"column-2\">0<\/td><td class=\"column-3\">2<\/td><td class=\"column-4\">2<\/td><td class=\"column-5\">4<\/td>\n<\/tr>\n<tr class=\"row-8\">\n\t<td class=\"column-1\">Gervasio Deferr<\/td><td class=\"column-2\">2<\/td><td class=\"column-3\">1<\/td><td class=\"column-4\">0<\/td><td class=\"column-5\">3<\/td>\n<\/tr>\n<tr class=\"row-9\">\n\t<td class=\"column-1\">Lidia Valent\u00edn<\/td><td class=\"column-2\">1<\/td><td class=\"column-3\">1<\/td><td class=\"column-4\">1<\/td><td class=\"column-5\">3<\/td>\n<\/tr>\n<tr class=\"row-10\">\n\t<td class=\"column-1\">Maialen Chourraut<\/td><td class=\"column-2\">1<\/td><td class=\"column-3\">1<\/td><td class=\"column-4\">1<\/td><td class=\"column-5\">3<\/td>\n<\/tr>\n<tr class=\"row-11\">\n\t<td class=\"column-1\">Conchita Mart\u00ednez<\/td><td class=\"column-2\">0<\/td><td class=\"column-3\">2<\/td><td class=\"column-4\">1<\/td><td class=\"column-5\">3<\/td>\n<\/tr>\n<tr class=\"row-12\">\n\t<td class=\"column-1\">Felipe Reyes<\/td><td class=\"column-2\">0<\/td><td class=\"column-3\">2<\/td><td class=\"column-4\">1<\/td><td class=\"column-5\">3<\/td>\n<\/tr>\n<tr class=\"row-13\">\n\t<td class=\"column-1\">Herminio Men\u00e9ndez<\/td><td class=\"column-2\">0<\/td><td class=\"column-3\">2<\/td><td class=\"column-4\">1<\/td><td class=\"column-5\">3<\/td>\n<\/tr>\n<tr class=\"row-14\">\n\t<td class=\"column-1\">Jos\u00e9 Manuel Calder\u00f3n<\/td><td class=\"column-2\">0<\/td><td class=\"column-3\">2<\/td><td class=\"column-4\">1<\/td><td class=\"column-5\">3<\/td>\n<\/tr>\n<tr class=\"row-15\">\n\t<td class=\"column-1\">Juan Carlos Navarro<\/td><td class=\"column-2\">0<\/td><td class=\"column-3\">2<\/td><td class=\"column-4\">1<\/td><td class=\"column-5\">3<\/td>\n<\/tr>\n<tr class=\"row-16\">\n\t<td class=\"column-1\">Pau Gasol<\/td><td class=\"column-2\">0<\/td><td class=\"column-3\">2<\/td><td class=\"column-4\">1<\/td><td class=\"column-5\">3<\/td>\n<\/tr>\n<tr class=\"row-17\">\n\t<td class=\"column-1\">Rudy Fern\u00e1ndez<\/td><td class=\"column-2\">0<\/td><td class=\"column-3\">2<\/td><td class=\"column-4\">1<\/td><td class=\"column-5\">3<\/td>\n<\/tr>\n<tr class=\"row-18\">\n\t<td class=\"column-1\">Demetrio Lozano<\/td><td class=\"column-2\">0<\/td><td class=\"column-3\">0<\/td><td class=\"column-4\">3<\/td><td class=\"column-5\">3<\/td>\n<\/tr>\n<tr class=\"row-19\">\n\t<td class=\"column-1\">Luis Doreste<\/td><td class=\"column-2\">2<\/td><td class=\"column-3\">0<\/td><td class=\"column-4\">0<\/td><td class=\"column-5\">2<\/td>\n<\/tr>\n<tr class=\"row-20\">\n\t<td class=\"column-1\">Rafael Nadal<\/td><td class=\"column-2\">2<\/td><td class=\"column-3\">0<\/td><td class=\"column-4\">0<\/td><td class=\"column-5\">2<\/td>\n<\/tr>\n<tr class=\"row-21\">\n\t<td class=\"column-1\">Theresa Zabell<\/td><td class=\"column-2\">2<\/td><td class=\"column-3\">0<\/td><td class=\"column-4\">0<\/td><td class=\"column-5\">2<\/td>\n<\/tr>\n<\/tbody>\n<\/table>\n<!-- #tablepress-17 from cache -->\n\n\n\n<p><\/p>\n\n\n\n<h2 class=\"wp-block-heading\">Sa\u00fal Craviotto Rivero &#8211; 5 Medallas (2-2-1)<\/h2>\n\n\n\n<p>Pirag\u00fcismo. Ol\u00edmpico en 4 Juegos: Pek\u00edn 2008, Londres 2012, R\u00edo de Janeiro 2016, Tokio 2020<\/p>\n\n\n\n<div class=\"wp-block-media-text alignwide is-stacked-on-mobile is-vertically-aligned-center\" style=\"grid-template-columns:47% auto\"><figure class=\"wp-block-media-text__media\"><img loading=\"lazy\" decoding=\"async\" width=\"687\" height=\"625\" src=\"http:\/\/www.reporolimpico.com\/wp-content\/uploads\/2020\/07\/14716977632156.jpg\" alt=\"\" class=\"wp-image-485 size-full\" srcset=\"https:\/\/www.reporolimpico.com\/wp-content\/uploads\/2020\/07\/14716977632156.jpg 687w, https:\/\/www.reporolimpico.com\/wp-content\/uploads\/2020\/07\/14716977632156-300x273.jpg 300w\" sizes=\"auto, (max-width: 687px) 100vw, 687px\" \/><\/figure><div class=\"wp-block-media-text__content\">\n<p>Sa\u00fal Craviotto empez\u00f3 a lo grande su aventura ol\u00edmpica, logrando el oro en Pek\u00edn 2008 en K2 500m junto a Carlos P\u00e9rez Rial. La pareja espa\u00f1ola super\u00f3 en la final a los alemanes Ronald Rauhe y Tim Wiesk\u00f6tter, campeones en Atenas 2004.<\/p>\n\n\n\n<p>Las pruebas de 500m dejaron de ser ol\u00edmpicas tras esos Juegos, siendo sustituidas por una distancia m\u00e1s explosiva, los 200m. Sa\u00fal se adapt\u00f3 bien a la distancia y logr\u00f3 la plata en Londres 2012 en K1 200m.<\/p>\n\n\n\n<p>En R\u00edo 2016 sumar\u00eda dos \u00e9xitos m\u00e1s. El oro en K2 200m junto a Cristian Toro, ganando con gran autoridad las series y la final, y el bronce en K1 200m, un bronce en un final tan apretado que hubo bronce compartido entre \u00e9l y el alem\u00e1n Rauhe.<\/p>\n<\/div><\/div>\n\n\n\n<p>En Tokio 2020, le lleg\u00f3 la oportunidad de superar o igualar el r\u00e9cord de 5 medallas de David Cal. Particip\u00f3 en 2 pruebas K1 200m, en la que fue 7\u00ba y el K4 500m, modalidad que debutaba en el programa ol\u00edmpico y en la que, junto a Marcus Walz, Carlos Ar\u00e9valo y Rodrigo Germade, consigui\u00f3 la medalla de plata, logrando as\u00ed igualar el r\u00e9cord de Cal de 5 medallas ol\u00edmpicas.<\/p>\n\n\n\n<h2 class=\"wp-block-heading\">David Cal Figueroa &#8211; 5 Medallas (1-4-0)<\/h2>\n\n\n\n<p>Pirag\u00fcismo. Ol\u00edmpico en 3 Juegos: Atenas 2004, Pek\u00edn 2008 y Londres 2012<\/p>\n\n\n\n<div class=\"wp-block-media-text alignwide is-stacked-on-mobile is-vertically-aligned-top\" style=\"grid-template-columns:41% auto\"><figure class=\"wp-block-media-text__media\"><img loading=\"lazy\" decoding=\"async\" width=\"799\" height=\"793\" src=\"https:\/\/www.reporolimpico.com\/wp-content\/uploads\/2020\/07\/2014122600044512392.jpg\" alt=\"\" class=\"wp-image-469 size-full\" srcset=\"https:\/\/www.reporolimpico.com\/wp-content\/uploads\/2020\/07\/2014122600044512392.jpg 799w, https:\/\/www.reporolimpico.com\/wp-content\/uploads\/2020\/07\/2014122600044512392-300x298.jpg 300w, https:\/\/www.reporolimpico.com\/wp-content\/uploads\/2020\/07\/2014122600044512392-150x150.jpg 150w, https:\/\/www.reporolimpico.com\/wp-content\/uploads\/2020\/07\/2014122600044512392-768x762.jpg 768w\" sizes=\"auto, (max-width: 799px) 100vw, 799px\" \/><\/figure><div class=\"wp-block-media-text__content\">\n<p>David Cal debut\u00f3 en Atenas 2004, donde sorprendi\u00f3 logrando dos medallas, el oro en C1 1000m, ganando al alem\u00e1n Andr\u00e9as Dittmer, campe\u00f3n 4 a\u00f1os antes en Sidney; y la plata en C1 500m al d\u00eda siguiente por detr\u00e1s de Dittmer.<\/p>\n\n\n\n<p>Su \u00e9xito en Atenas le llev\u00f3 a ser el abanderado espa\u00f1ol en Pek\u00edn 2008, donde conseguir\u00eda dos medallas m\u00e1s,  las dos de plata, en C1 1000m, y C1 500m. En Londres 2012 no podr\u00eda repetir el doblete ya que la prueba de C1 500m sali\u00f3 del programa, pero en el C1 1000m no fall\u00f3 y logr\u00f3 una nueva plata, convirtiendose en el espa\u00f1ol m\u00e1s laureado en unos Juegos Ol\u00edmpicos, con 5 medallas en total.<\/p>\n<\/div><\/div>\n\n\n\n<h2 class=\"wp-block-heading\">Joan Llaneras Rosell\u00f3 &#8211; 4 Medallas (2-2-0)<\/h2>\n\n\n\n<p>Ciclismo en Pista. Ol\u00edmpico en 4 Juegos: Atlanta 1996, Sidney 2000, Atenas 2004, Pek\u00edn 2008.<\/p>\n\n\n\n<div class=\"wp-block-media-text alignwide is-stacked-on-mobile is-vertically-aligned-top\" style=\"grid-template-columns:31% auto\"><figure class=\"wp-block-media-text__media\"><img loading=\"lazy\" decoding=\"async\" width=\"300\" height=\"431\" src=\"http:\/\/www.reporolimpico.com\/wp-content\/uploads\/2020\/07\/llaneras.jpg\" alt=\"\" class=\"wp-image-476 size-full\" srcset=\"https:\/\/www.reporolimpico.com\/wp-content\/uploads\/2020\/07\/llaneras.jpg 300w, https:\/\/www.reporolimpico.com\/wp-content\/uploads\/2020\/07\/llaneras-209x300.jpg 209w\" sizes=\"auto, (max-width: 300px) 100vw, 300px\" \/><\/figure><div class=\"wp-block-media-text__content\">\n<p>Joan Llaneras fue  5\u00ba en la persecuci\u00f3n por equipos y 6\u00aa en la prueba de Puntuaci\u00f3n en su debut en Atlanta 1996 y a partir de ah\u00ed no baj\u00f3 del podium. En Sidney 2000 se proclam\u00f3 campe\u00f3n ol\u00edmpico en Puntuaci\u00f3n siendo el \u00fanico de los participantes en ganar 2 vueltas al grupo. Tambi\u00e9n participar\u00eda en Madison, prueba que debut\u00f3 en esos Juegos, junto con el malogrado Isaac G\u00e1lvez, acabando en el puesto 13.<\/p>\n\n\n\n<p>En Atenas 2004 conseguir\u00eda su 2\u00aa medalla, la plata en puntuaci\u00f3n, mientras que en Madison termin\u00f3 6\u00ba junto a Miguel Alzamora.<\/p>\n\n\n\n<p>En Pek\u00edn redondeo su actuaci\u00f3n ol\u00edmpica. De nuevo Llaneras se proclamar\u00eda campe\u00f3n ol\u00edmpico de Puntuaci\u00f3n dando la sensaci\u00f3n de controlar la prueba en todo momento. Tres d\u00edas despu\u00e9s lleg\u00f3 al fin la medalla en Madison, plata junto a Toni Tauler. Joan fue elegido abanderado espa\u00f1ol en la ceremonia de clausura de los JJOO de 2008, cerrando as\u00ed su brillante trayectoria ol\u00edmpica.<\/p>\n<\/div><\/div>\n\n\n\n<h2 class=\"wp-block-heading\">Mireia Belmonte Garc\u00eda &#8211; 4 Medallas (1-2-1)<\/h2>\n\n\n\n<p>Nataci\u00f3n. Ol\u00edmpica en 4 Juegos: Pek\u00edn 2008, Londres 2012, R\u00edo de Janeiro 2016, Tokio 2020<\/p>\n\n\n\n<div class=\"wp-block-media-text alignwide is-stacked-on-mobile is-vertically-aligned-center\" style=\"grid-template-columns:47% auto\"><figure class=\"wp-block-media-text__media\"><img loading=\"lazy\" decoding=\"async\" width=\"619\" height=\"795\" src=\"http:\/\/www.reporolimpico.com\/wp-content\/uploads\/2020\/07\/Mireia-Belmonte.jpg\" alt=\"\" class=\"wp-image-491 size-full\" srcset=\"https:\/\/www.reporolimpico.com\/wp-content\/uploads\/2020\/07\/Mireia-Belmonte.jpg 619w, https:\/\/www.reporolimpico.com\/wp-content\/uploads\/2020\/07\/Mireia-Belmonte-234x300.jpg 234w\" sizes=\"auto, (max-width: 619px) 100vw, 619px\" \/><\/figure><div class=\"wp-block-media-text__content\">\n<p>Los primeros JJOO de Mireia fueron los de Pek\u00edn 2008 donde obtuvo como mejor resultado el puesto 14 en los 200m y 400m estilos. Adem\u00e1s fue 15\u00aa con el relevo 4x100m estilos y 24\u00aa en los 200m braza.<\/p>\n\n\n\n<p>En Londres 2012 nad\u00f3 en 6 pruebas y cosech\u00f3 dos medallas de plata, la primera en los 200m mariposa y la segunda en los 800m libre son una remontada para el recuerdo. Tambi\u00e9n fue finalista en 400m estilos, siendo 8\u00aa. Adem\u00e1s fue 10\u00aa en 200m estilos y el 4x200m libre, y 13\u00aa en 400m libre.<\/p>\n\n\n\n<p>En R\u00edo 2016 otro marat\u00f3n de pruebas, 5, que comenz\u00f3 con un bronce en los 400m estilos gracias a una sensacional remontada en el \u00faltimo 50m. Despu\u00e9s llegar\u00eda el ansiado oro, en el 200m mariposa, tras una carrera vibrante y un final apretad\u00edsimo en el que tan solo 3 cent\u00e9simas la separaron de la australiana Madeline Groves. En R\u00edo, Belmonte fue tambi\u00e9n 4\u00aa en los 800m libres, 15\u00aa en 400m libres y 16\u00aa en 200m estilos.<\/p>\n<\/div><\/div>\n\n\n\n<p>En Tokio 2020, Mireia Belmonte fue abanderada de la delegaci\u00f3n espa\u00f1ola junto a Sa\u00fal Craviotto en la ceremonia inaugural. Tambi\u00e9n volvi\u00f3 a pelear por las medallas. En los 400m estilos fue 4\u00aa, quedandose a solo 23 cent\u00e9simas del bronce. Tambi\u00e9n nad\u00f3 los 800m libres y los 1500m libres, pero no pudo meterse en la final, siendo 14\u00aa y 15\u00aa respectivamente<\/p>\n\n\n\n<h2 class=\"wp-block-heading\">Andrea Fuentes Fache &#8211; 4 Medallas (0-3-1)<\/h2>\n\n\n\n<p>Nataci\u00f3n Art\u00edstica. Ol\u00edmpica en 3 Juegos: Atenas 2004,  Pek\u00edn 2008, Londres 2012.<\/p>\n\n\n\n<div class=\"wp-block-media-text alignwide is-stacked-on-mobile is-vertically-aligned-center\" style=\"grid-template-columns:21% auto\"><figure class=\"wp-block-media-text__media\"><img loading=\"lazy\" decoding=\"async\" width=\"236\" height=\"428\" src=\"https:\/\/www.reporolimpico.com\/wp-content\/uploads\/2020\/07\/Andrea.jpg\" alt=\"\" class=\"wp-image-494 size-full\" srcset=\"https:\/\/www.reporolimpico.com\/wp-content\/uploads\/2020\/07\/Andrea.jpg 236w, https:\/\/www.reporolimpico.com\/wp-content\/uploads\/2020\/07\/Andrea-165x300.jpg 165w\" sizes=\"auto, (max-width: 236px) 100vw, 236px\" \/><\/figure><div class=\"wp-block-media-text__content\">\n<p>Andrea Fuentes fue miembro en Atenas 2004 del equipo espa\u00f1ol de Nataci\u00f3n Sincronizada (por aquel entonces se llamaba as\u00ed este deporte que cambi\u00f3 su nombre a Nataci\u00f3n Art\u00edstica en 2017) que termin\u00f3 en 4\u00ba lugar.<\/p>\n\n\n\n<p>En sus siguientes JJOO, Pek\u00edn 2008, a parte de la prueba por equipos, form\u00f3 parte del duo junto a Gemma Mengual. En las dos pruebas Espa\u00f1a consigui\u00f3 la medalla de plata, lo m\u00e1ximo a lo que se puede aspirar en un deporte en el que Rusia siempre gana el oro y en el que no se ve atisbo de que eso pueda cambiar.<\/p>\n\n\n\n<p>En Londres 2012 volvi\u00f3 a competir en las dos pruebas, equipos y duo, esta vez con Ona Carbonell. De nuevo Andrea cosech\u00f3 dos medallas, plata en duo y bronce por equipos, cerrando su carrera con 4 medallas ol\u00edmpicas.<\/p>\n<\/div><\/div>\n\n\n\n<h2 class=\"wp-block-heading\">Arantxa S\u00e1nchez Vicario &#8211; 4 Medallas (0-2-2)<\/h2>\n\n\n\n<p>Tenis. Ol\u00edmpica en 5 Juegos: Se\u00fal 1988, Barcelona 1992, Atlanta 1996, Sidney 2000, Atenas 2004.<\/p>\n\n\n\n<div class=\"wp-block-media-text alignwide is-stacked-on-mobile is-vertically-aligned-center\" style=\"grid-template-columns:29% auto\"><figure class=\"wp-block-media-text__media\"><img loading=\"lazy\" decoding=\"async\" width=\"362\" height=\"481\" src=\"https:\/\/www.reporolimpico.com\/wp-content\/uploads\/2020\/07\/arantxa.jpg\" alt=\"\" class=\"wp-image-496 size-full\" srcset=\"https:\/\/www.reporolimpico.com\/wp-content\/uploads\/2020\/07\/arantxa.jpg 362w, https:\/\/www.reporolimpico.com\/wp-content\/uploads\/2020\/07\/arantxa-226x300.jpg 226w\" sizes=\"auto, (max-width: 362px) 100vw, 362px\" \/><\/figure><div class=\"wp-block-media-text__content\">\n<p>Arantxa S\u00e1nchez Vicario disput\u00f3 su primera cita ol\u00edmpica en Se\u00fal 1988, donde perdi\u00f3 en su primer partido en el cuadro individual. Algo anecd\u00f3tico para lo que vendr\u00eda despu\u00e9s, dos JJOO seguidos con dos medallas.<\/p>\n\n\n\n<p>En Barcelona 1992 se llev\u00f3 el bronce en individual tras caer en semifinales ante la estadounidense Jennifer Capriati, que se llevar\u00eda el oro. Como no hab\u00eda partido por el bronce, algo que se introujo en Atlanta 1996, el llegar a semifinales de aseguraba la medalla. En dobles, haciendo pareja con Conchita Mart\u00ednez, logr\u00f3 la plata al caer en la final por 5-7, 6-2 y 2-6 ante las estadounidenses Gigi Fern\u00e1ndez y Mary Joe Fernandez.<\/p>\n\n\n\n<p>En Atlanta 1996 de nuevo dos medallas pero alternando los colores. Plata en individual, tras perder la final por 6-7 y 2-6 ante la estadounidense Lindsay Davenport. Y bronce en dobles con Conchita, ganando el partido por el bronce a las neerlandesas Bollegraf y Schultz-McCarthy por 6-1 y 6-3.<\/p>\n<\/div><\/div>\n\n\n\n<p>En Sidney 2000 lleg\u00f3 hasta cuartos en individual, donde fue eliminada por Venus Williams, a la postre campeona, por 6-3, 2-6 y 4-6. En dobles, con Conchita, cay\u00f3 en 2\u00aa ronda.<\/p>\n\n\n\n<p>Arantxa se despedir\u00eda de los JJOO en Atenas 2004, en su 5\u00ba participaci\u00f3n. Perdi\u00f3 su primer partido de dobles junto con Anabel Medina.<\/p>\n\n\n\n<h2 class=\"wp-block-heading\">Gervasio Deferr \u00c1ngel &#8211; 3 Medallas (2-1-0)<\/h2>\n\n\n\n<p>Gimnasia Art\u00edstica. Ol\u00edmpico en 3 Juegos: Sidney 2000, Atenas 2004, Pek\u00edn 2008.<\/p>\n\n\n\n<div class=\"wp-block-media-text alignwide is-stacked-on-mobile is-vertically-aligned-center\" style=\"grid-template-columns:34% auto\"><figure class=\"wp-block-media-text__media\"><img loading=\"lazy\" decoding=\"async\" width=\"431\" height=\"504\" src=\"https:\/\/www.reporolimpico.com\/wp-content\/uploads\/2020\/07\/gervasio.jpg\" alt=\"\" class=\"wp-image-498 size-full\" srcset=\"https:\/\/www.reporolimpico.com\/wp-content\/uploads\/2020\/07\/gervasio.jpg 431w, https:\/\/www.reporolimpico.com\/wp-content\/uploads\/2020\/07\/gervasio-257x300.jpg 257w\" sizes=\"auto, (max-width: 431px) 100vw, 431px\" \/><\/figure><div class=\"wp-block-media-text__content\">\n<p>Gervasio Deffer se proclam\u00f3 campe\u00f3n ol\u00edmpico de salto en su primera participaci\u00f3n ol\u00edmpica, Sidney 2000. Como integrante del equipo espa\u00f1ol (11\u00ba en esos JJOO) tambi\u00e9n intent\u00f3 la clasificaci\u00f3n para la final de suelo, pero no pudo meterse.<\/p>\n\n\n\n<p>En Atenas 2004 Espa\u00f1a fue 10\u00ba por equipos y Gervasio consigui\u00f3 meterse en dos finales por aparatos, salto y suelo. Volvi\u00f3 a lograr el oro en la final de Salto de potro, mientras que en Suelo fue 4\u00ba.<\/p>\n\n\n\n<p>Deferr quer\u00eda una medalla en Suelo y al fin lleg\u00f3 en Pek\u00edn 2008. Junto con el resto de la selecci\u00f3n espa\u00f1ola fue 11\u00ba por equipos y esta vez no pudo acceder a la final de salto, \u00fanicamente a la de Suelo. Aprovech\u00f3 su \u00faltima oportunidad para ser medallista ol\u00edmpico en este aparato, logrando la medalla de plata tras el chino Zou Kai.<\/p>\n<\/div><\/div>\n\n\n\n<h2 class=\"wp-block-heading\">Lidia Valent\u00edn P\u00e9rez &#8211; 3 Medallas (1-1-1)<\/h2>\n\n\n\n<p>Halterofilia. Ol\u00edmpica en 4 Juegos: Pek\u00edn 2008, Londres 2012, R\u00edo de Janiero 2016, Tokio 2020.<\/p>\n\n\n\n<div class=\"wp-block-media-text alignwide is-stacked-on-mobile is-vertically-aligned-center\" style=\"grid-template-columns:34% auto\"><figure class=\"wp-block-media-text__media\"><img loading=\"lazy\" decoding=\"async\" width=\"498\" height=\"592\" src=\"http:\/\/www.reporolimpico.com\/wp-content\/uploads\/2020\/07\/lidia.jpg\" alt=\"\" class=\"wp-image-502 size-full\" srcset=\"https:\/\/www.reporolimpico.com\/wp-content\/uploads\/2020\/07\/lidia.jpg 498w, https:\/\/www.reporolimpico.com\/wp-content\/uploads\/2020\/07\/lidia-252x300.jpg 252w\" sizes=\"auto, (max-width: 498px) 100vw, 498px\" \/><\/figure><div class=\"wp-block-media-text__content\">\n<p>Lidia Valent\u00edn solo ha podido subir al podio ol\u00edmpico en una ocasi\u00f3n, R\u00edo 2016, donde fue bronce en la categor\u00eda de -75kg. De hecho esta fue la primera medalla ol\u00edmpica que recibi\u00f3. Sus otras dos medallas han llegado tras descalificaciones por dopaje, una pr\u00e1ctica que ha cambiado \u00faltimamente gran parte de los podios de la halterofilia tras los reanalisis y sanciones a\u00f1os despu\u00e9s de las muestras.<\/p>\n\n\n\n<p>En Pek\u00edn 2008 Lidia Valent\u00edn fue 6\u00aa inicialmente en -75kg , pero tras el largo proceso de analisis y reanalisis llegaron las descalificaciones de las que originalmente fueron 1\u00aa, 2\u00aa, 4\u00aa y 10\u00aa. La espa\u00f1ola pas\u00f3 entonces a ser plata. Recibi\u00f3 su medalla en enero de 2018.<\/p>\n\n\n\n<p>En Londres 2012 Lidia termin\u00f3 4\u00aa en la categor\u00eda de -75kg, pero las tres medallistas originales fueron descalificadas por dopaje a finales del 2016 por lo que Lidia pasar\u00eda a ser la campeona ol\u00edmpica de esta edici\u00f3n. Recibi\u00f3 la medalla en febrero de 2019.<\/p>\n<\/div><\/div>\n\n\n\n<h2 class=\"wp-block-heading\"><strong><strong>Maialen Chourraut Yurramendi<\/strong><\/strong> &#8211; 3 Medallas (1-1-1)<\/h2>\n\n\n\n<p>Pirag\u00fcismo-Slalom. Ol\u00edmpica en 4 Juegos: Pek\u00edn 2008, Londres 2012, R\u00edo de Janiero 2016, Tokio 2020.<\/p>\n\n\n\n<div class=\"wp-block-media-text alignwide is-stacked-on-mobile is-vertically-aligned-center\" style=\"grid-template-columns:43% auto\"><figure class=\"wp-block-media-text__media\"><img loading=\"lazy\" decoding=\"async\" width=\"649\" height=\"669\" src=\"https:\/\/www.reporolimpico.com\/wp-content\/uploads\/2021\/08\/maialen.png\" alt=\"\" class=\"wp-image-1175 size-full\" srcset=\"https:\/\/www.reporolimpico.com\/wp-content\/uploads\/2021\/08\/maialen.png 649w, https:\/\/www.reporolimpico.com\/wp-content\/uploads\/2021\/08\/maialen-291x300.png 291w\" sizes=\"auto, (max-width: 649px) 100vw, 649px\" \/><\/figure><div class=\"wp-block-media-text__content\">\n<p>Maialen Chourraut debut\u00f3 en Pek\u00edn 2008, en la modalidad de K1 de las aguas abiertas. All\u00ed solo pudo ser 16\u00aa, qued\u00e1ndose a un puesto de las semifinales.<\/p>\n\n\n\n<p>Tras esos JJOO ya no abandonar\u00eda el podio. En Londres 2012 Mailaen fue 3\u00aa, consiguiendo su primera medalla ol\u00edmpica. Como siempre hubo que sufrir con su bajada, espererando que las que restaban por bajar no la superasen. En 2012 era 3\u00aa a falta de una pirag\u00fcista que no consigui\u00f3 superarla, confirmando as\u00ed su bronce.<\/p>\n\n\n\n<p>En 2016 Chourraut fue campeona ol\u00edmpica, siendo una de las 2 pirag\u00fcistas que no tuvieron ninguna penalizaci\u00f3n en la final y marcando el mejor tiempo en meta.<\/p>\n<\/div><\/div>\n\n\n\n<p>Y en 2020 volvi\u00f3 a lograr meterse en el podio con otra formidable actuaci\u00f3n en la final, sin penalizaciones. Quedaban 6 por salir depu\u00e9s de ella y solo 1 la super\u00f3, la alemana Ricarda Funk, que se hizo con el oro, dejando a la espa\u00f1ola con la plata, su tercera medalla ol\u00edmpica.<\/p>\n\n\n\n<h2 class=\"wp-block-heading\"><strong>Conchita Mart\u00ednez Bernat<\/strong> &#8211; 3 Medallas (0-2-1)<\/h2>\n\n\n\n<p>Tenis. Ol\u00edmpica en 4 Juegos: Barcelona 1992, Atlanta 1996, Sidney 2000, Atenas 2004.<\/p>\n\n\n\n<div class=\"wp-block-media-text alignwide is-stacked-on-mobile is-vertically-aligned-center\" style=\"grid-template-columns:34% auto\"><figure class=\"wp-block-media-text__media\"><img loading=\"lazy\" decoding=\"async\" width=\"349\" height=\"460\" src=\"https:\/\/www.reporolimpico.com\/wp-content\/uploads\/2020\/07\/conchita-1.jpg\" alt=\"\" class=\"wp-image-504 size-full\" srcset=\"https:\/\/www.reporolimpico.com\/wp-content\/uploads\/2020\/07\/conchita-1.jpg 349w, https:\/\/www.reporolimpico.com\/wp-content\/uploads\/2020\/07\/conchita-1-228x300.jpg 228w\" sizes=\"auto, (max-width: 349px) 100vw, 349px\" \/><\/figure><div class=\"wp-block-media-text__content\">\n<p>Como hemos comentado anteriormente, haciendo pareja con Arantxa S\u00e1nchez Vicario, Conchita Mart\u00ednez logr\u00f3 2 medallas. La plata en Barcelona 1992 al caer 5-7, 6-2 y 2-6 ante las estadounidenses Gigi Fern\u00e1ndez y Mary Joe Fernandez. Y el bronce en Atlanta 1996, ganando el partido por la 3\u00aa plaza a las neerlandesas Bollegraf y Schultz-McCarthy por 6-1 y 6-3. En ambas ediciones cay\u00f3 en cuartos en el cuadro individual.<\/p>\n\n\n\n<p>En Sidney 2000 perdi\u00f3 en 2\u00aa ronda tanto en el cuadro individual como en el de dobles con Arantxa.<\/p>\n\n\n\n<p>En Atenas 2004 llegar\u00eda su 3\u00aa medalla en dobles. Haciendo pareja con Virginia Ruano, logr\u00f3 la plata al perder la final ante las chinas Li Ting y Sun Tiantian por 6-3 y 6-3. En individuales fue eliminada en su primer partido por la francesa Am\u00e9lie Mauresmo, que ser\u00eda subcampeona.<\/p>\n<\/div><\/div>\n\n\n\n<h2 class=\"wp-block-heading\"><strong>Herminio Men\u00e9ndez Rodr\u00edguez <\/strong>&#8211; 3 Medallas (0-2-1)<\/h2>\n\n\n\n<p>Pirag\u00fcismo. Ol\u00edmpico en 4 Juegos: M\u00fanich 1972, Montreal 1976, Mosc\u00fa 1980, Los \u00c1ngeles 1984.<\/p>\n\n\n\n<div class=\"wp-block-media-text alignwide is-stacked-on-mobile is-vertically-aligned-center\" style=\"grid-template-columns:42% auto\"><figure class=\"wp-block-media-text__media\"><img loading=\"lazy\" decoding=\"async\" width=\"498\" height=\"537\" src=\"https:\/\/www.reporolimpico.com\/wp-content\/uploads\/2020\/07\/herminio.jpg\" alt=\"\" class=\"wp-image-506 size-full\" srcset=\"https:\/\/www.reporolimpico.com\/wp-content\/uploads\/2020\/07\/herminio.jpg 498w, https:\/\/www.reporolimpico.com\/wp-content\/uploads\/2020\/07\/herminio-278x300.jpg 278w\" sizes=\"auto, (max-width: 498px) 100vw, 498px\" \/><\/figure><div class=\"wp-block-media-text__content\">\n<p>Herminio Men\u00e9ndez debut\u00f3 en los JJOO de M\u00fanich 1972. Lleg\u00f3 a semifinales en el K2 1000m junto a Jos\u00e9 Mar\u00eda Esteban y en el K4 1000m se qued\u00f3 en la repesca.<\/p>\n\n\n\n<p>En Montreal 1976 llegar\u00eda su primera medalla ol\u00edmpica, la plata en el K4 1000m junto a Jos\u00e9 Mar\u00eda Esteban, Jos\u00e9 Ram\u00f3n L\u00f3pez y Luis Gregorio Ramos. El bote espa\u00f1ol gan\u00f3 su serie de 1\u00aa ronda y de semifinales, solo cedi\u00f3 en la final ante la Uni\u00f3n Sovi\u00e9tica. Adem\u00e1s en la prueba de K1 500m fue 4\u00ba, a solo 10 cent\u00e9simas del podio.<\/p>\n\n\n\n<p>En Mosc\u00fa 1980 fue el abanderado de la delegaci\u00f3n espa\u00f1ola y sum\u00f3 dos medallas m\u00e1s a su palmar\u00e9s, la plata en K2 500m junto a Guillermo del Riego y el bronce en K2 1000m junto a Luis Gregorio Ramos.<\/p>\n\n\n\n<p>Los \u00c1ngeles 1984 ser\u00edan sus \u00faltimos JJOO. All\u00ed llegar\u00eda a otra final, la de K2 1000m con Guillermo del Riego, donde fueron s\u00e9ptimos. En K2 500m, tambi\u00e9n con Guillermo, lleg\u00f3 hasta semifinales.<\/p>\n<\/div><\/div>\n\n\n\n<h2 class=\"wp-block-heading\"><strong>Navarro, Reyes, Rudy, Calder\u00f3n, P. Gasol <\/strong>&#8211; 3 Medallas (0-2-1)<\/h2>\n\n\n\n<p>Baloncesto. Navarro: Ol\u00edmpico en 5 JJOO, Sidney 2000, Atenas 2004, Pek\u00edn 2008, Londres 2012, R\u00edo de Janiero 2016.<\/p>\n\n\n\n<p>Reyes, Rudy, Calder\u00f3n, Pau: Ol\u00edmpicos en 4 Juegos: Atenas 2004, Pek\u00edn 2008, Londres 2012, R\u00edo de Janiero 2016.<\/p>\n\n\n\n<figure class=\"wp-block-image size-large is-resized\"><img loading=\"lazy\" decoding=\"async\" src=\"https:\/\/www.reporolimpico.com\/wp-content\/uploads\/2020\/07\/b.jpg\" alt=\"\" class=\"wp-image-510\" width=\"872\" height=\"231\" srcset=\"https:\/\/www.reporolimpico.com\/wp-content\/uploads\/2020\/07\/b.jpg 650w, https:\/\/www.reporolimpico.com\/wp-content\/uploads\/2020\/07\/b-300x79.jpg 300w\" sizes=\"auto, (max-width: 872px) 100vw, 872px\" \/><\/figure>\n\n\n\n<p>Como integrantes de la selecci\u00f3n espa\u00f1ola de baloncesto. Juan Carlos Navarro, Felipe Reyes, Rudy Fern\u00e1ndez, Jos\u00e9 Manuel Calder\u00f3n y Pau Gasol han logrado tres medallas ol\u00edmpicas. Fueron plata en Pek\u00edn 2008 y Londres 2012, con dos finales para el recuerdo ante Estados Unidos. La primera perdida por 118 \u2013 107 y la segunda por 107 \u2013 100. <\/p>\n\n\n\n<p>En Rio 2016 cayeron en semifinales ante Estados Unidos, por 82-76 y despu\u00e9s ganaron el bronce a Australia por 89-88.<\/p>\n\n\n\n<p>Los 5 tambi\u00e9n participaron en Atenas 2004. All\u00ed la selecci\u00f3n lleg\u00f3 hasta cuartos, donde fue derrotada por Estados Unidos por 102 \u2013 94. Juan Carlos Navarro, por su parte, tambi\u00e9n estuvo en Sidney 2000, donde Espa\u00f1a no pas\u00f3 de la fase de grupos.<\/p>\n\n\n\n<h2 class=\"wp-block-heading\"><strong>Demetrio Lozano Jarque<\/strong> &#8211; 3 Medallas (0-0-3)<\/h2>\n\n\n\n<p>Balonmano. Ol\u00edmpico en 4 Juegos: Atlanta 1996, Sidney 2000, Atenas 2004, Pek\u00edn 2008.<\/p>\n\n\n\n<div class=\"wp-block-media-text alignwide is-stacked-on-mobile is-vertically-aligned-center\" style=\"grid-template-columns:27% auto\"><figure class=\"wp-block-media-text__media\"><img loading=\"lazy\" decoding=\"async\" width=\"348\" height=\"511\" src=\"https:\/\/www.reporolimpico.com\/wp-content\/uploads\/2020\/08\/demetrio.png\" alt=\"\" class=\"wp-image-539 size-full\" srcset=\"https:\/\/www.reporolimpico.com\/wp-content\/uploads\/2020\/08\/demetrio.png 348w, https:\/\/www.reporolimpico.com\/wp-content\/uploads\/2020\/08\/demetrio-204x300.png 204w\" sizes=\"auto, (max-width: 348px) 100vw, 348px\" \/><\/figure><div class=\"wp-block-media-text__content\">\n<p>El balonmano espa\u00f1ol cosech\u00f3 su primer \u00e9xito internacional en el europeo de 1996 disputado en Espa\u00f1a, donde se consigui\u00f3 el subcampeonato continental al perder por un solo gol frente a Rusia (22-23). Esa plata clasific\u00f3 a Espa\u00f1a para los JJOO de Atlanta 1996, donde llegar\u00eda la 1\u00aa medalla ol\u00edmpica de la selecci\u00f3n  y la 1\u00aa de Demetrio  Lozano, un bronce conseguido tras ganar a Francia por 27-25. En semis se hab\u00eda perdido 25-20 con Suecia.<\/p>\n\n\n\n<p>En Sidney 2000, el balonamno masculino espa\u00f1ol volvi\u00f3 a lograr la medalla de bronce, tras caer en semis de nuevo ante Suecia, por 25-32, y ganar el partido por la 3\u00aa plaza a Yugoslavia por 26-22.<\/p>\n\n\n\n<p>En Atenas 2004, Alemania apart\u00f3 a Espa\u00f1a de la lucha por las medallas en cuartos de final. Fue un partido dur\u00edsimo, que tras 2 pr\u00f3rrogas y empate a 30 se resolvi\u00f3 en una cruel tanda de penaltis a favor de los alemanes.<\/p>\n<\/div><\/div>\n\n\n\n<p>Demetrio Lozano volver\u00eda en Pek\u00edn 2008 a formar parte de la seleci\u00f3n, en su 4\u00aa y \u00faltima participaci\u00f3n ol\u00edmpica, sumando su tercer bronce. Espa\u00f1a perdi\u00f3 30-36 en semifinales ante Islandia y gan\u00f3 la 3\u00aa plaza a Croacia por 35-29.<\/p>\n\n\n\n<h2 class=\"wp-block-heading\"><strong>Luis Doreste Blanco<\/strong> &#8211; 2 Medallas (2-0-0)<\/h2>\n\n\n\n<p>Vela. Ol\u00edmpico en 4 Juegos: Los \u00c1ngeles 1984, Se\u00fal 1988, Barcelona 1992, Atlanta 1996.<\/p>\n\n\n\n<div class=\"wp-block-media-text alignwide is-stacked-on-mobile is-vertically-aligned-center\" style=\"grid-template-columns:23% auto\"><figure class=\"wp-block-media-text__media\"><img loading=\"lazy\" decoding=\"async\" width=\"263\" height=\"379\" src=\"https:\/\/www.reporolimpico.com\/wp-content\/uploads\/2020\/07\/doreste.jpg\" alt=\"\" class=\"wp-image-512 size-full\" srcset=\"https:\/\/www.reporolimpico.com\/wp-content\/uploads\/2020\/07\/doreste.jpg 263w, https:\/\/www.reporolimpico.com\/wp-content\/uploads\/2020\/07\/doreste-208x300.jpg 208w\" sizes=\"auto, (max-width: 263px) 100vw, 263px\" \/><\/figure><div class=\"wp-block-media-text__content\">\n<p>Luis Doreste se colg\u00f3 su primer oro en su deb\u00fat ol\u00edmpico en Los \u00c1ngeles 1984. Fue campe\u00f3n junto a Roberto Molina  en la clase 470.<\/p>\n\n\n\n<p>En Se\u00fal 1988 ser\u00eda 13\u00ba, con Miguel Noger, en la clase Flying Dutchman, una clase en la que ser\u00eda campe\u00f3n ol\u00edmpico 4 a\u00f1os despu\u00e9s en Barcelona 1992, junto con Domingo Manrique, convirtiendose as\u00ed en el primer espa\u00f1ol con 2 oros ol\u00edmpicos.<\/p>\n\n\n\n<p>Su haza\u00f1a le llev\u00f3 a ser el abanderado espa\u00f1ol en Atlanta 1996. La clase Flying Dutchman dej\u00f3 de ser ol\u00edmpica, as\u00ed que en sus \u00faltimos JJOO particip\u00f3 en la clase Soling junto a Manrique y David Vera. El barco espa\u00f1ol acab\u00f3 en 8\u00ba lugar.<\/p>\n<\/div><\/div>\n\n\n\n<h2 class=\"wp-block-heading\"><strong>Rafael Nadal Parera<\/strong> &#8211; 2 Medallas (2-0-0)<\/h2>\n\n\n\n<p>Tenis. Ol\u00edmpico en 3 Juegos: Atenas 2004, Pek\u00edn 2008, R\u00edo de Janeiro 2016.<\/p>\n\n\n\n<div class=\"wp-block-media-text alignwide is-stacked-on-mobile is-vertically-aligned-center\" style=\"grid-template-columns:39% auto\"><figure class=\"wp-block-media-text__media\"><img loading=\"lazy\" decoding=\"async\" width=\"548\" height=\"621\" src=\"https:\/\/www.reporolimpico.com\/wp-content\/uploads\/2020\/07\/rafa.jpg\" alt=\"\" class=\"wp-image-513 size-full\" srcset=\"https:\/\/www.reporolimpico.com\/wp-content\/uploads\/2020\/07\/rafa.jpg 548w, https:\/\/www.reporolimpico.com\/wp-content\/uploads\/2020\/07\/rafa-265x300.jpg 265w\" sizes=\"auto, (max-width: 548px) 100vw, 548px\" \/><\/figure><div class=\"wp-block-media-text__content\">\n<p>Atenas 2004 fueron los primeros juegos de un j\u00f3ven Nadal que particip\u00f3 en dobles junto a Carlos Moy\u00e1. Perdieron en su primer partido.<\/p>\n\n\n\n<p>4 a\u00f1os despu\u00e9s Nadal ya llegaba como favorito a todo y as\u00ed lo demostr\u00f3, proclamandose campe\u00f3n ol\u00edmpico en el cuadro individual, ganando en la final al chileno Fernando Gonz\u00e1lez por 6\u20133, 7\u20136 y  6\u20133, despu\u00e9s de haber derrotado a Djokovic en unas semifinales para la historia (4-6, 6-1 y 6-4). <\/p>\n\n\n\n<p>En dobles, con Tommy Robredo, cay\u00f3 en 2\u00aa ronda.<\/p>\n\n\n\n<p>Una lesi\u00f3n le impedir\u00eda estar en Londres 2012, pero volver\u00eda en Rio 2016 como abanderado espa\u00f1ol en la ceremonia inaugural. En una participaci\u00f3n para enmarcar, consigui\u00f3 el oro junto con Marc L\u00f3pez en dobles, ganando en la final a los rumanos Mergea y Tecau por 6-2, 3-6 y 6-4.  En individuales cay\u00f3 en semis ante Juan Mart\u00edn del Potro por 7-5, 4-6 y 6-7 en un extenuante partido y perdi\u00f3 el bronce ante Kei Nishikori por 2-6, 7-6 y 3-6.<\/p>\n<\/div><\/div>\n\n\n\n<h2 class=\"wp-block-heading\"><strong>Theresa Zabell<\/strong> <strong>Lucas<\/strong> &#8211; 2 Medallas (2-0-0)<\/h2>\n\n\n\n<p>Vela. Ol\u00edmpica en 2 Juegos: Barcelona 1992, Atlanta 1996.<\/p>\n\n\n\n<div class=\"wp-block-media-text alignwide is-stacked-on-mobile is-vertically-aligned-center\" style=\"grid-template-columns:17% auto\"><figure class=\"wp-block-media-text__media\"><img loading=\"lazy\" decoding=\"async\" width=\"240\" height=\"430\" src=\"https:\/\/www.reporolimpico.com\/wp-content\/uploads\/2020\/07\/TZabell.jpg\" alt=\"\" class=\"wp-image-515 size-full\" srcset=\"https:\/\/www.reporolimpico.com\/wp-content\/uploads\/2020\/07\/TZabell.jpg 240w, https:\/\/www.reporolimpico.com\/wp-content\/uploads\/2020\/07\/TZabell-167x300.jpg 167w\" sizes=\"auto, (max-width: 240px) 100vw, 240px\" \/><\/figure><div class=\"wp-block-media-text__content\">\n<p>Efectividad 100% la de Theresa Zabell en los Juegos Ol\u00edmpicos. Dos participaciones y dos oros ol\u00edmpicos. Las dos en la clase 470. La primera en Barcelona 1992 junto con Patricia Guerra y la segunda en Atlanta 1996 con Bego\u00f1a V\u00eda Dufresne como compa\u00f1era.<\/p>\n\n\n\n<p>A d\u00eda de hoy Theresa Zabell es la \u00fanica mujer espa\u00f1ola con 2 oros ol\u00edmpicos.<\/p>\n<\/div><\/div>\n\n\n\n<p><\/p>\n\n\n\n<p><\/p>\n\n\n\n<p>Estos 20 deportistas son los m\u00e1s laureados del deporte ol\u00edmpico espa\u00f1ol. Esperemos que vaya creciendo la lista. \u00bfConseguir\u00e1 alguien 3 oros ol\u00edmpicos? \u00bfSuperar\u00e1 alguien las 5 medallas de David Cal y Sa\u00fal Craviotto? Veremos&#8230;<\/p>\n","protected":false},"excerpt":{"rendered":"<p>Si ya es dif\u00edcil conseguir una medalla ol\u00edmpica, mucho m\u00e1s dif\u00edcil es lograr varias. Son algo m\u00e1s de un centenar de deportistas espa\u00f1oles los que &hellip; <\/p>\n","protected":false},"author":1,"featured_media":517,"comment_status":"open","ping_status":"open","sticky":false,"template":"","format":"standard","meta":{"_monsterinsights_skip_tracking":false,"_monsterinsights_sitenote_active":false,"_monsterinsights_sitenote_note":"","_monsterinsights_sitenote_category":0,"footnotes":""},"categories":[22],"tags":[],"class_list":["post-468","post","type-post","status-publish","format-standard","has-post-thumbnail","hentry","category-juegosolimpicos"],"yoast_head":"<!-- This site is optimized with the Yoast SEO plugin v26.9 - https:\/\/yoast.com\/product\/yoast-seo-wordpress\/ -->\n<title>Los espa\u00f1oles con m\u00e1s medallas ol\u00edmpicas - Reportero Ol\u00edmpico<\/title>\n<meta name=\"description\" content=\"Los deportistas espa\u00f1oles con m\u00e1s medallas ol\u00edmpicas | \u00bfQui\u00e9nes son los deportistas espa\u00f1oles con m\u00e1s medallas ol\u00edmpicas?\" \/>\n<meta name=\"robots\" content=\"index, follow, max-snippet:-1, max-image-preview:large, max-video-preview:-1\" \/>\n<link rel=\"canonical\" href=\"https:\/\/www.reporolimpico.com\/index.php\/2020\/08\/03\/los-espanoles-con-mas-medallas-olimpicas\/\" \/>\n<meta property=\"og:locale\" content=\"es_ES\" \/>\n<meta property=\"og:type\" content=\"article\" \/>\n<meta property=\"og:title\" content=\"Los espa\u00f1oles con m\u00e1s medallas ol\u00edmpicas - Reportero Ol\u00edmpico\" \/>\n<meta property=\"og:description\" content=\"Los deportistas espa\u00f1oles con m\u00e1s medallas ol\u00edmpicas | \u00bfQui\u00e9nes son los deportistas espa\u00f1oles con m\u00e1s medallas ol\u00edmpicas?\" \/>\n<meta property=\"og:url\" content=\"https:\/\/www.reporolimpico.com\/index.php\/2020\/08\/03\/los-espanoles-con-mas-medallas-olimpicas\/\" \/>\n<meta property=\"og:site_name\" content=\"Reportero Ol\u00edmpico\" \/>\n<meta property=\"article:published_time\" content=\"2020-08-03T14:30:27+00:00\" \/>\n<meta property=\"article:modified_time\" content=\"2021-08-17T11:20:23+00:00\" \/>\n<meta property=\"og:image\" content=\"https:\/\/www.reporolimpico.com\/wp-content\/uploads\/2020\/07\/medallas.jpg\" \/>\n\t<meta property=\"og:image:width\" content=\"1024\" \/>\n\t<meta property=\"og:image:height\" content=\"576\" \/>\n\t<meta property=\"og:image:type\" content=\"image\/jpeg\" \/>\n<meta name=\"author\" content=\"repor_olimpico\" \/>\n<meta name=\"twitter:card\" content=\"summary_large_image\" \/>\n<meta name=\"twitter:creator\" content=\"@repor_olimpico\" \/>\n<meta name=\"twitter:site\" content=\"@repor_olimpico\" \/>\n<meta name=\"twitter:label1\" content=\"Escrito por\" \/>\n\t<meta name=\"twitter:data1\" content=\"repor_olimpico\" \/>\n\t<meta name=\"twitter:label2\" content=\"Tiempo de lectura\" \/>\n\t<meta name=\"twitter:data2\" content=\"17 minutos\" \/>\n<script type=\"application\/ld+json\" class=\"yoast-schema-graph\">{\"@context\":\"https:\/\/schema.org\",\"@graph\":[{\"@type\":\"Article\",\"@id\":\"https:\/\/www.reporolimpico.com\/index.php\/2020\/08\/03\/los-espanoles-con-mas-medallas-olimpicas\/#article\",\"isPartOf\":{\"@id\":\"https:\/\/www.reporolimpico.com\/index.php\/2020\/08\/03\/los-espanoles-con-mas-medallas-olimpicas\/\"},\"author\":{\"name\":\"repor_olimpico\",\"@id\":\"https:\/\/www.reporolimpico.com\/#\/schema\/person\/0c16c40b97cead5a02cb2376b38ce339\"},\"headline\":\"Los espa\u00f1oles con m\u00e1s medallas ol\u00edmpicas\",\"datePublished\":\"2020-08-03T14:30:27+00:00\",\"dateModified\":\"2021-08-17T11:20:23+00:00\",\"mainEntityOfPage\":{\"@id\":\"https:\/\/www.reporolimpico.com\/index.php\/2020\/08\/03\/los-espanoles-con-mas-medallas-olimpicas\/\"},\"wordCount\":3085,\"commentCount\":0,\"publisher\":{\"@id\":\"https:\/\/www.reporolimpico.com\/#\/schema\/person\/0c16c40b97cead5a02cb2376b38ce339\"},\"image\":{\"@id\":\"https:\/\/www.reporolimpico.com\/index.php\/2020\/08\/03\/los-espanoles-con-mas-medallas-olimpicas\/#primaryimage\"},\"thumbnailUrl\":\"https:\/\/www.reporolimpico.com\/wp-content\/uploads\/2020\/07\/medallas.jpg\",\"articleSection\":[\"Juegos Ol\u00edmpicos\"],\"inLanguage\":\"es\",\"potentialAction\":[{\"@type\":\"CommentAction\",\"name\":\"Comment\",\"target\":[\"https:\/\/www.reporolimpico.com\/index.php\/2020\/08\/03\/los-espanoles-con-mas-medallas-olimpicas\/#respond\"]}]},{\"@type\":\"WebPage\",\"@id\":\"https:\/\/www.reporolimpico.com\/index.php\/2020\/08\/03\/los-espanoles-con-mas-medallas-olimpicas\/\",\"url\":\"https:\/\/www.reporolimpico.com\/index.php\/2020\/08\/03\/los-espanoles-con-mas-medallas-olimpicas\/\",\"name\":\"Los espa\u00f1oles con m\u00e1s medallas ol\u00edmpicas - Reportero Ol\u00edmpico\",\"isPartOf\":{\"@id\":\"https:\/\/www.reporolimpico.com\/#website\"},\"primaryImageOfPage\":{\"@id\":\"https:\/\/www.reporolimpico.com\/index.php\/2020\/08\/03\/los-espanoles-con-mas-medallas-olimpicas\/#primaryimage\"},\"image\":{\"@id\":\"https:\/\/www.reporolimpico.com\/index.php\/2020\/08\/03\/los-espanoles-con-mas-medallas-olimpicas\/#primaryimage\"},\"thumbnailUrl\":\"https:\/\/www.reporolimpico.com\/wp-content\/uploads\/2020\/07\/medallas.jpg\",\"datePublished\":\"2020-08-03T14:30:27+00:00\",\"dateModified\":\"2021-08-17T11:20:23+00:00\",\"description\":\"Los deportistas espa\u00f1oles con m\u00e1s medallas ol\u00edmpicas | \u00bfQui\u00e9nes son los deportistas espa\u00f1oles con m\u00e1s medallas ol\u00edmpicas?\",\"breadcrumb\":{\"@id\":\"https:\/\/www.reporolimpico.com\/index.php\/2020\/08\/03\/los-espanoles-con-mas-medallas-olimpicas\/#breadcrumb\"},\"inLanguage\":\"es\",\"potentialAction\":[{\"@type\":\"ReadAction\",\"target\":[\"https:\/\/www.reporolimpico.com\/index.php\/2020\/08\/03\/los-espanoles-con-mas-medallas-olimpicas\/\"]}]},{\"@type\":\"ImageObject\",\"inLanguage\":\"es\",\"@id\":\"https:\/\/www.reporolimpico.com\/index.php\/2020\/08\/03\/los-espanoles-con-mas-medallas-olimpicas\/#primaryimage\",\"url\":\"https:\/\/www.reporolimpico.com\/wp-content\/uploads\/2020\/07\/medallas.jpg\",\"contentUrl\":\"https:\/\/www.reporolimpico.com\/wp-content\/uploads\/2020\/07\/medallas.jpg\",\"width\":1024,\"height\":576},{\"@type\":\"BreadcrumbList\",\"@id\":\"https:\/\/www.reporolimpico.com\/index.php\/2020\/08\/03\/los-espanoles-con-mas-medallas-olimpicas\/#breadcrumb\",\"itemListElement\":[{\"@type\":\"ListItem\",\"position\":1,\"name\":\"Portada\",\"item\":\"https:\/\/www.reporolimpico.com\/\"},{\"@type\":\"ListItem\",\"position\":2,\"name\":\"Los espa\u00f1oles con m\u00e1s medallas ol\u00edmpicas\"}]},{\"@type\":\"WebSite\",\"@id\":\"https:\/\/www.reporolimpico.com\/#website\",\"url\":\"https:\/\/www.reporolimpico.com\/\",\"name\":\"Reportero Ol\u00edmpico\",\"description\":\"Deporte y Juegos Ol\u00edmpicos\",\"publisher\":{\"@id\":\"https:\/\/www.reporolimpico.com\/#\/schema\/person\/0c16c40b97cead5a02cb2376b38ce339\"},\"potentialAction\":[{\"@type\":\"SearchAction\",\"target\":{\"@type\":\"EntryPoint\",\"urlTemplate\":\"https:\/\/www.reporolimpico.com\/?s={search_term_string}\"},\"query-input\":{\"@type\":\"PropertyValueSpecification\",\"valueRequired\":true,\"valueName\":\"search_term_string\"}}],\"inLanguage\":\"es\"},{\"@type\":[\"Person\",\"Organization\"],\"@id\":\"https:\/\/www.reporolimpico.com\/#\/schema\/person\/0c16c40b97cead5a02cb2376b38ce339\",\"name\":\"repor_olimpico\",\"image\":{\"@type\":\"ImageObject\",\"inLanguage\":\"es\",\"@id\":\"https:\/\/www.reporolimpico.com\/#\/schema\/person\/image\/\",\"url\":\"https:\/\/www.reporolimpico.com\/wp-content\/uploads\/2020\/07\/cropped-ReporteroOlimpico_sub-1.jpg\",\"contentUrl\":\"https:\/\/www.reporolimpico.com\/wp-content\/uploads\/2020\/07\/cropped-ReporteroOlimpico_sub-1.jpg\",\"width\":501,\"height\":170,\"caption\":\"repor_olimpico\"},\"logo\":{\"@id\":\"https:\/\/www.reporolimpico.com\/#\/schema\/person\/image\/\"},\"sameAs\":[\"http:\/\/www.reporolimpico.com\",\"https:\/\/x.com\/repor_olimpico\"]}]}<\/script>\n<!-- \/ Yoast SEO plugin. -->","yoast_head_json":{"title":"Los espa\u00f1oles con m\u00e1s medallas ol\u00edmpicas - Reportero Ol\u00edmpico","description":"Los deportistas espa\u00f1oles con m\u00e1s medallas ol\u00edmpicas | \u00bfQui\u00e9nes son los deportistas espa\u00f1oles con m\u00e1s medallas ol\u00edmpicas?","robots":{"index":"index","follow":"follow","max-snippet":"max-snippet:-1","max-image-preview":"max-image-preview:large","max-video-preview":"max-video-preview:-1"},"canonical":"https:\/\/www.reporolimpico.com\/index.php\/2020\/08\/03\/los-espanoles-con-mas-medallas-olimpicas\/","og_locale":"es_ES","og_type":"article","og_title":"Los espa\u00f1oles con m\u00e1s medallas ol\u00edmpicas - Reportero Ol\u00edmpico","og_description":"Los deportistas espa\u00f1oles con m\u00e1s medallas ol\u00edmpicas | \u00bfQui\u00e9nes son los deportistas espa\u00f1oles con m\u00e1s medallas ol\u00edmpicas?","og_url":"https:\/\/www.reporolimpico.com\/index.php\/2020\/08\/03\/los-espanoles-con-mas-medallas-olimpicas\/","og_site_name":"Reportero Ol\u00edmpico","article_published_time":"2020-08-03T14:30:27+00:00","article_modified_time":"2021-08-17T11:20:23+00:00","og_image":[{"width":1024,"height":576,"url":"https:\/\/www.reporolimpico.com\/wp-content\/uploads\/2020\/07\/medallas.jpg","type":"image\/jpeg"}],"author":"repor_olimpico","twitter_card":"summary_large_image","twitter_creator":"@repor_olimpico","twitter_site":"@repor_olimpico","twitter_misc":{"Escrito por":"repor_olimpico","Tiempo de lectura":"17 minutos"},"schema":{"@context":"https:\/\/schema.org","@graph":[{"@type":"Article","@id":"https:\/\/www.reporolimpico.com\/index.php\/2020\/08\/03\/los-espanoles-con-mas-medallas-olimpicas\/#article","isPartOf":{"@id":"https:\/\/www.reporolimpico.com\/index.php\/2020\/08\/03\/los-espanoles-con-mas-medallas-olimpicas\/"},"author":{"name":"repor_olimpico","@id":"https:\/\/www.reporolimpico.com\/#\/schema\/person\/0c16c40b97cead5a02cb2376b38ce339"},"headline":"Los espa\u00f1oles con m\u00e1s medallas ol\u00edmpicas","datePublished":"2020-08-03T14:30:27+00:00","dateModified":"2021-08-17T11:20:23+00:00","mainEntityOfPage":{"@id":"https:\/\/www.reporolimpico.com\/index.php\/2020\/08\/03\/los-espanoles-con-mas-medallas-olimpicas\/"},"wordCount":3085,"commentCount":0,"publisher":{"@id":"https:\/\/www.reporolimpico.com\/#\/schema\/person\/0c16c40b97cead5a02cb2376b38ce339"},"image":{"@id":"https:\/\/www.reporolimpico.com\/index.php\/2020\/08\/03\/los-espanoles-con-mas-medallas-olimpicas\/#primaryimage"},"thumbnailUrl":"https:\/\/www.reporolimpico.com\/wp-content\/uploads\/2020\/07\/medallas.jpg","articleSection":["Juegos Ol\u00edmpicos"],"inLanguage":"es","potentialAction":[{"@type":"CommentAction","name":"Comment","target":["https:\/\/www.reporolimpico.com\/index.php\/2020\/08\/03\/los-espanoles-con-mas-medallas-olimpicas\/#respond"]}]},{"@type":"WebPage","@id":"https:\/\/www.reporolimpico.com\/index.php\/2020\/08\/03\/los-espanoles-con-mas-medallas-olimpicas\/","url":"https:\/\/www.reporolimpico.com\/index.php\/2020\/08\/03\/los-espanoles-con-mas-medallas-olimpicas\/","name":"Los espa\u00f1oles con m\u00e1s medallas ol\u00edmpicas - Reportero Ol\u00edmpico","isPartOf":{"@id":"https:\/\/www.reporolimpico.com\/#website"},"primaryImageOfPage":{"@id":"https:\/\/www.reporolimpico.com\/index.php\/2020\/08\/03\/los-espanoles-con-mas-medallas-olimpicas\/#primaryimage"},"image":{"@id":"https:\/\/www.reporolimpico.com\/index.php\/2020\/08\/03\/los-espanoles-con-mas-medallas-olimpicas\/#primaryimage"},"thumbnailUrl":"https:\/\/www.reporolimpico.com\/wp-content\/uploads\/2020\/07\/medallas.jpg","datePublished":"2020-08-03T14:30:27+00:00","dateModified":"2021-08-17T11:20:23+00:00","description":"Los deportistas espa\u00f1oles con m\u00e1s medallas ol\u00edmpicas | \u00bfQui\u00e9nes son los deportistas espa\u00f1oles con m\u00e1s medallas ol\u00edmpicas?","breadcrumb":{"@id":"https:\/\/www.reporolimpico.com\/index.php\/2020\/08\/03\/los-espanoles-con-mas-medallas-olimpicas\/#breadcrumb"},"inLanguage":"es","potentialAction":[{"@type":"ReadAction","target":["https:\/\/www.reporolimpico.com\/index.php\/2020\/08\/03\/los-espanoles-con-mas-medallas-olimpicas\/"]}]},{"@type":"ImageObject","inLanguage":"es","@id":"https:\/\/www.reporolimpico.com\/index.php\/2020\/08\/03\/los-espanoles-con-mas-medallas-olimpicas\/#primaryimage","url":"https:\/\/www.reporolimpico.com\/wp-content\/uploads\/2020\/07\/medallas.jpg","contentUrl":"https:\/\/www.reporolimpico.com\/wp-content\/uploads\/2020\/07\/medallas.jpg","width":1024,"height":576},{"@type":"BreadcrumbList","@id":"https:\/\/www.reporolimpico.com\/index.php\/2020\/08\/03\/los-espanoles-con-mas-medallas-olimpicas\/#breadcrumb","itemListElement":[{"@type":"ListItem","position":1,"name":"Portada","item":"https:\/\/www.reporolimpico.com\/"},{"@type":"ListItem","position":2,"name":"Los espa\u00f1oles con m\u00e1s medallas ol\u00edmpicas"}]},{"@type":"WebSite","@id":"https:\/\/www.reporolimpico.com\/#website","url":"https:\/\/www.reporolimpico.com\/","name":"Reportero Ol\u00edmpico","description":"Deporte y Juegos Ol\u00edmpicos","publisher":{"@id":"https:\/\/www.reporolimpico.com\/#\/schema\/person\/0c16c40b97cead5a02cb2376b38ce339"},"potentialAction":[{"@type":"SearchAction","target":{"@type":"EntryPoint","urlTemplate":"https:\/\/www.reporolimpico.com\/?s={search_term_string}"},"query-input":{"@type":"PropertyValueSpecification","valueRequired":true,"valueName":"search_term_string"}}],"inLanguage":"es"},{"@type":["Person","Organization"],"@id":"https:\/\/www.reporolimpico.com\/#\/schema\/person\/0c16c40b97cead5a02cb2376b38ce339","name":"repor_olimpico","image":{"@type":"ImageObject","inLanguage":"es","@id":"https:\/\/www.reporolimpico.com\/#\/schema\/person\/image\/","url":"https:\/\/www.reporolimpico.com\/wp-content\/uploads\/2020\/07\/cropped-ReporteroOlimpico_sub-1.jpg","contentUrl":"https:\/\/www.reporolimpico.com\/wp-content\/uploads\/2020\/07\/cropped-ReporteroOlimpico_sub-1.jpg","width":501,"height":170,"caption":"repor_olimpico"},"logo":{"@id":"https:\/\/www.reporolimpico.com\/#\/schema\/person\/image\/"},"sameAs":["http:\/\/www.reporolimpico.com","https:\/\/x.com\/repor_olimpico"]}]}},"_links":{"self":[{"href":"https:\/\/www.reporolimpico.com\/index.php\/wp-json\/wp\/v2\/posts\/468","targetHints":{"allow":["GET"]}}],"collection":[{"href":"https:\/\/www.reporolimpico.com\/index.php\/wp-json\/wp\/v2\/posts"}],"about":[{"href":"https:\/\/www.reporolimpico.com\/index.php\/wp-json\/wp\/v2\/types\/post"}],"author":[{"embeddable":true,"href":"https:\/\/www.reporolimpico.com\/index.php\/wp-json\/wp\/v2\/users\/1"}],"replies":[{"embeddable":true,"href":"https:\/\/www.reporolimpico.com\/index.php\/wp-json\/wp\/v2\/comments?post=468"}],"version-history":[{"count":36,"href":"https:\/\/www.reporolimpico.com\/index.php\/wp-json\/wp\/v2\/posts\/468\/revisions"}],"predecessor-version":[{"id":1176,"href":"https:\/\/www.reporolimpico.com\/index.php\/wp-json\/wp\/v2\/posts\/468\/revisions\/1176"}],"wp:featuredmedia":[{"embeddable":true,"href":"https:\/\/www.reporolimpico.com\/index.php\/wp-json\/wp\/v2\/media\/517"}],"wp:attachment":[{"href":"https:\/\/www.reporolimpico.com\/index.php\/wp-json\/wp\/v2\/media?parent=468"}],"wp:term":[{"taxonomy":"category","embeddable":true,"href":"https:\/\/www.reporolimpico.com\/index.php\/wp-json\/wp\/v2\/categories?post=468"},{"taxonomy":"post_tag","embeddable":true,"href":"https:\/\/www.reporolimpico.com\/index.php\/wp-json\/wp\/v2\/tags?post=468"}],"curies":[{"name":"wp","href":"https:\/\/api.w.org\/{rel}","templated":true}]}}