{"id":222,"date":"2020-07-20T11:02:26","date_gmt":"2020-07-20T11:02:26","guid":{"rendered":"http:\/\/www.reporolimpico.com\/?p=222"},"modified":"2022-03-03T18:46:51","modified_gmt":"2022-03-03T18:46:51","slug":"records-del-mundo-de-patinaje-artistico","status":"publish","type":"post","link":"https:\/\/www.reporolimpico.com\/index.php\/2020\/07\/20\/records-del-mundo-de-patinaje-artistico\/","title":{"rendered":"R\u00e9cords del Mundo de Patinaje Art\u00edstico"},"content":{"rendered":"\n<p>Estos son los R\u00e9cords del Mundo (las notas m\u00e1s altas de las historia) vigentes en todas las pruebas de Patinaje Art\u00edstico.<\/p>\n\n\n\n<h2 class=\"wp-block-heading\"><span class=\"has-inline-color has-vivid-cyan-blue-color\">Hombres<\/span><\/h2>\n\n\n\n\n<table id=\"tablepress-11\" class=\"tablepress tablepress-id-11\">\n<thead>\n<tr class=\"row-1\">\n\t<th class=\"column-1\">Prueba<\/th><th class=\"column-2\">Deportista<\/th><th class=\"column-3\">R\u00e9cord<\/th><th class=\"column-4\">Fecha<\/th><th class=\"column-5\">Evento<\/th><td class=\"column-6\"><\/td>\n<\/tr>\n<\/thead>\n<tbody class=\"row-striping row-hover\">\n<tr class=\"row-2\">\n\t<td class=\"column-1\">Programa Corto<\/td><td class=\"column-2\"><img loading=\"lazy\" decoding=\"async\" src=\"http:\/\/www.reporolimpico.com\/wp-content\/uploads\/2020\/07\/USA.jpg\" alt=\"\" width=\"22\" height=\"15\" class=\"alignnone size-full wp-image-141\" \/> Nathan Chen<\/td><td class=\"column-3\">113.97 <\/td><td class=\"column-4\">08\/02\/2022<\/td><td class=\"column-5\">Juegos Ol\u00edmpicos, Pek\u00edn<\/td><td class=\"column-6\"><a href=\"https:\/\/www.youtube.com\/watch?v=YsH7aiw8LyI\" rel=\"noopener noreferrer\" target=\"_blank\">video<\/a><\/td>\n<\/tr>\n<tr class=\"row-3\">\n\t<td class=\"column-1\">Programa Libre<\/td><td class=\"column-2\"><img loading=\"lazy\" decoding=\"async\" src=\"http:\/\/www.reporolimpico.com\/wp-content\/uploads\/2020\/07\/USA.jpg\" alt=\"\" width=\"22\" height=\"15\" class=\"alignnone size-full wp-image-141\" \/> Nathan Chen<\/td><td class=\"column-3\">224.92<\/td><td class=\"column-4\">07\/12\/2019<\/td><td class=\"column-5\">Final Grand Prix, Tur\u00edn<\/td><td class=\"column-6\"><a href=\"https:\/\/www.youtube.com\/watch?v=g5V4DAQfOZQ\" rel=\"noopener noreferrer\" target=\"_blank\">video<\/a><\/td>\n<\/tr>\n<tr class=\"row-4\">\n\t<td class=\"column-1\">Total<\/td><td class=\"column-2\"><img loading=\"lazy\" decoding=\"async\" src=\"http:\/\/www.reporolimpico.com\/wp-content\/uploads\/2020\/07\/USA.jpg\" alt=\"\" width=\"22\" height=\"15\" class=\"alignnone size-full wp-image-141\" \/> Nathan Chen<\/td><td class=\"column-3\">335.30<\/td><td class=\"column-4\">07\/12\/2019<\/td><td class=\"column-5\">Final Grand Prix, Tur\u00edn<\/td><td class=\"column-6\"><a href=\"https:\/\/www.youtube.com\/watch?v=a2aFKEEQ9W4\" rel=\"noopener noreferrer\" target=\"_blank\">video<\/a><\/td>\n<\/tr>\n<\/tbody>\n<\/table>\n<!-- #tablepress-11 from cache -->\n\n\n\n<p>Como el r\u00e9cord del programa libre y del total lo consigui\u00f3 Nathan Chen en la misma competici\u00f3n, en el enlace del r\u00e9cord del total (programa corto+libre) se ve el programa corto del Nathan Chen en la final del Grand Prix.<\/p>\n\n\n\n<h2 class=\"wp-block-heading\"><span class=\"has-inline-color has-vivid-cyan-blue-color\">Mujeres<\/span><\/h2>\n\n\n\n\n<table id=\"tablepress-12\" class=\"tablepress tablepress-id-12\">\n<thead>\n<tr class=\"row-1\">\n\t<th class=\"column-1\">Prueba<\/th><th class=\"column-2\">Deportista<\/th><th class=\"column-3\">R\u00e9cord<\/th><th class=\"column-4\">Fecha<\/th><th class=\"column-5\">Evento<\/th><td class=\"column-6\"><\/td>\n<\/tr>\n<\/thead>\n<tbody class=\"row-striping row-hover\">\n<tr class=\"row-2\">\n\t<td class=\"column-1\">Programa Corto<\/td><td class=\"column-2\"><img loading=\"lazy\" decoding=\"async\" src=\"http:\/\/www.reporolimpico.com\/wp-content\/uploads\/2020\/07\/RUS.jpg\" alt=\"\" width=\"22\" height=\"15\" class=\"alignnone size-full wp-image-141\" \/> Kamila Valieva<\/td><td class=\"column-3\">90.45<\/td><td class=\"column-4\">13\/01\/2021<\/td><td class=\"column-5\">Cto. Europa, Tall\u00edn<\/td><td class=\"column-6\"><a href=\"https:\/\/www.youtube.com\/watch?v=x-KJ3Ax6DiY\" rel=\"noopener noreferrer\" target=\"_blank\">video<\/a><\/td>\n<\/tr>\n<tr class=\"row-3\">\n\t<td class=\"column-1\">Programa Libre<\/td><td class=\"column-2\"><img loading=\"lazy\" decoding=\"async\" src=\"http:\/\/www.reporolimpico.com\/wp-content\/uploads\/2020\/07\/RUS.jpg\" alt=\"\" width=\"22\" height=\"15\" class=\"alignnone size-full wp-image-141\" \/> Kamila Valieva<\/td><td class=\"column-3\">185.29<\/td><td class=\"column-4\">27\/11\/2021<\/td><td class=\"column-5\">Rostelecom Cup, Sochi<\/td><td class=\"column-6\"><a href=\"https:\/\/www.youtube.com\/watch?v=OA8_6llkx9E\" rel=\"noopener noreferrer\" target=\"_blank\">video<\/a><\/td>\n<\/tr>\n<tr class=\"row-4\">\n\t<td class=\"column-1\">Total<\/td><td class=\"column-2\"><img loading=\"lazy\" decoding=\"async\" src=\"http:\/\/www.reporolimpico.com\/wp-content\/uploads\/2020\/07\/RUS.jpg\" alt=\"\" width=\"22\" height=\"15\" class=\"alignnone size-full wp-image-141\" \/> Kamila Valieva<\/td><td class=\"column-3\">272.71<\/td><td class=\"column-4\">27\/11\/2021<\/td><td class=\"column-5\">Rostelecom Cup, Sochi<\/td><td class=\"column-6\"><a href=\"https:\/\/www.youtube.com\/watch?v=OA8_6llkx9E\" rel=\"noopener noreferrer\" target=\"_blank\">video<\/a><\/td>\n<\/tr>\n<\/tbody>\n<\/table>\n<!-- #tablepress-12 from cache -->\n\n\n\n<h2 class=\"wp-block-heading\"><span class=\"has-inline-color has-vivid-cyan-blue-color\">Parejas<\/span><\/h2>\n\n\n\n\n<table id=\"tablepress-13\" class=\"tablepress tablepress-id-13\">\n<thead>\n<tr class=\"row-1\">\n\t<th class=\"column-1\">Prueba<\/th><th class=\"column-2\">Deportista<\/th><th class=\"column-3\">R\u00e9cord<\/th><th class=\"column-4\">Fecha<\/th><th class=\"column-5\">Evento<\/th><td class=\"column-6\"><\/td>\n<\/tr>\n<\/thead>\n<tbody class=\"row-striping row-hover\">\n<tr class=\"row-2\">\n\t<td class=\"column-1\">Programa Corto<\/td><td class=\"column-2\"><img loading=\"lazy\" decoding=\"async\" src=\"http:\/\/www.reporolimpico.com\/wp-content\/uploads\/2020\/07\/CHN.jpg\" alt=\"\" width=\"22\" height=\"15\" class=\"alignnone size-full wp-image-141\" \/> Sui Wenjing \/ Han Cong<\/td><td class=\"column-3\">84.41<\/td><td class=\"column-4\">18\/02\/2022<\/td><td class=\"column-5\">Juegos Ol\u00edmpicos, Pek\u00edn<\/td><td class=\"column-6\"><a href=\"https:\/\/www.youtube.com\/watch?v=oqrIUhjh_3U\" rel=\"noopener noreferrer\" target=\"_blank\">video<\/a><\/td>\n<\/tr>\n<tr class=\"row-3\">\n\t<td class=\"column-1\">Programa Libre<\/td><td class=\"column-2\"><img loading=\"lazy\" decoding=\"async\" src=\"http:\/\/www.reporolimpico.com\/wp-content\/uploads\/2020\/07\/RUS.jpg\" alt=\"\" width=\"22\" height=\"15\" class=\"alignnone size-full wp-image-141\" \/> Anastasia Mishina \/ Aleksandr Galliamov<\/td><td class=\"column-3\">157.46<\/td><td class=\"column-4\">21\/03\/2019<\/td><td class=\"column-5\">Cto. Europa, Tall\u00edn<\/td><td class=\"column-6\"><a href=\"https:\/\/www.youtube.com\/watch?v=jnaydSl-wJM\" rel=\"noopener noreferrer\" target=\"_blank\">video<\/a><\/td>\n<\/tr>\n<tr class=\"row-4\">\n\t<td class=\"column-1\">Total<\/td><td class=\"column-2\"><img loading=\"lazy\" decoding=\"async\" src=\"http:\/\/www.reporolimpico.com\/wp-content\/uploads\/2020\/07\/CHN.jpg\" alt=\"\" width=\"22\" height=\"15\" class=\"alignnone size-full wp-image-141\" \/> Sui Wenjing \/ Han Cong<\/td><td class=\"column-3\">239.88<\/td><td class=\"column-4\">19\/02\/2022<\/td><td class=\"column-5\">Juegos Ol\u00edmpicos, Pek\u00edn<\/td><td class=\"column-6\"><a href=\"https:\/\/www.youtube.com\/watch?v=p4iRvo4sY_4\" rel=\"noopener noreferrer\" target=\"_blank\">video<\/a><\/td>\n<\/tr>\n<\/tbody>\n<\/table>\n<!-- #tablepress-13 from cache -->\n\n\n\n<h2 class=\"wp-block-heading\"><span class=\"has-inline-color has-vivid-cyan-blue-color\">Danza<\/span><\/h2>\n\n\n\n\n<table id=\"tablepress-14\" class=\"tablepress tablepress-id-14\">\n<thead>\n<tr class=\"row-1\">\n\t<th class=\"column-1\">Prueba<\/th><th class=\"column-2\">Deportista<\/th><th class=\"column-3\">R\u00e9cord<\/th><th class=\"column-4\">Fecha<\/th><th class=\"column-5\">Evento<\/th><td class=\"column-6\"><\/td>\n<\/tr>\n<\/thead>\n<tbody class=\"row-striping row-hover\">\n<tr class=\"row-2\">\n\t<td class=\"column-1\">Danza R\u00edtmica<\/td><td class=\"column-2\"><img loading=\"lazy\" decoding=\"async\" src=\"http:\/\/www.reporolimpico.com\/wp-content\/uploads\/2020\/07\/FRA.jpg\" alt=\"\" width=\"22\" height=\"15\" class=\"alignnone size-full wp-image-141\" \/> Gabriella Papadakis \/ Guillaume Cizeron <\/td><td class=\"column-3\">92.73 <\/td><td class=\"column-4\">25\/03\/2022<\/td><td class=\"column-5\">Cto. Mundo, Montpellier<\/td><td class=\"column-6\"><a href=\"https:\/\/www.youtube.com\/watch?v=azZD8qJ4kt4\" rel=\"noopener noreferrer\" target=\"_blank\">video<\/a><\/td>\n<\/tr>\n<tr class=\"row-3\">\n\t<td class=\"column-1\">Danza Libre<\/td><td class=\"column-2\"><img loading=\"lazy\" decoding=\"async\" src=\"http:\/\/www.reporolimpico.com\/wp-content\/uploads\/2020\/07\/FRA.jpg\" alt=\"\" width=\"22\" height=\"15\" class=\"alignnone size-full wp-image-141\" \/> Gabriella Papadakis \/ Guillaume Cizeron <\/td><td class=\"column-3\">137.09<\/td><td class=\"column-4\">26\/03\/2022<\/td><td class=\"column-5\">Cto. Mundo, Montpellier<\/td><td class=\"column-6\"><a href=\"https:\/\/www.youtube.com\/watch?v=VsfrtMV66wA\" rel=\"noopener noreferrer\" target=\"_blank\">video<\/a><\/td>\n<\/tr>\n<tr class=\"row-4\">\n\t<td class=\"column-1\">Total<\/td><td class=\"column-2\"><img loading=\"lazy\" decoding=\"async\" src=\"http:\/\/www.reporolimpico.com\/wp-content\/uploads\/2020\/07\/FRA.jpg\" alt=\"\" width=\"22\" height=\"15\" class=\"alignnone size-full wp-image-141\" \/> Gabriella Papadakis \/ Guillaume Cizeron <\/td><td class=\"column-3\">229.82<\/td><td class=\"column-4\">26\/03\/2022<\/td><td class=\"column-5\">Cto. Mundo, Montpellier<\/td><td class=\"column-6\"><a href=\"https:\/\/www.youtube.com\/watch?v=VsfrtMV66wA\" rel=\"noopener noreferrer\" target=\"_blank\">video<\/a><\/td>\n<\/tr>\n<\/tbody>\n<\/table>\n<!-- #tablepress-14 from cache -->\n","protected":false},"excerpt":{"rendered":"<p>Estos son los R\u00e9cords del Mundo (las notas m\u00e1s altas de las historia) vigentes en todas las pruebas de Patinaje Art\u00edstico. Hombres Como el r\u00e9cord &hellip; <\/p>\n","protected":false},"author":1,"featured_media":241,"comment_status":"open","ping_status":"open","sticky":false,"template":"","format":"standard","meta":{"_monsterinsights_skip_tracking":false,"_monsterinsights_sitenote_active":false,"_monsterinsights_sitenote_note":"","_monsterinsights_sitenote_category":0,"footnotes":""},"categories":[54,50],"tags":[],"class_list":["post-222","post","type-post","status-publish","format-standard","has-post-thumbnail","hentry","category-patinaje-artistico","category-records-del-mundo"],"yoast_head":"<!-- This site is optimized with the Yoast SEO plugin v26.9 - https:\/\/yoast.com\/product\/yoast-seo-wordpress\/ -->\n<title>R\u00e9cords del Mundo de Patinaje Art\u00edstico - Reportero Ol\u00edmpico<\/title>\n<meta name=\"description\" content=\"R\u00e9cords del Mundo de Patinaje Art\u00edstico.Los R\u00e9cords del mundo de todas las pruebas, con enlaces a los videos del momentos en que se consiguieron\" \/>\n<meta name=\"robots\" content=\"index, follow, max-snippet:-1, max-image-preview:large, max-video-preview:-1\" \/>\n<link rel=\"canonical\" href=\"https:\/\/www.reporolimpico.com\/index.php\/2020\/07\/20\/records-del-mundo-de-patinaje-artistico\/\" \/>\n<meta property=\"og:locale\" content=\"es_ES\" \/>\n<meta property=\"og:type\" content=\"article\" \/>\n<meta property=\"og:title\" content=\"R\u00e9cords del Mundo de Patinaje Art\u00edstico - Reportero Ol\u00edmpico\" \/>\n<meta property=\"og:description\" content=\"R\u00e9cords del Mundo de Patinaje Art\u00edstico.Los R\u00e9cords del mundo de todas las pruebas, con enlaces a los videos del momentos en que se consiguieron\" \/>\n<meta property=\"og:url\" content=\"https:\/\/www.reporolimpico.com\/index.php\/2020\/07\/20\/records-del-mundo-de-patinaje-artistico\/\" \/>\n<meta property=\"og:site_name\" content=\"Reportero Ol\u00edmpico\" \/>\n<meta property=\"article:published_time\" content=\"2020-07-20T11:02:26+00:00\" \/>\n<meta property=\"article:modified_time\" content=\"2022-03-03T18:46:51+00:00\" \/>\n<meta property=\"og:image\" content=\"https:\/\/www.reporolimpico.com\/wp-content\/uploads\/2020\/07\/pa_2.jpg\" \/>\n\t<meta property=\"og:image:width\" content=\"480\" \/>\n\t<meta property=\"og:image:height\" content=\"285\" \/>\n\t<meta property=\"og:image:type\" content=\"image\/jpeg\" \/>\n<meta name=\"author\" content=\"repor_olimpico\" \/>\n<meta name=\"twitter:card\" content=\"summary_large_image\" \/>\n<meta name=\"twitter:creator\" content=\"@repor_olimpico\" \/>\n<meta name=\"twitter:site\" content=\"@repor_olimpico\" \/>\n<meta name=\"twitter:label1\" content=\"Escrito por\" \/>\n\t<meta name=\"twitter:data1\" content=\"repor_olimpico\" \/>\n\t<meta name=\"twitter:label2\" content=\"Tiempo de lectura\" \/>\n\t<meta name=\"twitter:data2\" content=\"1 minuto\" \/>\n<script type=\"application\/ld+json\" class=\"yoast-schema-graph\">{\"@context\":\"https:\/\/schema.org\",\"@graph\":[{\"@type\":\"Article\",\"@id\":\"https:\/\/www.reporolimpico.com\/index.php\/2020\/07\/20\/records-del-mundo-de-patinaje-artistico\/#article\",\"isPartOf\":{\"@id\":\"https:\/\/www.reporolimpico.com\/index.php\/2020\/07\/20\/records-del-mundo-de-patinaje-artistico\/\"},\"author\":{\"name\":\"repor_olimpico\",\"@id\":\"https:\/\/www.reporolimpico.com\/#\/schema\/person\/0c16c40b97cead5a02cb2376b38ce339\"},\"headline\":\"R\u00e9cords del Mundo de Patinaje Art\u00edstico\",\"datePublished\":\"2020-07-20T11:02:26+00:00\",\"dateModified\":\"2022-03-03T18:46:51+00:00\",\"mainEntityOfPage\":{\"@id\":\"https:\/\/www.reporolimpico.com\/index.php\/2020\/07\/20\/records-del-mundo-de-patinaje-artistico\/\"},\"wordCount\":90,\"commentCount\":0,\"publisher\":{\"@id\":\"https:\/\/www.reporolimpico.com\/#\/schema\/person\/0c16c40b97cead5a02cb2376b38ce339\"},\"image\":{\"@id\":\"https:\/\/www.reporolimpico.com\/index.php\/2020\/07\/20\/records-del-mundo-de-patinaje-artistico\/#primaryimage\"},\"thumbnailUrl\":\"https:\/\/www.reporolimpico.com\/wp-content\/uploads\/2020\/07\/pa_2.jpg\",\"articleSection\":[\"Patinaje Art\u00edstico\",\"R\u00e9cords del Mundo\"],\"inLanguage\":\"es\",\"potentialAction\":[{\"@type\":\"CommentAction\",\"name\":\"Comment\",\"target\":[\"https:\/\/www.reporolimpico.com\/index.php\/2020\/07\/20\/records-del-mundo-de-patinaje-artistico\/#respond\"]}]},{\"@type\":\"WebPage\",\"@id\":\"https:\/\/www.reporolimpico.com\/index.php\/2020\/07\/20\/records-del-mundo-de-patinaje-artistico\/\",\"url\":\"https:\/\/www.reporolimpico.com\/index.php\/2020\/07\/20\/records-del-mundo-de-patinaje-artistico\/\",\"name\":\"R\u00e9cords del Mundo de Patinaje Art\u00edstico - Reportero Ol\u00edmpico\",\"isPartOf\":{\"@id\":\"https:\/\/www.reporolimpico.com\/#website\"},\"primaryImageOfPage\":{\"@id\":\"https:\/\/www.reporolimpico.com\/index.php\/2020\/07\/20\/records-del-mundo-de-patinaje-artistico\/#primaryimage\"},\"image\":{\"@id\":\"https:\/\/www.reporolimpico.com\/index.php\/2020\/07\/20\/records-del-mundo-de-patinaje-artistico\/#primaryimage\"},\"thumbnailUrl\":\"https:\/\/www.reporolimpico.com\/wp-content\/uploads\/2020\/07\/pa_2.jpg\",\"datePublished\":\"2020-07-20T11:02:26+00:00\",\"dateModified\":\"2022-03-03T18:46:51+00:00\",\"description\":\"R\u00e9cords del Mundo de Patinaje Art\u00edstico.Los R\u00e9cords del mundo de todas las pruebas, con enlaces a los videos del momentos en que se consiguieron\",\"breadcrumb\":{\"@id\":\"https:\/\/www.reporolimpico.com\/index.php\/2020\/07\/20\/records-del-mundo-de-patinaje-artistico\/#breadcrumb\"},\"inLanguage\":\"es\",\"potentialAction\":[{\"@type\":\"ReadAction\",\"target\":[\"https:\/\/www.reporolimpico.com\/index.php\/2020\/07\/20\/records-del-mundo-de-patinaje-artistico\/\"]}]},{\"@type\":\"ImageObject\",\"inLanguage\":\"es\",\"@id\":\"https:\/\/www.reporolimpico.com\/index.php\/2020\/07\/20\/records-del-mundo-de-patinaje-artistico\/#primaryimage\",\"url\":\"https:\/\/www.reporolimpico.com\/wp-content\/uploads\/2020\/07\/pa_2.jpg\",\"contentUrl\":\"https:\/\/www.reporolimpico.com\/wp-content\/uploads\/2020\/07\/pa_2.jpg\",\"width\":480,\"height\":285},{\"@type\":\"BreadcrumbList\",\"@id\":\"https:\/\/www.reporolimpico.com\/index.php\/2020\/07\/20\/records-del-mundo-de-patinaje-artistico\/#breadcrumb\",\"itemListElement\":[{\"@type\":\"ListItem\",\"position\":1,\"name\":\"Portada\",\"item\":\"https:\/\/www.reporolimpico.com\/\"},{\"@type\":\"ListItem\",\"position\":2,\"name\":\"R\u00e9cords del Mundo de Patinaje Art\u00edstico\"}]},{\"@type\":\"WebSite\",\"@id\":\"https:\/\/www.reporolimpico.com\/#website\",\"url\":\"https:\/\/www.reporolimpico.com\/\",\"name\":\"Reportero Ol\u00edmpico\",\"description\":\"Deporte y Juegos Ol\u00edmpicos\",\"publisher\":{\"@id\":\"https:\/\/www.reporolimpico.com\/#\/schema\/person\/0c16c40b97cead5a02cb2376b38ce339\"},\"potentialAction\":[{\"@type\":\"SearchAction\",\"target\":{\"@type\":\"EntryPoint\",\"urlTemplate\":\"https:\/\/www.reporolimpico.com\/?s={search_term_string}\"},\"query-input\":{\"@type\":\"PropertyValueSpecification\",\"valueRequired\":true,\"valueName\":\"search_term_string\"}}],\"inLanguage\":\"es\"},{\"@type\":[\"Person\",\"Organization\"],\"@id\":\"https:\/\/www.reporolimpico.com\/#\/schema\/person\/0c16c40b97cead5a02cb2376b38ce339\",\"name\":\"repor_olimpico\",\"image\":{\"@type\":\"ImageObject\",\"inLanguage\":\"es\",\"@id\":\"https:\/\/www.reporolimpico.com\/#\/schema\/person\/image\/\",\"url\":\"https:\/\/www.reporolimpico.com\/wp-content\/uploads\/2020\/07\/cropped-ReporteroOlimpico_sub-1.jpg\",\"contentUrl\":\"https:\/\/www.reporolimpico.com\/wp-content\/uploads\/2020\/07\/cropped-ReporteroOlimpico_sub-1.jpg\",\"width\":501,\"height\":170,\"caption\":\"repor_olimpico\"},\"logo\":{\"@id\":\"https:\/\/www.reporolimpico.com\/#\/schema\/person\/image\/\"},\"sameAs\":[\"http:\/\/www.reporolimpico.com\",\"https:\/\/x.com\/repor_olimpico\"]}]}<\/script>\n<!-- \/ Yoast SEO plugin. -->","yoast_head_json":{"title":"R\u00e9cords del Mundo de Patinaje Art\u00edstico - Reportero Ol\u00edmpico","description":"R\u00e9cords del Mundo de Patinaje Art\u00edstico.Los R\u00e9cords del mundo de todas las pruebas, con enlaces a los videos del momentos en que se consiguieron","robots":{"index":"index","follow":"follow","max-snippet":"max-snippet:-1","max-image-preview":"max-image-preview:large","max-video-preview":"max-video-preview:-1"},"canonical":"https:\/\/www.reporolimpico.com\/index.php\/2020\/07\/20\/records-del-mundo-de-patinaje-artistico\/","og_locale":"es_ES","og_type":"article","og_title":"R\u00e9cords del Mundo de Patinaje Art\u00edstico - Reportero Ol\u00edmpico","og_description":"R\u00e9cords del Mundo de Patinaje Art\u00edstico.Los R\u00e9cords del mundo de todas las pruebas, con enlaces a los videos del momentos en que se consiguieron","og_url":"https:\/\/www.reporolimpico.com\/index.php\/2020\/07\/20\/records-del-mundo-de-patinaje-artistico\/","og_site_name":"Reportero Ol\u00edmpico","article_published_time":"2020-07-20T11:02:26+00:00","article_modified_time":"2022-03-03T18:46:51+00:00","og_image":[{"width":480,"height":285,"url":"https:\/\/www.reporolimpico.com\/wp-content\/uploads\/2020\/07\/pa_2.jpg","type":"image\/jpeg"}],"author":"repor_olimpico","twitter_card":"summary_large_image","twitter_creator":"@repor_olimpico","twitter_site":"@repor_olimpico","twitter_misc":{"Escrito por":"repor_olimpico","Tiempo de lectura":"1 minuto"},"schema":{"@context":"https:\/\/schema.org","@graph":[{"@type":"Article","@id":"https:\/\/www.reporolimpico.com\/index.php\/2020\/07\/20\/records-del-mundo-de-patinaje-artistico\/#article","isPartOf":{"@id":"https:\/\/www.reporolimpico.com\/index.php\/2020\/07\/20\/records-del-mundo-de-patinaje-artistico\/"},"author":{"name":"repor_olimpico","@id":"https:\/\/www.reporolimpico.com\/#\/schema\/person\/0c16c40b97cead5a02cb2376b38ce339"},"headline":"R\u00e9cords del Mundo de Patinaje Art\u00edstico","datePublished":"2020-07-20T11:02:26+00:00","dateModified":"2022-03-03T18:46:51+00:00","mainEntityOfPage":{"@id":"https:\/\/www.reporolimpico.com\/index.php\/2020\/07\/20\/records-del-mundo-de-patinaje-artistico\/"},"wordCount":90,"commentCount":0,"publisher":{"@id":"https:\/\/www.reporolimpico.com\/#\/schema\/person\/0c16c40b97cead5a02cb2376b38ce339"},"image":{"@id":"https:\/\/www.reporolimpico.com\/index.php\/2020\/07\/20\/records-del-mundo-de-patinaje-artistico\/#primaryimage"},"thumbnailUrl":"https:\/\/www.reporolimpico.com\/wp-content\/uploads\/2020\/07\/pa_2.jpg","articleSection":["Patinaje Art\u00edstico","R\u00e9cords del Mundo"],"inLanguage":"es","potentialAction":[{"@type":"CommentAction","name":"Comment","target":["https:\/\/www.reporolimpico.com\/index.php\/2020\/07\/20\/records-del-mundo-de-patinaje-artistico\/#respond"]}]},{"@type":"WebPage","@id":"https:\/\/www.reporolimpico.com\/index.php\/2020\/07\/20\/records-del-mundo-de-patinaje-artistico\/","url":"https:\/\/www.reporolimpico.com\/index.php\/2020\/07\/20\/records-del-mundo-de-patinaje-artistico\/","name":"R\u00e9cords del Mundo de Patinaje Art\u00edstico - Reportero Ol\u00edmpico","isPartOf":{"@id":"https:\/\/www.reporolimpico.com\/#website"},"primaryImageOfPage":{"@id":"https:\/\/www.reporolimpico.com\/index.php\/2020\/07\/20\/records-del-mundo-de-patinaje-artistico\/#primaryimage"},"image":{"@id":"https:\/\/www.reporolimpico.com\/index.php\/2020\/07\/20\/records-del-mundo-de-patinaje-artistico\/#primaryimage"},"thumbnailUrl":"https:\/\/www.reporolimpico.com\/wp-content\/uploads\/2020\/07\/pa_2.jpg","datePublished":"2020-07-20T11:02:26+00:00","dateModified":"2022-03-03T18:46:51+00:00","description":"R\u00e9cords del Mundo de Patinaje Art\u00edstico.Los R\u00e9cords del mundo de todas las pruebas, con enlaces a los videos del momentos en que se consiguieron","breadcrumb":{"@id":"https:\/\/www.reporolimpico.com\/index.php\/2020\/07\/20\/records-del-mundo-de-patinaje-artistico\/#breadcrumb"},"inLanguage":"es","potentialAction":[{"@type":"ReadAction","target":["https:\/\/www.reporolimpico.com\/index.php\/2020\/07\/20\/records-del-mundo-de-patinaje-artistico\/"]}]},{"@type":"ImageObject","inLanguage":"es","@id":"https:\/\/www.reporolimpico.com\/index.php\/2020\/07\/20\/records-del-mundo-de-patinaje-artistico\/#primaryimage","url":"https:\/\/www.reporolimpico.com\/wp-content\/uploads\/2020\/07\/pa_2.jpg","contentUrl":"https:\/\/www.reporolimpico.com\/wp-content\/uploads\/2020\/07\/pa_2.jpg","width":480,"height":285},{"@type":"BreadcrumbList","@id":"https:\/\/www.reporolimpico.com\/index.php\/2020\/07\/20\/records-del-mundo-de-patinaje-artistico\/#breadcrumb","itemListElement":[{"@type":"ListItem","position":1,"name":"Portada","item":"https:\/\/www.reporolimpico.com\/"},{"@type":"ListItem","position":2,"name":"R\u00e9cords del Mundo de Patinaje Art\u00edstico"}]},{"@type":"WebSite","@id":"https:\/\/www.reporolimpico.com\/#website","url":"https:\/\/www.reporolimpico.com\/","name":"Reportero Ol\u00edmpico","description":"Deporte y Juegos Ol\u00edmpicos","publisher":{"@id":"https:\/\/www.reporolimpico.com\/#\/schema\/person\/0c16c40b97cead5a02cb2376b38ce339"},"potentialAction":[{"@type":"SearchAction","target":{"@type":"EntryPoint","urlTemplate":"https:\/\/www.reporolimpico.com\/?s={search_term_string}"},"query-input":{"@type":"PropertyValueSpecification","valueRequired":true,"valueName":"search_term_string"}}],"inLanguage":"es"},{"@type":["Person","Organization"],"@id":"https:\/\/www.reporolimpico.com\/#\/schema\/person\/0c16c40b97cead5a02cb2376b38ce339","name":"repor_olimpico","image":{"@type":"ImageObject","inLanguage":"es","@id":"https:\/\/www.reporolimpico.com\/#\/schema\/person\/image\/","url":"https:\/\/www.reporolimpico.com\/wp-content\/uploads\/2020\/07\/cropped-ReporteroOlimpico_sub-1.jpg","contentUrl":"https:\/\/www.reporolimpico.com\/wp-content\/uploads\/2020\/07\/cropped-ReporteroOlimpico_sub-1.jpg","width":501,"height":170,"caption":"repor_olimpico"},"logo":{"@id":"https:\/\/www.reporolimpico.com\/#\/schema\/person\/image\/"},"sameAs":["http:\/\/www.reporolimpico.com","https:\/\/x.com\/repor_olimpico"]}]}},"_links":{"self":[{"href":"https:\/\/www.reporolimpico.com\/index.php\/wp-json\/wp\/v2\/posts\/222","targetHints":{"allow":["GET"]}}],"collection":[{"href":"https:\/\/www.reporolimpico.com\/index.php\/wp-json\/wp\/v2\/posts"}],"about":[{"href":"https:\/\/www.reporolimpico.com\/index.php\/wp-json\/wp\/v2\/types\/post"}],"author":[{"embeddable":true,"href":"https:\/\/www.reporolimpico.com\/index.php\/wp-json\/wp\/v2\/users\/1"}],"replies":[{"embeddable":true,"href":"https:\/\/www.reporolimpico.com\/index.php\/wp-json\/wp\/v2\/comments?post=222"}],"version-history":[{"count":5,"href":"https:\/\/www.reporolimpico.com\/index.php\/wp-json\/wp\/v2\/posts\/222\/revisions"}],"predecessor-version":[{"id":2070,"href":"https:\/\/www.reporolimpico.com\/index.php\/wp-json\/wp\/v2\/posts\/222\/revisions\/2070"}],"wp:featuredmedia":[{"embeddable":true,"href":"https:\/\/www.reporolimpico.com\/index.php\/wp-json\/wp\/v2\/media\/241"}],"wp:attachment":[{"href":"https:\/\/www.reporolimpico.com\/index.php\/wp-json\/wp\/v2\/media?parent=222"}],"wp:term":[{"taxonomy":"category","embeddable":true,"href":"https:\/\/www.reporolimpico.com\/index.php\/wp-json\/wp\/v2\/categories?post=222"},{"taxonomy":"post_tag","embeddable":true,"href":"https:\/\/www.reporolimpico.com\/index.php\/wp-json\/wp\/v2\/tags?post=222"}],"curies":[{"name":"wp","href":"https:\/\/api.w.org\/{rel}","templated":true}]}}