{"id":211,"date":"2020-07-17T13:04:29","date_gmt":"2020-07-17T13:04:29","guid":{"rendered":"http:\/\/www.reporolimpico.com\/?p=211"},"modified":"2020-07-17T13:06:08","modified_gmt":"2020-07-17T13:06:08","slug":"records-del-mundo-de-ciclismo-en-pista","status":"publish","type":"post","link":"https:\/\/www.reporolimpico.com\/index.php\/2020\/07\/17\/records-del-mundo-de-ciclismo-en-pista\/","title":{"rendered":"R\u00e9cords del Mundo de Ciclismo en Pista"},"content":{"rendered":"\n<p>Estos son los R\u00e9cords del Mundo vigentes en todas las pruebas de Ciclismo en Pista que forman parte actualmente del calendario de los campeonatos del mundo. Tambi\u00e9n he a\u00f1adido la del r\u00e9cord de la hora.<\/p>\n\n\n\n<h2 class=\"wp-block-heading\"><span class=\"has-inline-color has-vivid-cyan-blue-color\">Hombres<\/span><\/h2>\n\n\n\n\n<table id=\"tablepress-9\" class=\"tablepress tablepress-id-9\">\n<thead>\n<tr class=\"row-1\">\n\t<th class=\"column-1\">Prueba<\/th><th class=\"column-2\">Deportista<\/th><th class=\"column-3\">R\u00e9cord<\/th><th class=\"column-4\">Fecha<\/th><th class=\"column-5\">Evento<\/th><td class=\"column-6\"><\/td>\n<\/tr>\n<\/thead>\n<tbody class=\"row-striping row-hover\">\n<tr class=\"row-2\">\n\t<td class=\"column-1\">200m lanzados (1)<\/td><td class=\"column-2\"><img loading=\"lazy\" decoding=\"async\" src=\"http:\/\/www.reporolimpico.com\/wp-content\/uploads\/2020\/07\/TTO.jpg\" alt=\"\" width=\"22\" height=\"15\" class=\"alignnone size-full wp-image-141\" \/>  Nicholas Paul<\/td><td class=\"column-3\">9.100<\/td><td class=\"column-4\">04-09-2019<\/td><td class=\"column-5\">Cto. Panamericano, Cochabamba<\/td><td class=\"column-6\"><a href=\"https:\/\/www.youtube.com\/watch?v=YpBXYV_C5Io\" rel=\"noopener noreferrer\" target=\"_blank\">video<\/a><\/td>\n<\/tr>\n<tr class=\"row-3\">\n\t<td class=\"column-1\">1 km<\/td><td class=\"column-2\"><img loading=\"lazy\" decoding=\"async\" src=\"http:\/\/www.reporolimpico.com\/wp-content\/uploads\/2020\/07\/FRA.jpg\" alt=\"\" width=\"22\" height=\"15\" class=\"alignnone size-full wp-image-141\" \/>  Fran\u00e7ois Pervis<\/td><td class=\"column-3\">56.303<\/td><td class=\"column-4\">07-12-2013<\/td><td class=\"column-5\">Copa del Mundo, Aguascalientes<\/td><td class=\"column-6\"><a href=\"https:\/\/www.youtube.com\/watch?v=_MOr6_BTSIA\" rel=\"noopener noreferrer\" target=\"_blank\">video<\/a><\/td>\n<\/tr>\n<tr class=\"row-4\">\n\t<td class=\"column-1\">Velocidad<br \/>\npor equipos<\/td><td class=\"column-2\"><img loading=\"lazy\" decoding=\"async\" src=\"http:\/\/www.reporolimpico.com\/wp-content\/uploads\/2020\/07\/NED.jpg\" alt=\"\" width=\"22\" height=\"15\" class=\"alignnone size-full wp-image-141\" \/>  Pa\u00edses Bajos<br \/>\n<br \/>\nJeffrey Hoogland<br \/>\nHarrie Lavreysen<br \/>\nRoy van den Berg<\/td><td class=\"column-3\">41.225<\/td><td class=\"column-4\">26-02-2020<\/td><td class=\"column-5\">Cto. Mundo, Berl\u00edn<\/td><td class=\"column-6\"><a href=\"https:\/\/www.youtube.com\/watch?v=ZbvRJnneHsc\" rel=\"noopener noreferrer\" target=\"_blank\">video<\/a><\/td>\n<\/tr>\n<tr class=\"row-5\">\n\t<td class=\"column-1\">Persecuci\u00f3n (4km) (2)<\/td><td class=\"column-2\"><img loading=\"lazy\" decoding=\"async\" src=\"http:\/\/www.reporolimpico.com\/wp-content\/uploads\/2020\/07\/ITA.jpg\" alt=\"\" width=\"22\" height=\"15\" class=\"alignnone size-full wp-image-141\" \/>  Filippo Ganna<\/td><td class=\"column-3\">4:01.934 <\/td><td class=\"column-4\">28-2-2020<\/td><td class=\"column-5\">Cto. Mundo, Berl\u00edn<\/td><td class=\"column-6\"><a href=\"https:\/\/www.youtube.com\/watch?v=pgsWZg8BTwo&amp;t=19s\" rel=\"noopener noreferrer\" target=\"_blank\">video<\/a><\/td>\n<\/tr>\n<tr class=\"row-6\">\n\t<td class=\"column-1\">Persecuci\u00f3n<br \/>\npor equipos<br \/>\n(4km)<\/td><td class=\"column-2\"><img loading=\"lazy\" decoding=\"async\" src=\"http:\/\/www.reporolimpico.com\/wp-content\/uploads\/2020\/07\/ITA.jpg\" alt=\"\" width=\"22\" height=\"15\" class=\"alignnone size-full wp-image-141\" \/>  Italia<br \/>\n<br \/>\nSimone Consonni<br \/>\nFilippo Ganna<br \/>\nFrancesco Lamon<br \/>\nJonathan Milan<\/td><td class=\"column-3\">3:42.032<\/td><td class=\"column-4\">04-08-2021<\/td><td class=\"column-5\">Juegos Ol\u00edmpicos, Tokio<\/td><td class=\"column-6\"><a href=\"https:\/\/www.youtube.com\/watch?v=5zEALbnlYaY\" rel=\"noopener noreferrer\" target=\"_blank\">video<\/a><\/td>\n<\/tr>\n<tr class=\"row-7\">\n\t<td class=\"column-1\">Hora<\/td><td class=\"column-2\"><img loading=\"lazy\" decoding=\"async\" src=\"http:\/\/www.reporolimpico.com\/wp-content\/uploads\/2020\/07\/BEL.jpg\" alt=\"\" width=\"22\" height=\"15\" class=\"alignnone size-full wp-image-141\" \/>  Victor Campenaerts<\/td><td class=\"column-3\">55.089 km<\/td><td class=\"column-4\">16-04-2019<\/td><td class=\"column-5\">Aguascalientes (MEX)<\/td><td class=\"column-6\"><a href=\"https:\/\/www.youtube.com\/watch?v=ICk3aID5xLs\" rel=\"noopener noreferrer\" target=\"_blank\">video<\/a><\/td>\n<\/tr>\n<\/tbody>\n<\/table>\n<!-- #tablepress-9 from cache -->\n\n\n\n<p>(1) Los 200m salida lanzada se realizan como ronda de clasificaci\u00f3n de la prueba de Velocidad Individual.<\/p>\n\n\n\n<p>(2) El WR de Persecuci\u00f3n Individual lo consigui\u00f3 Filippo Ganna en la semifinales de mundial, el el video sale un resumen al principio, el resto es la final.<\/p>\n\n\n\n<h2 class=\"wp-block-heading\"><span class=\"has-inline-color has-vivid-cyan-blue-color\">Mujeres<\/span><\/h2>\n\n\n\n\n<table id=\"tablepress-10\" class=\"tablepress tablepress-id-10\">\n<thead>\n<tr class=\"row-1\">\n\t<th class=\"column-1\">Prueba<\/th><th class=\"column-2\">Deportista<\/th><th class=\"column-3\">R\u00e9cord<\/th><th class=\"column-4\">Fecha<\/th><th class=\"column-5\">Evento<\/th><td class=\"column-6\"><\/td>\n<\/tr>\n<\/thead>\n<tbody class=\"row-striping row-hover\">\n<tr class=\"row-2\">\n\t<td class=\"column-1\">200m lanzados (1)<\/td><td class=\"column-2\"><img loading=\"lazy\" decoding=\"async\" src=\"http:\/\/www.reporolimpico.com\/wp-content\/uploads\/2020\/07\/CAN.jpg\" alt=\"\" width=\"22\" height=\"15\" class=\"alignnone size-full wp-image-141\" \/>  Kelsey Mitchell<\/td><td class=\"column-3\">10.154<\/td><td class=\"column-4\">04-09-2019<\/td><td class=\"column-5\">Cto. Panamericano, Cochabamba<\/td><td class=\"column-6\"><a href=\"https:\/\/twitter.com\/TeamCanada\/status\/1169675389742043142?ref_src=twsrc%5Etfw%7Ctwcamp%5Etweetembed%7Ctwterm%5E1169675389742043142&amp;ref_url=https%3A%2F%2Fcyclingmagazine.ca%2Fsections%2Fnews%2Fkelsey-mitchell-breaks-200-m-world-record-at-pan-am-track-cycling-championships-in-cochabamba%2F\" rel=\"noopener noreferrer\" target=\"_blank\">video<\/a><\/td>\n<\/tr>\n<tr class=\"row-3\">\n\t<td class=\"column-1\">500m (2)<\/td><td class=\"column-2\"><img loading=\"lazy\" decoding=\"async\" src=\"http:\/\/www.reporolimpico.com\/wp-content\/uploads\/2020\/07\/MEX.jpg\" alt=\"\" width=\"22\" height=\"15\" class=\"alignnone size-full wp-image-141\" \/>  Jessica Salazar<\/td><td class=\"column-3\">32.268<\/td><td class=\"column-4\">07-10-2016<\/td><td class=\"column-5\">Cto. Panamericano, Aguascalientes<\/td><td class=\"column-6\"><a href=\"https:\/\/www.atletasla.com\/2017\/03\/19\/jessica-salazar-rompe-record-mundial\/\" rel=\"noopener noreferrer\" target=\"_blank\">video<\/a><\/td>\n<\/tr>\n<tr class=\"row-4\">\n\t<td class=\"column-1\">Velocidad<br \/>\npor equipos<\/td><td class=\"column-2\"><img loading=\"lazy\" decoding=\"async\" src=\"http:\/\/www.reporolimpico.com\/wp-content\/uploads\/2020\/07\/CHN.jpg\" alt=\"\" width=\"22\" height=\"15\" class=\"alignnone size-full wp-image-141\" \/>  China<br \/>\n<br \/>\nBao Shanju<br \/>\nZhong Tianshi<\/td><td class=\"column-3\">31.804<\/td><td class=\"column-4\">02-08-2021<\/td><td class=\"column-5\">Juegos Ol\u00edmpicos, Tokio<\/td><td class=\"column-6\"><a href=\"https:\/\/www.youtube.com\/watch?v=adBlVtXubD8\" rel=\"noopener noreferrer\" target=\"_blank\">video<\/a><\/td>\n<\/tr>\n<tr class=\"row-5\">\n\t<td class=\"column-1\">Persecuci\u00f3n (3km)<\/td><td class=\"column-2\"><img loading=\"lazy\" decoding=\"async\" src=\"http:\/\/www.reporolimpico.com\/wp-content\/uploads\/2020\/07\/USA.jpg\" alt=\"\" width=\"22\" height=\"15\" class=\"alignnone size-full wp-image-141\" \/> Chlo\u00e9 Dygert<\/td><td class=\"column-3\">3:16.937<\/td><td class=\"column-4\">29-02-2020<\/td><td class=\"column-5\">Cto. Mundo, Berl\u00edn<\/td><td class=\"column-6\"><a href=\"https:\/\/www.youtube.com\/watch?v=cFtcJBh1ZxA\" rel=\"noopener noreferrer\" target=\"_blank\">video<\/a><\/td>\n<\/tr>\n<tr class=\"row-6\">\n\t<td class=\"column-1\">Persecuci\u00f3n<br \/>\npor equipos<br \/>\n(4km)<\/td><td class=\"column-2\"><img loading=\"lazy\" decoding=\"async\" src=\"http:\/\/www.reporolimpico.com\/wp-content\/uploads\/2020\/07\/GER.jpg\" alt=\"\" width=\"22\" height=\"15\" class=\"alignnone size-full wp-image-141\" \/>  Alemania<br \/>\n<br \/>\nFranziska Brausse<br \/>\nLisa Brennauer<br \/>\nLisa Klein<br \/>\nMieke Kr\u00f6ger<\/td><td class=\"column-3\">4:04.242<\/td><td class=\"column-4\">03-08-2021<\/td><td class=\"column-5\">Juegos Ol\u00edmpicos, Tokio<\/td><td class=\"column-6\"><a href=\"https:\/\/www.youtube.com\/watch?v=JAldApA06iE\" rel=\"noopener noreferrer\" target=\"_blank\">video<\/a><\/td>\n<\/tr>\n<tr class=\"row-7\">\n\t<td class=\"column-1\">Hora<\/td><td class=\"column-2\"><img loading=\"lazy\" decoding=\"async\" src=\"http:\/\/www.reporolimpico.com\/wp-content\/uploads\/2020\/07\/ITA.jpg\" alt=\"\" width=\"22\" height=\"15\" class=\"alignnone size-full wp-image-141\" \/>  Vittoria Bussi<\/td><td class=\"column-3\">48.007 km<\/td><td class=\"column-4\">13-09-2018<\/td><td class=\"column-5\">Aguascalientes (MEX)<\/td><td class=\"column-6\"><a href=\"https:\/\/www.youtube.com\/watch?v=pHNctC8NnCI\" rel=\"noopener noreferrer\" target=\"_blank\">video<\/a><\/td>\n<\/tr>\n<\/tbody>\n<\/table>\n<!-- #tablepress-10 from cache -->\n\n\n\n<p>(1) Los 200m salida lanzada se realizan como ronda de clasificaci\u00f3n de la prueba de Velocidad Individual. No he encontrado video, el enlace lleva al tweet del momento de @TeamCanada (Equipo ol\u00edmpico canadiense)<\/p>\n\n\n\n<p>(2) Del WR de los 500m no he encontrado video, el enlace lleva a un art\u00edculo.<\/p>\n","protected":false},"excerpt":{"rendered":"<p>Estos son los R\u00e9cords del Mundo vigentes en todas las pruebas de Ciclismo en Pista que forman parte actualmente del calendario de los campeonatos del &hellip; <\/p>\n","protected":false},"author":1,"featured_media":213,"comment_status":"open","ping_status":"open","sticky":false,"template":"","format":"standard","meta":{"_monsterinsights_skip_tracking":false,"_monsterinsights_sitenote_active":false,"_monsterinsights_sitenote_note":"","_monsterinsights_sitenote_category":0,"footnotes":""},"categories":[53,50],"tags":[],"class_list":["post-211","post","type-post","status-publish","format-standard","has-post-thumbnail","hentry","category-ciclismo-en-pista","category-records-del-mundo"],"yoast_head":"<!-- This site is optimized with the Yoast SEO plugin v26.9 - https:\/\/yoast.com\/product\/yoast-seo-wordpress\/ -->\n<title>R\u00e9cords del Mundo de Ciclismo en Pista - Reportero Ol\u00edmpico<\/title>\n<meta name=\"description\" content=\"Los R\u00e9cords del Mundo de Ciclismo en Pista con enlaces a los videos del momento en que ocurrieron | WR masculinos y femenino de Ciclismo en Pista\" \/>\n<meta name=\"robots\" content=\"index, follow, max-snippet:-1, max-image-preview:large, max-video-preview:-1\" \/>\n<link rel=\"canonical\" href=\"https:\/\/www.reporolimpico.com\/index.php\/2020\/07\/17\/records-del-mundo-de-ciclismo-en-pista\/\" \/>\n<meta property=\"og:locale\" content=\"es_ES\" \/>\n<meta property=\"og:type\" content=\"article\" \/>\n<meta property=\"og:title\" content=\"R\u00e9cords del Mundo de Ciclismo en Pista - Reportero Ol\u00edmpico\" \/>\n<meta property=\"og:description\" content=\"Los R\u00e9cords del Mundo de Ciclismo en Pista con enlaces a los videos del momento en que ocurrieron | WR masculinos y femenino de Ciclismo en Pista\" \/>\n<meta property=\"og:url\" content=\"https:\/\/www.reporolimpico.com\/index.php\/2020\/07\/17\/records-del-mundo-de-ciclismo-en-pista\/\" \/>\n<meta property=\"og:site_name\" content=\"Reportero Ol\u00edmpico\" \/>\n<meta property=\"article:published_time\" content=\"2020-07-17T13:04:29+00:00\" \/>\n<meta property=\"article:modified_time\" content=\"2020-07-17T13:06:08+00:00\" \/>\n<meta property=\"og:image\" content=\"https:\/\/www.reporolimpico.com\/wp-content\/uploads\/2020\/07\/c.jpg\" \/>\n\t<meta property=\"og:image:width\" content=\"1280\" \/>\n\t<meta property=\"og:image:height\" content=\"696\" \/>\n\t<meta property=\"og:image:type\" content=\"image\/jpeg\" \/>\n<meta name=\"author\" content=\"repor_olimpico\" \/>\n<meta name=\"twitter:card\" content=\"summary_large_image\" \/>\n<meta name=\"twitter:creator\" content=\"@repor_olimpico\" \/>\n<meta name=\"twitter:site\" content=\"@repor_olimpico\" \/>\n<meta name=\"twitter:label1\" content=\"Escrito por\" \/>\n\t<meta name=\"twitter:data1\" content=\"repor_olimpico\" \/>\n\t<meta name=\"twitter:label2\" content=\"Tiempo de lectura\" \/>\n\t<meta name=\"twitter:data2\" content=\"1 minuto\" \/>\n<script type=\"application\/ld+json\" class=\"yoast-schema-graph\">{\"@context\":\"https:\/\/schema.org\",\"@graph\":[{\"@type\":\"Article\",\"@id\":\"https:\/\/www.reporolimpico.com\/index.php\/2020\/07\/17\/records-del-mundo-de-ciclismo-en-pista\/#article\",\"isPartOf\":{\"@id\":\"https:\/\/www.reporolimpico.com\/index.php\/2020\/07\/17\/records-del-mundo-de-ciclismo-en-pista\/\"},\"author\":{\"name\":\"repor_olimpico\",\"@id\":\"https:\/\/www.reporolimpico.com\/#\/schema\/person\/0c16c40b97cead5a02cb2376b38ce339\"},\"headline\":\"R\u00e9cords del Mundo de Ciclismo en Pista\",\"datePublished\":\"2020-07-17T13:04:29+00:00\",\"dateModified\":\"2020-07-17T13:06:08+00:00\",\"mainEntityOfPage\":{\"@id\":\"https:\/\/www.reporolimpico.com\/index.php\/2020\/07\/17\/records-del-mundo-de-ciclismo-en-pista\/\"},\"wordCount\":148,\"commentCount\":0,\"publisher\":{\"@id\":\"https:\/\/www.reporolimpico.com\/#\/schema\/person\/0c16c40b97cead5a02cb2376b38ce339\"},\"image\":{\"@id\":\"https:\/\/www.reporolimpico.com\/index.php\/2020\/07\/17\/records-del-mundo-de-ciclismo-en-pista\/#primaryimage\"},\"thumbnailUrl\":\"https:\/\/www.reporolimpico.com\/wp-content\/uploads\/2020\/07\/c.jpg\",\"articleSection\":[\"Ciclismo en Pista\",\"R\u00e9cords del Mundo\"],\"inLanguage\":\"es\",\"potentialAction\":[{\"@type\":\"CommentAction\",\"name\":\"Comment\",\"target\":[\"https:\/\/www.reporolimpico.com\/index.php\/2020\/07\/17\/records-del-mundo-de-ciclismo-en-pista\/#respond\"]}]},{\"@type\":\"WebPage\",\"@id\":\"https:\/\/www.reporolimpico.com\/index.php\/2020\/07\/17\/records-del-mundo-de-ciclismo-en-pista\/\",\"url\":\"https:\/\/www.reporolimpico.com\/index.php\/2020\/07\/17\/records-del-mundo-de-ciclismo-en-pista\/\",\"name\":\"R\u00e9cords del Mundo de Ciclismo en Pista - Reportero Ol\u00edmpico\",\"isPartOf\":{\"@id\":\"https:\/\/www.reporolimpico.com\/#website\"},\"primaryImageOfPage\":{\"@id\":\"https:\/\/www.reporolimpico.com\/index.php\/2020\/07\/17\/records-del-mundo-de-ciclismo-en-pista\/#primaryimage\"},\"image\":{\"@id\":\"https:\/\/www.reporolimpico.com\/index.php\/2020\/07\/17\/records-del-mundo-de-ciclismo-en-pista\/#primaryimage\"},\"thumbnailUrl\":\"https:\/\/www.reporolimpico.com\/wp-content\/uploads\/2020\/07\/c.jpg\",\"datePublished\":\"2020-07-17T13:04:29+00:00\",\"dateModified\":\"2020-07-17T13:06:08+00:00\",\"description\":\"Los R\u00e9cords del Mundo de Ciclismo en Pista con enlaces a los videos del momento en que ocurrieron | WR masculinos y femenino de Ciclismo en Pista\",\"breadcrumb\":{\"@id\":\"https:\/\/www.reporolimpico.com\/index.php\/2020\/07\/17\/records-del-mundo-de-ciclismo-en-pista\/#breadcrumb\"},\"inLanguage\":\"es\",\"potentialAction\":[{\"@type\":\"ReadAction\",\"target\":[\"https:\/\/www.reporolimpico.com\/index.php\/2020\/07\/17\/records-del-mundo-de-ciclismo-en-pista\/\"]}]},{\"@type\":\"ImageObject\",\"inLanguage\":\"es\",\"@id\":\"https:\/\/www.reporolimpico.com\/index.php\/2020\/07\/17\/records-del-mundo-de-ciclismo-en-pista\/#primaryimage\",\"url\":\"https:\/\/www.reporolimpico.com\/wp-content\/uploads\/2020\/07\/c.jpg\",\"contentUrl\":\"https:\/\/www.reporolimpico.com\/wp-content\/uploads\/2020\/07\/c.jpg\",\"width\":1280,\"height\":696},{\"@type\":\"BreadcrumbList\",\"@id\":\"https:\/\/www.reporolimpico.com\/index.php\/2020\/07\/17\/records-del-mundo-de-ciclismo-en-pista\/#breadcrumb\",\"itemListElement\":[{\"@type\":\"ListItem\",\"position\":1,\"name\":\"Portada\",\"item\":\"https:\/\/www.reporolimpico.com\/\"},{\"@type\":\"ListItem\",\"position\":2,\"name\":\"R\u00e9cords del Mundo de Ciclismo en Pista\"}]},{\"@type\":\"WebSite\",\"@id\":\"https:\/\/www.reporolimpico.com\/#website\",\"url\":\"https:\/\/www.reporolimpico.com\/\",\"name\":\"Reportero Ol\u00edmpico\",\"description\":\"Deporte y Juegos Ol\u00edmpicos\",\"publisher\":{\"@id\":\"https:\/\/www.reporolimpico.com\/#\/schema\/person\/0c16c40b97cead5a02cb2376b38ce339\"},\"potentialAction\":[{\"@type\":\"SearchAction\",\"target\":{\"@type\":\"EntryPoint\",\"urlTemplate\":\"https:\/\/www.reporolimpico.com\/?s={search_term_string}\"},\"query-input\":{\"@type\":\"PropertyValueSpecification\",\"valueRequired\":true,\"valueName\":\"search_term_string\"}}],\"inLanguage\":\"es\"},{\"@type\":[\"Person\",\"Organization\"],\"@id\":\"https:\/\/www.reporolimpico.com\/#\/schema\/person\/0c16c40b97cead5a02cb2376b38ce339\",\"name\":\"repor_olimpico\",\"image\":{\"@type\":\"ImageObject\",\"inLanguage\":\"es\",\"@id\":\"https:\/\/www.reporolimpico.com\/#\/schema\/person\/image\/\",\"url\":\"https:\/\/www.reporolimpico.com\/wp-content\/uploads\/2020\/07\/cropped-ReporteroOlimpico_sub-1.jpg\",\"contentUrl\":\"https:\/\/www.reporolimpico.com\/wp-content\/uploads\/2020\/07\/cropped-ReporteroOlimpico_sub-1.jpg\",\"width\":501,\"height\":170,\"caption\":\"repor_olimpico\"},\"logo\":{\"@id\":\"https:\/\/www.reporolimpico.com\/#\/schema\/person\/image\/\"},\"sameAs\":[\"http:\/\/www.reporolimpico.com\",\"https:\/\/x.com\/repor_olimpico\"]}]}<\/script>\n<!-- \/ Yoast SEO plugin. -->","yoast_head_json":{"title":"R\u00e9cords del Mundo de Ciclismo en Pista - Reportero Ol\u00edmpico","description":"Los R\u00e9cords del Mundo de Ciclismo en Pista con enlaces a los videos del momento en que ocurrieron | WR masculinos y femenino de Ciclismo en Pista","robots":{"index":"index","follow":"follow","max-snippet":"max-snippet:-1","max-image-preview":"max-image-preview:large","max-video-preview":"max-video-preview:-1"},"canonical":"https:\/\/www.reporolimpico.com\/index.php\/2020\/07\/17\/records-del-mundo-de-ciclismo-en-pista\/","og_locale":"es_ES","og_type":"article","og_title":"R\u00e9cords del Mundo de Ciclismo en Pista - Reportero Ol\u00edmpico","og_description":"Los R\u00e9cords del Mundo de Ciclismo en Pista con enlaces a los videos del momento en que ocurrieron | WR masculinos y femenino de Ciclismo en Pista","og_url":"https:\/\/www.reporolimpico.com\/index.php\/2020\/07\/17\/records-del-mundo-de-ciclismo-en-pista\/","og_site_name":"Reportero Ol\u00edmpico","article_published_time":"2020-07-17T13:04:29+00:00","article_modified_time":"2020-07-17T13:06:08+00:00","og_image":[{"width":1280,"height":696,"url":"https:\/\/www.reporolimpico.com\/wp-content\/uploads\/2020\/07\/c.jpg","type":"image\/jpeg"}],"author":"repor_olimpico","twitter_card":"summary_large_image","twitter_creator":"@repor_olimpico","twitter_site":"@repor_olimpico","twitter_misc":{"Escrito por":"repor_olimpico","Tiempo de lectura":"1 minuto"},"schema":{"@context":"https:\/\/schema.org","@graph":[{"@type":"Article","@id":"https:\/\/www.reporolimpico.com\/index.php\/2020\/07\/17\/records-del-mundo-de-ciclismo-en-pista\/#article","isPartOf":{"@id":"https:\/\/www.reporolimpico.com\/index.php\/2020\/07\/17\/records-del-mundo-de-ciclismo-en-pista\/"},"author":{"name":"repor_olimpico","@id":"https:\/\/www.reporolimpico.com\/#\/schema\/person\/0c16c40b97cead5a02cb2376b38ce339"},"headline":"R\u00e9cords del Mundo de Ciclismo en Pista","datePublished":"2020-07-17T13:04:29+00:00","dateModified":"2020-07-17T13:06:08+00:00","mainEntityOfPage":{"@id":"https:\/\/www.reporolimpico.com\/index.php\/2020\/07\/17\/records-del-mundo-de-ciclismo-en-pista\/"},"wordCount":148,"commentCount":0,"publisher":{"@id":"https:\/\/www.reporolimpico.com\/#\/schema\/person\/0c16c40b97cead5a02cb2376b38ce339"},"image":{"@id":"https:\/\/www.reporolimpico.com\/index.php\/2020\/07\/17\/records-del-mundo-de-ciclismo-en-pista\/#primaryimage"},"thumbnailUrl":"https:\/\/www.reporolimpico.com\/wp-content\/uploads\/2020\/07\/c.jpg","articleSection":["Ciclismo en Pista","R\u00e9cords del Mundo"],"inLanguage":"es","potentialAction":[{"@type":"CommentAction","name":"Comment","target":["https:\/\/www.reporolimpico.com\/index.php\/2020\/07\/17\/records-del-mundo-de-ciclismo-en-pista\/#respond"]}]},{"@type":"WebPage","@id":"https:\/\/www.reporolimpico.com\/index.php\/2020\/07\/17\/records-del-mundo-de-ciclismo-en-pista\/","url":"https:\/\/www.reporolimpico.com\/index.php\/2020\/07\/17\/records-del-mundo-de-ciclismo-en-pista\/","name":"R\u00e9cords del Mundo de Ciclismo en Pista - Reportero Ol\u00edmpico","isPartOf":{"@id":"https:\/\/www.reporolimpico.com\/#website"},"primaryImageOfPage":{"@id":"https:\/\/www.reporolimpico.com\/index.php\/2020\/07\/17\/records-del-mundo-de-ciclismo-en-pista\/#primaryimage"},"image":{"@id":"https:\/\/www.reporolimpico.com\/index.php\/2020\/07\/17\/records-del-mundo-de-ciclismo-en-pista\/#primaryimage"},"thumbnailUrl":"https:\/\/www.reporolimpico.com\/wp-content\/uploads\/2020\/07\/c.jpg","datePublished":"2020-07-17T13:04:29+00:00","dateModified":"2020-07-17T13:06:08+00:00","description":"Los R\u00e9cords del Mundo de Ciclismo en Pista con enlaces a los videos del momento en que ocurrieron | WR masculinos y femenino de Ciclismo en Pista","breadcrumb":{"@id":"https:\/\/www.reporolimpico.com\/index.php\/2020\/07\/17\/records-del-mundo-de-ciclismo-en-pista\/#breadcrumb"},"inLanguage":"es","potentialAction":[{"@type":"ReadAction","target":["https:\/\/www.reporolimpico.com\/index.php\/2020\/07\/17\/records-del-mundo-de-ciclismo-en-pista\/"]}]},{"@type":"ImageObject","inLanguage":"es","@id":"https:\/\/www.reporolimpico.com\/index.php\/2020\/07\/17\/records-del-mundo-de-ciclismo-en-pista\/#primaryimage","url":"https:\/\/www.reporolimpico.com\/wp-content\/uploads\/2020\/07\/c.jpg","contentUrl":"https:\/\/www.reporolimpico.com\/wp-content\/uploads\/2020\/07\/c.jpg","width":1280,"height":696},{"@type":"BreadcrumbList","@id":"https:\/\/www.reporolimpico.com\/index.php\/2020\/07\/17\/records-del-mundo-de-ciclismo-en-pista\/#breadcrumb","itemListElement":[{"@type":"ListItem","position":1,"name":"Portada","item":"https:\/\/www.reporolimpico.com\/"},{"@type":"ListItem","position":2,"name":"R\u00e9cords del Mundo de Ciclismo en Pista"}]},{"@type":"WebSite","@id":"https:\/\/www.reporolimpico.com\/#website","url":"https:\/\/www.reporolimpico.com\/","name":"Reportero Ol\u00edmpico","description":"Deporte y Juegos Ol\u00edmpicos","publisher":{"@id":"https:\/\/www.reporolimpico.com\/#\/schema\/person\/0c16c40b97cead5a02cb2376b38ce339"},"potentialAction":[{"@type":"SearchAction","target":{"@type":"EntryPoint","urlTemplate":"https:\/\/www.reporolimpico.com\/?s={search_term_string}"},"query-input":{"@type":"PropertyValueSpecification","valueRequired":true,"valueName":"search_term_string"}}],"inLanguage":"es"},{"@type":["Person","Organization"],"@id":"https:\/\/www.reporolimpico.com\/#\/schema\/person\/0c16c40b97cead5a02cb2376b38ce339","name":"repor_olimpico","image":{"@type":"ImageObject","inLanguage":"es","@id":"https:\/\/www.reporolimpico.com\/#\/schema\/person\/image\/","url":"https:\/\/www.reporolimpico.com\/wp-content\/uploads\/2020\/07\/cropped-ReporteroOlimpico_sub-1.jpg","contentUrl":"https:\/\/www.reporolimpico.com\/wp-content\/uploads\/2020\/07\/cropped-ReporteroOlimpico_sub-1.jpg","width":501,"height":170,"caption":"repor_olimpico"},"logo":{"@id":"https:\/\/www.reporolimpico.com\/#\/schema\/person\/image\/"},"sameAs":["http:\/\/www.reporolimpico.com","https:\/\/x.com\/repor_olimpico"]}]}},"_links":{"self":[{"href":"https:\/\/www.reporolimpico.com\/index.php\/wp-json\/wp\/v2\/posts\/211","targetHints":{"allow":["GET"]}}],"collection":[{"href":"https:\/\/www.reporolimpico.com\/index.php\/wp-json\/wp\/v2\/posts"}],"about":[{"href":"https:\/\/www.reporolimpico.com\/index.php\/wp-json\/wp\/v2\/types\/post"}],"author":[{"embeddable":true,"href":"https:\/\/www.reporolimpico.com\/index.php\/wp-json\/wp\/v2\/users\/1"}],"replies":[{"embeddable":true,"href":"https:\/\/www.reporolimpico.com\/index.php\/wp-json\/wp\/v2\/comments?post=211"}],"version-history":[{"count":2,"href":"https:\/\/www.reporolimpico.com\/index.php\/wp-json\/wp\/v2\/posts\/211\/revisions"}],"predecessor-version":[{"id":218,"href":"https:\/\/www.reporolimpico.com\/index.php\/wp-json\/wp\/v2\/posts\/211\/revisions\/218"}],"wp:featuredmedia":[{"embeddable":true,"href":"https:\/\/www.reporolimpico.com\/index.php\/wp-json\/wp\/v2\/media\/213"}],"wp:attachment":[{"href":"https:\/\/www.reporolimpico.com\/index.php\/wp-json\/wp\/v2\/media?parent=211"}],"wp:term":[{"taxonomy":"category","embeddable":true,"href":"https:\/\/www.reporolimpico.com\/index.php\/wp-json\/wp\/v2\/categories?post=211"},{"taxonomy":"post_tag","embeddable":true,"href":"https:\/\/www.reporolimpico.com\/index.php\/wp-json\/wp\/v2\/tags?post=211"}],"curies":[{"name":"wp","href":"https:\/\/api.w.org\/{rel}","templated":true}]}}