{"id":188,"date":"2020-07-17T10:59:29","date_gmt":"2020-07-17T10:59:29","guid":{"rendered":"http:\/\/www.reporolimpico.com\/?p=188"},"modified":"2021-08-16T12:43:32","modified_gmt":"2021-08-16T12:43:32","slug":"records-del-mundo-de-natacion","status":"publish","type":"post","link":"https:\/\/www.reporolimpico.com\/index.php\/2020\/07\/17\/records-del-mundo-de-natacion\/","title":{"rendered":"R\u00e9cords del Mundo de Nataci\u00f3n"},"content":{"rendered":"\n<p>Estos son los R\u00e9cords del Mundo vigentes en todas las pruebas de nataci\u00f3n que forman parte actualmente del calendario de los campeonatos del mundo.<\/p>\n\n\n\n<h2 class=\"wp-block-heading\"><span class=\"has-inline-color has-vivid-cyan-blue-color\">Hombres<\/span><\/h2>\n\n\n\n\n<table id=\"tablepress-6\" class=\"tablepress tablepress-id-6\">\n<thead>\n<tr class=\"row-1\">\n\t<th class=\"column-1\">Prueba<\/th><th class=\"column-2\">Deportista<\/th><th class=\"column-3\">R\u00e9cord<\/th><th class=\"column-4\">Fecha<\/th><th class=\"column-5\">Lugar<\/th><td class=\"column-6\"><\/td>\n<\/tr>\n<\/thead>\n<tbody class=\"row-striping row-hover\">\n<tr class=\"row-2\">\n\t<td class=\"column-1\">50m libre<\/td><td class=\"column-2\"><img loading=\"lazy\" decoding=\"async\" src=\"http:\/\/www.reporolimpico.com\/wp-content\/uploads\/2020\/07\/BRA.jpg\" alt=\"\" width=\"22\" height=\"15\" class=\"alignnone size-full wp-image-141\" \/> C\u00e9sar Cielo<\/td><td class=\"column-3\">20.91<\/td><td class=\"column-4\">18-12-2009<\/td><td class=\"column-5\">Campeonato Brasil, Sao Paulo<\/td><td class=\"column-6\"><a href=\"https:\/\/www.youtube.com\/watch?v=QnmEgFUVFjk\" rel=\"noopener noreferrer\" target=\"_blank\">video<\/a><\/td>\n<\/tr>\n<tr class=\"row-3\">\n\t<td class=\"column-1\">100m libre<\/td><td class=\"column-2\"><img loading=\"lazy\" decoding=\"async\" src=\"http:\/\/www.reporolimpico.com\/wp-content\/uploads\/2020\/07\/BRA.jpg\" alt=\"\" width=\"22\" height=\"15\" class=\"alignnone size-full wp-image-141\" \/> C\u00e9sar Cielo<\/td><td class=\"column-3\">46.91<\/td><td class=\"column-4\">30-07-2009<\/td><td class=\"column-5\">Cto. Mundo Roma<\/td><td class=\"column-6\"><a href=\"https:\/\/www.youtube.com\/watch?v=2GTvvDdw6G8\" rel=\"noopener noreferrer\" target=\"_blank\">video<\/a><\/td>\n<\/tr>\n<tr class=\"row-4\">\n\t<td class=\"column-1\">200m libre<\/td><td class=\"column-2\"><img loading=\"lazy\" decoding=\"async\" src=\"http:\/\/www.reporolimpico.com\/wp-content\/uploads\/2020\/07\/GER.jpg\" alt=\"\" width=\"22\" height=\"15\" class=\"alignnone size-full wp-image-141\" \/> Paul Biedermann<\/td><td class=\"column-3\">1:42.00<\/td><td class=\"column-4\">28-07-2009<\/td><td class=\"column-5\">Cto. Mundo Roma<\/td><td class=\"column-6\"><a href=\"https:\/\/www.youtube.com\/watch?v=MeOw35fsltE\" rel=\"noopener noreferrer\" target=\"_blank\">video<\/a><\/td>\n<\/tr>\n<tr class=\"row-5\">\n\t<td class=\"column-1\">400m libre<\/td><td class=\"column-2\"><img loading=\"lazy\" decoding=\"async\" src=\"http:\/\/www.reporolimpico.com\/wp-content\/uploads\/2020\/07\/GER.jpg\" alt=\"\" width=\"22\" height=\"15\" class=\"alignnone size-full wp-image-141\" \/> Paul Biedermann<\/td><td class=\"column-3\">3:40.07<\/td><td class=\"column-4\">26-07-2009<\/td><td class=\"column-5\">Cto. Mundo Roma<\/td><td class=\"column-6\"><a href=\"https:\/\/www.youtube.com\/watch?v=lS_E5x5xCLk\" rel=\"noopener noreferrer\" target=\"_blank\">video<\/a><\/td>\n<\/tr>\n<tr class=\"row-6\">\n\t<td class=\"column-1\">800m libre<\/td><td class=\"column-2\"><img loading=\"lazy\" decoding=\"async\" src=\"http:\/\/www.reporolimpico.com\/wp-content\/uploads\/2020\/07\/CHN.jpg\" alt=\"\" width=\"22\" height=\"15\" class=\"alignnone size-full wp-image-141\" \/> Zhang Lin<\/td><td class=\"column-3\">7:32.12<\/td><td class=\"column-4\">29-07-2009<\/td><td class=\"column-5\">Cto. Mundo Roma<\/td><td class=\"column-6\"><a href=\"https:\/\/www.youtube.com\/watch?v=jUqc_IWNL7Y\" rel=\"noopener noreferrer\" target=\"_blank\">video<\/a><\/td>\n<\/tr>\n<tr class=\"row-7\">\n\t<td class=\"column-1\">1500m libre<\/td><td class=\"column-2\"><img loading=\"lazy\" decoding=\"async\" src=\"http:\/\/www.reporolimpico.com\/wp-content\/uploads\/2020\/07\/CHN.jpg\" alt=\"\" width=\"22\" height=\"15\" class=\"alignnone size-full wp-image-141\" \/> Sun Yang<\/td><td class=\"column-3\">14:31.02<\/td><td class=\"column-4\">04-08-2012<\/td><td class=\"column-5\">Juegos Ol\u00edmpicos, Londres<\/td><td class=\"column-6\"><a href=\"https:\/\/www.youtube.com\/watch?v=T5FlDy3YmDQ\" rel=\"noopener noreferrer\" target=\"_blank\">video<\/a><\/td>\n<\/tr>\n<tr class=\"row-8\">\n\t<td class=\"column-1\">50m espalda<\/td><td class=\"column-2\"><img loading=\"lazy\" decoding=\"async\" src=\"http:\/\/www.reporolimpico.com\/wp-content\/uploads\/2020\/07\/RUS.jpg\" alt=\"\" width=\"22\" height=\"15\" class=\"alignnone size-full wp-image-141\" \/> Kliment Kolesnikov<\/td><td class=\"column-3\">23.80<\/td><td class=\"column-4\">18-05-2021<\/td><td class=\"column-5\">Cto. Europa, Budapest<\/td><td class=\"column-6\"><a href=\"https:\/\/www.youtube.com\/watch?v=3DnRsi5LLb4\" rel=\"noopener noreferrer\" target=\"_blank\">video<\/a><\/td>\n<\/tr>\n<tr class=\"row-9\">\n\t<td class=\"column-1\">100m espalda<\/td><td class=\"column-2\"><img loading=\"lazy\" decoding=\"async\" src=\"http:\/\/www.reporolimpico.com\/wp-content\/uploads\/2020\/07\/USA.jpg\" alt=\"\" width=\"22\" height=\"15\" class=\"alignnone size-full wp-image-141\" \/> Ryan Murphy<\/td><td class=\"column-3\">51.85<\/td><td class=\"column-4\">13-08-2016<\/td><td class=\"column-5\">Juegos Ol\u00edmpicos, Rio de Janeiro<\/td><td class=\"column-6\"><a href=\"https:\/\/www.youtube.com\/watch?v=UmIYanq5gH8\" rel=\"noopener noreferrer\" target=\"_blank\">video<\/a><\/td>\n<\/tr>\n<tr class=\"row-10\">\n\t<td class=\"column-1\">200m espalda<\/td><td class=\"column-2\"><img loading=\"lazy\" decoding=\"async\" src=\"http:\/\/www.reporolimpico.com\/wp-content\/uploads\/2020\/07\/USA.jpg\" alt=\"\" width=\"22\" height=\"15\" class=\"alignnone size-full wp-image-141\" \/> Aaron Peirsol<\/td><td class=\"column-3\">1:51.92<\/td><td class=\"column-4\">31-07-2009<\/td><td class=\"column-5\">Cto. Mundo Roma<\/td><td class=\"column-6\"><a href=\"https:\/\/www.youtube.com\/watch?v=_BZVe743qPE\" rel=\"noopener noreferrer\" target=\"_blank\">video<\/a><\/td>\n<\/tr>\n<tr class=\"row-11\">\n\t<td class=\"column-1\">50m braza<\/td><td class=\"column-2\"><img loading=\"lazy\" decoding=\"async\" src=\"http:\/\/www.reporolimpico.com\/wp-content\/uploads\/2020\/07\/GBR.jpg\" alt=\"\" width=\"22\" height=\"15\" class=\"alignnone size-full wp-image-141\" \/> Adam Peaty<\/td><td class=\"column-3\">25.95<\/td><td class=\"column-4\">25-07-2017<\/td><td class=\"column-5\">Cto. Mundo, Budapest<\/td><td class=\"column-6\"><a href=\"https:\/\/www.nataccion.com\/video-del-nuevo-record-mundial-de-peaty-en-los-50-braza-25-95\/\" rel=\"noopener noreferrer\" target=\"_blank\">video<\/a><\/td>\n<\/tr>\n<tr class=\"row-12\">\n\t<td class=\"column-1\">100m braza<\/td><td class=\"column-2\"><img loading=\"lazy\" decoding=\"async\" src=\"http:\/\/www.reporolimpico.com\/wp-content\/uploads\/2020\/07\/GBR.jpg\" alt=\"\" width=\"22\" height=\"15\" class=\"alignnone size-full wp-image-141\" \/> Adam Peaty<\/td><td class=\"column-3\">56.88<\/td><td class=\"column-4\">21-07-2019<\/td><td class=\"column-5\">Cto. Mundo Gwangju<\/td><td class=\"column-6\"><a href=\"https:\/\/www.youtube.com\/watch?v=KP7CAxrnSQ4\" rel=\"noopener noreferrer\" target=\"_blank\">video<\/a><\/td>\n<\/tr>\n<tr class=\"row-13\">\n\t<td class=\"column-1\">200m braza<\/td><td class=\"column-2\"><img loading=\"lazy\" decoding=\"async\" src=\"http:\/\/www.reporolimpico.com\/wp-content\/uploads\/2020\/07\/RUS.jpg\" alt=\"\" width=\"22\" height=\"15\" class=\"alignnone size-full wp-image-141\" \/> Anton Chupkov<\/td><td class=\"column-3\">2:06.12<\/td><td class=\"column-4\">26-07-2019<\/td><td class=\"column-5\">Cto. Mundo Gwangju<\/td><td class=\"column-6\"><a href=\"https:\/\/www.youtube.com\/watch?v=IYTG3551KRE\" target=\"_blank\" rel=\"noopener noreferrer\">video<\/a><\/td>\n<\/tr>\n<tr class=\"row-14\">\n\t<td class=\"column-1\">50m mariposa<\/td><td class=\"column-2\"><img loading=\"lazy\" decoding=\"async\" src=\"http:\/\/www.reporolimpico.com\/wp-content\/uploads\/2020\/07\/UKR.jpg\" alt=\"\" width=\"22\" height=\"15\" class=\"alignnone size-full wp-image-141\" \/> Andriy Govorov<\/td><td class=\"column-3\">22.27<\/td><td class=\"column-4\">01-07-2018<\/td><td class=\"column-5\">Trofeo Sette Colli, Roma<\/td><td class=\"column-6\"><a href=\"https:\/\/www.youtube.com\/watch?v=WNYZz1sen8Q\" rel=\"noopener noreferrer\" target=\"_blank\">video<\/a><\/td>\n<\/tr>\n<tr class=\"row-15\">\n\t<td class=\"column-1\">100m mariposa<\/td><td class=\"column-2\"><img loading=\"lazy\" decoding=\"async\" src=\"http:\/\/www.reporolimpico.com\/wp-content\/uploads\/2020\/07\/USA.jpg\" alt=\"\" width=\"22\" height=\"15\" class=\"alignnone size-full wp-image-141\" \/> Caeleb Dressel<\/td><td class=\"column-3\">49.45<\/td><td class=\"column-4\">31-07-2021<\/td><td class=\"column-5\">Juegos Ol\u00edmpicos, Tokio<\/td><td class=\"column-6\"><a href=\"https:\/\/www.youtube.com\/watch?v=owo4hiEgZ_U\" rel=\"noopener noreferrer\" target=\"_blank\">video<\/a><\/td>\n<\/tr>\n<tr class=\"row-16\">\n\t<td class=\"column-1\">200m mariposa<\/td><td class=\"column-2\"><img loading=\"lazy\" decoding=\"async\" src=\"http:\/\/www.reporolimpico.com\/wp-content\/uploads\/2020\/07\/HUN.jpg\" alt=\"\" width=\"22\" height=\"15\" class=\"alignnone size-full wp-image-141\" \/> Krist\u00f3f Mil\u00e1k<\/td><td class=\"column-3\">1:50.73<\/td><td class=\"column-4\">24-07-2019<\/td><td class=\"column-5\">Cto. Mundo Gwangju<\/td><td class=\"column-6\"><a href=\"https:\/\/www.youtube.com\/watch?v=IG3kNwGP1rQ\" rel=\"noopener noreferrer\" target=\"_blank\">video<\/a><\/td>\n<\/tr>\n<tr class=\"row-17\">\n\t<td class=\"column-1\">200m estilos<\/td><td class=\"column-2\"><img loading=\"lazy\" decoding=\"async\" src=\"http:\/\/www.reporolimpico.com\/wp-content\/uploads\/2020\/07\/USA.jpg\" alt=\"\" width=\"22\" height=\"15\" class=\"alignnone size-full wp-image-141\" \/> Ryan Lochte<\/td><td class=\"column-3\">1:54.00<\/td><td class=\"column-4\">28-07-2011<\/td><td class=\"column-5\">Cto. Mundo Shanghai<\/td><td class=\"column-6\"><a href=\"https:\/\/www.youtube.com\/watch?v=I5qWCBhLZEw\" rel=\"noopener noreferrer\" target=\"_blank\">video<\/a><\/td>\n<\/tr>\n<tr class=\"row-18\">\n\t<td class=\"column-1\">400m estilos<\/td><td class=\"column-2\"><img loading=\"lazy\" decoding=\"async\" src=\"http:\/\/www.reporolimpico.com\/wp-content\/uploads\/2020\/07\/USA.jpg\" alt=\"\" width=\"22\" height=\"15\" class=\"alignnone size-full wp-image-141\" \/> Michael Phelps<\/td><td class=\"column-3\">4:03.84<\/td><td class=\"column-4\">10-08-2008<\/td><td class=\"column-5\">Juegos Ol\u00edmpicos, Pek\u00edn<\/td><td class=\"column-6\"><a href=\"https:\/\/www.youtube.com\/watch?v=j-lAmkm7A1o\" rel=\"noopener noreferrer\" target=\"_blank\">video<\/a><\/td>\n<\/tr>\n<tr class=\"row-19\">\n\t<td class=\"column-1\">4\u00d7100m libre<\/td><td class=\"column-2\"><img loading=\"lazy\" decoding=\"async\" src=\"http:\/\/www.reporolimpico.com\/wp-content\/uploads\/2020\/07\/USA.jpg\" alt=\"\" width=\"22\" height=\"15\" class=\"alignnone size-full wp-image-141\" \/> Estados Unidos<br \/>\n<br \/>\nMichael Phelps<br \/>\nGarrett Weber-Gale<br \/>\nCullen Jones<br \/>\nJason Lezak<\/td><td class=\"column-3\">3:08.24<\/td><td class=\"column-4\">11-08-2008<\/td><td class=\"column-5\">Juegos Ol\u00edmpicos, Pek\u00edn<\/td><td class=\"column-6\"><a href=\"https:\/\/www.youtube.com\/watch?v=fFiV4ymEDfY\" rel=\"noopener noreferrer\" target=\"_blank\">video<\/a><\/td>\n<\/tr>\n<tr class=\"row-20\">\n\t<td class=\"column-1\">4\u00d7200m libre<\/td><td class=\"column-2\"><img loading=\"lazy\" decoding=\"async\" src=\"http:\/\/www.reporolimpico.com\/wp-content\/uploads\/2020\/07\/USA.jpg\" alt=\"\" width=\"22\" height=\"15\" class=\"alignnone size-full wp-image-141\" \/> Estados Unidos<br \/>\n<br \/>\nMichael Phelps<br \/>\nRicky Berens<br \/>\nDavid Walters<br \/>\nRyan Lochte<\/td><td class=\"column-3\">6:58.55<\/td><td class=\"column-4\">31-07-2009<\/td><td class=\"column-5\">Cto. Mundo Roma<\/td><td class=\"column-6\"><a href=\"https:\/\/www.youtube.com\/watch?v=PNCc_p6WLCY\" rel=\"noopener noreferrer\" target=\"_blank\">video<\/a><\/td>\n<\/tr>\n<tr class=\"row-21\">\n\t<td class=\"column-1\">4\u00d7100m estilos<\/td><td class=\"column-2\"><img loading=\"lazy\" decoding=\"async\" src=\"http:\/\/www.reporolimpico.com\/wp-content\/uploads\/2020\/07\/USA.jpg\" alt=\"\" width=\"22\" height=\"15\" class=\"alignnone size-full wp-image-141\" \/> Estados Unidos<br \/>\n<br \/>\nRyan Murphy<br \/>\nMichael Andrew<br \/>\nCaeleb Dressel<br \/>\nZach Apple<\/td><td class=\"column-3\">3:26.78<\/td><td class=\"column-4\">01-08-2021<\/td><td class=\"column-5\">Juegos Ol\u00edmpicos, Tokio<\/td><td class=\"column-6\"><a href=\"https:\/\/www.eurosport.es\/natacion\/juegos-olimpicos-tokio-2020\/2021\/tokyo-2020-swimmimg-men-s-4x100m-medley-finish-tokio-2020-momentos-destacados-de-los-juegos-olimpicos_vid1517145\/video.shtml\" rel=\"noopener noreferrer\" target=\"_blank\">video<\/a><\/td>\n<\/tr>\n<\/tbody>\n<\/table>\n<!-- #tablepress-6 from cache -->\n\n\n\n<p>*El r\u00e9cord del mundo de 100m espalda, lo consigui\u00f3 Ryan Murphy en la primera posta del relevo 4x100m estilos en la final de los Juegos Ol\u00edmpicos de 2016.<\/p>\n\n\n\n<h2 class=\"wp-block-heading\"><span class=\"has-inline-color has-vivid-cyan-blue-color\">Mujeres<\/span><\/h2>\n\n\n\n\n<table id=\"tablepress-7\" class=\"tablepress tablepress-id-7\">\n<thead>\n<tr class=\"row-1\">\n\t<th class=\"column-1\">Prueba<\/th><th class=\"column-2\">Deportista<\/th><th class=\"column-3\">R\u00e9cord<\/th><th class=\"column-4\">Fecha<\/th><th class=\"column-5\">Lugar<\/th><td class=\"column-6\"><\/td>\n<\/tr>\n<\/thead>\n<tbody class=\"row-striping row-hover\">\n<tr class=\"row-2\">\n\t<td class=\"column-1\">50m libre (1)<\/td><td class=\"column-2\"><img loading=\"lazy\" decoding=\"async\" src=\"http:\/\/www.reporolimpico.com\/wp-content\/uploads\/2020\/07\/SWE.jpg\" alt=\"\" width=\"22\" height=\"15\" class=\"alignnone size-full wp-image-141\" \/> Sarah Sjoestroem<\/td><td class=\"column-3\">23.67<\/td><td class=\"column-4\">29-07-2017<\/td><td class=\"column-5\">Cto. Mundo, Budapest<\/td><td class=\"column-6\"><a href=\"https:\/\/www.youtube.com\/watch?v=Wkb0OEPqFX8\" rel=\"noopener noreferrer\" target=\"_blank\">video<\/a><\/td>\n<\/tr>\n<tr class=\"row-3\">\n\t<td class=\"column-1\">100m libre (2)<\/td><td class=\"column-2\"><img loading=\"lazy\" decoding=\"async\" src=\"http:\/\/www.reporolimpico.com\/wp-content\/uploads\/2020\/07\/SWE.jpg\" alt=\"\" width=\"22\" height=\"15\" class=\"alignnone size-full wp-image-141\" \/> Sarah Sjoestroem <\/td><td class=\"column-3\">51.71<\/td><td class=\"column-4\">23-07-2017<\/td><td class=\"column-5\">Cto. Mundo, Budapest<\/td><td class=\"column-6\"><a href=\"https:\/\/www.youtube.com\/watch?v=Ih4bdU2lYbo\" rel=\"noopener noreferrer\" target=\"_blank\">video<\/a><\/td>\n<\/tr>\n<tr class=\"row-4\">\n\t<td class=\"column-1\">200m libre<\/td><td class=\"column-2\"><img loading=\"lazy\" decoding=\"async\" src=\"http:\/\/www.reporolimpico.com\/wp-content\/uploads\/2020\/07\/ITA.jpg\" alt=\"\" width=\"22\" height=\"15\" class=\"alignnone size-full wp-image-141\" \/> Federica Pellegrini<\/td><td class=\"column-3\">1:52.98<\/td><td class=\"column-4\">29-07-2009<\/td><td class=\"column-5\">Cto. Mundo, Roma<\/td><td class=\"column-6\"><a href=\"https:\/\/www.youtube.com\/watch?v=WSjoestoffk\" rel=\"noopener noreferrer\" target=\"_blank\">video<\/a><\/td>\n<\/tr>\n<tr class=\"row-5\">\n\t<td class=\"column-1\">400m libre<\/td><td class=\"column-2\"><img loading=\"lazy\" decoding=\"async\" src=\"http:\/\/www.reporolimpico.com\/wp-content\/uploads\/2020\/07\/USA.jpg\" alt=\"\" width=\"22\" height=\"15\" class=\"alignnone size-full wp-image-141\" \/> Katie Ledecky<\/td><td class=\"column-3\">3:56.46<\/td><td class=\"column-4\">07-08-2016<\/td><td class=\"column-5\">Juegos Ol\u00edmpicos, Rio de Janeiro<\/td><td class=\"column-6\"><a href=\"https:\/\/www.youtube.com\/watch?v=NlSPapnRGFQ\" rel=\"noopener noreferrer\" target=\"_blank\">video<\/a><\/td>\n<\/tr>\n<tr class=\"row-6\">\n\t<td class=\"column-1\">800m libre<\/td><td class=\"column-2\"><img loading=\"lazy\" decoding=\"async\" src=\"http:\/\/www.reporolimpico.com\/wp-content\/uploads\/2020\/07\/USA.jpg\" alt=\"\" width=\"22\" height=\"15\" class=\"alignnone size-full wp-image-141\" \/> Katie Ledecky<\/td><td class=\"column-3\">8:04.79<\/td><td class=\"column-4\">12-08-2016<\/td><td class=\"column-5\">Juegos Ol\u00edmpicos, Rio de Janeiro<\/td><td class=\"column-6\"><a href=\"https:\/\/www.youtube.com\/watch?v=GAGXNs0MXzI\" rel=\"noopener noreferrer\" target=\"_blank\">video<\/a><\/td>\n<\/tr>\n<tr class=\"row-7\">\n\t<td class=\"column-1\">1500m libre<\/td><td class=\"column-2\"><img loading=\"lazy\" decoding=\"async\" src=\"http:\/\/www.reporolimpico.com\/wp-content\/uploads\/2020\/07\/USA.jpg\" alt=\"\" width=\"22\" height=\"15\" class=\"alignnone size-full wp-image-141\" \/> Katie Ledecky<\/td><td class=\"column-3\">15:20.48<\/td><td class=\"column-4\">16-05-2018<\/td><td class=\"column-5\">Pro Swim Series, Indian\u00e1polis<\/td><td class=\"column-6\"><a href=\"https:\/\/www.youtube.com\/watch?v=v0_uvorHBA4\" rel=\"noopener noreferrer\" target=\"_blank\">video<\/a><\/td>\n<\/tr>\n<tr class=\"row-8\">\n\t<td class=\"column-1\">50m espalda<\/td><td class=\"column-2\"><img loading=\"lazy\" decoding=\"async\" src=\"http:\/\/www.reporolimpico.com\/wp-content\/uploads\/2020\/07\/CHN.jpg\" alt=\"\" width=\"22\" height=\"15\" class=\"alignnone size-full wp-image-141\" \/> Liu Xiang<\/td><td class=\"column-3\">26.98<\/td><td class=\"column-4\">21-08-2018<\/td><td class=\"column-5\">Asian Games, Yakarta<\/td><td class=\"column-6\"><a href=\"https:\/\/www.youtube.com\/watch?v=GTiPmob5bgU\" rel=\"noopener noreferrer\" target=\"_blank\">video<\/a><\/td>\n<\/tr>\n<tr class=\"row-9\">\n\t<td class=\"column-1\">100m espalda (3)<\/td><td class=\"column-2\"><img loading=\"lazy\" decoding=\"async\" src=\"http:\/\/www.reporolimpico.com\/wp-content\/uploads\/2020\/07\/USA.jpg\" alt=\"\" width=\"22\" height=\"15\" class=\"alignnone size-full wp-image-141\" \/> Regan Smith<\/td><td class=\"column-3\">57.57<\/td><td class=\"column-4\">28-07-2019<\/td><td class=\"column-5\">Cto. Mundo, Gwangju<\/td><td class=\"column-6\"><a href=\"https:\/\/www.rtve.es\/alacarta\/videos\/mundial-de-natacion-gwangju-2019\/record-mundial-regan-smith-100-espalda-eeuu-4x100-estilos\/5357307\/\" rel=\"noopener noreferrer\" target=\"_blank\">video<\/a><\/td>\n<\/tr>\n<tr class=\"row-10\">\n\t<td class=\"column-1\">200m espalda<\/td><td class=\"column-2\"><img loading=\"lazy\" decoding=\"async\" src=\"http:\/\/www.reporolimpico.com\/wp-content\/uploads\/2020\/07\/USA.jpg\" alt=\"\" width=\"22\" height=\"15\" class=\"alignnone size-full wp-image-141\" \/> Regan Smith<\/td><td class=\"column-3\">2:03.35<\/td><td class=\"column-4\">26-07-2019<\/td><td class=\"column-5\">Cto. Mundo, Gwangju<\/td><td class=\"column-6\"><a href=\"https:\/\/www.youtube.com\/watch?v=HBaEfKA3e_Y\" rel=\"noopener noreferrer\" target=\"_blank\">video<\/a><\/td>\n<\/tr>\n<tr class=\"row-11\">\n\t<td class=\"column-1\">50m braza<\/td><td class=\"column-2\"><img loading=\"lazy\" decoding=\"async\" src=\"http:\/\/www.reporolimpico.com\/wp-content\/uploads\/2020\/07\/USA.jpg\" alt=\"\" width=\"22\" height=\"15\" class=\"alignnone size-full wp-image-141\" \/> Lilly King<\/td><td class=\"column-3\">29.40<\/td><td class=\"column-4\">30-07-2017<\/td><td class=\"column-5\">Cto. Mundo, Budapest<\/td><td class=\"column-6\"><a href=\"https:\/\/www.youtube.com\/watch?v=cQbFE5UPN04\" rel=\"noopener noreferrer\" target=\"_blank\">video<\/a><\/td>\n<\/tr>\n<tr class=\"row-12\">\n\t<td class=\"column-1\">100m braza<\/td><td class=\"column-2\"><img loading=\"lazy\" decoding=\"async\" src=\"http:\/\/www.reporolimpico.com\/wp-content\/uploads\/2020\/07\/USA.jpg\" alt=\"\" width=\"22\" height=\"15\" class=\"alignnone size-full wp-image-141\" \/> Lilly King<\/td><td class=\"column-3\">1:04.13<\/td><td class=\"column-4\">25-07-2017<\/td><td class=\"column-5\">Cto. Mundo, Budapest<\/td><td class=\"column-6\"><a href=\"https:\/\/www.youtube.com\/watch?v=bWDfTYfgUBc\" rel=\"noopener noreferrer\" target=\"_blank\">video<\/a><\/td>\n<\/tr>\n<tr class=\"row-13\">\n\t<td class=\"column-1\">200m braza<\/td><td class=\"column-2\"><img loading=\"lazy\" decoding=\"async\" src=\"http:\/\/www.reporolimpico.com\/wp-content\/uploads\/2020\/07\/RSA.jpg\" alt=\"\" width=\"22\" height=\"15\" class=\"alignnone size-full wp-image-141\" \/> Tatjana Schoenmaker<\/td><td class=\"column-3\">2:18.95<\/td><td class=\"column-4\">30-07-2021<\/td><td class=\"column-5\">Juegos Ol\u00edmpicos, Tokio<\/td><td class=\"column-6\"><a href=\"https:\/\/www.youtube.com\/watch?v=Y17g9VJY90k\" rel=\"noopener noreferrer\" target=\"_blank\">video<\/a><\/td>\n<\/tr>\n<tr class=\"row-14\">\n\t<td class=\"column-1\">50m mariposa<\/td><td class=\"column-2\"><img loading=\"lazy\" decoding=\"async\" src=\"http:\/\/www.reporolimpico.com\/wp-content\/uploads\/2020\/07\/SWE.jpg\" alt=\"\" width=\"22\" height=\"15\" class=\"alignnone size-full wp-image-141\" \/> Sarah Sjoestroem<\/td><td class=\"column-3\">24.43<\/td><td class=\"column-4\">05-07-2014<\/td><td class=\"column-5\">Campeonato Suecia, Boras<\/td><td class=\"column-6\"><a href=\"https:\/\/www.youtube.com\/watch?v=fDK5bDWdSzk\" rel=\"noopener noreferrer\" target=\"_blank\">video<\/a><\/td>\n<\/tr>\n<tr class=\"row-15\">\n\t<td class=\"column-1\">100m mariposa<\/td><td class=\"column-2\"><img loading=\"lazy\" decoding=\"async\" src=\"http:\/\/www.reporolimpico.com\/wp-content\/uploads\/2020\/07\/SWE.jpg\" alt=\"\" width=\"22\" height=\"15\" class=\"alignnone size-full wp-image-141\" \/> Sarah Sjoestroem<\/td><td class=\"column-3\">55.48<\/td><td class=\"column-4\">07-08-2016<\/td><td class=\"column-5\">Juegos Ol\u00edmpicos, Rio de Janeiro<\/td><td class=\"column-6\"><a href=\"https:\/\/www.youtube.com\/watch?v=M_dlXfmyYmg\" rel=\"noopener noreferrer\" target=\"_blank\">video<\/a><\/td>\n<\/tr>\n<tr class=\"row-16\">\n\t<td class=\"column-1\">200m mariposa<\/td><td class=\"column-2\"><img loading=\"lazy\" decoding=\"async\" src=\"http:\/\/www.reporolimpico.com\/wp-content\/uploads\/2020\/07\/CHN.jpg\" alt=\"\" width=\"22\" height=\"15\" class=\"alignnone size-full wp-image-141\" \/> Liu Zige<\/td><td class=\"column-3\">2:01.81<\/td><td class=\"column-4\">21-10-2009<\/td><td class=\"column-5\">Juegos Chinos, Jinan<\/td><td class=\"column-6\"><a href=\"https:\/\/www.youtube.com\/watch?v=ORkOliy9mlE\" rel=\"noopener noreferrer\" target=\"_blank\">video<\/a><\/td>\n<\/tr>\n<tr class=\"row-17\">\n\t<td class=\"column-1\">200m estilos<\/td><td class=\"column-2\"><img loading=\"lazy\" decoding=\"async\" src=\"http:\/\/www.reporolimpico.com\/wp-content\/uploads\/2020\/07\/HUN.jpg\" alt=\"\" width=\"22\" height=\"15\" class=\"alignnone size-full wp-image-141\" \/> Katinka Hossz\u00fa<\/td><td class=\"column-3\">2:06.12<\/td><td class=\"column-4\">03-08-2015<\/td><td class=\"column-5\">Cto. Mundo, Kaz\u00e1n<\/td><td class=\"column-6\"><a href=\"https:\/\/www.youtube.com\/watch?v=cZ-ORFleBk8\" rel=\"noopener noreferrer\" target=\"_blank\">video<\/a><\/td>\n<\/tr>\n<tr class=\"row-18\">\n\t<td class=\"column-1\">400m estilos<\/td><td class=\"column-2\"><img loading=\"lazy\" decoding=\"async\" src=\"http:\/\/www.reporolimpico.com\/wp-content\/uploads\/2020\/07\/HUN.jpg\" alt=\"\" width=\"22\" height=\"15\" class=\"alignnone size-full wp-image-141\" \/> Katinka Hossz\u00fa<\/td><td class=\"column-3\">4:26.36<\/td><td class=\"column-4\">06-08-2016<\/td><td class=\"column-5\">Juegos Ol\u00edmpicos, Rio de Janeiro<\/td><td class=\"column-6\"><a href=\"https:\/\/www.youtube.com\/watch?v=12tyMcIhcJs\" rel=\"noopener noreferrer\" target=\"_blank\">video<\/a><\/td>\n<\/tr>\n<tr class=\"row-19\">\n\t<td class=\"column-1\">4\u00d7100m libre<\/td><td class=\"column-2\"><img loading=\"lazy\" decoding=\"async\" src=\"http:\/\/www.reporolimpico.com\/wp-content\/uploads\/2020\/07\/AUS.jpg\" alt=\"\" width=\"22\" height=\"15\" class=\"alignnone size-full wp-image-141\" \/> Australia<br \/>\n<br \/>\nBronte Campbell<br \/>\nMeg Harris<br \/>\nEmma McKeon<br \/>\nCate Campbell<\/td><td class=\"column-3\">3:29.69<\/td><td class=\"column-4\">25-07-2021<\/td><td class=\"column-5\">Juegos Ol\u00edmpicos, Tokio<\/td><td class=\"column-6\"><a href=\"https:\/\/www.youtube.com\/watch?v=TLNBBiV9k_8\" rel=\"noopener noreferrer\" target=\"_blank\">video<\/a><\/td>\n<\/tr>\n<tr class=\"row-20\">\n\t<td class=\"column-1\">4\u00d7200m libre<\/td><td class=\"column-2\"><img loading=\"lazy\" decoding=\"async\" src=\"http:\/\/www.reporolimpico.com\/wp-content\/uploads\/2020\/07\/CHN.jpg\" alt=\"\" width=\"22\" height=\"15\" class=\"alignnone size-full wp-image-141\" \/> China<br \/>\n<br \/>\nYang Junxuan<br \/>\nTang Muhan<br \/>\nZhang Yufei<br \/>\nLi Bingjie<\/td><td class=\"column-3\">7:40.33<\/td><td class=\"column-4\">29-07-2021<\/td><td class=\"column-5\">Juegos Ol\u00edmpicos, Tokio<\/td><td class=\"column-6\"><a href=\"https:\/\/www.youtube.com\/watch?v=hL9GjG5a4VE\" rel=\"noopener noreferrer\" target=\"_blank\">video<\/a><\/td>\n<\/tr>\n<tr class=\"row-21\">\n\t<td class=\"column-1\">4\u00d7100m estilos<\/td><td class=\"column-2\"><img loading=\"lazy\" decoding=\"async\" src=\"http:\/\/www.reporolimpico.com\/wp-content\/uploads\/2020\/07\/USA.jpg\" alt=\"\" width=\"22\" height=\"15\" class=\"alignnone size-full wp-image-141\" \/> Estados Unidos<br \/>\n<br \/>\nRegan Smith<br \/>\nLilly King<br \/>\nKelsi Dahlia<br \/>\nSimone Manuel<\/td><td class=\"column-3\">3:50.40<\/td><td class=\"column-4\">28-07-2019<\/td><td class=\"column-5\">Cto. Mundo, Gwangju<\/td><td class=\"column-6\"><a href=\"https:\/\/www.rtve.es\/alacarta\/videos\/mundial-de-natacion-gwangju-2019\/record-mundial-regan-smith-100-espalda-eeuu-4x100-estilos\/5357307\/\" rel=\"noopener noreferrer\" target=\"_blank\">video<\/a><\/td>\n<\/tr>\n<\/tbody>\n<\/table>\n<!-- #tablepress-7 from cache -->\n\n\n\n<p>(1) El video del WR de 50m no lo he encontrado, lo hizo en semifinales del mundial, he puesto el de la final en la que Sarah Sjoestroem realiz\u00f3 dos cent\u00e9simas m\u00e1s, 23.69.<\/p>\n\n\n\n<p>(2) El r\u00e9cord 100m libre lo logr\u00f3 Sjoestroem en la final del 4x100m libre.&nbsp;<\/p>\n\n\n\n<p>(3) Regan Smith estableci\u00f3 el r\u00e9cord del mundo de 100 espalda en la final del 4x100m estilos.<\/p>\n\n\n\n<h2 class=\"wp-block-heading\"><span class=\"has-inline-color has-vivid-cyan-blue-color\">Mixto<\/span><\/h2>\n\n\n\n\n<table id=\"tablepress-8\" class=\"tablepress tablepress-id-8\">\n<thead>\n<tr class=\"row-1\">\n\t<th class=\"column-1\">Prueba<\/th><th class=\"column-2\">Deportista<\/th><th class=\"column-3\">R\u00e9cord<\/th><th class=\"column-4\">Fecha<\/th><th class=\"column-5\">Evento<\/th><td class=\"column-6\"><\/td>\n<\/tr>\n<\/thead>\n<tbody class=\"row-striping row-hover\">\n<tr class=\"row-2\">\n\t<td class=\"column-1\">4\u00d7100m libre<\/td><td class=\"column-2\"><img loading=\"lazy\" decoding=\"async\" src=\"http:\/\/www.reporolimpico.com\/wp-content\/uploads\/2020\/07\/USA.jpg\" alt=\"\" width=\"22\" height=\"15\" class=\"alignnone size-full wp-image-141\" \/>  Estados Unidos<br \/>\n<br \/>\nCaeleb Dressel<br \/>\nZach Apple<br \/>\nMallory Comerford<br \/>\nSimone Manuel<\/td><td class=\"column-3\">3:19.40<\/td><td class=\"column-4\">27\/07\/2019<\/td><td class=\"column-5\">Cto. Mundo, Gwangju<\/td><td class=\"column-6\"><a href=\"https:\/\/www.youtube.com\/watch?v=SKHKtW3W8Zc\" rel=\"noopener noreferrer\" target=\"_blank\">video<\/a><\/td>\n<\/tr>\n<tr class=\"row-3\">\n\t<td class=\"column-1\">4\u00d7100m estilos<\/td><td class=\"column-2\"><img loading=\"lazy\" decoding=\"async\" src=\"http:\/\/www.reporolimpico.com\/wp-content\/uploads\/2020\/07\/GBR.jpg\" alt=\"\" width=\"22\" height=\"15\" class=\"alignnone size-full wp-image-141\" \/>  Gran Breta\u00f1a<br \/>\n<br \/>\nKathleen Dawson<br \/>\nAdam Peaty<br \/>\nJames Guy<br \/>\nAnna Hopkin<\/td><td class=\"column-3\">3:37.58<\/td><td class=\"column-4\">31\/07\/2021<\/td><td class=\"column-5\">Juegos Ol\u00edmpicos, Tokio<\/td><td class=\"column-6\"><a href=\"https:\/\/www.youtube.com\/watch?v=FTVAy-HHPYM\" rel=\"noopener noreferrer\" target=\"_blank\">video<\/a><\/td>\n<\/tr>\n<\/tbody>\n<\/table>\n<!-- #tablepress-8 from cache -->\n","protected":false},"excerpt":{"rendered":"<p>Estos son los R\u00e9cords del Mundo vigentes en todas las pruebas de nataci\u00f3n que forman parte actualmente del calendario de los campeonatos del mundo. Hombres &hellip; <\/p>\n","protected":false},"author":1,"featured_media":190,"comment_status":"open","ping_status":"open","sticky":false,"template":"","format":"standard","meta":{"_monsterinsights_skip_tracking":false,"_monsterinsights_sitenote_active":false,"_monsterinsights_sitenote_note":"","_monsterinsights_sitenote_category":0,"footnotes":""},"categories":[52,50],"tags":[33,51],"class_list":["post-188","post","type-post","status-publish","format-standard","has-post-thumbnail","hentry","category-natacion","category-records-del-mundo","tag-natacion","tag-records-del-mundo"],"yoast_head":"<!-- This site is optimized with the Yoast SEO plugin v26.9 - https:\/\/yoast.com\/product\/yoast-seo-wordpress\/ -->\n<title>R\u00e9cords del Mundo de Nataci\u00f3n - Reportero Ol\u00edmpico<\/title>\n<meta name=\"description\" content=\"Los R\u00e9cords del Mundo de Nataci\u00f3n con enlaces a los v\u00eddeos del momento en el que se consiguieron | WR de Nataci\u00f3n masculinos y femeninos\" \/>\n<meta name=\"robots\" content=\"index, follow, max-snippet:-1, max-image-preview:large, max-video-preview:-1\" \/>\n<link rel=\"canonical\" href=\"https:\/\/www.reporolimpico.com\/index.php\/2020\/07\/17\/records-del-mundo-de-natacion\/\" \/>\n<meta property=\"og:locale\" content=\"es_ES\" \/>\n<meta property=\"og:type\" content=\"article\" \/>\n<meta property=\"og:title\" content=\"R\u00e9cords del Mundo de Nataci\u00f3n - Reportero Ol\u00edmpico\" \/>\n<meta property=\"og:description\" content=\"Los R\u00e9cords del Mundo de Nataci\u00f3n con enlaces a los v\u00eddeos del momento en el que se consiguieron | WR de Nataci\u00f3n masculinos y femeninos\" \/>\n<meta property=\"og:url\" content=\"https:\/\/www.reporolimpico.com\/index.php\/2020\/07\/17\/records-del-mundo-de-natacion\/\" \/>\n<meta property=\"og:site_name\" content=\"Reportero Ol\u00edmpico\" \/>\n<meta property=\"article:published_time\" content=\"2020-07-17T10:59:29+00:00\" \/>\n<meta property=\"article:modified_time\" content=\"2021-08-16T12:43:32+00:00\" \/>\n<meta property=\"og:image\" content=\"https:\/\/www.reporolimpico.com\/wp-content\/uploads\/2020\/07\/n.jpg\" \/>\n\t<meta property=\"og:image:width\" content=\"740\" \/>\n\t<meta property=\"og:image:height\" content=\"400\" \/>\n\t<meta property=\"og:image:type\" content=\"image\/jpeg\" \/>\n<meta name=\"author\" content=\"repor_olimpico\" \/>\n<meta name=\"twitter:card\" content=\"summary_large_image\" \/>\n<meta name=\"twitter:creator\" content=\"@repor_olimpico\" \/>\n<meta name=\"twitter:site\" content=\"@repor_olimpico\" \/>\n<meta name=\"twitter:label1\" content=\"Escrito por\" \/>\n\t<meta name=\"twitter:data1\" content=\"repor_olimpico\" \/>\n\t<meta name=\"twitter:label2\" content=\"Tiempo de lectura\" \/>\n\t<meta name=\"twitter:data2\" content=\"1 minuto\" \/>\n<script type=\"application\/ld+json\" class=\"yoast-schema-graph\">{\"@context\":\"https:\/\/schema.org\",\"@graph\":[{\"@type\":\"Article\",\"@id\":\"https:\/\/www.reporolimpico.com\/index.php\/2020\/07\/17\/records-del-mundo-de-natacion\/#article\",\"isPartOf\":{\"@id\":\"https:\/\/www.reporolimpico.com\/index.php\/2020\/07\/17\/records-del-mundo-de-natacion\/\"},\"author\":{\"name\":\"repor_olimpico\",\"@id\":\"https:\/\/www.reporolimpico.com\/#\/schema\/person\/0c16c40b97cead5a02cb2376b38ce339\"},\"headline\":\"R\u00e9cords del Mundo de Nataci\u00f3n\",\"datePublished\":\"2020-07-17T10:59:29+00:00\",\"dateModified\":\"2021-08-16T12:43:32+00:00\",\"mainEntityOfPage\":{\"@id\":\"https:\/\/www.reporolimpico.com\/index.php\/2020\/07\/17\/records-del-mundo-de-natacion\/\"},\"wordCount\":138,\"commentCount\":0,\"publisher\":{\"@id\":\"https:\/\/www.reporolimpico.com\/#\/schema\/person\/0c16c40b97cead5a02cb2376b38ce339\"},\"image\":{\"@id\":\"https:\/\/www.reporolimpico.com\/index.php\/2020\/07\/17\/records-del-mundo-de-natacion\/#primaryimage\"},\"thumbnailUrl\":\"https:\/\/www.reporolimpico.com\/wp-content\/uploads\/2020\/07\/n.jpg\",\"keywords\":[\"Nataci\u00f3n\",\"R\u00e9cords del mundo\"],\"articleSection\":[\"Nataci\u00f3n\",\"R\u00e9cords del Mundo\"],\"inLanguage\":\"es\",\"potentialAction\":[{\"@type\":\"CommentAction\",\"name\":\"Comment\",\"target\":[\"https:\/\/www.reporolimpico.com\/index.php\/2020\/07\/17\/records-del-mundo-de-natacion\/#respond\"]}]},{\"@type\":\"WebPage\",\"@id\":\"https:\/\/www.reporolimpico.com\/index.php\/2020\/07\/17\/records-del-mundo-de-natacion\/\",\"url\":\"https:\/\/www.reporolimpico.com\/index.php\/2020\/07\/17\/records-del-mundo-de-natacion\/\",\"name\":\"R\u00e9cords del Mundo de Nataci\u00f3n - Reportero Ol\u00edmpico\",\"isPartOf\":{\"@id\":\"https:\/\/www.reporolimpico.com\/#website\"},\"primaryImageOfPage\":{\"@id\":\"https:\/\/www.reporolimpico.com\/index.php\/2020\/07\/17\/records-del-mundo-de-natacion\/#primaryimage\"},\"image\":{\"@id\":\"https:\/\/www.reporolimpico.com\/index.php\/2020\/07\/17\/records-del-mundo-de-natacion\/#primaryimage\"},\"thumbnailUrl\":\"https:\/\/www.reporolimpico.com\/wp-content\/uploads\/2020\/07\/n.jpg\",\"datePublished\":\"2020-07-17T10:59:29+00:00\",\"dateModified\":\"2021-08-16T12:43:32+00:00\",\"description\":\"Los R\u00e9cords del Mundo de Nataci\u00f3n con enlaces a los v\u00eddeos del momento en el que se consiguieron | WR de Nataci\u00f3n masculinos y femeninos\",\"breadcrumb\":{\"@id\":\"https:\/\/www.reporolimpico.com\/index.php\/2020\/07\/17\/records-del-mundo-de-natacion\/#breadcrumb\"},\"inLanguage\":\"es\",\"potentialAction\":[{\"@type\":\"ReadAction\",\"target\":[\"https:\/\/www.reporolimpico.com\/index.php\/2020\/07\/17\/records-del-mundo-de-natacion\/\"]}]},{\"@type\":\"ImageObject\",\"inLanguage\":\"es\",\"@id\":\"https:\/\/www.reporolimpico.com\/index.php\/2020\/07\/17\/records-del-mundo-de-natacion\/#primaryimage\",\"url\":\"https:\/\/www.reporolimpico.com\/wp-content\/uploads\/2020\/07\/n.jpg\",\"contentUrl\":\"https:\/\/www.reporolimpico.com\/wp-content\/uploads\/2020\/07\/n.jpg\",\"width\":740,\"height\":400},{\"@type\":\"BreadcrumbList\",\"@id\":\"https:\/\/www.reporolimpico.com\/index.php\/2020\/07\/17\/records-del-mundo-de-natacion\/#breadcrumb\",\"itemListElement\":[{\"@type\":\"ListItem\",\"position\":1,\"name\":\"Portada\",\"item\":\"https:\/\/www.reporolimpico.com\/\"},{\"@type\":\"ListItem\",\"position\":2,\"name\":\"R\u00e9cords del Mundo de Nataci\u00f3n\"}]},{\"@type\":\"WebSite\",\"@id\":\"https:\/\/www.reporolimpico.com\/#website\",\"url\":\"https:\/\/www.reporolimpico.com\/\",\"name\":\"Reportero Ol\u00edmpico\",\"description\":\"Deporte y Juegos Ol\u00edmpicos\",\"publisher\":{\"@id\":\"https:\/\/www.reporolimpico.com\/#\/schema\/person\/0c16c40b97cead5a02cb2376b38ce339\"},\"potentialAction\":[{\"@type\":\"SearchAction\",\"target\":{\"@type\":\"EntryPoint\",\"urlTemplate\":\"https:\/\/www.reporolimpico.com\/?s={search_term_string}\"},\"query-input\":{\"@type\":\"PropertyValueSpecification\",\"valueRequired\":true,\"valueName\":\"search_term_string\"}}],\"inLanguage\":\"es\"},{\"@type\":[\"Person\",\"Organization\"],\"@id\":\"https:\/\/www.reporolimpico.com\/#\/schema\/person\/0c16c40b97cead5a02cb2376b38ce339\",\"name\":\"repor_olimpico\",\"image\":{\"@type\":\"ImageObject\",\"inLanguage\":\"es\",\"@id\":\"https:\/\/www.reporolimpico.com\/#\/schema\/person\/image\/\",\"url\":\"https:\/\/www.reporolimpico.com\/wp-content\/uploads\/2020\/07\/cropped-ReporteroOlimpico_sub-1.jpg\",\"contentUrl\":\"https:\/\/www.reporolimpico.com\/wp-content\/uploads\/2020\/07\/cropped-ReporteroOlimpico_sub-1.jpg\",\"width\":501,\"height\":170,\"caption\":\"repor_olimpico\"},\"logo\":{\"@id\":\"https:\/\/www.reporolimpico.com\/#\/schema\/person\/image\/\"},\"sameAs\":[\"http:\/\/www.reporolimpico.com\",\"https:\/\/x.com\/repor_olimpico\"]}]}<\/script>\n<!-- \/ Yoast SEO plugin. -->","yoast_head_json":{"title":"R\u00e9cords del Mundo de Nataci\u00f3n - Reportero Ol\u00edmpico","description":"Los R\u00e9cords del Mundo de Nataci\u00f3n con enlaces a los v\u00eddeos del momento en el que se consiguieron | WR de Nataci\u00f3n masculinos y femeninos","robots":{"index":"index","follow":"follow","max-snippet":"max-snippet:-1","max-image-preview":"max-image-preview:large","max-video-preview":"max-video-preview:-1"},"canonical":"https:\/\/www.reporolimpico.com\/index.php\/2020\/07\/17\/records-del-mundo-de-natacion\/","og_locale":"es_ES","og_type":"article","og_title":"R\u00e9cords del Mundo de Nataci\u00f3n - Reportero Ol\u00edmpico","og_description":"Los R\u00e9cords del Mundo de Nataci\u00f3n con enlaces a los v\u00eddeos del momento en el que se consiguieron | WR de Nataci\u00f3n masculinos y femeninos","og_url":"https:\/\/www.reporolimpico.com\/index.php\/2020\/07\/17\/records-del-mundo-de-natacion\/","og_site_name":"Reportero Ol\u00edmpico","article_published_time":"2020-07-17T10:59:29+00:00","article_modified_time":"2021-08-16T12:43:32+00:00","og_image":[{"width":740,"height":400,"url":"https:\/\/www.reporolimpico.com\/wp-content\/uploads\/2020\/07\/n.jpg","type":"image\/jpeg"}],"author":"repor_olimpico","twitter_card":"summary_large_image","twitter_creator":"@repor_olimpico","twitter_site":"@repor_olimpico","twitter_misc":{"Escrito por":"repor_olimpico","Tiempo de lectura":"1 minuto"},"schema":{"@context":"https:\/\/schema.org","@graph":[{"@type":"Article","@id":"https:\/\/www.reporolimpico.com\/index.php\/2020\/07\/17\/records-del-mundo-de-natacion\/#article","isPartOf":{"@id":"https:\/\/www.reporolimpico.com\/index.php\/2020\/07\/17\/records-del-mundo-de-natacion\/"},"author":{"name":"repor_olimpico","@id":"https:\/\/www.reporolimpico.com\/#\/schema\/person\/0c16c40b97cead5a02cb2376b38ce339"},"headline":"R\u00e9cords del Mundo de Nataci\u00f3n","datePublished":"2020-07-17T10:59:29+00:00","dateModified":"2021-08-16T12:43:32+00:00","mainEntityOfPage":{"@id":"https:\/\/www.reporolimpico.com\/index.php\/2020\/07\/17\/records-del-mundo-de-natacion\/"},"wordCount":138,"commentCount":0,"publisher":{"@id":"https:\/\/www.reporolimpico.com\/#\/schema\/person\/0c16c40b97cead5a02cb2376b38ce339"},"image":{"@id":"https:\/\/www.reporolimpico.com\/index.php\/2020\/07\/17\/records-del-mundo-de-natacion\/#primaryimage"},"thumbnailUrl":"https:\/\/www.reporolimpico.com\/wp-content\/uploads\/2020\/07\/n.jpg","keywords":["Nataci\u00f3n","R\u00e9cords del mundo"],"articleSection":["Nataci\u00f3n","R\u00e9cords del Mundo"],"inLanguage":"es","potentialAction":[{"@type":"CommentAction","name":"Comment","target":["https:\/\/www.reporolimpico.com\/index.php\/2020\/07\/17\/records-del-mundo-de-natacion\/#respond"]}]},{"@type":"WebPage","@id":"https:\/\/www.reporolimpico.com\/index.php\/2020\/07\/17\/records-del-mundo-de-natacion\/","url":"https:\/\/www.reporolimpico.com\/index.php\/2020\/07\/17\/records-del-mundo-de-natacion\/","name":"R\u00e9cords del Mundo de Nataci\u00f3n - Reportero Ol\u00edmpico","isPartOf":{"@id":"https:\/\/www.reporolimpico.com\/#website"},"primaryImageOfPage":{"@id":"https:\/\/www.reporolimpico.com\/index.php\/2020\/07\/17\/records-del-mundo-de-natacion\/#primaryimage"},"image":{"@id":"https:\/\/www.reporolimpico.com\/index.php\/2020\/07\/17\/records-del-mundo-de-natacion\/#primaryimage"},"thumbnailUrl":"https:\/\/www.reporolimpico.com\/wp-content\/uploads\/2020\/07\/n.jpg","datePublished":"2020-07-17T10:59:29+00:00","dateModified":"2021-08-16T12:43:32+00:00","description":"Los R\u00e9cords del Mundo de Nataci\u00f3n con enlaces a los v\u00eddeos del momento en el que se consiguieron | WR de Nataci\u00f3n masculinos y femeninos","breadcrumb":{"@id":"https:\/\/www.reporolimpico.com\/index.php\/2020\/07\/17\/records-del-mundo-de-natacion\/#breadcrumb"},"inLanguage":"es","potentialAction":[{"@type":"ReadAction","target":["https:\/\/www.reporolimpico.com\/index.php\/2020\/07\/17\/records-del-mundo-de-natacion\/"]}]},{"@type":"ImageObject","inLanguage":"es","@id":"https:\/\/www.reporolimpico.com\/index.php\/2020\/07\/17\/records-del-mundo-de-natacion\/#primaryimage","url":"https:\/\/www.reporolimpico.com\/wp-content\/uploads\/2020\/07\/n.jpg","contentUrl":"https:\/\/www.reporolimpico.com\/wp-content\/uploads\/2020\/07\/n.jpg","width":740,"height":400},{"@type":"BreadcrumbList","@id":"https:\/\/www.reporolimpico.com\/index.php\/2020\/07\/17\/records-del-mundo-de-natacion\/#breadcrumb","itemListElement":[{"@type":"ListItem","position":1,"name":"Portada","item":"https:\/\/www.reporolimpico.com\/"},{"@type":"ListItem","position":2,"name":"R\u00e9cords del Mundo de Nataci\u00f3n"}]},{"@type":"WebSite","@id":"https:\/\/www.reporolimpico.com\/#website","url":"https:\/\/www.reporolimpico.com\/","name":"Reportero Ol\u00edmpico","description":"Deporte y Juegos Ol\u00edmpicos","publisher":{"@id":"https:\/\/www.reporolimpico.com\/#\/schema\/person\/0c16c40b97cead5a02cb2376b38ce339"},"potentialAction":[{"@type":"SearchAction","target":{"@type":"EntryPoint","urlTemplate":"https:\/\/www.reporolimpico.com\/?s={search_term_string}"},"query-input":{"@type":"PropertyValueSpecification","valueRequired":true,"valueName":"search_term_string"}}],"inLanguage":"es"},{"@type":["Person","Organization"],"@id":"https:\/\/www.reporolimpico.com\/#\/schema\/person\/0c16c40b97cead5a02cb2376b38ce339","name":"repor_olimpico","image":{"@type":"ImageObject","inLanguage":"es","@id":"https:\/\/www.reporolimpico.com\/#\/schema\/person\/image\/","url":"https:\/\/www.reporolimpico.com\/wp-content\/uploads\/2020\/07\/cropped-ReporteroOlimpico_sub-1.jpg","contentUrl":"https:\/\/www.reporolimpico.com\/wp-content\/uploads\/2020\/07\/cropped-ReporteroOlimpico_sub-1.jpg","width":501,"height":170,"caption":"repor_olimpico"},"logo":{"@id":"https:\/\/www.reporolimpico.com\/#\/schema\/person\/image\/"},"sameAs":["http:\/\/www.reporolimpico.com","https:\/\/x.com\/repor_olimpico"]}]}},"_links":{"self":[{"href":"https:\/\/www.reporolimpico.com\/index.php\/wp-json\/wp\/v2\/posts\/188","targetHints":{"allow":["GET"]}}],"collection":[{"href":"https:\/\/www.reporolimpico.com\/index.php\/wp-json\/wp\/v2\/posts"}],"about":[{"href":"https:\/\/www.reporolimpico.com\/index.php\/wp-json\/wp\/v2\/types\/post"}],"author":[{"embeddable":true,"href":"https:\/\/www.reporolimpico.com\/index.php\/wp-json\/wp\/v2\/users\/1"}],"replies":[{"embeddable":true,"href":"https:\/\/www.reporolimpico.com\/index.php\/wp-json\/wp\/v2\/comments?post=188"}],"version-history":[{"count":3,"href":"https:\/\/www.reporolimpico.com\/index.php\/wp-json\/wp\/v2\/posts\/188\/revisions"}],"predecessor-version":[{"id":1167,"href":"https:\/\/www.reporolimpico.com\/index.php\/wp-json\/wp\/v2\/posts\/188\/revisions\/1167"}],"wp:featuredmedia":[{"embeddable":true,"href":"https:\/\/www.reporolimpico.com\/index.php\/wp-json\/wp\/v2\/media\/190"}],"wp:attachment":[{"href":"https:\/\/www.reporolimpico.com\/index.php\/wp-json\/wp\/v2\/media?parent=188"}],"wp:term":[{"taxonomy":"category","embeddable":true,"href":"https:\/\/www.reporolimpico.com\/index.php\/wp-json\/wp\/v2\/categories?post=188"},{"taxonomy":"post_tag","embeddable":true,"href":"https:\/\/www.reporolimpico.com\/index.php\/wp-json\/wp\/v2\/tags?post=188"}],"curies":[{"name":"wp","href":"https:\/\/api.w.org\/{rel}","templated":true}]}}