{"id":162,"date":"2020-07-16T11:10:19","date_gmt":"2020-07-16T11:10:19","guid":{"rendered":"http:\/\/www.reporolimpico.com\/?p=162"},"modified":"2020-07-17T10:01:19","modified_gmt":"2020-07-17T10:01:19","slug":"records-del-mundo-en-atletismo","status":"publish","type":"post","link":"https:\/\/www.reporolimpico.com\/index.php\/2020\/07\/16\/records-del-mundo-en-atletismo\/","title":{"rendered":"R\u00e9cords del Mundo en Atletismo"},"content":{"rendered":"\n<p>Estos son los R\u00e9cords del Mundo vigentes en todas las pruebas del atletismo que forman parte actualmente del calendario de los campeonatos del mundo (Las mismas que en los JJOO, a\u00f1adiendo el 50km marcha femenino, que no es ol\u00edmpico).<\/p>\n\n\n\n<h2 class=\"wp-block-heading\"><span class=\"has-inline-color has-vivid-cyan-blue-color\">Hombres<\/span><\/h2>\n\n\n\n\n<table id=\"tablepress-3\" class=\"tablepress tablepress-id-3\">\n<thead>\n<tr class=\"row-1\">\n\t<th class=\"column-1\">Prueba<\/th><th class=\"column-2\">Deportista<\/th><th class=\"column-3\">R\u00e9cord<\/th><th class=\"column-4\">Fecha<\/th><th class=\"column-5\">Evento<\/th><td class=\"column-6\"><\/td>\n<\/tr>\n<\/thead>\n<tbody class=\"row-striping row-hover\">\n<tr class=\"row-2\">\n\t<td class=\"column-1\">100 m<\/td><td class=\"column-2\"><img loading=\"lazy\" decoding=\"async\" src=\"http:\/\/www.reporolimpico.com\/wp-content\/uploads\/2020\/07\/JAM.jpg\" alt=\"\" width=\"22\" height=\"15\" class=\"alignnone size-full wp-image-142\" \/> Usain Bolt<\/td><td class=\"column-3\">9.58<\/td><td class=\"column-4\">19-08-2009<\/td><td class=\"column-5\">Cto. Mundo, Berl\u00edn<\/td><td class=\"column-6\"><a href=\"https:\/\/www.youtube.com\/watch?v=3nbjhpcZ9_g\" rel=\"noopener noreferrer\" target=\"_blank\">video<\/a><\/td>\n<\/tr>\n<tr class=\"row-3\">\n\t<td class=\"column-1\">200 m<\/td><td class=\"column-2\"><img loading=\"lazy\" decoding=\"async\" src=\"http:\/\/www.reporolimpico.com\/wp-content\/uploads\/2020\/07\/JAM.jpg\" alt=\"\" width=\"22\" height=\"15\" class=\"alignnone size-full wp-image-142\" \/> Usain Bolt<\/td><td class=\"column-3\">19.19<\/td><td class=\"column-4\">20-08-2009<\/td><td class=\"column-5\">Cto. Mundo, Berl\u00edn<\/td><td class=\"column-6\"><a href=\"https:\/\/www.youtube.com\/watch?v=VVsEiUspj5s&amp;t=22s\" rel=\"noopener noreferrer\" target=\"_blank\">video<\/a><\/td>\n<\/tr>\n<tr class=\"row-4\">\n\t<td class=\"column-1\">400 m<\/td><td class=\"column-2\"><img loading=\"lazy\" decoding=\"async\" src=\"http:\/\/www.reporolimpico.com\/wp-content\/uploads\/2020\/07\/RSA.jpg\" alt=\"\" width=\"22\" height=\"15\" class=\"alignnone size-full wp-image-147\" \/> Wayde van Niekerk<\/td><td class=\"column-3\">43.03<\/td><td class=\"column-4\">14-08-2016<\/td><td class=\"column-5\">Juegos Ol\u00edmpicos, R\u00edo de Janeiro<\/td><td class=\"column-6\"><a href=\"https:\/\/www.youtube.com\/watch?v=xG91krXuxyw\" rel=\"noopener noreferrer\" target=\"_blank\">video<\/a><\/td>\n<\/tr>\n<tr class=\"row-5\">\n\t<td class=\"column-1\">800 m<\/td><td class=\"column-2\"><img loading=\"lazy\" decoding=\"async\" src=\"http:\/\/www.reporolimpico.com\/wp-content\/uploads\/2020\/07\/KEN.jpg\" alt=\"\" width=\"22\" height=\"15\" class=\"alignnone size-full wp-image-154\" \/> David Rudisha<\/td><td class=\"column-3\">1:40.91<\/td><td class=\"column-4\">09-08-2012<\/td><td class=\"column-5\">Juegos Ol\u00edmpicos, Londres<\/td><td class=\"column-6\"><a href=\"https:\/\/www.youtube.com\/watch?v=YKEOjWEzVGs\" rel=\"noopener noreferrer\" target=\"_blank\">video<\/a><\/td>\n<\/tr>\n<tr class=\"row-6\">\n\t<td class=\"column-1\">1500 m<\/td><td class=\"column-2\"><img loading=\"lazy\" decoding=\"async\" src=\"http:\/\/www.reporolimpico.com\/wp-content\/uploads\/2020\/07\/MAR.jpg\" alt=\"\" width=\"22\" height=\"15\" class=\"alignnone size-full wp-image-147\" \/> Hicham El Guerrouj<\/td><td class=\"column-3\">3:26.00<\/td><td class=\"column-4\">14-07-1998<\/td><td class=\"column-5\">Golden Gala, Roma<\/td><td class=\"column-6\"><a href=\"https:\/\/www.youtube.com\/watch?v=6fFAU3B31cc\" rel=\"noopener noreferrer\" target=\"_blank\">video<\/a><\/td>\n<\/tr>\n<tr class=\"row-7\">\n\t<td class=\"column-1\">5000 m<\/td><td class=\"column-2\"><img loading=\"lazy\" decoding=\"async\" src=\"http:\/\/www.reporolimpico.com\/wp-content\/uploads\/2020\/07\/UGA.jpg\" alt=\"\" width=\"22\" height=\"15\" class=\"alignnone size-full wp-image-154\" \/> Joshua Cheptegei<\/td><td class=\"column-3\">12:35.36<\/td><td class=\"column-4\">14-08-2020<\/td><td class=\"column-5\">Diamond League, M\u00f3naco<\/td><td class=\"column-6\"><a href=\"https:\/\/www.youtube.com\/watch?v=RK5oOyA5s0U\" rel=\"noopener noreferrer\" target=\"_blank\">video<\/a><\/td>\n<\/tr>\n<tr class=\"row-8\">\n\t<td class=\"column-1\">10000 m<\/td><td class=\"column-2\"><img loading=\"lazy\" decoding=\"async\" src=\"http:\/\/www.reporolimpico.com\/wp-content\/uploads\/2020\/07\/UGA.jpg\" alt=\"\" width=\"22\" height=\"15\" class=\"alignnone size-full wp-image-154\" \/> Joshua Cheptegei<\/td><td class=\"column-3\">26:11.00<\/td><td class=\"column-4\">07-10-2020<\/td><td class=\"column-5\">NN Valencia World R\u00e9cord Day<\/td><td class=\"column-6\"><a href=\"https:\/\/www.youtube.com\/watch?v=TNaOQBC9gGo\" rel=\"noopener noreferrer\" target=\"_blank\">video<\/a><\/td>\n<\/tr>\n<tr class=\"row-9\">\n\t<td class=\"column-1\">Marat\u00f3n<\/td><td class=\"column-2\"><img loading=\"lazy\" decoding=\"async\" src=\"http:\/\/www.reporolimpico.com\/wp-content\/uploads\/2020\/07\/KEN.jpg\" alt=\"\" width=\"22\" height=\"15\" class=\"alignnone size-full wp-image-154\" \/> Eliud Kipchoge<\/td><td class=\"column-3\">2:01:09<\/td><td class=\"column-4\">25-09-2022<\/td><td class=\"column-5\">Marat\u00f3n de Berl\u00edn<\/td><td class=\"column-6\"><a href=\"https:\/\/www.youtube.com\/watch?v=hxDn4EEMank\" rel=\"noopener noreferrer\" target=\"_blank\">video<\/a><\/td>\n<\/tr>\n<tr class=\"row-10\">\n\t<td class=\"column-1\">110m Vallas<\/td><td class=\"column-2\"> <img loading=\"lazy\" decoding=\"async\" src=\"http:\/\/www.reporolimpico.com\/wp-content\/uploads\/2020\/07\/USA.jpg\" alt=\"\" width=\"22\" height=\"15\" class=\"alignnone size-full wp-image-141\" \/> Aries Merritt<\/td><td class=\"column-3\">12.80<\/td><td class=\"column-4\">07-09-2012<\/td><td class=\"column-5\">Memorial Van Damme, Bruselas <\/td><td class=\"column-6\"><a href=\"https:\/\/www.youtube.com\/watch?v=i3yN9G5rJYQ\" rel=\"noopener noreferrer\" target=\"_blank\">video<\/a><\/td>\n<\/tr>\n<tr class=\"row-11\">\n\t<td class=\"column-1\">400m Vallas<\/td><td class=\"column-2\"> <img loading=\"lazy\" decoding=\"async\" src=\"http:\/\/www.reporolimpico.com\/wp-content\/uploads\/2020\/07\/NOR.jpg\" alt=\"\" width=\"22\" height=\"15\" class=\"alignnone size-full wp-image-141\" \/> Karsten Warholm<\/td><td class=\"column-3\">45.94<\/td><td class=\"column-4\">03-08-2021<\/td><td class=\"column-5\">Juegos Ol\u00edmpicos, Tokio<\/td><td class=\"column-6\"><a href=\"https:\/\/www.youtube.com\/watch?v=mGzBtcnIfvc\" rel=\"noopener noreferrer\" target=\"_blank\">video<\/a><\/td>\n<\/tr>\n<tr class=\"row-12\">\n\t<td class=\"column-1\">3000m Obst\u00e1culos<\/td><td class=\"column-2\"><img loading=\"lazy\" decoding=\"async\" src=\"http:\/\/www.reporolimpico.com\/wp-content\/uploads\/2020\/07\/QAT.jpg\" alt=\"\" width=\"22\" height=\"15\" class=\"alignnone size-full wp-image-154\" \/> Saif Saaeed Shaheen<\/td><td class=\"column-3\">7:53.63<\/td><td class=\"column-4\">03-09-2004<\/td><td class=\"column-5\">Memorial Van Damme, Bruselas <\/td><td class=\"column-6\"><a href=\"https:\/\/www.youtube.com\/watch?v=7b_drNFQrTs\" rel=\"noopener noreferrer\" target=\"_blank\">video<\/a><\/td>\n<\/tr>\n<tr class=\"row-13\">\n\t<td class=\"column-1\">Altura<\/td><td class=\"column-2\"><img loading=\"lazy\" decoding=\"async\" src=\"http:\/\/www.reporolimpico.com\/wp-content\/uploads\/2020\/07\/CUB.jpg\" alt=\"\" width=\"22\" height=\"15\" class=\"alignnone size-full wp-image-154\" \/>  Javier Sotomayor<\/td><td class=\"column-3\">2.45 m<\/td><td class=\"column-4\">27-07-1993<\/td><td class=\"column-5\">Gran Premio Diputaci\u00f3n, Salamanca <\/td><td class=\"column-6\"><a href=\"https:\/\/www.youtube.com\/watch?v=7n6NhV4CaiU&amp;t=190s\" rel=\"noopener noreferrer\" target=\"_blank\">video<\/a><\/td>\n<\/tr>\n<tr class=\"row-14\">\n\t<td class=\"column-1\">P\u00e9rtiga<\/td><td class=\"column-2\"><img loading=\"lazy\" decoding=\"async\" src=\"http:\/\/www.reporolimpico.com\/wp-content\/uploads\/2020\/07\/SWE.jpg\" alt=\"\" width=\"22\" height=\"15\" class=\"alignnone size-full wp-image-147\" \/> Armand Duplantis<\/td><td class=\"column-3\">6.21 m<\/td><td class=\"column-4\">24-07-2022<\/td><td class=\"column-5\">Cto. Mundo, Eugene<\/td><td class=\"column-6\"><a href=\"https:\/\/www.youtube.com\/watch?v=o_FnI0kCX7w\" rel=\"noopener noreferrer\" target=\"_blank\">video<\/a><\/td>\n<\/tr>\n<tr class=\"row-15\">\n\t<td class=\"column-1\">Longitud<\/td><td class=\"column-2\"> <img loading=\"lazy\" decoding=\"async\" src=\"http:\/\/www.reporolimpico.com\/wp-content\/uploads\/2020\/07\/USA.jpg\" alt=\"\" width=\"22\" height=\"15\" class=\"alignnone size-full wp-image-141\" \/> Mike Powell<\/td><td class=\"column-3\">8.95 m<\/td><td class=\"column-4\">30-08-1991<\/td><td class=\"column-5\">Cto., Tokio<\/td><td class=\"column-6\"><a href=\"https:\/\/www.youtube.com\/watch?v=zuqNxHmtBD8\" rel=\"noopener noreferrer\" target=\"_blank\">video<\/a><\/td>\n<\/tr>\n<tr class=\"row-16\">\n\t<td class=\"column-1\">Triple<\/td><td class=\"column-2\"><img loading=\"lazy\" decoding=\"async\" src=\"http:\/\/www.reporolimpico.com\/wp-content\/uploads\/2020\/07\/GBR.jpg\" alt=\"\" width=\"22\" height=\"15\" class=\"alignnone size-full wp-image-147\" \/> Jonathan Edwards<\/td><td class=\"column-3\">18.29 m<\/td><td class=\"column-4\">07-08-1995<\/td><td class=\"column-5\">Cto. del Mundo, Goteborg<\/td><td class=\"column-6\"><a href=\"https:\/\/www.youtube.com\/watch?v=mi9KwAy5iQo\" rel=\"noopener noreferrer\" target=\"_blank\">video<\/a><\/td>\n<\/tr>\n<tr class=\"row-17\">\n\t<td class=\"column-1\">Peso<\/td><td class=\"column-2\"> <img loading=\"lazy\" decoding=\"async\" src=\"http:\/\/www.reporolimpico.com\/wp-content\/uploads\/2020\/07\/USA.jpg\" alt=\"\" width=\"22\" height=\"15\" class=\"alignnone size-full wp-image-141\" \/> Ryan Crouser<\/td><td class=\"column-3\">23.37 m<\/td><td class=\"column-4\">18-06-2021<\/td><td class=\"column-5\">Trials USA, Eugene<\/td><td class=\"column-6\"><a href=\"https:\/\/www.youtube.com\/watch?v=bc43c12rqXE\" rel=\"noopener noreferrer\" target=\"_blank\">video<\/a><\/td>\n<\/tr>\n<tr class=\"row-18\">\n\t<td class=\"column-1\">Disco<\/td><td class=\"column-2\"><img loading=\"lazy\" decoding=\"async\" src=\"http:\/\/www.reporolimpico.com\/wp-content\/uploads\/2020\/07\/GDR.jpg\" alt=\"\" width=\"22\" height=\"15\" class=\"alignnone size-full wp-image-147\" \/> J\u00fcrgen Schult<\/td><td class=\"column-3\">74.08 m<\/td><td class=\"column-4\">06-06-1986<\/td><td class=\"column-5\">Neubrandenburg, Alemania del Este<\/td><td class=\"column-6\"><a href=\"https:\/\/www.youtube.com\/watch?v=bONjm35Wu7w\" rel=\"noopener noreferrer\" target=\"_blank\">video<\/a><\/td>\n<\/tr>\n<tr class=\"row-19\">\n\t<td class=\"column-1\">Martillo<\/td><td class=\"column-2\"><img loading=\"lazy\" decoding=\"async\" src=\"http:\/\/www.reporolimpico.com\/wp-content\/uploads\/2020\/07\/URS.jpg\" alt=\"\" width=\"22\" height=\"15\" class=\"alignnone size-full wp-image-147\" \/> Yuriy Sedykh<\/td><td class=\"column-3\">86.74 m<\/td><td class=\"column-4\">30-08-1986<\/td><td class=\"column-5\">Campeonato de Europa, Stuttgart<\/td><td class=\"column-6\"><a href=\"https:\/\/www.youtube.com\/watch?v=Xldq4VHntFQ\" rel=\"noopener noreferrer\" target=\"_blank\">video<\/a><\/td>\n<\/tr>\n<tr class=\"row-20\">\n\t<td class=\"column-1\">Jabalina<\/td><td class=\"column-2\"><img loading=\"lazy\" decoding=\"async\" src=\"http:\/\/www.reporolimpico.com\/wp-content\/uploads\/2020\/07\/CZE.jpg\" alt=\"\" width=\"22\" height=\"15\" class=\"alignnone size-full wp-image-147\" \/> Jan Zelezny<\/td><td class=\"column-3\">98.48 m<\/td><td class=\"column-4\">25-05-1996<\/td><td class=\"column-5\">Meeting Jena, Alemania<\/td><td class=\"column-6\"><a href=\"https:\/\/www.youtube.com\/watch?v=pgUtL9cEVIE\" rel=\"noopener noreferrer\" target=\"_blank\">video<\/a><\/td>\n<\/tr>\n<tr class=\"row-21\">\n\t<td class=\"column-1\">Decatl\u00f3n<\/td><td class=\"column-2\"><img loading=\"lazy\" decoding=\"async\" src=\"http:\/\/www.reporolimpico.com\/wp-content\/uploads\/2020\/07\/FRA.jpg\" alt=\"\" width=\"22\" height=\"15\" class=\"alignnone size-full wp-image-147\" \/> Kevin Mayer<\/td><td class=\"column-3\">9126 pts<\/td><td class=\"column-4\">16-09-2018<\/td><td class=\"column-5\">D\u00e9castar, Talence, Francia<\/td><td class=\"column-6\"><a href=\"https:\/\/www.youtube.com\/watch?v=6Boc4_EnUEY\" rel=\"noopener noreferrer\" target=\"_blank\">video<\/a><\/td>\n<\/tr>\n<tr class=\"row-22\">\n\t<td class=\"column-1\">20km Marcha<\/td><td class=\"column-2\"><img loading=\"lazy\" decoding=\"async\" src=\"http:\/\/www.reporolimpico.com\/wp-content\/uploads\/2020\/07\/JPN.jpg\" alt=\"\" width=\"22\" height=\"15\" class=\"alignnone size-full wp-image-147\" \/> Yusuke Suzuki<\/td><td class=\"column-3\">01:16:36<\/td><td class=\"column-4\">15-03-2015<\/td><td class=\"column-5\">Cto. Asia de Marcha, Nomi, JPN<\/td><td class=\"column-6\"><a href=\"https:\/\/www.google.com\/search?q=Yusuke+Suzuki+world+record&amp;client=firefox-b-d&amp;hl=es&amp;tbm=isch&amp;sxsrf=ALeKk01jxHBYSzSRzncFiFWBx26yqLtkvw:1592764708459&amp;source=lnms&amp;sa=X&amp;ved=0ahUKEwjI4KH1xpPqAhW86uAKHbpkBJMQ_AUICygC&amp;biw=1366&amp;bih=654&amp;dpr=1\" rel=\"noopener noreferrer\" target=\"_blank\">video<\/a><\/td>\n<\/tr>\n<tr class=\"row-23\">\n\t<td class=\"column-1\">50km Marcha<\/td><td class=\"column-2\"><img loading=\"lazy\" decoding=\"async\" src=\"http:\/\/www.reporolimpico.com\/wp-content\/uploads\/2020\/07\/FRA.jpg\" alt=\"\" width=\"22\" height=\"15\" class=\"alignnone size-full wp-image-147\" \/> Yohann Diniz<\/td><td class=\"column-3\">3:32:33<\/td><td class=\"column-4\">15-08-2014<\/td><td class=\"column-5\">Cto. de Europa, Z\u00farich<\/td><td class=\"column-6\"><a href=\"https:\/\/www.youtube.com\/watch?v=s72-_YAmh7A\" rel=\"noopener noreferrer\" target=\"_blank\">video<\/a><\/td>\n<\/tr>\n<tr class=\"row-24\">\n\t<td class=\"column-1\">4\u00d7100m<\/td><td class=\"column-2\"><img loading=\"lazy\" decoding=\"async\" src=\"http:\/\/www.reporolimpico.com\/wp-content\/uploads\/2020\/07\/JAM.jpg\" alt=\"\" width=\"22\" height=\"15\" class=\"alignnone size-full wp-image-142\" \/> Jamaica<br \/>\n<br \/>\nNesta Carter<br \/>\nMichael Frater<br \/>\nYohan Blake<br \/>\nUsain Bolt<\/td><td class=\"column-3\">36.84<\/td><td class=\"column-4\">11-08-2012<\/td><td class=\"column-5\">Juegos Ol\u00edmpicos, Londres<\/td><td class=\"column-6\"><a href=\"https:\/\/www.youtube.com\/watch?v=uwLDpcye-VM\" rel=\"noopener noreferrer\" target=\"_blank\">video<\/a><\/td>\n<\/tr>\n<tr class=\"row-25\">\n\t<td class=\"column-1\">4\u00d7400m<\/td><td class=\"column-2\"> <img loading=\"lazy\" decoding=\"async\" src=\"http:\/\/www.reporolimpico.com\/wp-content\/uploads\/2020\/07\/USA.jpg\" alt=\"\" width=\"22\" height=\"15\" class=\"alignnone size-full wp-image-141\" \/> Estados Unidos<br \/>\n<br \/>\nAndrew Valmon<br \/>\nQuincy Watts<br \/>\nButch Reynolds<br \/>\nMichael Johnson<\/td><td class=\"column-3\">2:54.29<\/td><td class=\"column-4\">22-08-1993<\/td><td class=\"column-5\">Campeonato del Mundo, Stuttgart<\/td><td class=\"column-6\"><a href=\"https:\/\/www.youtube.com\/watch?v=VL4vPXqMe0k\" rel=\"noopener noreferrer\" target=\"_blank\">video<\/a><\/td>\n<\/tr>\n<\/tbody>\n<\/table>\n<!-- #tablepress-3 from cache -->\n\n\n\n<p>* Del r\u00e9cord del mundo de 20km Marcha no he encontrado video. He puesto un enlace a im\u00e1genes de google.<\/p>\n\n\n\n<h2 class=\"wp-block-heading\"><span class=\"has-inline-color has-vivid-cyan-blue-color\">Mujeres<\/span><\/h2>\n\n\n\n\n<table id=\"tablepress-4\" class=\"tablepress tablepress-id-4\">\n<thead>\n<tr class=\"row-1\">\n\t<th class=\"column-1\">Prueba<\/th><th class=\"column-2\">Deportista<\/th><th class=\"column-3\">R\u00e9cord<\/th><th class=\"column-4\">Fecha<\/th><th class=\"column-5\">Evento<\/th><td class=\"column-6\"><\/td>\n<\/tr>\n<\/thead>\n<tbody class=\"row-striping row-hover\">\n<tr class=\"row-2\">\n\t<td class=\"column-1\">100 m<\/td><td class=\"column-2\"><img loading=\"lazy\" decoding=\"async\" src=\"http:\/\/www.reporolimpico.com\/wp-content\/uploads\/2020\/07\/USA.jpg\" alt=\"\" width=\"22\" height=\"15\" class=\"alignnone size-full wp-image-154\" \/>  Florence Griffith Joyner <\/td><td class=\"column-3\">10.49<\/td><td class=\"column-4\">16-07-1988<\/td><td class=\"column-5\">Trials USA, Indian\u00e1polis<\/td><td class=\"column-6\"><a href=\"https:\/\/www.youtube.com\/watch?v=Mrt9yZL8dbI\" rel=\"noopener noreferrer\" target=\"_blank\">video<\/a><\/td>\n<\/tr>\n<tr class=\"row-3\">\n\t<td class=\"column-1\">200 m<\/td><td class=\"column-2\"><img loading=\"lazy\" decoding=\"async\" src=\"http:\/\/www.reporolimpico.com\/wp-content\/uploads\/2020\/07\/USA.jpg\" alt=\"\" width=\"22\" height=\"15\" class=\"alignnone size-full wp-image-154\" \/> Florence Griffith Joyner<\/td><td class=\"column-3\">21.34<\/td><td class=\"column-4\">29-09-1988<\/td><td class=\"column-5\">Juegos Ol\u00edmpicos, Se\u00fal<\/td><td class=\"column-6\"><a href=\"https:\/\/www.youtube.com\/watch?v=p5UTjitVC24\" rel=\"noopener noreferrer\" target=\"_blank\">video<\/a><\/td>\n<\/tr>\n<tr class=\"row-4\">\n\t<td class=\"column-1\">400 m<\/td><td class=\"column-2\"><img loading=\"lazy\" decoding=\"async\" src=\"http:\/\/www.reporolimpico.com\/wp-content\/uploads\/2020\/07\/GDR.jpg\" alt=\"\" width=\"22\" height=\"15\" class=\"alignnone size-full wp-image-154\" \/> Marita Koch<\/td><td class=\"column-3\">47.60<\/td><td class=\"column-4\">06-10-1985<\/td><td class=\"column-5\">Copa del Mundo Camberra<\/td><td class=\"column-6\"><a href=\"https:\/\/www.youtube.com\/watch?v=OD4OUTXvtRU rel=\"noopener\" target=\"_blank\"\">video<\/a><\/td>\n<\/tr>\n<tr class=\"row-5\">\n\t<td class=\"column-1\">800 m<\/td><td class=\"column-2\"><img loading=\"lazy\" decoding=\"async\" src=\"http:\/\/www.reporolimpico.com\/wp-content\/uploads\/2020\/07\/CZE.jpg\" alt=\"\" width=\"22\" height=\"15\" class=\"alignnone size-full wp-image-154\" \/> Jarmila Kratochv\u00edlov\u00e1<\/td><td class=\"column-3\">1:53.28<\/td><td class=\"column-4\">26-07-1983<\/td><td class=\"column-5\">M\u00fanich, Alemania Occidental<\/td><td class=\"column-6\"><a href=\"https:\/\/www.youtube.com\/watch?v=ObikI1d8xPI\" rel=\"noopener noreferrer\" target=\"_blank\">video<\/a><\/td>\n<\/tr>\n<tr class=\"row-6\">\n\t<td class=\"column-1\">1500 m<\/td><td class=\"column-2\"><img loading=\"lazy\" decoding=\"async\" src=\"http:\/\/www.reporolimpico.com\/wp-content\/uploads\/2020\/07\/ETH.jpg\" alt=\"\" width=\"22\" height=\"15\" class=\"alignnone size-full wp-image-154\" \/> Genzebe Dibaba<\/td><td class=\"column-3\">3:50.07<\/td><td class=\"column-4\">17-07-2015<\/td><td class=\"column-5\">Herculis, M\u00f3naco<\/td><td class=\"column-6\"><a href=\"https:\/\/www.youtube.com\/watch?v=2eWmO1SFHYo\" rel=\"noopener noreferrer\" target=\"_blank\">video<\/a><\/td>\n<\/tr>\n<tr class=\"row-7\">\n\t<td class=\"column-1\">5000 m<\/td><td class=\"column-2\"><img loading=\"lazy\" decoding=\"async\" src=\"http:\/\/www.reporolimpico.com\/wp-content\/uploads\/2020\/07\/ETH.jpg\" alt=\"\" width=\"22\" height=\"15\" class=\"alignnone size-full wp-image-154\" \/>  Letesenbet Gidey<\/td><td class=\"column-3\">14:06.62<\/td><td class=\"column-4\">07-10-2020<\/td><td class=\"column-5\">NN Valencia World R\u00e9cord Day<\/td><td class=\"column-6\"><a href=\"https:\/\/www.youtube.com\/watch?v=vF7I35yUqSM\" rel=\"noopener noreferrer\" target=\"_blank\">video<\/a><\/td>\n<\/tr>\n<tr class=\"row-8\">\n\t<td class=\"column-1\">10000 m<\/td><td class=\"column-2\"><img loading=\"lazy\" decoding=\"async\" src=\"http:\/\/www.reporolimpico.com\/wp-content\/uploads\/2020\/07\/ETH.jpg\" alt=\"\" width=\"22\" height=\"15\" class=\"alignnone size-full wp-image-154\" \/>  Letesenbet Gidey<\/td><td class=\"column-3\">29:01.03<\/td><td class=\"column-4\">08-06-2021<\/td><td class=\"column-5\">Trials Etiop\u00eda, Hengelo (NED)<\/td><td class=\"column-6\"><a href=\"https:\/\/www.youtube.com\/watch?v=vcUxQdEcy3c\" rel=\"noopener noreferrer\" target=\"_blank\">video<\/a><\/td>\n<\/tr>\n<tr class=\"row-9\">\n\t<td class=\"column-1\">Marathon<\/td><td class=\"column-2\"><img loading=\"lazy\" decoding=\"async\" src=\"http:\/\/www.reporolimpico.com\/wp-content\/uploads\/2020\/07\/KEN.jpg\" alt=\"\" width=\"22\" height=\"15\" class=\"alignnone size-full wp-image-154\" \/>  Brigid Kosgei<\/td><td class=\"column-3\">02:14:04<\/td><td class=\"column-4\">13-10-2019<\/td><td class=\"column-5\">Marat\u00f3n de Chicago<\/td><td class=\"column-6\"><a href=\"https:\/\/www.youtube.com\/watch?v=5pe1C1x4FgI\" rel=\"noopener noreferrer\" target=\"_blank\">video<\/a><\/td>\n<\/tr>\n<tr class=\"row-10\">\n\t<td class=\"column-1\">100m Vallas<\/td><td class=\"column-2\"><img loading=\"lazy\" decoding=\"async\" src=\"http:\/\/www.reporolimpico.com\/wp-content\/uploads\/2020\/07\/NGR.jpg\" alt=\"\" width=\"22\" height=\"15\" class=\"alignnone size-full wp-image-154\" \/> Tobi Amusan<\/td><td class=\"column-3\">12.12<\/td><td class=\"column-4\">24-07-2022<\/td><td class=\"column-5\">Cto. Mundo, Eugene<\/td><td class=\"column-6\"><a href=\"https:\/\/www.youtube.com\/watch?v=bY9DlgdrQM4\" rel=\"noopener noreferrer\" target=\"_blank\">video<\/a><\/td>\n<\/tr>\n<tr class=\"row-11\">\n\t<td class=\"column-1\">400m Vallas<\/td><td class=\"column-2\"><img loading=\"lazy\" decoding=\"async\" src=\"http:\/\/www.reporolimpico.com\/wp-content\/uploads\/2020\/07\/USA.jpg\" alt=\"\" width=\"22\" height=\"15\" class=\"alignnone size-full wp-image-154\" \/> Sydney McLaughlin<\/td><td class=\"column-3\">50.68<\/td><td class=\"column-4\">22-07-2022<\/td><td class=\"column-5\">Cto. Mundo, Eugene<\/td><td class=\"column-6\"><a href=\"https:\/\/www.youtube.com\/watch?v=jV_8KfaIY14\" rel=\"noopener noreferrer\" target=\"_blank\">video<\/a><\/td>\n<\/tr>\n<tr class=\"row-12\">\n\t<td class=\"column-1\">3000m Obst\u00e1culos<\/td><td class=\"column-2\"><img loading=\"lazy\" decoding=\"async\" src=\"http:\/\/www.reporolimpico.com\/wp-content\/uploads\/2020\/07\/KEN.jpg\" alt=\"\" width=\"22\" height=\"15\" class=\"alignnone size-full wp-image-154\" \/>  Beatrice Chepkoech<\/td><td class=\"column-3\">8:44.32<\/td><td class=\"column-4\">20-07-2018<\/td><td class=\"column-5\">Herculis, M\u00f3naco<\/td><td class=\"column-6\"><a href=\"https:\/\/www.youtube.com\/watch?v=_a8MkZZYKOw\" rel=\"noopener noreferrer\" target=\"_blank\">video<\/a><\/td>\n<\/tr>\n<tr class=\"row-13\">\n\t<td class=\"column-1\">Altura<\/td><td class=\"column-2\"><img loading=\"lazy\" decoding=\"async\" src=\"http:\/\/www.reporolimpico.com\/wp-content\/uploads\/2020\/07\/BUL.jpg\" alt=\"\" width=\"22\" height=\"15\" class=\"alignnone size-full wp-image-154\" \/> Stefka Kostadinova<\/td><td class=\"column-3\">2.09 m<\/td><td class=\"column-4\">30-08-1987<\/td><td class=\"column-5\">Cto. Mundo, Roma<\/td><td class=\"column-6\"><a href=\"https:\/\/www.youtube.com\/watch?v=GiHCOSgpzYA\" rel=\"noopener noreferrer\" target=\"_blank\">video<\/a><\/td>\n<\/tr>\n<tr class=\"row-14\">\n\t<td class=\"column-1\">P\u00e9rtiga<\/td><td class=\"column-2\"><img loading=\"lazy\" decoding=\"async\" src=\"http:\/\/www.reporolimpico.com\/wp-content\/uploads\/2020\/07\/RUS.jpg\" alt=\"\" width=\"22\" height=\"15\" class=\"alignnone size-full wp-image-154\" \/>  Yelena Isinbayeva <\/td><td class=\"column-3\">5.06 m<\/td><td class=\"column-4\">28-08-2009<\/td><td class=\"column-5\">Meeting Z\u00farich<\/td><td class=\"column-6\"><a href=\"https:\/\/www.youtube.com\/watch?v=PwJsmDowiYU\" rel=\"noopener noreferrer\" target=\"_blank\">video<\/a><\/td>\n<\/tr>\n<tr class=\"row-15\">\n\t<td class=\"column-1\">Longitud<\/td><td class=\"column-2\"><img loading=\"lazy\" decoding=\"async\" src=\"http:\/\/www.reporolimpico.com\/wp-content\/uploads\/2020\/07\/URS.jpg\" alt=\"\" width=\"22\" height=\"15\" class=\"alignnone size-full wp-image-154\" \/> Galina Chistyakova<\/td><td class=\"column-3\">7.52 m<\/td><td class=\"column-4\">11-06-1988<\/td><td class=\"column-5\">Meeting Leningrado, URS<\/td><td class=\"column-6\"><a href=\"https:\/\/www.youtube.com\/watch?v=RlQrnP1DN7Q\" rel=\"noopener noreferrer\" target=\"_blank\">video<\/a><\/td>\n<\/tr>\n<tr class=\"row-16\">\n\t<td class=\"column-1\">Triple<\/td><td class=\"column-2\"><img loading=\"lazy\" decoding=\"async\" src=\"http:\/\/www.reporolimpico.com\/wp-content\/uploads\/2020\/07\/VEN.jpg\" alt=\"\" width=\"22\" height=\"15\" class=\"alignnone size-full wp-image-154\" \/> Yulimar Rojas<\/td><td class=\"column-3\">15.74 m<\/td><td class=\"column-4\">20-03-2022<\/td><td class=\"column-5\">Cto. Mundo P.Cubierta, Belgrado<\/td><td class=\"column-6\"><a href=\"https:\/\/www.youtube.com\/watch?v=oNeQ0k35XXQ\" rel=\"noopener noreferrer\" target=\"_blank\">video<\/a><\/td>\n<\/tr>\n<tr class=\"row-17\">\n\t<td class=\"column-1\">Peso<\/td><td class=\"column-2\"><img loading=\"lazy\" decoding=\"async\" src=\"http:\/\/www.reporolimpico.com\/wp-content\/uploads\/2020\/07\/URS.jpg\" alt=\"\" width=\"22\" height=\"15\" class=\"alignnone size-full wp-image-154\" \/>  Natalya Lisovskaya<\/td><td class=\"column-3\">22.63 m<\/td><td class=\"column-4\">07-06-1987<\/td><td class=\"column-5\">Brothers Znamensky Memorial, Mosc\u00fa<\/td><td class=\"column-6\"><a href=\"https:\/\/www.youtube.com\/watch?v=YBuv8JuPHng\" rel=\"noopener noreferrer\" target=\"_blank\">video<\/a><\/td>\n<\/tr>\n<tr class=\"row-18\">\n\t<td class=\"column-1\">Disco<\/td><td class=\"column-2\"><img loading=\"lazy\" decoding=\"async\" src=\"http:\/\/www.reporolimpico.com\/wp-content\/uploads\/2020\/07\/GDR.jpg\" alt=\"\" width=\"22\" height=\"15\" class=\"alignnone size-full wp-image-154\" \/>  Gabriele Reinsch <\/td><td class=\"column-3\">76.80 m<\/td><td class=\"column-4\">09-07-1988<\/td><td class=\"column-5\">Neubrandenburg, Alemania del Este<\/td><td class=\"column-6\"><a href=\"https:\/\/www.youtube.com\/watch?v=MJRGH6rAf8k\" rel=\"noopener noreferrer\" target=\"_blank\">video<\/a><\/td>\n<\/tr>\n<tr class=\"row-19\">\n\t<td class=\"column-1\">Martillo<\/td><td class=\"column-2\"><img loading=\"lazy\" decoding=\"async\" src=\"http:\/\/www.reporolimpico.com\/wp-content\/uploads\/2020\/07\/POL.jpg\" alt=\"\" width=\"22\" height=\"15\" class=\"alignnone size-full wp-image-154\" \/>  Anita Wlodarczyk <\/td><td class=\"column-3\">82.98 m<\/td><td class=\"column-4\">28-08-2016<\/td><td class=\"column-5\">Memorial Skolimowska, Varsovia<\/td><td class=\"column-6\"><a href=\"https:\/\/www.youtube.com\/watch?v=WRnsi3VDtyI\" rel=\"noopener noreferrer\" target=\"_blank\">video<\/a><\/td>\n<\/tr>\n<tr class=\"row-20\">\n\t<td class=\"column-1\">Jabalina<\/td><td class=\"column-2\"><img loading=\"lazy\" decoding=\"async\" src=\"http:\/\/www.reporolimpico.com\/wp-content\/uploads\/2020\/07\/CZE.jpg\" alt=\"\" width=\"22\" height=\"15\" class=\"alignnone size-full wp-image-154\" \/>  Barbora Spot\u00e1kov\u00e1 <\/td><td class=\"column-3\">72.28 m<\/td><td class=\"column-4\">13-09-2008<\/td><td class=\"column-5\">World Athletics Final, Stuttgart<\/td><td class=\"column-6\"><a href=\"https:\/\/www.youtube.com\/watch?v=j_5xVEoaz-k\" rel=\"noopener noreferrer\" target=\"_blank\">video<\/a><\/td>\n<\/tr>\n<tr class=\"row-21\">\n\t<td class=\"column-1\">H\u00e9ptatlon<\/td><td class=\"column-2\"><img loading=\"lazy\" decoding=\"async\" src=\"http:\/\/www.reporolimpico.com\/wp-content\/uploads\/2020\/07\/USA.jpg\" alt=\"\" width=\"22\" height=\"15\" class=\"alignnone size-full wp-image-154\" \/>  Jackie Joyner-Kersee<\/td><td class=\"column-3\">7291 pts<\/td><td class=\"column-4\">24-09-1988<\/td><td class=\"column-5\">Juegos Ol\u00edmpicos, Se\u00fal<\/td><td class=\"column-6\"><a href=\"https:\/\/www.youtube.com\/watch?v=_Z-QfDiV2XA\" rel=\"noopener noreferrer\" target=\"_blank\">video<\/a><\/td>\n<\/tr>\n<tr class=\"row-22\">\n\t<td class=\"column-1\">20km Marcha<\/td><td class=\"column-2\"><img loading=\"lazy\" decoding=\"async\" src=\"http:\/\/www.reporolimpico.com\/wp-content\/uploads\/2020\/07\/CHN.jpg\" alt=\"\" width=\"22\" height=\"15\" class=\"alignnone size-full wp-image-154\" \/> Yang Jiayu<\/td><td class=\"column-3\">01:23:49<\/td><td class=\"column-4\">20-03-2021<\/td><td class=\"column-5\">Cto. Chino Marcha, Huangshan<\/td><td class=\"column-6\"><a href=\"https:\/\/twitter.com\/CGTNSportsScene\/status\/1373567382917025796\" rel=\"noopener noreferrer\" target=\"_blank\">video<\/a><\/td>\n<\/tr>\n<tr class=\"row-23\">\n\t<td class=\"column-1\">50km Marcha<\/td><td class=\"column-2\"><img loading=\"lazy\" decoding=\"async\" src=\"http:\/\/www.reporolimpico.com\/wp-content\/uploads\/2020\/07\/CHN.jpg\" alt=\"\" width=\"22\" height=\"15\" class=\"alignnone size-full wp-image-154\" \/>  Liu Hong<\/td><td class=\"column-3\">03:59:15<\/td><td class=\"column-4\">09-03-2019<\/td><td class=\"column-5\">Grand Prix Chino de Marcha, Huangshan<\/td><td class=\"column-6\"><a href=\"https:\/\/www.facebook.com\/PeoplesDaily\/videos\/1651594194984076\/\" rel=\"noopener noreferrer\" target=\"_blank\">video<\/a><\/td>\n<\/tr>\n<tr class=\"row-24\">\n\t<td class=\"column-1\">4\u00d7100m<\/td><td class=\"column-2\"><img loading=\"lazy\" decoding=\"async\" src=\"http:\/\/www.reporolimpico.com\/wp-content\/uploads\/2020\/07\/USA.jpg\" alt=\"\" width=\"22\" height=\"15\" class=\"alignnone size-full wp-image-154\" \/> Estados Unidos<br \/>\n<br \/>\nTianna Madison<br \/>\nAllyson Felix<br \/>\nBianca Knight<br \/>\nCarmelita Jeter<\/td><td class=\"column-3\">40.82<\/td><td class=\"column-4\">10-08-2012<\/td><td class=\"column-5\">Juegos Ol\u00edmpicos, Londres<\/td><td class=\"column-6\"><a href=\"https:\/\/www.youtube.com\/watch?v=sAfhf_u_QBI\" rel=\"noopener noreferrer\" target=\"_blank\">video<\/a><\/td>\n<\/tr>\n<tr class=\"row-25\">\n\t<td class=\"column-1\">4\u00d7400m<\/td><td class=\"column-2\"><img loading=\"lazy\" decoding=\"async\" src=\"http:\/\/www.reporolimpico.com\/wp-content\/uploads\/2020\/07\/URS.jpg\" alt=\"\" width=\"22\" height=\"15\" class=\"alignnone size-full wp-image-154\" \/>  Uni\u00f3n Sovi\u00e9tica<br \/>\n<br \/>\nTatyana Ledovskaya<br \/>\nOlga Nazarova<br \/>\nMariya Pinigina<br \/>\nOlga Bryzgina<\/td><td class=\"column-3\">3:15.17<\/td><td class=\"column-4\">01-10-1988<\/td><td class=\"column-5\">Juegos Ol\u00edmpicos, Se\u00fal<\/td><td class=\"column-6\"><a href=\"https:\/\/www.youtube.com\/watch?v=PhtFClCScpQ\" rel=\"noopener noreferrer\" target=\"_blank\">video<\/a><\/td>\n<\/tr>\n<\/tbody>\n<\/table>\n<!-- #tablepress-4 from cache -->\n\n\n\n<h2 class=\"wp-block-heading\"><span class=\"has-inline-color has-vivid-cyan-blue-color\">Mixto<\/span><\/h2>\n\n\n\n\n<table id=\"tablepress-5\" class=\"tablepress tablepress-id-5\">\n<thead>\n<tr class=\"row-1\">\n\t<th class=\"column-1\">Prueba<\/th><th class=\"column-2\">Deportista<\/th><th class=\"column-3\">R\u00e9cord<\/th><th class=\"column-4\">Fecha<\/th><th class=\"column-5\">Evento<\/th><td class=\"column-6\"><\/td>\n<\/tr>\n<\/thead>\n<tbody class=\"row-striping row-hover\">\n<tr class=\"row-2\">\n\t<td class=\"column-1\">4x400m<\/td><td class=\"column-2\"><img loading=\"lazy\" decoding=\"async\" src=\"http:\/\/www.reporolimpico.com\/wp-content\/uploads\/2020\/07\/USA.jpg\" alt=\"\" width=\"22\" height=\"15\" class=\"alignnone size-full wp-image-141\" \/> Estados Unidos<br \/>\n<br \/>\nWilbert London<br \/>\nAllyson Felix<br \/>\nCourtney Okolo<br \/>\nMichael Cherry<\/td><td class=\"column-3\">3:09.34<\/td><td class=\"column-4\">29\/09\/2019<\/td><td class=\"column-5\">Cto. Mundo, Doha<\/td><td class=\"column-6\"><a href=\"https:\/\/www.youtube.com\/watch?v=rUUWYOqxR84\" rel=\"noopener noreferrer\" target=\"_blank\">video<\/a><\/td>\n<\/tr>\n<\/tbody>\n<\/table>\n<!-- #tablepress-5 from cache -->\n","protected":false},"excerpt":{"rendered":"<p>Estos son los R\u00e9cords del Mundo vigentes en todas las pruebas del atletismo que forman parte actualmente del calendario de los campeonatos del mundo (Las &hellip; <\/p>\n","protected":false},"author":1,"featured_media":161,"comment_status":"open","ping_status":"open","sticky":false,"template":"","format":"standard","meta":{"_monsterinsights_skip_tracking":false,"_monsterinsights_sitenote_active":false,"_monsterinsights_sitenote_note":"","_monsterinsights_sitenote_category":0,"footnotes":""},"categories":[17,50],"tags":[28,51],"class_list":["post-162","post","type-post","status-publish","format-standard","has-post-thumbnail","hentry","category-atletismo","category-records-del-mundo","tag-atletismo","tag-records-del-mundo"],"yoast_head":"<!-- This site is optimized with the Yoast SEO plugin v26.9 - https:\/\/yoast.com\/product\/yoast-seo-wordpress\/ -->\n<title>R\u00e9cords del Mundo en Atletismo - Reportero Ol\u00edmpico<\/title>\n<meta name=\"description\" content=\"Estos son los R\u00e9cords del Mundo vigentes en las pruebas de atletismo | R\u00e9cords del Mundo masculinos y femeninos en atletismo\" \/>\n<meta name=\"robots\" content=\"index, follow, max-snippet:-1, max-image-preview:large, max-video-preview:-1\" \/>\n<link rel=\"canonical\" href=\"https:\/\/www.reporolimpico.com\/index.php\/2020\/07\/16\/records-del-mundo-en-atletismo\/\" \/>\n<meta property=\"og:locale\" content=\"es_ES\" \/>\n<meta property=\"og:type\" content=\"article\" \/>\n<meta property=\"og:title\" content=\"R\u00e9cords del Mundo en Atletismo - Reportero Ol\u00edmpico\" \/>\n<meta property=\"og:description\" content=\"Estos son los R\u00e9cords del Mundo vigentes en las pruebas de atletismo | R\u00e9cords del Mundo masculinos y femeninos en atletismo\" \/>\n<meta property=\"og:url\" content=\"https:\/\/www.reporolimpico.com\/index.php\/2020\/07\/16\/records-del-mundo-en-atletismo\/\" \/>\n<meta property=\"og:site_name\" content=\"Reportero Ol\u00edmpico\" \/>\n<meta property=\"article:published_time\" content=\"2020-07-16T11:10:19+00:00\" \/>\n<meta property=\"article:modified_time\" content=\"2020-07-17T10:01:19+00:00\" \/>\n<meta property=\"og:image\" content=\"https:\/\/www.reporolimpico.com\/wp-content\/uploads\/2020\/07\/at.jpg\" \/>\n\t<meta property=\"og:image:width\" content=\"1000\" \/>\n\t<meta property=\"og:image:height\" content=\"544\" \/>\n\t<meta property=\"og:image:type\" content=\"image\/jpeg\" \/>\n<meta name=\"author\" content=\"repor_olimpico\" \/>\n<meta name=\"twitter:card\" content=\"summary_large_image\" \/>\n<meta name=\"twitter:creator\" content=\"@repor_olimpico\" \/>\n<meta name=\"twitter:site\" content=\"@repor_olimpico\" \/>\n<meta name=\"twitter:label1\" content=\"Escrito por\" \/>\n\t<meta name=\"twitter:data1\" content=\"repor_olimpico\" \/>\n<script type=\"application\/ld+json\" class=\"yoast-schema-graph\">{\"@context\":\"https:\/\/schema.org\",\"@graph\":[{\"@type\":\"Article\",\"@id\":\"https:\/\/www.reporolimpico.com\/index.php\/2020\/07\/16\/records-del-mundo-en-atletismo\/#article\",\"isPartOf\":{\"@id\":\"https:\/\/www.reporolimpico.com\/index.php\/2020\/07\/16\/records-del-mundo-en-atletismo\/\"},\"author\":{\"name\":\"repor_olimpico\",\"@id\":\"https:\/\/www.reporolimpico.com\/#\/schema\/person\/0c16c40b97cead5a02cb2376b38ce339\"},\"headline\":\"R\u00e9cords del Mundo en Atletismo\",\"datePublished\":\"2020-07-16T11:10:19+00:00\",\"dateModified\":\"2020-07-17T10:01:19+00:00\",\"mainEntityOfPage\":{\"@id\":\"https:\/\/www.reporolimpico.com\/index.php\/2020\/07\/16\/records-del-mundo-en-atletismo\/\"},\"wordCount\":78,\"commentCount\":0,\"publisher\":{\"@id\":\"https:\/\/www.reporolimpico.com\/#\/schema\/person\/0c16c40b97cead5a02cb2376b38ce339\"},\"image\":{\"@id\":\"https:\/\/www.reporolimpico.com\/index.php\/2020\/07\/16\/records-del-mundo-en-atletismo\/#primaryimage\"},\"thumbnailUrl\":\"https:\/\/www.reporolimpico.com\/wp-content\/uploads\/2020\/07\/at.jpg\",\"keywords\":[\"Atletismo\",\"R\u00e9cords del mundo\"],\"articleSection\":[\"Atletismo\",\"R\u00e9cords del Mundo\"],\"inLanguage\":\"es\",\"potentialAction\":[{\"@type\":\"CommentAction\",\"name\":\"Comment\",\"target\":[\"https:\/\/www.reporolimpico.com\/index.php\/2020\/07\/16\/records-del-mundo-en-atletismo\/#respond\"]}]},{\"@type\":\"WebPage\",\"@id\":\"https:\/\/www.reporolimpico.com\/index.php\/2020\/07\/16\/records-del-mundo-en-atletismo\/\",\"url\":\"https:\/\/www.reporolimpico.com\/index.php\/2020\/07\/16\/records-del-mundo-en-atletismo\/\",\"name\":\"R\u00e9cords del Mundo en Atletismo - Reportero Ol\u00edmpico\",\"isPartOf\":{\"@id\":\"https:\/\/www.reporolimpico.com\/#website\"},\"primaryImageOfPage\":{\"@id\":\"https:\/\/www.reporolimpico.com\/index.php\/2020\/07\/16\/records-del-mundo-en-atletismo\/#primaryimage\"},\"image\":{\"@id\":\"https:\/\/www.reporolimpico.com\/index.php\/2020\/07\/16\/records-del-mundo-en-atletismo\/#primaryimage\"},\"thumbnailUrl\":\"https:\/\/www.reporolimpico.com\/wp-content\/uploads\/2020\/07\/at.jpg\",\"datePublished\":\"2020-07-16T11:10:19+00:00\",\"dateModified\":\"2020-07-17T10:01:19+00:00\",\"description\":\"Estos son los R\u00e9cords del Mundo vigentes en las pruebas de atletismo | R\u00e9cords del Mundo masculinos y femeninos en atletismo\",\"breadcrumb\":{\"@id\":\"https:\/\/www.reporolimpico.com\/index.php\/2020\/07\/16\/records-del-mundo-en-atletismo\/#breadcrumb\"},\"inLanguage\":\"es\",\"potentialAction\":[{\"@type\":\"ReadAction\",\"target\":[\"https:\/\/www.reporolimpico.com\/index.php\/2020\/07\/16\/records-del-mundo-en-atletismo\/\"]}]},{\"@type\":\"ImageObject\",\"inLanguage\":\"es\",\"@id\":\"https:\/\/www.reporolimpico.com\/index.php\/2020\/07\/16\/records-del-mundo-en-atletismo\/#primaryimage\",\"url\":\"https:\/\/www.reporolimpico.com\/wp-content\/uploads\/2020\/07\/at.jpg\",\"contentUrl\":\"https:\/\/www.reporolimpico.com\/wp-content\/uploads\/2020\/07\/at.jpg\",\"width\":1000,\"height\":544},{\"@type\":\"BreadcrumbList\",\"@id\":\"https:\/\/www.reporolimpico.com\/index.php\/2020\/07\/16\/records-del-mundo-en-atletismo\/#breadcrumb\",\"itemListElement\":[{\"@type\":\"ListItem\",\"position\":1,\"name\":\"Portada\",\"item\":\"https:\/\/www.reporolimpico.com\/\"},{\"@type\":\"ListItem\",\"position\":2,\"name\":\"R\u00e9cords del Mundo en Atletismo\"}]},{\"@type\":\"WebSite\",\"@id\":\"https:\/\/www.reporolimpico.com\/#website\",\"url\":\"https:\/\/www.reporolimpico.com\/\",\"name\":\"Reportero Ol\u00edmpico\",\"description\":\"Deporte y Juegos Ol\u00edmpicos\",\"publisher\":{\"@id\":\"https:\/\/www.reporolimpico.com\/#\/schema\/person\/0c16c40b97cead5a02cb2376b38ce339\"},\"potentialAction\":[{\"@type\":\"SearchAction\",\"target\":{\"@type\":\"EntryPoint\",\"urlTemplate\":\"https:\/\/www.reporolimpico.com\/?s={search_term_string}\"},\"query-input\":{\"@type\":\"PropertyValueSpecification\",\"valueRequired\":true,\"valueName\":\"search_term_string\"}}],\"inLanguage\":\"es\"},{\"@type\":[\"Person\",\"Organization\"],\"@id\":\"https:\/\/www.reporolimpico.com\/#\/schema\/person\/0c16c40b97cead5a02cb2376b38ce339\",\"name\":\"repor_olimpico\",\"image\":{\"@type\":\"ImageObject\",\"inLanguage\":\"es\",\"@id\":\"https:\/\/www.reporolimpico.com\/#\/schema\/person\/image\/\",\"url\":\"https:\/\/www.reporolimpico.com\/wp-content\/uploads\/2020\/07\/cropped-ReporteroOlimpico_sub-1.jpg\",\"contentUrl\":\"https:\/\/www.reporolimpico.com\/wp-content\/uploads\/2020\/07\/cropped-ReporteroOlimpico_sub-1.jpg\",\"width\":501,\"height\":170,\"caption\":\"repor_olimpico\"},\"logo\":{\"@id\":\"https:\/\/www.reporolimpico.com\/#\/schema\/person\/image\/\"},\"sameAs\":[\"http:\/\/www.reporolimpico.com\",\"https:\/\/x.com\/repor_olimpico\"]}]}<\/script>\n<!-- \/ Yoast SEO plugin. -->","yoast_head_json":{"title":"R\u00e9cords del Mundo en Atletismo - Reportero Ol\u00edmpico","description":"Estos son los R\u00e9cords del Mundo vigentes en las pruebas de atletismo | R\u00e9cords del Mundo masculinos y femeninos en atletismo","robots":{"index":"index","follow":"follow","max-snippet":"max-snippet:-1","max-image-preview":"max-image-preview:large","max-video-preview":"max-video-preview:-1"},"canonical":"https:\/\/www.reporolimpico.com\/index.php\/2020\/07\/16\/records-del-mundo-en-atletismo\/","og_locale":"es_ES","og_type":"article","og_title":"R\u00e9cords del Mundo en Atletismo - Reportero Ol\u00edmpico","og_description":"Estos son los R\u00e9cords del Mundo vigentes en las pruebas de atletismo | R\u00e9cords del Mundo masculinos y femeninos en atletismo","og_url":"https:\/\/www.reporolimpico.com\/index.php\/2020\/07\/16\/records-del-mundo-en-atletismo\/","og_site_name":"Reportero Ol\u00edmpico","article_published_time":"2020-07-16T11:10:19+00:00","article_modified_time":"2020-07-17T10:01:19+00:00","og_image":[{"width":1000,"height":544,"url":"https:\/\/www.reporolimpico.com\/wp-content\/uploads\/2020\/07\/at.jpg","type":"image\/jpeg"}],"author":"repor_olimpico","twitter_card":"summary_large_image","twitter_creator":"@repor_olimpico","twitter_site":"@repor_olimpico","twitter_misc":{"Escrito por":"repor_olimpico"},"schema":{"@context":"https:\/\/schema.org","@graph":[{"@type":"Article","@id":"https:\/\/www.reporolimpico.com\/index.php\/2020\/07\/16\/records-del-mundo-en-atletismo\/#article","isPartOf":{"@id":"https:\/\/www.reporolimpico.com\/index.php\/2020\/07\/16\/records-del-mundo-en-atletismo\/"},"author":{"name":"repor_olimpico","@id":"https:\/\/www.reporolimpico.com\/#\/schema\/person\/0c16c40b97cead5a02cb2376b38ce339"},"headline":"R\u00e9cords del Mundo en Atletismo","datePublished":"2020-07-16T11:10:19+00:00","dateModified":"2020-07-17T10:01:19+00:00","mainEntityOfPage":{"@id":"https:\/\/www.reporolimpico.com\/index.php\/2020\/07\/16\/records-del-mundo-en-atletismo\/"},"wordCount":78,"commentCount":0,"publisher":{"@id":"https:\/\/www.reporolimpico.com\/#\/schema\/person\/0c16c40b97cead5a02cb2376b38ce339"},"image":{"@id":"https:\/\/www.reporolimpico.com\/index.php\/2020\/07\/16\/records-del-mundo-en-atletismo\/#primaryimage"},"thumbnailUrl":"https:\/\/www.reporolimpico.com\/wp-content\/uploads\/2020\/07\/at.jpg","keywords":["Atletismo","R\u00e9cords del mundo"],"articleSection":["Atletismo","R\u00e9cords del Mundo"],"inLanguage":"es","potentialAction":[{"@type":"CommentAction","name":"Comment","target":["https:\/\/www.reporolimpico.com\/index.php\/2020\/07\/16\/records-del-mundo-en-atletismo\/#respond"]}]},{"@type":"WebPage","@id":"https:\/\/www.reporolimpico.com\/index.php\/2020\/07\/16\/records-del-mundo-en-atletismo\/","url":"https:\/\/www.reporolimpico.com\/index.php\/2020\/07\/16\/records-del-mundo-en-atletismo\/","name":"R\u00e9cords del Mundo en Atletismo - Reportero Ol\u00edmpico","isPartOf":{"@id":"https:\/\/www.reporolimpico.com\/#website"},"primaryImageOfPage":{"@id":"https:\/\/www.reporolimpico.com\/index.php\/2020\/07\/16\/records-del-mundo-en-atletismo\/#primaryimage"},"image":{"@id":"https:\/\/www.reporolimpico.com\/index.php\/2020\/07\/16\/records-del-mundo-en-atletismo\/#primaryimage"},"thumbnailUrl":"https:\/\/www.reporolimpico.com\/wp-content\/uploads\/2020\/07\/at.jpg","datePublished":"2020-07-16T11:10:19+00:00","dateModified":"2020-07-17T10:01:19+00:00","description":"Estos son los R\u00e9cords del Mundo vigentes en las pruebas de atletismo | R\u00e9cords del Mundo masculinos y femeninos en atletismo","breadcrumb":{"@id":"https:\/\/www.reporolimpico.com\/index.php\/2020\/07\/16\/records-del-mundo-en-atletismo\/#breadcrumb"},"inLanguage":"es","potentialAction":[{"@type":"ReadAction","target":["https:\/\/www.reporolimpico.com\/index.php\/2020\/07\/16\/records-del-mundo-en-atletismo\/"]}]},{"@type":"ImageObject","inLanguage":"es","@id":"https:\/\/www.reporolimpico.com\/index.php\/2020\/07\/16\/records-del-mundo-en-atletismo\/#primaryimage","url":"https:\/\/www.reporolimpico.com\/wp-content\/uploads\/2020\/07\/at.jpg","contentUrl":"https:\/\/www.reporolimpico.com\/wp-content\/uploads\/2020\/07\/at.jpg","width":1000,"height":544},{"@type":"BreadcrumbList","@id":"https:\/\/www.reporolimpico.com\/index.php\/2020\/07\/16\/records-del-mundo-en-atletismo\/#breadcrumb","itemListElement":[{"@type":"ListItem","position":1,"name":"Portada","item":"https:\/\/www.reporolimpico.com\/"},{"@type":"ListItem","position":2,"name":"R\u00e9cords del Mundo en Atletismo"}]},{"@type":"WebSite","@id":"https:\/\/www.reporolimpico.com\/#website","url":"https:\/\/www.reporolimpico.com\/","name":"Reportero Ol\u00edmpico","description":"Deporte y Juegos Ol\u00edmpicos","publisher":{"@id":"https:\/\/www.reporolimpico.com\/#\/schema\/person\/0c16c40b97cead5a02cb2376b38ce339"},"potentialAction":[{"@type":"SearchAction","target":{"@type":"EntryPoint","urlTemplate":"https:\/\/www.reporolimpico.com\/?s={search_term_string}"},"query-input":{"@type":"PropertyValueSpecification","valueRequired":true,"valueName":"search_term_string"}}],"inLanguage":"es"},{"@type":["Person","Organization"],"@id":"https:\/\/www.reporolimpico.com\/#\/schema\/person\/0c16c40b97cead5a02cb2376b38ce339","name":"repor_olimpico","image":{"@type":"ImageObject","inLanguage":"es","@id":"https:\/\/www.reporolimpico.com\/#\/schema\/person\/image\/","url":"https:\/\/www.reporolimpico.com\/wp-content\/uploads\/2020\/07\/cropped-ReporteroOlimpico_sub-1.jpg","contentUrl":"https:\/\/www.reporolimpico.com\/wp-content\/uploads\/2020\/07\/cropped-ReporteroOlimpico_sub-1.jpg","width":501,"height":170,"caption":"repor_olimpico"},"logo":{"@id":"https:\/\/www.reporolimpico.com\/#\/schema\/person\/image\/"},"sameAs":["http:\/\/www.reporolimpico.com","https:\/\/x.com\/repor_olimpico"]}]}},"_links":{"self":[{"href":"https:\/\/www.reporolimpico.com\/index.php\/wp-json\/wp\/v2\/posts\/162","targetHints":{"allow":["GET"]}}],"collection":[{"href":"https:\/\/www.reporolimpico.com\/index.php\/wp-json\/wp\/v2\/posts"}],"about":[{"href":"https:\/\/www.reporolimpico.com\/index.php\/wp-json\/wp\/v2\/types\/post"}],"author":[{"embeddable":true,"href":"https:\/\/www.reporolimpico.com\/index.php\/wp-json\/wp\/v2\/users\/1"}],"replies":[{"embeddable":true,"href":"https:\/\/www.reporolimpico.com\/index.php\/wp-json\/wp\/v2\/comments?post=162"}],"version-history":[{"count":3,"href":"https:\/\/www.reporolimpico.com\/index.php\/wp-json\/wp\/v2\/posts\/162\/revisions"}],"predecessor-version":[{"id":181,"href":"https:\/\/www.reporolimpico.com\/index.php\/wp-json\/wp\/v2\/posts\/162\/revisions\/181"}],"wp:featuredmedia":[{"embeddable":true,"href":"https:\/\/www.reporolimpico.com\/index.php\/wp-json\/wp\/v2\/media\/161"}],"wp:attachment":[{"href":"https:\/\/www.reporolimpico.com\/index.php\/wp-json\/wp\/v2\/media?parent=162"}],"wp:term":[{"taxonomy":"category","embeddable":true,"href":"https:\/\/www.reporolimpico.com\/index.php\/wp-json\/wp\/v2\/categories?post=162"},{"taxonomy":"post_tag","embeddable":true,"href":"https:\/\/www.reporolimpico.com\/index.php\/wp-json\/wp\/v2\/tags?post=162"}],"curies":[{"name":"wp","href":"https:\/\/api.w.org\/{rel}","templated":true}]}}