{"id":1571,"date":"2022-01-14T11:36:15","date_gmt":"2022-01-14T11:36:15","guid":{"rendered":"https:\/\/www.reporolimpico.com\/?p=1571"},"modified":"2023-01-02T15:42:17","modified_gmt":"2023-01-02T15:42:17","slug":"el-calendario-de-los-jjoo-de-pekin-2022","status":"publish","type":"post","link":"https:\/\/www.reporolimpico.com\/index.php\/2022\/01\/14\/el-calendario-de-los-jjoo-de-pekin-2022\/","title":{"rendered":"El calendario de los JJOO de Pek\u00edn 2022"},"content":{"rendered":"\n<p>Los <strong>Juegos Ol\u00edmpicos de Invierno de Pek\u00edn 2022<\/strong> se inaugurar\u00e1n el d\u00eda <strong>4 de febrero<\/strong> y terminar\u00e1n el d\u00eda <strong>20 de febrero de 2022<\/strong>. Unos d\u00edas antes de la ceremonia inaugural ya tendremos a los primeros deportistas en acci\u00f3n, con el inicio del torneo de curling de dobles mixtos el d\u00eda 2 de febrero. Y desde ese d\u00eda hasta la \u00faltima prueba, los 30km femeninos de esqu\u00ed de fondo,  veremos un total de <strong>109 eventos<\/strong> que repartir\u00e1n medallas y contaremos, entre ellos, con siete nuevas pruebas que har\u00e1n su debut ol\u00edmpico.<\/p>\n\n\n\n<p>Aqu\u00ed os dejo el <strong>calendario<\/strong> de los Juegos Ol\u00edmpicos en horario peninsular espa\u00f1ol. En Pek\u00edn son 7 horas m\u00e1s.<\/p>\n\n\n\n<p>Si alguien tiene problema con el visor de pdf, tambi\u00e9n se puede ver y descargar pinchando <a href=\"https:\/\/www.reporolimpico.com\/wp-content\/uploads\/2022\/01\/Calendario_Pekin2022.pdf\">aqu\u00ed<\/a><\/p>\n\n\n<div class=\"ead-preview\"><div class=\"ead-document\" style=\"position: relative;padding-top: 90%\"><div class=\"ead-iframe-wrapper\"><iframe src=\"\/\/docs.google.com\/viewer?url=https%3A%2F%2Fwww.reporolimpico.com%2Fwp-content%2Fuploads%2F2022%2F01%2FCalendario_Pekin2022.pdf&amp;embedded=true&amp;hl=en\" title=\"Documento incrustado\" class=\"ead-iframe\" style=\"width: 100%;height: 100%;border: none;position: absolute;left: 0;top: 0;visibility: hidden;\"><\/iframe><\/div>\t\t\t<div class=\"ead-document-loading\" style=\"width:100%;height:100%;position:absolute;left:0;top:0;z-index:10\">\n\t\t\t\t<div class=\"ead-loading-wrap\">\n\t\t\t\t\t<div class=\"ead-loading-main\">\n\t\t\t\t\t\t<div class=\"ead-loading\">\n\t\t\t\t\t\t\t<img loading=\"lazy\" decoding=\"async\" src=\"https:\/\/www.reporolimpico.com\/wp-content\/plugins\/embed-any-document\/images\/loading.svg\" width=\"55\" height=\"55\" alt=\"Cargador\">\n\t\t\t\t\t\t\t<span>Cargando&#8230;<\/span>\n\t\t\t\t\t\t<\/div>\n\t\t\t\t\t<\/div>\n\t\t\t\t\t<div class=\"ead-loading-foot\">\n\t\t\t\t\t\t<div class=\"ead-loading-foot-title\">\n\t\t\t\t\t\t\t<img loading=\"lazy\" decoding=\"async\" src=\"https:\/\/www.reporolimpico.com\/wp-content\/plugins\/embed-any-document\/images\/EAD-logo.svg\" alt=\"Logotipo de EAD\" width=\"36\" height=\"23\"\/>\n\t\t\t\t\t\t\t<span>\u00bfTarda demasiado?<\/span>\n\t\t\t\t\t\t<\/div>\n\t\t\t\t\t\t<p>\n\t\t\t\t\t\t\t<div class=\"ead-document-btn ead-reload-btn\" role=\"button\">\n\t\t\t\t\t\t\t\t<img loading=\"lazy\" decoding=\"async\" src=\"https:\/\/www.reporolimpico.com\/wp-content\/plugins\/embed-any-document\/images\/reload.svg\" alt=\"Recargar\" width=\"12\" height=\"12\"\/> Recargar el documento\t\t\t\t\t\t\t<\/div>\n\t\t\t\t\t\t\t<span>|<\/span>\n\t\t\t\t\t\t\t<a href=\"https:\/\/www.reporolimpico.com\/wp-content\/uploads\/2022\/01\/Calendario_Pekin2022.pdf\" class=\"ead-document-btn\" target=\"_blank\">\n\t\t\t\t\t\t\t\t<img loading=\"lazy\" decoding=\"async\" src=\"https:\/\/www.reporolimpico.com\/wp-content\/plugins\/embed-any-document\/images\/open.svg\" alt=\"Abrir\" width=\"12\" height=\"12\"\/> Abrir en una nueva pesta\u00f1a\t\t\t\t\t\t\t<\/a>\n\t\t\t\t\t<\/div>\n\t\t\t\t<\/div>\n\t\t\t<\/div>\n\t\t<\/div><\/div>","protected":false},"excerpt":{"rendered":"<p>Los Juegos Ol\u00edmpicos de Invierno de Pek\u00edn 2022 se inaugurar\u00e1n el d\u00eda 4 de febrero y terminar\u00e1n el d\u00eda 20 de febrero de 2022. Unos &hellip; <\/p>\n","protected":false},"author":1,"featured_media":1573,"comment_status":"open","ping_status":"open","sticky":false,"template":"","format":"standard","meta":{"_monsterinsights_skip_tracking":false,"_monsterinsights_sitenote_active":false,"_monsterinsights_sitenote_note":"","_monsterinsights_sitenote_category":0,"footnotes":""},"categories":[22],"tags":[14,16,65,66],"class_list":["post-1571","post","type-post","status-publish","format-standard","has-post-thumbnail","hentry","category-juegosolimpicos","tag-jjoo","tag-juegos-olimpicos","tag-juegos-olimpicos-de-invierno","tag-pekin-2022"],"yoast_head":"<!-- This site is optimized with the Yoast SEO plugin v26.9 - https:\/\/yoast.com\/product\/yoast-seo-wordpress\/ -->\n<title>El calendario de los JJOO de Pek\u00edn 2022 - Reportero Ol\u00edmpico<\/title>\n<meta name=\"description\" content=\"Calendario de los Juegos Ol\u00edmpicos de Invierno de Pek\u00edn 2022 | Calendario Beijing 2022\" \/>\n<meta name=\"robots\" content=\"index, follow, max-snippet:-1, max-image-preview:large, max-video-preview:-1\" \/>\n<link rel=\"canonical\" href=\"http:\/\/www.reporolimpico.com\/index.php\/2022\/01\/14\/el-calendario-de-los-jjoo-de-pekin-2022\/\" \/>\n<meta property=\"og:locale\" content=\"es_ES\" \/>\n<meta property=\"og:type\" content=\"article\" \/>\n<meta property=\"og:title\" content=\"El calendario de los JJOO de Pek\u00edn 2022 - Reportero Ol\u00edmpico\" \/>\n<meta property=\"og:description\" content=\"Calendario de los Juegos Ol\u00edmpicos de Invierno de Pek\u00edn 2022 | Calendario Beijing 2022\" \/>\n<meta property=\"og:url\" content=\"http:\/\/www.reporolimpico.com\/index.php\/2022\/01\/14\/el-calendario-de-los-jjoo-de-pekin-2022\/\" \/>\n<meta property=\"og:site_name\" content=\"Reportero Ol\u00edmpico\" \/>\n<meta property=\"article:published_time\" content=\"2022-01-14T11:36:15+00:00\" \/>\n<meta property=\"article:modified_time\" content=\"2023-01-02T15:42:17+00:00\" \/>\n<meta property=\"og:image\" content=\"http:\/\/www.reporolimpico.com\/wp-content\/uploads\/2022\/01\/febrero_2022.png\" \/>\n\t<meta property=\"og:image:width\" content=\"1200\" \/>\n\t<meta property=\"og:image:height\" content=\"674\" \/>\n\t<meta property=\"og:image:type\" content=\"image\/png\" \/>\n<meta name=\"author\" content=\"repor_olimpico\" \/>\n<meta name=\"twitter:card\" content=\"summary_large_image\" \/>\n<meta name=\"twitter:creator\" content=\"@repor_olimpico\" \/>\n<meta name=\"twitter:site\" content=\"@repor_olimpico\" \/>\n<meta name=\"twitter:label1\" content=\"Escrito por\" \/>\n\t<meta name=\"twitter:data1\" content=\"repor_olimpico\" \/>\n\t<meta name=\"twitter:label2\" content=\"Tiempo de lectura\" \/>\n\t<meta name=\"twitter:data2\" content=\"1 minuto\" \/>\n<script type=\"application\/ld+json\" class=\"yoast-schema-graph\">{\"@context\":\"https:\/\/schema.org\",\"@graph\":[{\"@type\":\"Article\",\"@id\":\"http:\/\/www.reporolimpico.com\/index.php\/2022\/01\/14\/el-calendario-de-los-jjoo-de-pekin-2022\/#article\",\"isPartOf\":{\"@id\":\"http:\/\/www.reporolimpico.com\/index.php\/2022\/01\/14\/el-calendario-de-los-jjoo-de-pekin-2022\/\"},\"author\":{\"name\":\"repor_olimpico\",\"@id\":\"https:\/\/www.reporolimpico.com\/#\/schema\/person\/0c16c40b97cead5a02cb2376b38ce339\"},\"headline\":\"El calendario de los JJOO de Pek\u00edn 2022\",\"datePublished\":\"2022-01-14T11:36:15+00:00\",\"dateModified\":\"2023-01-02T15:42:17+00:00\",\"mainEntityOfPage\":{\"@id\":\"http:\/\/www.reporolimpico.com\/index.php\/2022\/01\/14\/el-calendario-de-los-jjoo-de-pekin-2022\/\"},\"wordCount\":157,\"commentCount\":0,\"publisher\":{\"@id\":\"https:\/\/www.reporolimpico.com\/#\/schema\/person\/0c16c40b97cead5a02cb2376b38ce339\"},\"image\":{\"@id\":\"http:\/\/www.reporolimpico.com\/index.php\/2022\/01\/14\/el-calendario-de-los-jjoo-de-pekin-2022\/#primaryimage\"},\"thumbnailUrl\":\"https:\/\/www.reporolimpico.com\/wp-content\/uploads\/2022\/01\/febrero_2022.png\",\"keywords\":[\"JJOO\",\"Juegos Ol\u00edmpicos\",\"Juegos Ol\u00edmpicos de Invierno\",\"Pek\u00edn 2022\"],\"articleSection\":[\"Juegos Ol\u00edmpicos\"],\"inLanguage\":\"es\",\"potentialAction\":[{\"@type\":\"CommentAction\",\"name\":\"Comment\",\"target\":[\"http:\/\/www.reporolimpico.com\/index.php\/2022\/01\/14\/el-calendario-de-los-jjoo-de-pekin-2022\/#respond\"]}]},{\"@type\":\"WebPage\",\"@id\":\"http:\/\/www.reporolimpico.com\/index.php\/2022\/01\/14\/el-calendario-de-los-jjoo-de-pekin-2022\/\",\"url\":\"http:\/\/www.reporolimpico.com\/index.php\/2022\/01\/14\/el-calendario-de-los-jjoo-de-pekin-2022\/\",\"name\":\"El calendario de los JJOO de Pek\u00edn 2022 - Reportero Ol\u00edmpico\",\"isPartOf\":{\"@id\":\"https:\/\/www.reporolimpico.com\/#website\"},\"primaryImageOfPage\":{\"@id\":\"http:\/\/www.reporolimpico.com\/index.php\/2022\/01\/14\/el-calendario-de-los-jjoo-de-pekin-2022\/#primaryimage\"},\"image\":{\"@id\":\"http:\/\/www.reporolimpico.com\/index.php\/2022\/01\/14\/el-calendario-de-los-jjoo-de-pekin-2022\/#primaryimage\"},\"thumbnailUrl\":\"https:\/\/www.reporolimpico.com\/wp-content\/uploads\/2022\/01\/febrero_2022.png\",\"datePublished\":\"2022-01-14T11:36:15+00:00\",\"dateModified\":\"2023-01-02T15:42:17+00:00\",\"description\":\"Calendario de los Juegos Ol\u00edmpicos de Invierno de Pek\u00edn 2022 | Calendario Beijing 2022\",\"breadcrumb\":{\"@id\":\"http:\/\/www.reporolimpico.com\/index.php\/2022\/01\/14\/el-calendario-de-los-jjoo-de-pekin-2022\/#breadcrumb\"},\"inLanguage\":\"es\",\"potentialAction\":[{\"@type\":\"ReadAction\",\"target\":[\"http:\/\/www.reporolimpico.com\/index.php\/2022\/01\/14\/el-calendario-de-los-jjoo-de-pekin-2022\/\"]}]},{\"@type\":\"ImageObject\",\"inLanguage\":\"es\",\"@id\":\"http:\/\/www.reporolimpico.com\/index.php\/2022\/01\/14\/el-calendario-de-los-jjoo-de-pekin-2022\/#primaryimage\",\"url\":\"https:\/\/www.reporolimpico.com\/wp-content\/uploads\/2022\/01\/febrero_2022.png\",\"contentUrl\":\"https:\/\/www.reporolimpico.com\/wp-content\/uploads\/2022\/01\/febrero_2022.png\",\"width\":1200,\"height\":674},{\"@type\":\"BreadcrumbList\",\"@id\":\"http:\/\/www.reporolimpico.com\/index.php\/2022\/01\/14\/el-calendario-de-los-jjoo-de-pekin-2022\/#breadcrumb\",\"itemListElement\":[{\"@type\":\"ListItem\",\"position\":1,\"name\":\"Portada\",\"item\":\"https:\/\/www.reporolimpico.com\/\"},{\"@type\":\"ListItem\",\"position\":2,\"name\":\"El calendario de los JJOO de Pek\u00edn 2022\"}]},{\"@type\":\"WebSite\",\"@id\":\"https:\/\/www.reporolimpico.com\/#website\",\"url\":\"https:\/\/www.reporolimpico.com\/\",\"name\":\"Reportero Ol\u00edmpico\",\"description\":\"Deporte y Juegos Ol\u00edmpicos\",\"publisher\":{\"@id\":\"https:\/\/www.reporolimpico.com\/#\/schema\/person\/0c16c40b97cead5a02cb2376b38ce339\"},\"potentialAction\":[{\"@type\":\"SearchAction\",\"target\":{\"@type\":\"EntryPoint\",\"urlTemplate\":\"https:\/\/www.reporolimpico.com\/?s={search_term_string}\"},\"query-input\":{\"@type\":\"PropertyValueSpecification\",\"valueRequired\":true,\"valueName\":\"search_term_string\"}}],\"inLanguage\":\"es\"},{\"@type\":[\"Person\",\"Organization\"],\"@id\":\"https:\/\/www.reporolimpico.com\/#\/schema\/person\/0c16c40b97cead5a02cb2376b38ce339\",\"name\":\"repor_olimpico\",\"image\":{\"@type\":\"ImageObject\",\"inLanguage\":\"es\",\"@id\":\"https:\/\/www.reporolimpico.com\/#\/schema\/person\/image\/\",\"url\":\"https:\/\/www.reporolimpico.com\/wp-content\/uploads\/2020\/07\/cropped-ReporteroOlimpico_sub-1.jpg\",\"contentUrl\":\"https:\/\/www.reporolimpico.com\/wp-content\/uploads\/2020\/07\/cropped-ReporteroOlimpico_sub-1.jpg\",\"width\":501,\"height\":170,\"caption\":\"repor_olimpico\"},\"logo\":{\"@id\":\"https:\/\/www.reporolimpico.com\/#\/schema\/person\/image\/\"},\"sameAs\":[\"http:\/\/www.reporolimpico.com\",\"https:\/\/x.com\/repor_olimpico\"]}]}<\/script>\n<!-- \/ Yoast SEO plugin. -->","yoast_head_json":{"title":"El calendario de los JJOO de Pek\u00edn 2022 - Reportero Ol\u00edmpico","description":"Calendario de los Juegos Ol\u00edmpicos de Invierno de Pek\u00edn 2022 | Calendario Beijing 2022","robots":{"index":"index","follow":"follow","max-snippet":"max-snippet:-1","max-image-preview":"max-image-preview:large","max-video-preview":"max-video-preview:-1"},"canonical":"http:\/\/www.reporolimpico.com\/index.php\/2022\/01\/14\/el-calendario-de-los-jjoo-de-pekin-2022\/","og_locale":"es_ES","og_type":"article","og_title":"El calendario de los JJOO de Pek\u00edn 2022 - Reportero Ol\u00edmpico","og_description":"Calendario de los Juegos Ol\u00edmpicos de Invierno de Pek\u00edn 2022 | Calendario Beijing 2022","og_url":"http:\/\/www.reporolimpico.com\/index.php\/2022\/01\/14\/el-calendario-de-los-jjoo-de-pekin-2022\/","og_site_name":"Reportero Ol\u00edmpico","article_published_time":"2022-01-14T11:36:15+00:00","article_modified_time":"2023-01-02T15:42:17+00:00","og_image":[{"width":1200,"height":674,"url":"http:\/\/www.reporolimpico.com\/wp-content\/uploads\/2022\/01\/febrero_2022.png","type":"image\/png"}],"author":"repor_olimpico","twitter_card":"summary_large_image","twitter_creator":"@repor_olimpico","twitter_site":"@repor_olimpico","twitter_misc":{"Escrito por":"repor_olimpico","Tiempo de lectura":"1 minuto"},"schema":{"@context":"https:\/\/schema.org","@graph":[{"@type":"Article","@id":"http:\/\/www.reporolimpico.com\/index.php\/2022\/01\/14\/el-calendario-de-los-jjoo-de-pekin-2022\/#article","isPartOf":{"@id":"http:\/\/www.reporolimpico.com\/index.php\/2022\/01\/14\/el-calendario-de-los-jjoo-de-pekin-2022\/"},"author":{"name":"repor_olimpico","@id":"https:\/\/www.reporolimpico.com\/#\/schema\/person\/0c16c40b97cead5a02cb2376b38ce339"},"headline":"El calendario de los JJOO de Pek\u00edn 2022","datePublished":"2022-01-14T11:36:15+00:00","dateModified":"2023-01-02T15:42:17+00:00","mainEntityOfPage":{"@id":"http:\/\/www.reporolimpico.com\/index.php\/2022\/01\/14\/el-calendario-de-los-jjoo-de-pekin-2022\/"},"wordCount":157,"commentCount":0,"publisher":{"@id":"https:\/\/www.reporolimpico.com\/#\/schema\/person\/0c16c40b97cead5a02cb2376b38ce339"},"image":{"@id":"http:\/\/www.reporolimpico.com\/index.php\/2022\/01\/14\/el-calendario-de-los-jjoo-de-pekin-2022\/#primaryimage"},"thumbnailUrl":"https:\/\/www.reporolimpico.com\/wp-content\/uploads\/2022\/01\/febrero_2022.png","keywords":["JJOO","Juegos Ol\u00edmpicos","Juegos Ol\u00edmpicos de Invierno","Pek\u00edn 2022"],"articleSection":["Juegos Ol\u00edmpicos"],"inLanguage":"es","potentialAction":[{"@type":"CommentAction","name":"Comment","target":["http:\/\/www.reporolimpico.com\/index.php\/2022\/01\/14\/el-calendario-de-los-jjoo-de-pekin-2022\/#respond"]}]},{"@type":"WebPage","@id":"http:\/\/www.reporolimpico.com\/index.php\/2022\/01\/14\/el-calendario-de-los-jjoo-de-pekin-2022\/","url":"http:\/\/www.reporolimpico.com\/index.php\/2022\/01\/14\/el-calendario-de-los-jjoo-de-pekin-2022\/","name":"El calendario de los JJOO de Pek\u00edn 2022 - Reportero Ol\u00edmpico","isPartOf":{"@id":"https:\/\/www.reporolimpico.com\/#website"},"primaryImageOfPage":{"@id":"http:\/\/www.reporolimpico.com\/index.php\/2022\/01\/14\/el-calendario-de-los-jjoo-de-pekin-2022\/#primaryimage"},"image":{"@id":"http:\/\/www.reporolimpico.com\/index.php\/2022\/01\/14\/el-calendario-de-los-jjoo-de-pekin-2022\/#primaryimage"},"thumbnailUrl":"https:\/\/www.reporolimpico.com\/wp-content\/uploads\/2022\/01\/febrero_2022.png","datePublished":"2022-01-14T11:36:15+00:00","dateModified":"2023-01-02T15:42:17+00:00","description":"Calendario de los Juegos Ol\u00edmpicos de Invierno de Pek\u00edn 2022 | Calendario Beijing 2022","breadcrumb":{"@id":"http:\/\/www.reporolimpico.com\/index.php\/2022\/01\/14\/el-calendario-de-los-jjoo-de-pekin-2022\/#breadcrumb"},"inLanguage":"es","potentialAction":[{"@type":"ReadAction","target":["http:\/\/www.reporolimpico.com\/index.php\/2022\/01\/14\/el-calendario-de-los-jjoo-de-pekin-2022\/"]}]},{"@type":"ImageObject","inLanguage":"es","@id":"http:\/\/www.reporolimpico.com\/index.php\/2022\/01\/14\/el-calendario-de-los-jjoo-de-pekin-2022\/#primaryimage","url":"https:\/\/www.reporolimpico.com\/wp-content\/uploads\/2022\/01\/febrero_2022.png","contentUrl":"https:\/\/www.reporolimpico.com\/wp-content\/uploads\/2022\/01\/febrero_2022.png","width":1200,"height":674},{"@type":"BreadcrumbList","@id":"http:\/\/www.reporolimpico.com\/index.php\/2022\/01\/14\/el-calendario-de-los-jjoo-de-pekin-2022\/#breadcrumb","itemListElement":[{"@type":"ListItem","position":1,"name":"Portada","item":"https:\/\/www.reporolimpico.com\/"},{"@type":"ListItem","position":2,"name":"El calendario de los JJOO de Pek\u00edn 2022"}]},{"@type":"WebSite","@id":"https:\/\/www.reporolimpico.com\/#website","url":"https:\/\/www.reporolimpico.com\/","name":"Reportero Ol\u00edmpico","description":"Deporte y Juegos Ol\u00edmpicos","publisher":{"@id":"https:\/\/www.reporolimpico.com\/#\/schema\/person\/0c16c40b97cead5a02cb2376b38ce339"},"potentialAction":[{"@type":"SearchAction","target":{"@type":"EntryPoint","urlTemplate":"https:\/\/www.reporolimpico.com\/?s={search_term_string}"},"query-input":{"@type":"PropertyValueSpecification","valueRequired":true,"valueName":"search_term_string"}}],"inLanguage":"es"},{"@type":["Person","Organization"],"@id":"https:\/\/www.reporolimpico.com\/#\/schema\/person\/0c16c40b97cead5a02cb2376b38ce339","name":"repor_olimpico","image":{"@type":"ImageObject","inLanguage":"es","@id":"https:\/\/www.reporolimpico.com\/#\/schema\/person\/image\/","url":"https:\/\/www.reporolimpico.com\/wp-content\/uploads\/2020\/07\/cropped-ReporteroOlimpico_sub-1.jpg","contentUrl":"https:\/\/www.reporolimpico.com\/wp-content\/uploads\/2020\/07\/cropped-ReporteroOlimpico_sub-1.jpg","width":501,"height":170,"caption":"repor_olimpico"},"logo":{"@id":"https:\/\/www.reporolimpico.com\/#\/schema\/person\/image\/"},"sameAs":["http:\/\/www.reporolimpico.com","https:\/\/x.com\/repor_olimpico"]}]}},"_links":{"self":[{"href":"https:\/\/www.reporolimpico.com\/index.php\/wp-json\/wp\/v2\/posts\/1571","targetHints":{"allow":["GET"]}}],"collection":[{"href":"https:\/\/www.reporolimpico.com\/index.php\/wp-json\/wp\/v2\/posts"}],"about":[{"href":"https:\/\/www.reporolimpico.com\/index.php\/wp-json\/wp\/v2\/types\/post"}],"author":[{"embeddable":true,"href":"https:\/\/www.reporolimpico.com\/index.php\/wp-json\/wp\/v2\/users\/1"}],"replies":[{"embeddable":true,"href":"https:\/\/www.reporolimpico.com\/index.php\/wp-json\/wp\/v2\/comments?post=1571"}],"version-history":[{"count":5,"href":"https:\/\/www.reporolimpico.com\/index.php\/wp-json\/wp\/v2\/posts\/1571\/revisions"}],"predecessor-version":[{"id":1579,"href":"https:\/\/www.reporolimpico.com\/index.php\/wp-json\/wp\/v2\/posts\/1571\/revisions\/1579"}],"wp:featuredmedia":[{"embeddable":true,"href":"https:\/\/www.reporolimpico.com\/index.php\/wp-json\/wp\/v2\/media\/1573"}],"wp:attachment":[{"href":"https:\/\/www.reporolimpico.com\/index.php\/wp-json\/wp\/v2\/media?parent=1571"}],"wp:term":[{"taxonomy":"category","embeddable":true,"href":"https:\/\/www.reporolimpico.com\/index.php\/wp-json\/wp\/v2\/categories?post=1571"},{"taxonomy":"post_tag","embeddable":true,"href":"https:\/\/www.reporolimpico.com\/index.php\/wp-json\/wp\/v2\/tags?post=1571"}],"curies":[{"name":"wp","href":"https:\/\/api.w.org\/{rel}","templated":true}]}}