{"id":1270,"date":"2021-10-07T12:09:13","date_gmt":"2021-10-07T12:09:13","guid":{"rendered":"https:\/\/www.reporolimpico.com\/?p=1270"},"modified":"2024-06-23T17:45:16","modified_gmt":"2024-06-23T17:45:16","slug":"medallas-mundiales-espanolas-de-tokio-a-paris","status":"publish","type":"post","link":"https:\/\/www.reporolimpico.com\/index.php\/2021\/10\/07\/medallas-mundiales-espanolas-de-tokio-a-paris\/","title":{"rendered":"Medallas Mundiales espa\u00f1olas de Tokio a Par\u00eds"},"content":{"rendered":"\n<p>En esta entrada ir\u00e9 listando las <strong>medallas<\/strong> que consigan <strong>los deportistas espa\u00f1oles<\/strong> en los <strong>Campeonatos Mundiales<\/strong>, de los distintos deportes ol\u00edmpicos, que se celebren desde que acabaron los Juegos Ol\u00edmpicos de <strong>Tokio 2020<\/strong> y hasta que den comienzo los de <strong>Par\u00eds 2024<\/strong>.<\/p>\n\n\n\n<p>As\u00ed cuando llegue la nueva cita ol\u00edmpica podremos hacernos una idea de los podios que se han cosechado en este ciclo en las competiciones en las que participan todos los pa\u00edses del mundo, ver quienes son nuestras m\u00e1s firmes opciones de medalla y compararlo con el resultado que se obtenga en Par\u00eds.<\/p>\n\n\n\n<p>En esta primera tabla se listan las medallas mundiales en pruebas ol\u00edmpicas y en la segunda tabla aparecen las medallas que se han conseguido en pruebas no ol\u00edmpicas de deportes que s\u00ed son ol\u00edmpicos.<\/p>\n\n\n\n<p>De momento en este ciclo ol\u00edmpico se han conseguido <strong>54 medallas<\/strong> en pruebas ol\u00edmpicas, 10 de oro, 18 de plata y 26 de bronce. Son estas:<\/p>\n\n\n\n<h1 class=\"wp-block-heading\">Medallas mundiales espa\u00f1olas de Tokio 2020 a Par\u00eds 2024 en pruebas ol\u00edmpicas<\/h1>\n\n\n\n\n<table id=\"tablepress-25\" class=\"tablepress tablepress-id-25\">\n<thead>\n<tr class=\"row-1\">\n\t<th class=\"column-1\">Deportista<\/th><th class=\"column-2\">Medalla<\/th><th class=\"column-3\">Deporte<\/th><th class=\"column-4\">Prueba<\/th><th class=\"column-5\">Fecha<\/th>\n<\/tr>\n<\/thead>\n<tbody class=\"row-striping row-hover\">\n<tr class=\"row-2\">\n\t<td class=\"column-1\">Erik Noya<\/td><td class=\"column-2\"><span class=\"plata\">Plata<\/span><\/td><td class=\"column-3\">Escalada<\/td><td class=\"column-4\">Velocidad<\/td><td class=\"column-5\">16-9-2021<\/td>\n<\/tr>\n<tr class=\"row-3\">\n\t<td class=\"column-1\">Ant\u00eda J\u00e1come<\/td><td class=\"column-2\"><span class=\"plata\">Plata<\/span><\/td><td class=\"column-3\">Pirag\u00fcismo<\/td><td class=\"column-4\">C1 200m<\/td><td class=\"column-5\">19-9-2021<\/td>\n<\/tr>\n<tr class=\"row-4\">\n\t<td class=\"column-1\">Marcus Walz<br \/>\nRodrigo Germade<\/td><td class=\"column-2\"><span class=\"oro\">Oro<\/span><\/td><td class=\"column-3\">Pirag\u00fcismo<\/td><td class=\"column-4\">K2 500m<\/td><td class=\"column-5\">19-9-2021<\/td>\n<\/tr>\n<tr class=\"row-5\">\n\t<td class=\"column-1\">Joan Crespo<\/td><td class=\"column-2\"><span class=\"bronce\">Bronce<\/span><\/td><td class=\"column-3\">Pirag\u00fcismo Slalom<\/td><td class=\"column-4\">K1<\/td><td class=\"column-5\">25-9-2021<\/td>\n<\/tr>\n<tr class=\"row-6\">\n\t<td class=\"column-1\">Enmanuel Reyes<\/td><td class=\"column-2\"><span class=\"bronce\">Bronce<\/span><\/td><td class=\"column-3\">Boxeo<\/td><td class=\"column-4\">Pesos Pesados<\/td><td class=\"column-5\">4-11-2021<\/td>\n<\/tr>\n<tr class=\"row-7\">\n\t<td class=\"column-1\">Laura Fuertes<\/td><td class=\"column-2\"><span class=\"bronce\">Bronce<\/span><\/td><td class=\"column-3\">Boxeo<\/td><td class=\"column-4\">Peso Mini Mosca (50kg)<\/td><td class=\"column-5\">20-5-2022<\/td>\n<\/tr>\n<tr class=\"row-8\">\n\t<td class=\"column-1\">Selecci\u00f3n Waterpolo M<\/td><td class=\"column-2\"><span class=\"oro\">Oro<\/span><\/td><td class=\"column-3\">Waterpolo<\/td><td class=\"column-4\">Torneo Masculino<\/td><td class=\"column-5\">3-7-2022<\/td>\n<\/tr>\n<tr class=\"row-9\">\n\t<td class=\"column-1\">Asier Mart\u00ednez<\/td><td class=\"column-2\"><span class=\"bronce\">Bronce<\/span><\/td><td class=\"column-3\">Atletismo<\/td><td class=\"column-4\">110m vallas<\/td><td class=\"column-5\">17-7-2022<\/td>\n<\/tr>\n<tr class=\"row-10\">\n\t<td class=\"column-1\">Mohamed Katir<\/td><td class=\"column-2\"><span class=\"bronce\">Bronce<\/span><\/td><td class=\"column-3\">Atletismo<\/td><td class=\"column-4\">1500m<\/td><td class=\"column-5\">19-7-2022<\/td>\n<\/tr>\n<tr class=\"row-11\">\n\t<td class=\"column-1\">Araceli Navarro<\/td><td class=\"column-2\"><span class=\"bronce\">Bronce<\/span><\/td><td class=\"column-3\">Esgrima<\/td><td class=\"column-4\">Sable<\/td><td class=\"column-5\">20-7-2022<\/td>\n<\/tr>\n<tr class=\"row-12\">\n\t<td class=\"column-1\">Sa\u00fal Craviotto<br \/>\nCarlos Ar\u00e9valo<br \/>\nMarcus Walz<br \/>\nRodrigo Germade<\/td><td class=\"column-2\"><span class=\"oro\">Oro<\/span><\/td><td class=\"column-3\">Pirag\u00fcismo<\/td><td class=\"column-4\">K4 500m<\/td><td class=\"column-5\">6-8-2022<\/td>\n<\/tr>\n<tr class=\"row-13\">\n\t<td class=\"column-1\">Cayetano Garc\u00eda<br \/>\nPablo Mart\u00ednez<\/td><td class=\"column-2\"><span class=\"oro\">Oro<\/span><\/td><td class=\"column-3\">Pirag\u00fcismo<\/td><td class=\"column-4\">C2 500m<\/td><td class=\"column-5\">6-8-2022<\/td>\n<\/tr>\n<tr class=\"row-14\">\n\t<td class=\"column-1\">Mar\u00eda Corbera<\/td><td class=\"column-2\"><span class=\"plata\">Plata<\/span><\/td><td class=\"column-3\">Pirag\u00fcismo<\/td><td class=\"column-4\">C1 200m<\/td><td class=\"column-5\">7-8-2022<\/td>\n<\/tr>\n<tr class=\"row-15\">\n\t<td class=\"column-1\">David Valero<\/td><td class=\"column-2\"><span class=\"plata\">Plata<\/span><\/td><td class=\"column-3\">Mountain Bike<\/td><td class=\"column-4\">Cross-country<\/td><td class=\"column-5\">28-8-2022<\/td>\n<\/tr>\n<tr class=\"row-16\">\n\t<td class=\"column-1\">T\u00e1mara Echegoyen<br \/>\nPaula Barcel\u00f3<\/td><td class=\"column-2\"><span class=\"bronce\">Bronce<\/span><\/td><td class=\"column-3\">Vela<\/td><td class=\"column-4\">49er FX<\/td><td class=\"column-5\">5-9-2022<\/td>\n<\/tr>\n<tr class=\"row-17\">\n\t<td class=\"column-1\">Diego Bot\u00edn<br \/>\nFlorian Trittel<\/td><td class=\"column-2\"><span class=\"plata\">Plata<\/span><\/td><td class=\"column-3\">Vela<\/td><td class=\"column-4\">49er<\/td><td class=\"column-5\">5-9-2022<\/td>\n<\/tr>\n<tr class=\"row-18\">\n\t<td class=\"column-1\">Equipo espa\u00f1ol<\/td><td class=\"column-2\"><span class=\"bronce\">Bronce<\/span><\/td><td class=\"column-3\">Gimnasia R\u00edtmica<\/td><td class=\"column-4\">Conjuntos<\/td><td class=\"column-5\">16-9-2022<\/td>\n<\/tr>\n<tr class=\"row-19\">\n\t<td class=\"column-1\">Jaime Canalejo<br \/>\nJavier Garc\u00eda<\/td><td class=\"column-2\"><span class=\"plata\">Plata<\/span><\/td><td class=\"column-3\">Remo<\/td><td class=\"column-4\">Dos sin timonel<\/td><td class=\"column-5\">24-9-2022<\/td>\n<\/tr>\n<tr class=\"row-20\">\n\t<td class=\"column-1\">Aleix Garc\u00eda<br \/>\nRodrigo Conde<\/td><td class=\"column-2\"><span class=\"plata\">Plata<\/span><\/td><td class=\"column-3\">Remo<\/td><td class=\"column-4\">Doble Sculls<\/td><td class=\"column-5\">25-9-2022<\/td>\n<\/tr>\n<tr class=\"row-21\">\n\t<td class=\"column-1\">F\u00e1tima G\u00e1lvez<\/td><td class=\"column-2\"><span class=\"plata\">Plata<\/span><\/td><td class=\"column-3\">Tiro<\/td><td class=\"column-4\">Trap<\/td><td class=\"column-5\">28-9-2022<\/td>\n<\/tr>\n<tr class=\"row-22\">\n\t<td class=\"column-1\">Jordi Xammar<br \/>\nNora Brugman<\/td><td class=\"column-2\"><span class=\"plata\">Plata<\/span><\/td><td class=\"column-3\">Vela<\/td><td class=\"column-4\">470 Mixto<\/td><td class=\"column-5\">29-10-2022<\/td>\n<\/tr>\n<tr class=\"row-23\">\n\t<td class=\"column-1\">Jon Andoni Cintado<\/td><td class=\"column-2\"><span class=\"plata\">Plata<\/span><\/td><td class=\"column-3\">Taekwondo<\/td><td class=\"column-4\">-80kg<\/td><td class=\"column-5\">14-11-2022<\/td>\n<\/tr>\n<tr class=\"row-24\">\n\t<td class=\"column-1\">Cecilia Castro<\/td><td class=\"column-2\"><span class=\"bronce\">Bronce<\/span><\/td><td class=\"column-3\">Taekwondo<\/td><td class=\"column-4\">-67kg<\/td><td class=\"column-5\">15-11-2022<\/td>\n<\/tr>\n<tr class=\"row-25\">\n\t<td class=\"column-1\">Selecci\u00f3n Balonmano M<\/td><td class=\"column-2\"><span class=\"bronce\">Bronce<\/span><\/td><td class=\"column-3\">Balonmano<\/td><td class=\"column-4\">Torneo Masculino<\/td><td class=\"column-5\">29-1-2023<\/td>\n<\/tr>\n<tr class=\"row-26\">\n\t<td class=\"column-1\">Francisco Garrig\u00f3s<\/td><td class=\"column-2\"><span class=\"oro\">Oro<\/span><\/td><td class=\"column-3\">Judo<\/td><td class=\"column-4\">60kg<\/td><td class=\"column-5\">7-5-2023<\/td>\n<\/tr>\n<tr class=\"row-27\">\n\t<td class=\"column-1\">Mart\u00edn Molina<\/td><td class=\"column-2\"><span class=\"bronce\">Bronce<\/span><\/td><td class=\"column-3\">Boxeo<\/td><td class=\"column-4\">Peso Mosca<\/td><td class=\"column-5\">12-5-2023<\/td>\n<\/tr>\n<tr class=\"row-28\">\n\t<td class=\"column-1\">Ayoub Ghadfa<\/td><td class=\"column-2\"><span class=\"bronce\">Bronce<\/span><\/td><td class=\"column-3\">Boxeo<\/td><td class=\"column-4\">S\u00faper Pesados<\/td><td class=\"column-5\">12-5-2023<\/td>\n<\/tr>\n<tr class=\"row-29\">\n\t<td class=\"column-1\">Adri\u00e1n Vicente<\/td><td class=\"column-2\"><span class=\"bronce\">Bronce<\/span><\/td><td class=\"column-3\">Taekwondo<\/td><td class=\"column-4\">\u221258 kg<\/td><td class=\"column-5\">30-5-2023<\/td>\n<\/tr>\n<tr class=\"row-30\">\n\t<td class=\"column-1\">Adriana Cerezo<\/td><td class=\"column-2\"><span class=\"bronce\">Bronce<\/span><\/td><td class=\"column-3\">Taekwondo<\/td><td class=\"column-4\">\u221249 kg<\/td><td class=\"column-5\">31-5-2023<\/td>\n<\/tr>\n<tr class=\"row-31\">\n\t<td class=\"column-1\">Selecci\u00f3n Waterpolo F<\/td><td class=\"column-2\"><span class=\"plata\">Plata<\/span><\/td><td class=\"column-3\">Waterpolo<\/td><td class=\"column-4\">Torneo Femenino<\/td><td class=\"column-5\">28-7-2023<\/td>\n<\/tr>\n<tr class=\"row-32\">\n\t<td class=\"column-1\">Selecci\u00f3n Waterpolo M<\/td><td class=\"column-2\"><span class=\"bronce\">Bronce<\/span><\/td><td class=\"column-3\">Waterpolo<\/td><td class=\"column-4\">Torneo Masculino<\/td><td class=\"column-5\">29-7-2023<\/td>\n<\/tr>\n<tr class=\"row-33\">\n\t<td class=\"column-1\">Jordi Xammar<br \/>\nNora Brugman<\/td><td class=\"column-2\"><span class=\"plata\">Plata<\/span><\/td><td class=\"column-3\">Vela<\/td><td class=\"column-4\">470<\/td><td class=\"column-5\">17-8-2023<\/td>\n<\/tr>\n<tr class=\"row-34\">\n\t<td class=\"column-1\">Diego Bot\u00edn<br \/>\nFlori\u00e1n Trittel<\/td><td class=\"column-2\"><span class=\"bronce\">Bronce<\/span><\/td><td class=\"column-3\">Vela<\/td><td class=\"column-4\">49er<\/td><td class=\"column-5\">18-8-2023<\/td>\n<\/tr>\n<tr class=\"row-35\">\n\t<td class=\"column-1\">\u00c1lvaro Mart\u00edn<\/td><td class=\"column-2\"><span class=\"oro\">Oro<\/span><\/td><td class=\"column-3\">Atletismo<\/td><td class=\"column-4\">20Km Marcha<\/td><td class=\"column-5\">19-8-2023<\/td>\n<\/tr>\n<tr class=\"row-36\">\n\t<td class=\"column-1\">Mar\u00eda P\u00e9rez<\/td><td class=\"column-2\"><span class=\"oro\">Oro<\/span><\/td><td class=\"column-3\">Atletismo<\/td><td class=\"column-4\">20km Marcha<\/td><td class=\"column-5\">20-8-2023<\/td>\n<\/tr>\n<tr class=\"row-37\">\n\t<td class=\"column-1\">Selecci\u00f3n F\u00fatbol F<\/td><td class=\"column-2\"><span class=\"oro\">Oro<\/span><\/td><td class=\"column-3\">F\u00fatbol<\/td><td class=\"column-4\">Torneo Femenino<\/td><td class=\"column-5\">20-8-2023<\/td>\n<\/tr>\n<tr class=\"row-38\">\n\t<td class=\"column-1\">Ant\u00eda J\u00e1come<\/td><td class=\"column-2\"><span class=\"plata\">Plata<\/span><\/td><td class=\"column-3\">Pirag\u00fcismo<\/td><td class=\"column-4\">C1 200m<\/td><td class=\"column-5\">25-8-2023<\/td>\n<\/tr>\n<tr class=\"row-39\">\n\t<td class=\"column-1\">Sara Ouzande<br \/>\nEstefania Fern\u00e1ndez<br \/>\nCarolina Garc\u00eda Otero<br \/>\nTeresa Portela<\/td><td class=\"column-2\"><span class=\"bronce\">Bronce<\/span><\/td><td class=\"column-3\">Pirag\u00fcismo<\/td><td class=\"column-4\">K4 500m<\/td><td class=\"column-5\">25-8-2023<\/td>\n<\/tr>\n<tr class=\"row-40\">\n\t<td class=\"column-1\">Equipo espa\u00f1ol<\/td><td class=\"column-2\"><span class=\"bronce\">Bronce<\/span><\/td><td class=\"column-3\">Gimnasia R\u00edtmica<\/td><td class=\"column-4\">Conjuntos<\/td><td class=\"column-5\">25-8-2025<\/td>\n<\/tr>\n<tr class=\"row-41\">\n\t<td class=\"column-1\">Ant\u00eda J\u00e1come<br \/>\nMar\u00eda Corbera<\/td><td class=\"column-2\"><span class=\"plata\">Plata<\/span><\/td><td class=\"column-3\">Pirag\u00fcismo<\/td><td class=\"column-4\">C2 500m<\/td><td class=\"column-5\">26-8-2023<\/td>\n<\/tr>\n<tr class=\"row-42\">\n\t<td class=\"column-1\">Adri\u00e1n del R\u00edo<br \/>\nRodrigo Germade<\/td><td class=\"column-2\"><span class=\"bronce\">Bronce<\/span><\/td><td class=\"column-3\">Pirag\u00fcismo<\/td><td class=\"column-4\">K2 500m<\/td><td class=\"column-5\">27-8-2023<\/td>\n<\/tr>\n<tr class=\"row-43\">\n\t<td class=\"column-1\">Cayetano Garc\u00eda<br \/>\nPablo Mart\u00ednez<\/td><td class=\"column-2\"><span class=\"bronce\">Bronce<\/span><\/td><td class=\"column-3\">Pirag\u00fcismo<\/td><td class=\"column-4\">C2 500m<\/td><td class=\"column-5\">27-8-2023<\/td>\n<\/tr>\n<tr class=\"row-44\">\n\t<td class=\"column-1\">Carolina Mar\u00edn<\/td><td class=\"column-2\"><span class=\"plata\">Plata<\/span><\/td><td class=\"column-3\">B\u00e1dminton<\/td><td class=\"column-4\">Individual<\/td><td class=\"column-5\">27-8-2023<\/td>\n<\/tr>\n<tr class=\"row-45\">\n\t<td class=\"column-1\">Mohamed Katir<\/td><td class=\"column-2\"><span class=\"plata\">Plata<\/span><\/td><td class=\"column-3\">Atletismo<\/td><td class=\"column-4\">5000m<\/td><td class=\"column-5\">27-8-2023<\/td>\n<\/tr>\n<tr class=\"row-46\">\n\t<td class=\"column-1\">Mar\u00eda de Vald\u00e9s<\/td><td class=\"column-2\"><span class=\"plata\">Plata<\/span><\/td><td class=\"column-3\">Nataci\u00f3n Aguas Abiertas<\/td><td class=\"column-4\">10km<\/td><td class=\"column-5\">3-2-2024<\/td>\n<\/tr>\n<tr class=\"row-47\">\n\t<td class=\"column-1\">Adri\u00e1n Abad\u00eda<br \/>\nNicol\u00e1s Garc\u00eda<\/td><td class=\"column-2\"><span class=\"bronce\">Bronce<\/span><\/td><td class=\"column-3\">Salto Trampol\u00edn<\/td><td class=\"column-4\">Trampol\u00edn 3m Sincronizado<\/td><td class=\"column-5\">4-2-2024<\/td>\n<\/tr>\n<tr class=\"row-48\">\n\t<td class=\"column-1\">Hugo Gonz\u00e1lez<\/td><td class=\"column-2\"><span class=\"plata\">Plata<\/span><\/td><td class=\"column-3\">Nataci\u00f3n<\/td><td class=\"column-4\">100m espalda<\/td><td class=\"column-5\">13-2-2024<\/td>\n<\/tr>\n<tr class=\"row-49\">\n\t<td class=\"column-1\">Selecci\u00f3n Waterpolo F<\/td><td class=\"column-2\"><span class=\"bronce\">Bronce<\/span><\/td><td class=\"column-3\">Waterpolo<\/td><td class=\"column-4\">Torneo Femenino<\/td><td class=\"column-5\">16-2-2024<\/td>\n<\/tr>\n<tr class=\"row-50\">\n\t<td class=\"column-1\">Hugo Gonz\u00e1lez<\/td><td class=\"column-2\"><span class=\"oro\">Oro<\/span><\/td><td class=\"column-3\">Nataci\u00f3n<\/td><td class=\"column-4\">200m espalda<\/td><td class=\"column-5\">16-2-2024<\/td>\n<\/tr>\n<tr class=\"row-51\">\n\t<td class=\"column-1\">Selecci\u00f3n Waterpolo M<\/td><td class=\"column-2\"><span class=\"bronce\">Bronce<\/span><\/td><td class=\"column-3\">Waterpolo<\/td><td class=\"column-4\">Torneo Masculino<\/td><td class=\"column-5\">17-2-2024<\/td>\n<\/tr>\n<tr class=\"row-52\">\n\t<td class=\"column-1\">Jordi Xammar<br \/>\nNora Brugman<\/td><td class=\"column-2\"><span class=\"oro\">Oro<\/span><\/td><td class=\"column-3\">Vela<\/td><td class=\"column-4\">470<\/td><td class=\"column-5\">3-3-2024<\/td>\n<\/tr>\n<tr class=\"row-53\">\n\t<td class=\"column-1\">Diego Bot\u00edn<br \/>\nFlorian Trittel<\/td><td class=\"column-2\"><span class=\"bronce\">Bronce<\/span><\/td><td class=\"column-3\">Vela<\/td><td class=\"column-4\">49er<\/td><td class=\"column-5\">10-3-2024<\/td>\n<\/tr>\n<tr class=\"row-54\">\n\t<td class=\"column-1\">Tristani Mosakhlishvili<\/td><td class=\"column-2\"><span class=\"bronce\">Bronce<\/span><\/td><td class=\"column-3\">Judo<\/td><td class=\"column-4\">90kg<\/td><td class=\"column-5\">22-5-2024<\/td>\n<\/tr>\n<tr class=\"row-55\">\n\t<td class=\"column-1\">Nikoloz Sherazadishvili<\/td><td class=\"column-2\"><span class=\"bronce\">Bronce<\/span><\/td><td class=\"column-3\">Judo<\/td><td class=\"column-4\">100kg<\/td><td class=\"column-5\">23-5-2024<\/td>\n<\/tr>\n<\/tbody>\n<\/table>\n<!-- #tablepress-25 from cache -->\n\n\n\n<p><\/p>\n\n\n\n<h1 class=\"wp-block-heading\"> Medallas mundiales espa\u00f1olas de Tokio 2020 a Par\u00eds 2024 en pruebas no ol\u00edmpicas <\/h1>\n\n\n\n\n<table id=\"tablepress-34\" class=\"tablepress tablepress-id-34\">\n<thead>\n<tr class=\"row-1\">\n\t<th class=\"column-1\">Deportista<\/th><th class=\"column-2\">Medalla<\/th><th class=\"column-3\">Deporte<\/th><th class=\"column-4\">Prueba<\/th><th class=\"column-5\">Fecha<\/th>\n<\/tr>\n<\/thead>\n<tbody class=\"row-striping row-hover\">\n<tr class=\"row-2\">\n\t<td class=\"column-1\">Patricia Coco<br \/>\nMar\u00eda Corbera<\/td><td class=\"column-2\"><span class=\"oro\">Oro<\/span><\/td><td class=\"column-3\">Pirag\u00fcismo<\/td><td class=\"column-4\">C2 200m <\/td><td class=\"column-5\">19-9-2021<\/td>\n<\/tr>\n<tr class=\"row-3\">\n\t<td class=\"column-1\">David Franco<br \/>\nCarlos del Ser<br \/>\nAndr\u00e9s Mart\u00ednez<br \/>\nSantiago Brea<\/td><td class=\"column-2\"><span class=\"bronce\">Bronce<\/span><\/td><td class=\"column-3\">Gimnasia Trampol\u00edn<\/td><td class=\"column-4\">Doble Mini Tramp Equipos<\/td><td class=\"column-5\">19-11-2021<\/td>\n<\/tr>\n<tr class=\"row-4\">\n\t<td class=\"column-1\">Melania Rodr\u00edguez<\/td><td class=\"column-2\"><span class=\"bronce\">Bronce<\/span><\/td><td class=\"column-3\">Gimnasia Trampol\u00edn<\/td><td class=\"column-4\">Doble Mini Tramp<\/td><td class=\"column-5\">21-11-2021<\/td>\n<\/tr>\n<tr class=\"row-5\">\n\t<td class=\"column-1\">Mariano Garc\u00eda<\/td><td class=\"column-2\"><span class=\"oro\">Oro<\/span><\/td><td class=\"column-3\">Atletismo P.Cubierta<\/td><td class=\"column-4\">800m<\/td><td class=\"column-5\">19-3-2022<\/td>\n<\/tr>\n<tr class=\"row-6\">\n\t<td class=\"column-1\">Bruno Hortelano<br \/>\nI\u00f1aki Ca\u00f1al<br \/>\nManuel Guijarro<br \/>\nBernat Erta<\/td><td class=\"column-2\"><span class=\"plata\">Plata<\/span><\/td><td class=\"column-3\">Atletismo P.Cubierta<\/td><td class=\"column-4\">4x400m<\/td><td class=\"column-5\">20-3-2022<\/td>\n<\/tr>\n<tr class=\"row-7\">\n\t<td class=\"column-1\">Equipo Nat. Art\u00edstica<\/td><td class=\"column-2\"><span class=\"bronce\">Bronce<\/span><\/td><td class=\"column-3\">Nataci\u00f3n Art\u00edstica<\/td><td class=\"column-4\">Highlight<\/td><td class=\"column-5\">25-6-2022<\/td>\n<\/tr>\n<tr class=\"row-8\">\n\t<td class=\"column-1\">Sara Ouzande<br \/>\nTeresa Portela<\/td><td class=\"column-2\"><span class=\"plata\">Plata<\/span><\/td><td class=\"column-3\">Pirag\u00fcismo<\/td><td class=\"column-4\">K2 200m<\/td><td class=\"column-5\">6-8-2022<\/td>\n<\/tr>\n<tr class=\"row-9\">\n\t<td class=\"column-1\">Carlos Ar\u00e9valo<\/td><td class=\"column-2\"><span class=\"oro\">Oro<\/span><\/td><td class=\"column-3\">Pirag\u00fcismo<\/td><td class=\"column-4\">K1 200m<\/td><td class=\"column-5\">7-8-2022<\/td>\n<\/tr>\n<tr class=\"row-10\">\n\t<td class=\"column-1\">Joan Moreno<br \/>\nPablo Gra\u00f1a<br \/>\nManuel Font\u00e1n<br \/>\nAdri\u00e1n Sieiro<\/td><td class=\"column-2\"><span class=\"oro\">Oro<\/span><\/td><td class=\"column-3\">Pirag\u00fcismo<\/td><td class=\"column-4\">C4 500m<\/td><td class=\"column-5\">7-8-2022<\/td>\n<\/tr>\n<tr class=\"row-11\">\n\t<td class=\"column-1\">Mar\u00eda Corbera<\/td><td class=\"column-2\"><span class=\"bronce\">Bronce<\/span><\/td><td class=\"column-3\">Pirag\u00fcismo<\/td><td class=\"column-4\">C1 5000m<\/td><td class=\"column-5\">7-8-2022<\/td>\n<\/tr>\n<tr class=\"row-12\">\n\t<td class=\"column-1\">Francisco Cubelos<\/td><td class=\"column-2\"><span class=\"bronce\">Bronce<\/span><\/td><td class=\"column-3\">Pirag\u00fcismo<\/td><td class=\"column-4\">K1 5000m<\/td><td class=\"column-5\">7-8-2022<\/td>\n<\/tr>\n<tr class=\"row-13\">\n\t<td class=\"column-1\">Equipo espa\u00f1ol<\/td><td class=\"column-2\"><span class=\"bronce\">Bronce<\/span><\/td><td class=\"column-3\">Ginasia R\u00edtmica<\/td><td class=\"column-4\">5 Aros<\/td><td class=\"column-5\">18-9-2022<\/td>\n<\/tr>\n<tr class=\"row-14\">\n\t<td class=\"column-1\">Alejandro Mart\u00ednez<\/td><td class=\"column-2\"><span class=\"bronce\">Bronce<\/span><\/td><td class=\"column-3\">Ciclismo Pista<\/td><td class=\"column-4\">1 Km Contrarreloj<\/td><td class=\"column-5\">14-10-2022<\/td>\n<\/tr>\n<tr class=\"row-15\">\n\t<td class=\"column-1\">David Franco<br \/>\nCarlos del Ser<br \/>\nAndr\u00e9s Mart\u00ednez<br \/>\nNicol\u00e1s Toribio<\/td><td class=\"column-2\"><span class=\"oro\">Oro<\/span><\/td><td class=\"column-3\">Gimnasia Trampol\u00edn<\/td><td class=\"column-4\">Doble Mini Tramp Equipos<\/td><td class=\"column-5\">17-11-2022<\/td>\n<\/tr>\n<tr class=\"row-16\">\n\t<td class=\"column-1\">Daniel Quesada<\/td><td class=\"column-2\"><span class=\"oro\">Oro<\/span><\/td><td class=\"column-3\">Taekwondo<\/td><td class=\"column-4\">-74kg<\/td><td class=\"column-5\">17-11-2022<\/td>\n<\/tr>\n<tr class=\"row-17\">\n\t<td class=\"column-1\">Iv\u00e1n Garc\u00eda<\/td><td class=\"column-2\"><span class=\"plata\">Plata<\/span><\/td><td class=\"column-3\">Taekwondo<\/td><td class=\"column-4\">+87kg<\/td><td class=\"column-5\">17-11-2022<\/td>\n<\/tr>\n<tr class=\"row-18\">\n\t<td class=\"column-1\">Joan Jorquera<\/td><td class=\"column-2\"><span class=\"bronce\">Bronce<\/span><\/td><td class=\"column-3\">Taekwondo<\/td><td class=\"column-4\">-63kg<\/td><td class=\"column-5\">18-11-2022<\/td>\n<\/tr>\n<tr class=\"row-19\">\n\t<td class=\"column-1\">Marcos Ruiz<\/td><td class=\"column-2\"><span class=\"plata\">Plata<\/span><\/td><td class=\"column-3\">Halterofilia<\/td><td class=\"column-4\">Arrancada -102kg<\/td><td class=\"column-5\">13-12-2022<\/td>\n<\/tr>\n<tr class=\"row-20\">\n\t<td class=\"column-1\">Gazimagomed Jalidov<\/td><td class=\"column-2\"><span class=\"bronce\">Bronce<\/span><\/td><td class=\"column-3\">Boxeo<\/td><td class=\"column-4\">Semipesados<\/td><td class=\"column-5\">12-5-2023<\/td>\n<\/tr>\n<tr class=\"row-21\">\n\t<td class=\"column-1\">Hugo Arillo<\/td><td class=\"column-2\"><span class=\"plata\">Plata<\/span><\/td><td class=\"column-3\">Taekwondo<\/td><td class=\"column-4\">\u221254 kg<\/td><td class=\"column-5\">2-6-2023<\/td>\n<\/tr>\n<tr class=\"row-22\">\n\t<td class=\"column-1\">Joan Jorquera<\/td><td class=\"column-2\"><span class=\"bronce\">Bronce<\/span><\/td><td class=\"column-3\">Taekwondo<\/td><td class=\"column-4\">\u221263 kg<\/td><td class=\"column-5\">1-6-2023<\/td>\n<\/tr>\n<tr class=\"row-23\">\n\t<td class=\"column-1\">Iris Ti\u00f3<\/td><td class=\"column-2\"><span class=\"bronce\">Bronce<\/span><\/td><td class=\"column-3\">Nataci\u00f3n Art\u00edstica<\/td><td class=\"column-4\">Solo t\u00e9cnico<\/td><td class=\"column-5\">15-7-2023<\/td>\n<\/tr>\n<tr class=\"row-24\">\n\t<td class=\"column-1\">Dennis Gonz\u00e1lez<br \/>\nEmma Garc\u00eda<\/td><td class=\"column-2\"><span class=\"plata\">Plata<\/span><\/td><td class=\"column-3\">Nataci\u00f3n Art\u00edstica<\/td><td class=\"column-4\">D\u00fao Mixto t\u00e9cnico<\/td><td class=\"column-5\">16-7-2023<\/td>\n<\/tr>\n<tr class=\"row-25\">\n\t<td class=\"column-1\">Alisa Ozhogina<br \/>\nIris Ti\u00f3<\/td><td class=\"column-2\"><span class=\"bronce\">Bronce<\/span><\/td><td class=\"column-3\">Nataci\u00f3n Art\u00edstica<\/td><td class=\"column-4\">D\u00fao t\u00e9cnico<\/td><td class=\"column-5\">16-7-2023<\/td>\n<\/tr>\n<tr class=\"row-26\">\n\t<td class=\"column-1\">Fernando D\u00edaz del R\u00edo<\/td><td class=\"column-2\"><span class=\"oro\">Oro<\/span><\/td><td class=\"column-3\">Nataci\u00f3n Art\u00edstica<\/td><td class=\"column-4\">Solo t\u00e9cnico<\/td><td class=\"column-5\">17-7-2023<\/td>\n<\/tr>\n<tr class=\"row-27\">\n\t<td class=\"column-1\">Equipo Nat. Art\u00edstica<\/td><td class=\"column-2\"><span class=\"oro\">Oro<\/span><\/td><td class=\"column-3\">Nataci\u00f3n Art\u00edstica<\/td><td class=\"column-4\">Rutina t\u00e9cnica<\/td><td class=\"column-5\">18-7-2023<\/td>\n<\/tr>\n<tr class=\"row-28\">\n\t<td class=\"column-1\">Dennis Gonz\u00e1lez<\/td><td class=\"column-2\"><span class=\"oro\">Oro<\/span><\/td><td class=\"column-3\">Nataci\u00f3n Art\u00edstica<\/td><td class=\"column-4\">Solo libre<\/td><td class=\"column-5\">19-7-2023<\/td>\n<\/tr>\n<tr class=\"row-29\">\n\t<td class=\"column-1\">Dennis Gonz\u00e1lez<br \/>\nMireia Hern\u00e1ndez<\/td><td class=\"column-2\"><span class=\"bronce\">Bronce<\/span><\/td><td class=\"column-3\">Nataci\u00f3n Art\u00edstica<\/td><td class=\"column-4\">D\u00fao Mixto libre<\/td><td class=\"column-5\">22-7-2023<\/td>\n<\/tr>\n<tr class=\"row-30\">\n\t<td class=\"column-1\">Albert Torres<\/td><td class=\"column-2\"><span class=\"plata\">Plata<\/span><\/td><td class=\"column-3\">Ciclismo Pista<\/td><td class=\"column-4\">Puntuaci\u00f3n<\/td><td class=\"column-5\">9-8-2023<\/td>\n<\/tr>\n<tr class=\"row-31\">\n\t<td class=\"column-1\">\u00c1lvaro Mart\u00edn<\/td><td class=\"column-2\"><span class=\"oro\">Oro<\/span><\/td><td class=\"column-3\">Atletismo<\/td><td class=\"column-4\">35km Marcha<\/td><td class=\"column-5\">24-8-2023<\/td>\n<\/tr>\n<tr class=\"row-32\">\n\t<td class=\"column-1\">Mar\u00eda P\u00e9rez<\/td><td class=\"column-2\"><span class=\"oro\">Oro<\/span><\/td><td class=\"column-3\">Atletismo<\/td><td class=\"column-4\">35km Marcha<\/td><td class=\"column-5\">24-8-2023<\/td>\n<\/tr>\n<tr class=\"row-33\">\n\t<td class=\"column-1\">Joan Antoni Moreno<\/td><td class=\"column-2\"><span class=\"plata\">Plata<\/span><\/td><td class=\"column-3\">Pirag\u00fcismo<\/td><td class=\"column-4\">C1 200m<\/td><td class=\"column-5\">25-8-2023<\/td>\n<\/tr>\n<tr class=\"row-34\">\n\t<td class=\"column-1\">Ant\u00eda J\u00e1come<br \/>\nMar\u00eda Corbera<\/td><td class=\"column-2\"><span class=\"plata\">Plata<\/span><\/td><td class=\"column-3\">Pirag\u00fcismo<\/td><td class=\"column-4\">C2 200m<\/td><td class=\"column-5\">25-8-2023<\/td>\n<\/tr>\n<tr class=\"row-35\">\n\t<td class=\"column-1\">Pedro V\u00e1zquez<br \/>\n\u00cd\u00f1igo Pe\u00f1a<\/td><td class=\"column-2\"><span class=\"oro\">Oro<\/span><\/td><td class=\"column-3\">Pirag\u00fcismo<\/td><td class=\"column-4\">K2 1000m<\/td><td class=\"column-5\">26-8-2023<\/td>\n<\/tr>\n<tr class=\"row-36\">\n\t<td class=\"column-1\">Carlos Garrote<\/td><td class=\"column-2\"><span class=\"bronce\">Bronce<\/span><\/td><td class=\"column-3\">Pirag\u00fcismo<\/td><td class=\"column-4\">K1 200m<\/td><td class=\"column-5\">26-8-2023<\/td>\n<\/tr>\n<tr class=\"row-37\">\n\t<td class=\"column-1\">Joan Antoni Moreno<br \/>\nPablo Gra\u00f1a<br \/>\nManuel Font\u00e1n<br \/>\nAdri\u00e1n Sieiro<\/td><td class=\"column-2\"><span class=\"oro\">Oro<\/span><\/td><td class=\"column-3\">Pirag\u00fcismo<\/td><td class=\"column-4\">C4 500m<\/td><td class=\"column-5\">26-8-2023<\/td>\n<\/tr>\n<tr class=\"row-38\">\n\t<td class=\"column-1\">B\u00e1rbara Pardo<br \/>\n\u00cd\u00f1igo Pe\u00f1a<\/td><td class=\"column-2\"><span class=\"bronce\">Bronce<\/span><\/td><td class=\"column-3\">Pirag\u00fcismo<\/td><td class=\"column-4\">K2 500m Mixto<\/td><td class=\"column-5\">26-8-2023<\/td>\n<\/tr>\n<tr class=\"row-39\">\n\t<td class=\"column-1\">Mar\u00eda Corbera<\/td><td class=\"column-2\"><span class=\"plata\">Plata<\/span><\/td><td class=\"column-3\">Pirag\u00fcismo<\/td><td class=\"column-4\">C1 500m<\/td><td class=\"column-5\">27-8-2023<\/td>\n<\/tr>\n<tr class=\"row-40\">\n\t<td class=\"column-1\">Estefan\u00eda Fern\u00e1ndez<\/td><td class=\"column-2\"><span class=\"oro\">Oro<\/span><\/td><td class=\"column-3\">Pirag\u00fcismo<\/td><td class=\"column-4\">K1 5000m<\/td><td class=\"column-5\">27-8-2023<\/td>\n<\/tr>\n<tr class=\"row-41\">\n\t<td class=\"column-1\">Equipo Espa\u00f1ol<\/td><td class=\"column-2\"><span class=\"plata\">Plata<\/span><\/td><td class=\"column-3\">Gimnasia R\u00edtmica<\/td><td class=\"column-4\">5 aros<\/td><td class=\"column-5\">27-8-2023<\/td>\n<\/tr>\n<tr class=\"row-42\">\n\t<td class=\"column-1\">Maialen Chourraut<br \/>\nLaia Sorribes<br \/>\nOlatz Arregui<\/td><td class=\"column-2\"><span class=\"plata\">Plata<\/span><\/td><td class=\"column-3\">Pirag\u00fcismo Slalom<\/td><td class=\"column-4\">K1 Equipos<\/td><td class=\"column-5\">19-9-2023<\/td>\n<\/tr>\n<tr class=\"row-43\">\n\t<td class=\"column-1\">David Franco<br \/>\nAndr\u00e9s Mart\u00ednez<br \/>\nCarlos del Ser<br \/>\nNicol\u00e1s Toribio<\/td><td class=\"column-2\"><span class=\"plata\">Plata<\/span><\/td><td class=\"column-3\">Gimnasia Trampol\u00edn<\/td><td class=\"column-4\">Doble Mini Tramp Equipos<\/td><td class=\"column-5\">10-11-2023<\/td>\n<\/tr>\n<tr class=\"row-44\">\n\t<td class=\"column-1\">David Franco<\/td><td class=\"column-2\"><span class=\"plata\">Plata<\/span><\/td><td class=\"column-3\">Gimnasia Trampol\u00edn<\/td><td class=\"column-4\">Doble Mini Tramp<\/td><td class=\"column-5\">11-11-2023<\/td>\n<\/tr>\n<tr class=\"row-45\">\n\t<td class=\"column-1\">Melania Rodr\u00edguez<\/td><td class=\"column-2\"><span class=\"oro\">Oro<\/span><\/td><td class=\"column-3\">Gimnasia Trampol\u00edn<\/td><td class=\"column-4\">Doble Mini Tramp<\/td><td class=\"column-5\">11-11-2023<\/td>\n<\/tr>\n<tr class=\"row-46\">\n\t<td class=\"column-1\">David Vega<br \/>\nJorge Mart\u00edn<br \/>\nRobert Vilarasau<br \/>\nDavid Franco<\/td><td class=\"column-2\"><span class=\"plata\">Plata<\/span><\/td><td class=\"column-3\">Gimnasia Trampol\u00edn<\/td><td class=\"column-4\">Trampol\u00edn equipos<\/td><td class=\"column-5\">11-11-2023<\/td>\n<\/tr>\n<tr class=\"row-47\">\n\t<td class=\"column-1\">Alisa Ozhogina<br \/>\nIris Ti\u00f3<\/td><td class=\"column-2\"><span class=\"bronce\">Bronce<\/span><\/td><td class=\"column-3\">Nataci\u00f3n Art\u00edstica<\/td><td class=\"column-4\">D\u00fao t\u00e9cnico<br \/>\n<\/td><td class=\"column-5\">5-2-2024<\/td>\n<\/tr>\n<tr class=\"row-48\">\n\t<td class=\"column-1\">Equipo Nat. Art\u00edstica<\/td><td class=\"column-2\"><span class=\"plata\">Plata<\/span><\/td><td class=\"column-3\">Nataci\u00f3n Art\u00edstica<\/td><td class=\"column-4\">Rutina t\u00e9cnica<\/td><td class=\"column-5\">6-2-2024<\/td>\n<\/tr>\n<tr class=\"row-49\">\n\t<td class=\"column-1\">Dennis Gonz\u00e1lez<\/td><td class=\"column-2\"><span class=\"plata\">Plata<\/span><\/td><td class=\"column-3\">Nataci\u00f3n Art\u00edstica<\/td><td class=\"column-4\">Solo libre<\/td><td class=\"column-5\">7-2-2024<\/td>\n<\/tr>\n<tr class=\"row-50\">\n\t<td class=\"column-1\">Dennis Gonz\u00e1lez<br \/>\nMireia Hern\u00e1ndez<\/td><td class=\"column-2\"><span class=\"plata\">Plata<\/span><\/td><td class=\"column-3\">Nataci\u00f3n Art\u00edstica<\/td><td class=\"column-4\">D\u00fao Mixto libre<\/td><td class=\"column-5\">10-2-2024<\/td>\n<\/tr>\n<tr class=\"row-51\">\n\t<td class=\"column-1\">Ana Peleteiro<\/td><td class=\"column-2\"><span class=\"bronce\">Bronce<\/span><\/td><td class=\"column-3\">Atletismo P.Cubierta<\/td><td class=\"column-4\">Triple Salto<\/td><td class=\"column-5\">3-3-2024<\/td>\n<\/tr>\n<tr class=\"row-52\">\n\t<td class=\"column-1\">F\u00e1tima Diame<\/td><td class=\"column-2\"><span class=\"bronce\">Bronce<\/span><\/td><td class=\"column-3\">Atletismo P.Cubierta<\/td><td class=\"column-4\">Longitud<\/td><td class=\"column-5\">3-3-2024<\/td>\n<\/tr>\n<\/tbody>\n<\/table>\n<!-- #tablepress-34 from cache -->\n","protected":false},"excerpt":{"rendered":"<p>En esta entrada ir\u00e9 listando las medallas que consigan los deportistas espa\u00f1oles en los Campeonatos Mundiales, de los distintos deportes ol\u00edmpicos, que se celebren desde &hellip; <\/p>\n","protected":false},"author":1,"featured_media":1280,"comment_status":"open","ping_status":"open","sticky":false,"template":"","format":"standard","meta":{"_monsterinsights_skip_tracking":false,"_monsterinsights_sitenote_active":false,"_monsterinsights_sitenote_note":"","_monsterinsights_sitenote_category":0,"footnotes":""},"categories":[1],"tags":[6],"class_list":["post-1270","post","type-post","status-publish","format-standard","has-post-thumbnail","hentry","category-sin-categoria","tag-deporte-olimpico"],"yoast_head":"<!-- This site is optimized with the Yoast SEO plugin v26.9 - https:\/\/yoast.com\/product\/yoast-seo-wordpress\/ -->\n<title>Medallas Mundiales espa\u00f1olas de Tokio a Par\u00eds - Reportero Ol\u00edmpico<\/title>\n<meta name=\"description\" content=\"Listado de las medallas mundiales que cosecha Espa\u00f1a entre Tokio 2020 y Par\u00eds 2024.\" \/>\n<meta name=\"robots\" content=\"index, follow, max-snippet:-1, max-image-preview:large, max-video-preview:-1\" \/>\n<link rel=\"canonical\" href=\"https:\/\/www.reporolimpico.com\/index.php\/2021\/10\/07\/medallas-mundiales-espanolas-de-tokio-a-paris\/\" \/>\n<meta property=\"og:locale\" content=\"es_ES\" \/>\n<meta property=\"og:type\" content=\"article\" \/>\n<meta property=\"og:title\" content=\"Medallas Mundiales espa\u00f1olas de Tokio a Par\u00eds - Reportero Ol\u00edmpico\" \/>\n<meta property=\"og:description\" content=\"Listado de las medallas mundiales que cosecha Espa\u00f1a entre Tokio 2020 y Par\u00eds 2024.\" \/>\n<meta property=\"og:url\" content=\"https:\/\/www.reporolimpico.com\/index.php\/2021\/10\/07\/medallas-mundiales-espanolas-de-tokio-a-paris\/\" \/>\n<meta property=\"og:site_name\" content=\"Reportero Ol\u00edmpico\" \/>\n<meta property=\"article:published_time\" content=\"2021-10-07T12:09:13+00:00\" \/>\n<meta property=\"article:modified_time\" content=\"2024-06-23T17:45:16+00:00\" \/>\n<meta property=\"og:image\" content=\"https:\/\/www.reporolimpico.com\/wp-content\/uploads\/2021\/10\/federaciones.png\" \/>\n\t<meta property=\"og:image:width\" content=\"680\" \/>\n\t<meta property=\"og:image:height\" content=\"399\" \/>\n\t<meta property=\"og:image:type\" content=\"image\/png\" \/>\n<meta name=\"author\" content=\"repor_olimpico\" \/>\n<meta name=\"twitter:card\" content=\"summary_large_image\" \/>\n<meta name=\"twitter:creator\" content=\"@repor_olimpico\" \/>\n<meta name=\"twitter:site\" content=\"@repor_olimpico\" \/>\n<meta name=\"twitter:label1\" content=\"Escrito por\" \/>\n\t<meta name=\"twitter:data1\" content=\"repor_olimpico\" \/>\n\t<meta name=\"twitter:label2\" content=\"Tiempo de lectura\" \/>\n\t<meta name=\"twitter:data2\" content=\"1 minuto\" \/>\n<script type=\"application\/ld+json\" class=\"yoast-schema-graph\">{\"@context\":\"https:\/\/schema.org\",\"@graph\":[{\"@type\":\"Article\",\"@id\":\"https:\/\/www.reporolimpico.com\/index.php\/2021\/10\/07\/medallas-mundiales-espanolas-de-tokio-a-paris\/#article\",\"isPartOf\":{\"@id\":\"https:\/\/www.reporolimpico.com\/index.php\/2021\/10\/07\/medallas-mundiales-espanolas-de-tokio-a-paris\/\"},\"author\":{\"name\":\"repor_olimpico\",\"@id\":\"https:\/\/www.reporolimpico.com\/#\/schema\/person\/0c16c40b97cead5a02cb2376b38ce339\"},\"headline\":\"Medallas Mundiales espa\u00f1olas de Tokio a Par\u00eds\",\"datePublished\":\"2021-10-07T12:09:13+00:00\",\"dateModified\":\"2024-06-23T17:45:16+00:00\",\"mainEntityOfPage\":{\"@id\":\"https:\/\/www.reporolimpico.com\/index.php\/2021\/10\/07\/medallas-mundiales-espanolas-de-tokio-a-paris\/\"},\"wordCount\":201,\"commentCount\":1,\"publisher\":{\"@id\":\"https:\/\/www.reporolimpico.com\/#\/schema\/person\/0c16c40b97cead5a02cb2376b38ce339\"},\"image\":{\"@id\":\"https:\/\/www.reporolimpico.com\/index.php\/2021\/10\/07\/medallas-mundiales-espanolas-de-tokio-a-paris\/#primaryimage\"},\"thumbnailUrl\":\"https:\/\/www.reporolimpico.com\/wp-content\/uploads\/2021\/10\/federaciones.png\",\"keywords\":[\"Deporte Ol\u00edmpico\"],\"inLanguage\":\"es\",\"potentialAction\":[{\"@type\":\"CommentAction\",\"name\":\"Comment\",\"target\":[\"https:\/\/www.reporolimpico.com\/index.php\/2021\/10\/07\/medallas-mundiales-espanolas-de-tokio-a-paris\/#respond\"]}]},{\"@type\":\"WebPage\",\"@id\":\"https:\/\/www.reporolimpico.com\/index.php\/2021\/10\/07\/medallas-mundiales-espanolas-de-tokio-a-paris\/\",\"url\":\"https:\/\/www.reporolimpico.com\/index.php\/2021\/10\/07\/medallas-mundiales-espanolas-de-tokio-a-paris\/\",\"name\":\"Medallas Mundiales espa\u00f1olas de Tokio a Par\u00eds - Reportero Ol\u00edmpico\",\"isPartOf\":{\"@id\":\"https:\/\/www.reporolimpico.com\/#website\"},\"primaryImageOfPage\":{\"@id\":\"https:\/\/www.reporolimpico.com\/index.php\/2021\/10\/07\/medallas-mundiales-espanolas-de-tokio-a-paris\/#primaryimage\"},\"image\":{\"@id\":\"https:\/\/www.reporolimpico.com\/index.php\/2021\/10\/07\/medallas-mundiales-espanolas-de-tokio-a-paris\/#primaryimage\"},\"thumbnailUrl\":\"https:\/\/www.reporolimpico.com\/wp-content\/uploads\/2021\/10\/federaciones.png\",\"datePublished\":\"2021-10-07T12:09:13+00:00\",\"dateModified\":\"2024-06-23T17:45:16+00:00\",\"description\":\"Listado de las medallas mundiales que cosecha Espa\u00f1a entre Tokio 2020 y Par\u00eds 2024.\",\"breadcrumb\":{\"@id\":\"https:\/\/www.reporolimpico.com\/index.php\/2021\/10\/07\/medallas-mundiales-espanolas-de-tokio-a-paris\/#breadcrumb\"},\"inLanguage\":\"es\",\"potentialAction\":[{\"@type\":\"ReadAction\",\"target\":[\"https:\/\/www.reporolimpico.com\/index.php\/2021\/10\/07\/medallas-mundiales-espanolas-de-tokio-a-paris\/\"]}]},{\"@type\":\"ImageObject\",\"inLanguage\":\"es\",\"@id\":\"https:\/\/www.reporolimpico.com\/index.php\/2021\/10\/07\/medallas-mundiales-espanolas-de-tokio-a-paris\/#primaryimage\",\"url\":\"https:\/\/www.reporolimpico.com\/wp-content\/uploads\/2021\/10\/federaciones.png\",\"contentUrl\":\"https:\/\/www.reporolimpico.com\/wp-content\/uploads\/2021\/10\/federaciones.png\",\"width\":680,\"height\":399},{\"@type\":\"BreadcrumbList\",\"@id\":\"https:\/\/www.reporolimpico.com\/index.php\/2021\/10\/07\/medallas-mundiales-espanolas-de-tokio-a-paris\/#breadcrumb\",\"itemListElement\":[{\"@type\":\"ListItem\",\"position\":1,\"name\":\"Portada\",\"item\":\"https:\/\/www.reporolimpico.com\/\"},{\"@type\":\"ListItem\",\"position\":2,\"name\":\"Medallas Mundiales espa\u00f1olas de Tokio a Par\u00eds\"}]},{\"@type\":\"WebSite\",\"@id\":\"https:\/\/www.reporolimpico.com\/#website\",\"url\":\"https:\/\/www.reporolimpico.com\/\",\"name\":\"Reportero Ol\u00edmpico\",\"description\":\"Deporte y Juegos Ol\u00edmpicos\",\"publisher\":{\"@id\":\"https:\/\/www.reporolimpico.com\/#\/schema\/person\/0c16c40b97cead5a02cb2376b38ce339\"},\"potentialAction\":[{\"@type\":\"SearchAction\",\"target\":{\"@type\":\"EntryPoint\",\"urlTemplate\":\"https:\/\/www.reporolimpico.com\/?s={search_term_string}\"},\"query-input\":{\"@type\":\"PropertyValueSpecification\",\"valueRequired\":true,\"valueName\":\"search_term_string\"}}],\"inLanguage\":\"es\"},{\"@type\":[\"Person\",\"Organization\"],\"@id\":\"https:\/\/www.reporolimpico.com\/#\/schema\/person\/0c16c40b97cead5a02cb2376b38ce339\",\"name\":\"repor_olimpico\",\"image\":{\"@type\":\"ImageObject\",\"inLanguage\":\"es\",\"@id\":\"https:\/\/www.reporolimpico.com\/#\/schema\/person\/image\/\",\"url\":\"https:\/\/www.reporolimpico.com\/wp-content\/uploads\/2020\/07\/cropped-ReporteroOlimpico_sub-1.jpg\",\"contentUrl\":\"https:\/\/www.reporolimpico.com\/wp-content\/uploads\/2020\/07\/cropped-ReporteroOlimpico_sub-1.jpg\",\"width\":501,\"height\":170,\"caption\":\"repor_olimpico\"},\"logo\":{\"@id\":\"https:\/\/www.reporolimpico.com\/#\/schema\/person\/image\/\"},\"sameAs\":[\"http:\/\/www.reporolimpico.com\",\"https:\/\/x.com\/repor_olimpico\"]}]}<\/script>\n<!-- \/ Yoast SEO plugin. -->","yoast_head_json":{"title":"Medallas Mundiales espa\u00f1olas de Tokio a Par\u00eds - Reportero Ol\u00edmpico","description":"Listado de las medallas mundiales que cosecha Espa\u00f1a entre Tokio 2020 y Par\u00eds 2024.","robots":{"index":"index","follow":"follow","max-snippet":"max-snippet:-1","max-image-preview":"max-image-preview:large","max-video-preview":"max-video-preview:-1"},"canonical":"https:\/\/www.reporolimpico.com\/index.php\/2021\/10\/07\/medallas-mundiales-espanolas-de-tokio-a-paris\/","og_locale":"es_ES","og_type":"article","og_title":"Medallas Mundiales espa\u00f1olas de Tokio a Par\u00eds - Reportero Ol\u00edmpico","og_description":"Listado de las medallas mundiales que cosecha Espa\u00f1a entre Tokio 2020 y Par\u00eds 2024.","og_url":"https:\/\/www.reporolimpico.com\/index.php\/2021\/10\/07\/medallas-mundiales-espanolas-de-tokio-a-paris\/","og_site_name":"Reportero Ol\u00edmpico","article_published_time":"2021-10-07T12:09:13+00:00","article_modified_time":"2024-06-23T17:45:16+00:00","og_image":[{"width":680,"height":399,"url":"https:\/\/www.reporolimpico.com\/wp-content\/uploads\/2021\/10\/federaciones.png","type":"image\/png"}],"author":"repor_olimpico","twitter_card":"summary_large_image","twitter_creator":"@repor_olimpico","twitter_site":"@repor_olimpico","twitter_misc":{"Escrito por":"repor_olimpico","Tiempo de lectura":"1 minuto"},"schema":{"@context":"https:\/\/schema.org","@graph":[{"@type":"Article","@id":"https:\/\/www.reporolimpico.com\/index.php\/2021\/10\/07\/medallas-mundiales-espanolas-de-tokio-a-paris\/#article","isPartOf":{"@id":"https:\/\/www.reporolimpico.com\/index.php\/2021\/10\/07\/medallas-mundiales-espanolas-de-tokio-a-paris\/"},"author":{"name":"repor_olimpico","@id":"https:\/\/www.reporolimpico.com\/#\/schema\/person\/0c16c40b97cead5a02cb2376b38ce339"},"headline":"Medallas Mundiales espa\u00f1olas de Tokio a Par\u00eds","datePublished":"2021-10-07T12:09:13+00:00","dateModified":"2024-06-23T17:45:16+00:00","mainEntityOfPage":{"@id":"https:\/\/www.reporolimpico.com\/index.php\/2021\/10\/07\/medallas-mundiales-espanolas-de-tokio-a-paris\/"},"wordCount":201,"commentCount":1,"publisher":{"@id":"https:\/\/www.reporolimpico.com\/#\/schema\/person\/0c16c40b97cead5a02cb2376b38ce339"},"image":{"@id":"https:\/\/www.reporolimpico.com\/index.php\/2021\/10\/07\/medallas-mundiales-espanolas-de-tokio-a-paris\/#primaryimage"},"thumbnailUrl":"https:\/\/www.reporolimpico.com\/wp-content\/uploads\/2021\/10\/federaciones.png","keywords":["Deporte Ol\u00edmpico"],"inLanguage":"es","potentialAction":[{"@type":"CommentAction","name":"Comment","target":["https:\/\/www.reporolimpico.com\/index.php\/2021\/10\/07\/medallas-mundiales-espanolas-de-tokio-a-paris\/#respond"]}]},{"@type":"WebPage","@id":"https:\/\/www.reporolimpico.com\/index.php\/2021\/10\/07\/medallas-mundiales-espanolas-de-tokio-a-paris\/","url":"https:\/\/www.reporolimpico.com\/index.php\/2021\/10\/07\/medallas-mundiales-espanolas-de-tokio-a-paris\/","name":"Medallas Mundiales espa\u00f1olas de Tokio a Par\u00eds - Reportero Ol\u00edmpico","isPartOf":{"@id":"https:\/\/www.reporolimpico.com\/#website"},"primaryImageOfPage":{"@id":"https:\/\/www.reporolimpico.com\/index.php\/2021\/10\/07\/medallas-mundiales-espanolas-de-tokio-a-paris\/#primaryimage"},"image":{"@id":"https:\/\/www.reporolimpico.com\/index.php\/2021\/10\/07\/medallas-mundiales-espanolas-de-tokio-a-paris\/#primaryimage"},"thumbnailUrl":"https:\/\/www.reporolimpico.com\/wp-content\/uploads\/2021\/10\/federaciones.png","datePublished":"2021-10-07T12:09:13+00:00","dateModified":"2024-06-23T17:45:16+00:00","description":"Listado de las medallas mundiales que cosecha Espa\u00f1a entre Tokio 2020 y Par\u00eds 2024.","breadcrumb":{"@id":"https:\/\/www.reporolimpico.com\/index.php\/2021\/10\/07\/medallas-mundiales-espanolas-de-tokio-a-paris\/#breadcrumb"},"inLanguage":"es","potentialAction":[{"@type":"ReadAction","target":["https:\/\/www.reporolimpico.com\/index.php\/2021\/10\/07\/medallas-mundiales-espanolas-de-tokio-a-paris\/"]}]},{"@type":"ImageObject","inLanguage":"es","@id":"https:\/\/www.reporolimpico.com\/index.php\/2021\/10\/07\/medallas-mundiales-espanolas-de-tokio-a-paris\/#primaryimage","url":"https:\/\/www.reporolimpico.com\/wp-content\/uploads\/2021\/10\/federaciones.png","contentUrl":"https:\/\/www.reporolimpico.com\/wp-content\/uploads\/2021\/10\/federaciones.png","width":680,"height":399},{"@type":"BreadcrumbList","@id":"https:\/\/www.reporolimpico.com\/index.php\/2021\/10\/07\/medallas-mundiales-espanolas-de-tokio-a-paris\/#breadcrumb","itemListElement":[{"@type":"ListItem","position":1,"name":"Portada","item":"https:\/\/www.reporolimpico.com\/"},{"@type":"ListItem","position":2,"name":"Medallas Mundiales espa\u00f1olas de Tokio a Par\u00eds"}]},{"@type":"WebSite","@id":"https:\/\/www.reporolimpico.com\/#website","url":"https:\/\/www.reporolimpico.com\/","name":"Reportero Ol\u00edmpico","description":"Deporte y Juegos Ol\u00edmpicos","publisher":{"@id":"https:\/\/www.reporolimpico.com\/#\/schema\/person\/0c16c40b97cead5a02cb2376b38ce339"},"potentialAction":[{"@type":"SearchAction","target":{"@type":"EntryPoint","urlTemplate":"https:\/\/www.reporolimpico.com\/?s={search_term_string}"},"query-input":{"@type":"PropertyValueSpecification","valueRequired":true,"valueName":"search_term_string"}}],"inLanguage":"es"},{"@type":["Person","Organization"],"@id":"https:\/\/www.reporolimpico.com\/#\/schema\/person\/0c16c40b97cead5a02cb2376b38ce339","name":"repor_olimpico","image":{"@type":"ImageObject","inLanguage":"es","@id":"https:\/\/www.reporolimpico.com\/#\/schema\/person\/image\/","url":"https:\/\/www.reporolimpico.com\/wp-content\/uploads\/2020\/07\/cropped-ReporteroOlimpico_sub-1.jpg","contentUrl":"https:\/\/www.reporolimpico.com\/wp-content\/uploads\/2020\/07\/cropped-ReporteroOlimpico_sub-1.jpg","width":501,"height":170,"caption":"repor_olimpico"},"logo":{"@id":"https:\/\/www.reporolimpico.com\/#\/schema\/person\/image\/"},"sameAs":["http:\/\/www.reporolimpico.com","https:\/\/x.com\/repor_olimpico"]}]}},"_links":{"self":[{"href":"https:\/\/www.reporolimpico.com\/index.php\/wp-json\/wp\/v2\/posts\/1270","targetHints":{"allow":["GET"]}}],"collection":[{"href":"https:\/\/www.reporolimpico.com\/index.php\/wp-json\/wp\/v2\/posts"}],"about":[{"href":"https:\/\/www.reporolimpico.com\/index.php\/wp-json\/wp\/v2\/types\/post"}],"author":[{"embeddable":true,"href":"https:\/\/www.reporolimpico.com\/index.php\/wp-json\/wp\/v2\/users\/1"}],"replies":[{"embeddable":true,"href":"https:\/\/www.reporolimpico.com\/index.php\/wp-json\/wp\/v2\/comments?post=1270"}],"version-history":[{"count":10,"href":"https:\/\/www.reporolimpico.com\/index.php\/wp-json\/wp\/v2\/posts\/1270\/revisions"}],"predecessor-version":[{"id":2166,"href":"https:\/\/www.reporolimpico.com\/index.php\/wp-json\/wp\/v2\/posts\/1270\/revisions\/2166"}],"wp:featuredmedia":[{"embeddable":true,"href":"https:\/\/www.reporolimpico.com\/index.php\/wp-json\/wp\/v2\/media\/1280"}],"wp:attachment":[{"href":"https:\/\/www.reporolimpico.com\/index.php\/wp-json\/wp\/v2\/media?parent=1270"}],"wp:term":[{"taxonomy":"category","embeddable":true,"href":"https:\/\/www.reporolimpico.com\/index.php\/wp-json\/wp\/v2\/categories?post=1270"},{"taxonomy":"post_tag","embeddable":true,"href":"https:\/\/www.reporolimpico.com\/index.php\/wp-json\/wp\/v2\/tags?post=1270"}],"curies":[{"name":"wp","href":"https:\/\/api.w.org\/{rel}","templated":true}]}}